{"id":639539,"date":"2023-06-17T16:41:42","date_gmt":"2023-06-17T14:41:42","guid":{"rendered":"https:\/\/theplayoffs.news\/fr\/?p=639539"},"modified":"2023-06-17T16:41:43","modified_gmt":"2023-06-17T14:41:43","slug":"rachat-contrat-oliver-ekman-larsson-canucks","status":"publish","type":"post","link":"https:\/\/theplayoffs.news\/fr\/actualite-nhl\/rachat-contrat-oliver-ekman-larsson-canucks\/","title":{"rendered":"Le rachat du contrat d&rsquo;Oliver Ekman-Larsson par les Canucks de Vancouver : un geste n\u00e9cessaire pour progresser"},"content":{"rendered":"<h2>Les Canucks de Vancouver ont rachet&eacute; le contrat de l&rsquo;adjoint au capitaine et d&eacute;fenseur chevronn&eacute;, Oliver Ekman-Larsson.<\/h2><p>La d&eacute;cision annonc&eacute;e vendredi devrait &ecirc;tre essentielle pour fa&ccedil;onner l&rsquo;avenir de l&rsquo;espace salarial et de la structure globale de l&rsquo;&eacute;quipe.<\/p><p><a href=\"https:\/\/theplayoffs.news\/fr\/joueur\/oliver-ekman-larsson-nhl-10976\/\" class=\"trk-cta-link\" data-cta-trk='{\"ctaType\":\"Link\",\"ctaSubType\":\"main\"}'><strong>Oliver Ekman-Larsson<\/strong><\/a>, 31 ans, avait encore quatre saisons sur son contrat avec une valeur moyenne annuelle (AAV) de 8,25 millions de dollars. Le Su&eacute;dois, qui a pass&eacute; 13 saisons dans la LNH et disput&eacute; 902 matchs, avec 135 buts et 304 passes &agrave; son actif, est maintenant devenu joueur autonome sans restriction.<\/p><p>Cette d&eacute;cision audacieuse en a surpris plusieurs dans la LNH, mais les raisons derri&egrave;re cela pourraient &ecirc;tre justifi&eacute;es.<\/p><h3>Un cas de Cap Crunch<\/h3><p>Les Canucks subissaient une pression importante sur le plafond salarial, d&eacute;passant la limite projet&eacute;e de 83,5 millions de dollars dans la LNH. Avec des aspirations &agrave; am&eacute;liorer la structure de l&rsquo;&eacute;quipe en acqu&eacute;rant un centre de troisi&egrave;me ligne et en am&eacute;liorant sa ligne d&eacute;fensive, le club avait besoin de lib&eacute;rer de l&rsquo;espace.<\/p><p>Alors qu&rsquo;ils tentaient de d&eacute;charger des contrats comme ceux de Conor Garland et Brock Boeser, l&rsquo;int&eacute;r&ecirc;t des autres &eacute;quipes &eacute;tait limit&eacute;.<\/p><p>La performance d&rsquo;Oliver Ekman-Larsson la saison derni&egrave;re &eacute;tait loin d&rsquo;&ecirc;tre id&eacute;ale, ses capacit&eacute;s de d&eacute;fense autrefois louables semblant entrav&eacute;es par une mobilit&eacute; r&eacute;duite. La d&eacute;cision des Canucks de racheter son contrat semble donc &ecirc;tre une solution n&eacute;cessaire &agrave; la fois &agrave; leur crise de plafond et au besoin d&rsquo;une d&eacute;fense am&eacute;lior&eacute;e.<\/p><h3>Le co&ucirc;t de ce rachat<\/h3><p>Le rachat r&eacute;duira le plafond d&rsquo;Oliver Ekman-Larsson &agrave; un maigre 146 667 $ pour la saison prochaine, atteignant finalement un sommet de 4 766 667 $ pour les saisons 2025-26 et 2026-27, avant de descendre &agrave; 2 126 667 $ pour les quatre derni&egrave;res ann&eacute;es. Il fournit effectivement aux Canucks un soulagement de l&rsquo;espace de plafond d&rsquo;environ 7,1 millions de dollars cet &eacute;t&eacute; et de 4,9 millions de dollars pour 2024-2025.<\/p><p>Cependant, le soulagement a un prix &agrave; long terme. Cette d&eacute;cision strat&eacute;gique imposera un plafond mort aux Canucks jusqu&rsquo;en 2031. La d&eacute;cision est clairement un risque calcul&eacute; de la part des Canucks, leur donnant le r&eacute;pit dont ils ont besoin maintenant au prix de futures consid&eacute;rations de plafond.<\/p><h3>Le nouveau d&eacute;part d&rsquo;Oliver Ekman-Larsson<\/h3><p>De l&rsquo;autre c&ocirc;t&eacute;, Oliver Ekman-Larsson a l&rsquo;opportunit&eacute; d&rsquo;un nouveau d&eacute;part. Le d&eacute;fenseur, qui a rejoint les Canucks en provenance des Coyotes de l&rsquo;Arizona en 2021 et a disput&eacute; 133 matchs marquant sept buts et 44 passes, ne sera plus accabl&eacute; par le poids de son lourd contrat. En bonne sant&eacute; cet &eacute;t&eacute; par rapport &agrave; l&rsquo;ann&eacute;e derni&egrave;re o&ugrave; il soignait une blessure, Ekman-Larsson pourrait bien trouver de nouvelles opportunit&eacute;s pour r&eacute;inventer son jeu.<\/p><p>Sa derni&egrave;re saison avec les Canucks a &eacute;t&eacute; marqu&eacute;e par une performance d&eacute;cevante et une blessure &agrave; la cheville gauche, ce qui l&rsquo;a amen&eacute; &agrave; &ecirc;tre plac&eacute; sur la liste des bless&eacute;s en f&eacute;vrier. Son dernier match avec les Canucks &eacute;tait contre les Rangers de New York le 15 f&eacute;vrier. Les Canucks ont connu une saison moyenne, terminant sixi&egrave;me de la division Pacifique avec une fiche de 38-37-7.<\/p><p>Le rachat d&rsquo;Oliver Ekman-Larsson est donc un moment d&eacute;terminant pour les Canucks. Il sera int&eacute;ressant de voir comment l&rsquo;&eacute;quipe se restructure et progresse &agrave; partir de ce point et comment Ekman-Larsson relancera sa carri&egrave;re en tant qu&rsquo;agent libre sans restriction.<\/p>\n","protected":false},"excerpt":{"rendered":"","protected":false},"author":13,"featured_media":639540,"comment_status":"open","ping_status":"closed","sticky":false,"template":"","format":"standard","meta":{"inline_featured_image":false,"kia_subtitle":"","_mux_skip_reasons":[],"proofreadBy":0,"footnotes":""},"categories":[187,26],"tags":[6095,355],"sport":[],"saison":[],"class_list":["post-639539","post","type-post","status-publish","format-standard","has-post-thumbnail","hentry","category-actualite-nhl","category-nhl","tag-oliver-ekman-larsson","tag-vancouver-canucks"],"acf":[],"yoast_head":"<!-- This site is optimized with the Yoast SEO plugin v24.2 - https:\/\/yoast.com\/wordpress\/plugins\/seo\/ -->\n<title>Le rachat du contrat d&#039;Oliver Ekman-Larsson par les Canucks de Vancouver : un geste n&eacute;cessaire pour progresser - The Playoffs FR<\/title>\n<meta name=\"robots\" content=\"index, follow, max-snippet:-1, max-image-preview:large, max-video-preview:-1\" \/>\n<link rel=\"canonical\" href=\"https:\/\/theplayoffs.news\/fr\/actualite-nhl\/rachat-contrat-oliver-ekman-larsson-canucks\/\" \/>\n<meta property=\"og:locale\" content=\"fr_FR\" \/>\n<meta property=\"og:type\" content=\"article\" \/>\n<meta property=\"og:title\" content=\"Le rachat du contrat d&#039;Oliver Ekman-Larsson par les Canucks de Vancouver : un geste n&eacute;cessaire pour progresser - The Playoffs FR\" \/>\n<meta property=\"og:url\" content=\"https:\/\/theplayoffs.news\/fr\/actualite-nhl\/rachat-contrat-oliver-ekman-larsson-canucks\/\" \/>\n<meta property=\"og:site_name\" content=\"The Playoffs FR\" \/>\n<meta property=\"article:publisher\" content=\"https:\/\/www.facebook.com\/TheFreeAgentFR\/\" \/>\n<meta property=\"article:modified_time\" content=\"2023-06-17T16:41:43+02:00\" \/>\n<meta property=\"og:image\" content=\"https:\/\/theplayoffs.news\/fr\/wp-content\/uploads\/2023\/06\/Capture-decran-2023-06-17-a-16.38.12.jpg\" \/>\n\t<meta property=\"og:image:width\" content=\"1890\" \/>\n\t<meta property=\"og:image:height\" content=\"1055\" \/>\n\t<meta property=\"og:image:type\" content=\"image\/jpeg\" \/>\n<meta name=\"author\" content=\"Charles Taudin\" \/>\n<meta name=\"twitter:card\" content=\"summary_large_image\" \/>\n<meta name=\"twitter:creator\" content=\"@TheFreeAgentFR\" \/>\n<meta name=\"twitter:site\" content=\"@TheFreeAgentFR\" \/>\n<meta name=\"twitter:label1\" content=\"\u00c9crit par\" \/>\n\t<meta name=\"twitter:data1\" content=\"Charles Taudin\" \/>\n\t<meta name=\"twitter:label2\" content=\"Dur\u00e9e de lecture estim\u00e9e\" \/>\n\t<meta name=\"twitter:data2\" content=\"3 minutes\" \/>\n<script type=\"application\/ld+json\" class=\"yoast-schema-graph\">{\"@context\":\"https:\/\/schema.org\",\"@graph\":[{\"@type\":\"WebPage\",\"@id\":\"https:\/\/theplayoffs.news\/fr\/actualite-nhl\/rachat-contrat-oliver-ekman-larsson-canucks\/\",\"url\":\"https:\/\/theplayoffs.news\/fr\/actualite-nhl\/rachat-contrat-oliver-ekman-larsson-canucks\/\",\"name\":\"Le rachat du contrat d\\\\'Oliver Ekman-Larsson par les Canucks de Vancouver : un geste n\u00e9cessaire pour progresser - The Playoffs FR\",\"isPartOf\":{\"@id\":\"https:\/\/theplayoffs.news\/fr\/#website\"},\"primaryImageOfPage\":{\"@id\":\"https:\/\/theplayoffs.news\/fr\/actualite-nhl\/rachat-contrat-oliver-ekman-larsson-canucks\/#primaryimage\"},\"image\":{\"@id\":\"https:\/\/theplayoffs.news\/fr\/actualite-nhl\/rachat-contrat-oliver-ekman-larsson-canucks\/#primaryimage\"},\"thumbnailUrl\":\"https:\/\/theplayoffs.news\/fr\/wp-content\/uploads\/2023\/06\/Capture-decran-2023-06-17-a-16.38.12.jpg\",\"datePublished\":\"2023-06-17T14:41:42+00:00\",\"dateModified\":\"2023-06-17T14:41:43+00:00\",\"author\":{\"@id\":\"https:\/\/theplayoffs.news\/fr\/#\/schema\/person\/eee5b69ad5d3c51cabe881c839dbe133\"},\"breadcrumb\":{\"@id\":\"https:\/\/theplayoffs.news\/fr\/actualite-nhl\/rachat-contrat-oliver-ekman-larsson-canucks\/#breadcrumb\"},\"inLanguage\":\"fr-FR\",\"potentialAction\":[{\"@type\":\"ReadAction\",\"target\":[\"https:\/\/theplayoffs.news\/fr\/actualite-nhl\/rachat-contrat-oliver-ekman-larsson-canucks\/\"]}]},{\"@type\":\"ImageObject\",\"inLanguage\":\"fr-FR\",\"@id\":\"https:\/\/theplayoffs.news\/fr\/actualite-nhl\/rachat-contrat-oliver-ekman-larsson-canucks\/#primaryimage\",\"url\":\"https:\/\/theplayoffs.news\/fr\/wp-content\/uploads\/2023\/06\/Capture-decran-2023-06-17-a-16.38.12.jpg\",\"contentUrl\":\"https:\/\/theplayoffs.news\/fr\/wp-content\/uploads\/2023\/06\/Capture-decran-2023-06-17-a-16.38.12.jpg\",\"width\":1890,\"height\":1055,\"caption\":\"oliver ekman-larsson\"},{\"@type\":\"BreadcrumbList\",\"@id\":\"https:\/\/theplayoffs.news\/fr\/actualite-nhl\/rachat-contrat-oliver-ekman-larsson-canucks\/#breadcrumb\",\"itemListElement\":[{\"@type\":\"ListItem\",\"position\":1,\"name\":\"Accueil\",\"item\":\"https:\/\/theplayoffs.news\/fr\/\"},{\"@type\":\"ListItem\",\"position\":2,\"name\":\"Le rachat du contrat d&rsquo;Oliver Ekman-Larsson par les Canucks de Vancouver : un geste n\u00e9cessaire pour progresser\"}]},{\"@type\":\"WebSite\",\"@id\":\"https:\/\/theplayoffs.news\/fr\/#website\",\"url\":\"https:\/\/theplayoffs.news\/fr\/\",\"name\":\"The Playoffs FR\",\"description\":\"NBA-NFL-NHL-MLB\",\"potentialAction\":[{\"@type\":\"SearchAction\",\"target\":{\"@type\":\"EntryPoint\",\"urlTemplate\":\"https:\/\/theplayoffs.news\/fr\/?s={search_term_string}\"},\"query-input\":{\"@type\":\"PropertyValueSpecification\",\"valueRequired\":true,\"valueName\":\"search_term_string\"}}],\"inLanguage\":\"fr-FR\"},{\"@type\":\"Person\",\"@id\":\"https:\/\/theplayoffs.news\/fr\/#\/schema\/person\/eee5b69ad5d3c51cabe881c839dbe133\",\"name\":\"Charles Taudin\",\"image\":{\"@type\":\"ImageObject\",\"inLanguage\":\"fr-FR\",\"@id\":\"https:\/\/theplayoffs.news\/fr\/#\/schema\/person\/image\/\",\"url\":\"https:\/\/secure.gravatar.com\/avatar\/59a1e772205ce9fd255edfcafc93013736822e20261f294c5753b20c41ede9f2?s=96&d=mm&r=g\",\"contentUrl\":\"https:\/\/secure.gravatar.com\/avatar\/59a1e772205ce9fd255edfcafc93013736822e20261f294c5753b20c41ede9f2?s=96&d=mm&r=g\",\"caption\":\"Charles Taudin\"},\"description\":\"R\u00e9dacteur en chef global de The Playoffs, j\u2019ai cr\u00e9\u00e9 The Free Agent, devenu The Playoffs FR, en 2020 durant la pand\u00e9mie. Amoureux depuis des ann\u00e9es des 4 sports majeurs am\u00e9ricains, j\u2019organise maintenant la strat\u00e9gie \u00e9ditoriale et les r\u00e9seaux sociaux de l\u2019ensemble des versions de The Playoffs. Il m\u2019arrive encore d\u2019\u00e9crire sur certains sports que j\u2019affectionne particuli\u00e8rement comme la NFL ou la MLB. Si vous devez retenir qu\u2019une chose : Eli Manning est le vrai GOAT pour avoir battu deux fois Tom Brady.\",\"sameAs\":[\"https:\/\/www.instagram.com\/ctaudin_\/\"],\"url\":\"https:\/\/theplayoffs.news\/fr\/author\/charles-taudin\/\"}]}<\/script>\n<!-- \/ Yoast SEO plugin. -->","yoast_head_json":{"title":"Le rachat du contrat d&#039;Oliver Ekman-Larsson par les Canucks de Vancouver : un geste n&eacute;cessaire pour progresser - The Playoffs FR","robots":{"index":"index","follow":"follow","max-snippet":"max-snippet:-1","max-image-preview":"max-image-preview:large","max-video-preview":"max-video-preview:-1"},"canonical":"https:\/\/theplayoffs.news\/fr\/actualite-nhl\/rachat-contrat-oliver-ekman-larsson-canucks\/","og_locale":"fr_FR","og_type":"article","og_title":"Le rachat du contrat d&#039;Oliver Ekman-Larsson par les Canucks de Vancouver : un geste n&eacute;cessaire pour progresser - The Playoffs FR","og_url":"https:\/\/theplayoffs.news\/fr\/actualite-nhl\/rachat-contrat-oliver-ekman-larsson-canucks\/","og_site_name":"The Playoffs FR","article_publisher":"https:\/\/www.facebook.com\/TheFreeAgentFR\/","article_modified_time":"2023-06-17T14:41:43+00:00","og_image":[{"width":1890,"height":1055,"url":"https:\/\/theplayoffs.news\/fr\/wp-content\/uploads\/2023\/06\/Capture-decran-2023-06-17-a-16.38.12.jpg","type":"image\/jpeg"}],"author":"Charles Taudin","twitter_card":"summary_large_image","twitter_creator":"@TheFreeAgentFR","twitter_site":"@TheFreeAgentFR","twitter_misc":{"\u00c9crit par":"Charles Taudin","Dur\u00e9e de lecture estim\u00e9e":"3 minutes"},"schema":{"@context":"https:\/\/schema.org","@graph":[{"@type":"WebPage","@id":"https:\/\/theplayoffs.news\/fr\/actualite-nhl\/rachat-contrat-oliver-ekman-larsson-canucks\/","url":"https:\/\/theplayoffs.news\/fr\/actualite-nhl\/rachat-contrat-oliver-ekman-larsson-canucks\/","name":"Le rachat du contrat d\\'Oliver Ekman-Larsson par les Canucks de Vancouver : un geste n\u00e9cessaire pour progresser - The Playoffs FR","isPartOf":{"@id":"https:\/\/theplayoffs.news\/fr\/#website"},"primaryImageOfPage":{"@id":"https:\/\/theplayoffs.news\/fr\/actualite-nhl\/rachat-contrat-oliver-ekman-larsson-canucks\/#primaryimage"},"image":{"@id":"https:\/\/theplayoffs.news\/fr\/actualite-nhl\/rachat-contrat-oliver-ekman-larsson-canucks\/#primaryimage"},"thumbnailUrl":"https:\/\/theplayoffs.news\/fr\/wp-content\/uploads\/2023\/06\/Capture-decran-2023-06-17-a-16.38.12.jpg","datePublished":"2023-06-17T14:41:42+00:00","dateModified":"2023-06-17T14:41:43+00:00","author":{"@id":"https:\/\/theplayoffs.news\/fr\/#\/schema\/person\/eee5b69ad5d3c51cabe881c839dbe133"},"breadcrumb":{"@id":"https:\/\/theplayoffs.news\/fr\/actualite-nhl\/rachat-contrat-oliver-ekman-larsson-canucks\/#breadcrumb"},"inLanguage":"fr-FR","potentialAction":[{"@type":"ReadAction","target":["https:\/\/theplayoffs.news\/fr\/actualite-nhl\/rachat-contrat-oliver-ekman-larsson-canucks\/"]}]},{"@type":"ImageObject","inLanguage":"fr-FR","@id":"https:\/\/theplayoffs.news\/fr\/actualite-nhl\/rachat-contrat-oliver-ekman-larsson-canucks\/#primaryimage","url":"https:\/\/theplayoffs.news\/fr\/wp-content\/uploads\/2023\/06\/Capture-decran-2023-06-17-a-16.38.12.jpg","contentUrl":"https:\/\/theplayoffs.news\/fr\/wp-content\/uploads\/2023\/06\/Capture-decran-2023-06-17-a-16.38.12.jpg","width":1890,"height":1055,"caption":"oliver ekman-larsson"},{"@type":"BreadcrumbList","@id":"https:\/\/theplayoffs.news\/fr\/actualite-nhl\/rachat-contrat-oliver-ekman-larsson-canucks\/#breadcrumb","itemListElement":[{"@type":"ListItem","position":1,"name":"Accueil","item":"https:\/\/theplayoffs.news\/fr\/"},{"@type":"ListItem","position":2,"name":"Le rachat du contrat d&rsquo;Oliver Ekman-Larsson par les Canucks de Vancouver : un geste n\u00e9cessaire pour progresser"}]},{"@type":"WebSite","@id":"https:\/\/theplayoffs.news\/fr\/#website","url":"https:\/\/theplayoffs.news\/fr\/","name":"The Playoffs FR","description":"NBA-NFL-NHL-MLB","potentialAction":[{"@type":"SearchAction","target":{"@type":"EntryPoint","urlTemplate":"https:\/\/theplayoffs.news\/fr\/?s={search_term_string}"},"query-input":{"@type":"PropertyValueSpecification","valueRequired":true,"valueName":"search_term_string"}}],"inLanguage":"fr-FR"},{"@type":"Person","@id":"https:\/\/theplayoffs.news\/fr\/#\/schema\/person\/eee5b69ad5d3c51cabe881c839dbe133","name":"Charles Taudin","image":{"@type":"ImageObject","inLanguage":"fr-FR","@id":"https:\/\/theplayoffs.news\/fr\/#\/schema\/person\/image\/","url":"https:\/\/secure.gravatar.com\/avatar\/59a1e772205ce9fd255edfcafc93013736822e20261f294c5753b20c41ede9f2?s=96&d=mm&r=g","contentUrl":"https:\/\/secure.gravatar.com\/avatar\/59a1e772205ce9fd255edfcafc93013736822e20261f294c5753b20c41ede9f2?s=96&d=mm&r=g","caption":"Charles Taudin"},"description":"R\u00e9dacteur en chef global de The Playoffs, j\u2019ai cr\u00e9\u00e9 The Free Agent, devenu The Playoffs FR, en 2020 durant la pand\u00e9mie. Amoureux depuis des ann\u00e9es des 4 sports majeurs am\u00e9ricains, j\u2019organise maintenant la strat\u00e9gie \u00e9ditoriale et les r\u00e9seaux sociaux de l\u2019ensemble des versions de The Playoffs. Il m\u2019arrive encore d\u2019\u00e9crire sur certains sports que j\u2019affectionne particuli\u00e8rement comme la NFL ou la MLB. Si vous devez retenir qu\u2019une chose : Eli Manning est le vrai GOAT pour avoir battu deux fois Tom Brady.","sameAs":["https:\/\/www.instagram.com\/ctaudin_\/"],"url":"https:\/\/theplayoffs.news\/fr\/author\/charles-taudin\/"}]}},"_links":{"self":[{"href":"https:\/\/theplayoffs.news\/fr\/wp-json\/wp\/v2\/posts\/639539","targetHints":{"allow":["GET"]}}],"collection":[{"href":"https:\/\/theplayoffs.news\/fr\/wp-json\/wp\/v2\/posts"}],"about":[{"href":"https:\/\/theplayoffs.news\/fr\/wp-json\/wp\/v2\/types\/post"}],"author":[{"embeddable":true,"href":"https:\/\/theplayoffs.news\/fr\/wp-json\/wp\/v2\/users\/13"}],"replies":[{"embeddable":true,"href":"https:\/\/theplayoffs.news\/fr\/wp-json\/wp\/v2\/comments?post=639539"}],"version-history":[{"count":2,"href":"https:\/\/theplayoffs.news\/fr\/wp-json\/wp\/v2\/posts\/639539\/revisions"}],"predecessor-version":[{"id":639542,"href":"https:\/\/theplayoffs.news\/fr\/wp-json\/wp\/v2\/posts\/639539\/revisions\/639542"}],"wp:featuredmedia":[{"embeddable":true,"href":"https:\/\/theplayoffs.news\/fr\/wp-json\/wp\/v2\/media\/639540"}],"wp:attachment":[{"href":"https:\/\/theplayoffs.news\/fr\/wp-json\/wp\/v2\/media?parent=639539"}],"wp:term":[{"taxonomy":"category","embeddable":true,"href":"https:\/\/theplayoffs.news\/fr\/wp-json\/wp\/v2\/categories?post=639539"},{"taxonomy":"post_tag","embeddable":true,"href":"https:\/\/theplayoffs.news\/fr\/wp-json\/wp\/v2\/tags?post=639539"},{"taxonomy":"sport","embeddable":true,"href":"https:\/\/theplayoffs.news\/fr\/wp-json\/wp\/v2\/sport?post=639539"},{"taxonomy":"saison","embeddable":true,"href":"https:\/\/theplayoffs.news\/fr\/wp-json\/wp\/v2\/saison?post=639539"}],"curies":[{"name":"wp","href":"https:\/\/api.w.org\/{rel}","templated":true}]}}