{"id":637328,"date":"2023-06-16T22:54:37","date_gmt":"2023-06-16T20:54:37","guid":{"rendered":"https:\/\/theplayoffs.news\/fr\/?p=637328"},"modified":"2023-06-16T22:54:38","modified_gmt":"2023-06-16T20:54:38","slug":"la-preview-de-lete-des-dallas-mavericks","status":"publish","type":"post","link":"https:\/\/theplayoffs.news\/fr\/actualite-nba\/la-preview-de-lete-des-dallas-mavericks\/","title":{"rendered":"La preview de l&rsquo;\u00e9t\u00e9 des Dallas Mavericks"},"content":{"rendered":"<h2>La saison NBA 2022-23 est d&eacute;sormais derri&egrave;re nous et beaucoup de franchises travaillent leur &eacute;t&eacute; pour s&rsquo;am&eacute;liorer. Parmi elles, les Mavericks qui sortent d&rsquo;une fin de saison d&eacute;cevante en ne se qualifiant m&ecirc;me pas pour le play-in. Mark Cuban et Nico Harrison vont devoir travailler comme il se doit cet &eacute;t&eacute; pour conserver Luka Doncic &agrave; l&rsquo;avenir.<\/h2><p>La saison de Dallas commen&ccedil;ait plut&ocirc;t bien malgr&eacute; la Doncic d&eacute;pendance. Les Mavs restaient sur la dynamique de 2022 avec cette finale de conf&eacute;rence en t&ecirc;te. Mais le trade de Kyrie Irving &agrave; la Deadline a tout fait bascul&eacute; en perdant Dorian Finney-Smith. Les Texans sont pass&eacute;s de quatri&egrave;me &agrave; onzi&egrave;me de l&rsquo;ouest avec une fin de saison en tanking supr&ecirc;me pour conserver le pick 10 de la draft 2023.<\/p><p>En vue de l&rsquo;&eacute;t&eacute;, les Mavs ont besoin de plusieurs profils. D&rsquo;abord des int&eacute;rieurs d&eacute;fensifs. Le d&eacute;part de Finney-Smith n&rsquo;a pas &eacute;t&eacute; remplac&eacute; et seul Reggie Bullock est un r&eacute;el d&eacute;fenseur dans la premi&egrave;re partie de rotation. L&rsquo;acc&egrave;s au cercle est illimit&eacute; donc le management des Mavericks doivent rechercher en priorit&eacute; un ailier-fort de mission, capable d&rsquo;endosser ce r&ocirc;le. &Agrave; c&ocirc;t&eacute; de lui, un grand pivot dominant doit &ecirc;tre ramen&eacute;. Christian Wood ne semble pas &ecirc;tre prolong&eacute;, JaVale McGee est trop vieux et lent et Dwight Powell n&rsquo;est pas &agrave; la hauteur d&rsquo;un titulaire en NBA dans une &eacute;quipe qui vise le titre, mais pourrait devenir un super back-up. Si en plus, un troisi&egrave;me guard de talent, en consid&eacute;rant que Kyrie Irving prolonge, arrive ce serait id&eacute;al.<\/p><p>Parmi les trois profils recherch&eacute;s, on se rapprocherait de joueurs comme Jalen Brunson pour le backcourt, Steven Adams pour le pivot et Jae Crowder pour le poste 4. Ces joueurs ne seront pas sign&eacute;s par les Mavs, mais ce sont ces types de joueurs que Dallas recherche.<\/p><p>En termes de solutions r&eacute;alistes, des rumeurs autour de John Collins affluent de mani&egrave;re insistante en ce moment. Il serait &eacute;chang&eacute; contre Bertans et le pick 10. Pour venir aider Luka Doncic et <a href=\"https:\/\/theplayoffs.news\/fr\/nba-basketball\/houston-convoite-kyrie-irving\/\" class=\"trk-cta-link\" data-cta-trk='{\"ctaType\":\"Link\",\"ctaSubType\":\"main\"}'>peut-&ecirc;tre Kyrie Irving<\/a> un joueur comme Caris Levert, Free Agent cet &eacute;t&eacute; serait parfait en tant que sixi&egrave;me homme. Il ne reste qu&rsquo;un contrat pas trop cher &agrave; trouver pour faire venir l&rsquo;actuel joueur des Cavs. Puis pour le pivot, Nico Harrison pourrait penser <a href=\"https:\/\/www.espn.com\/nba\/story\/_\/id\/35427676\/nba-free-agents-team-team-lists-2023-2024\" class=\"trk-cta-link\" data-cta-trk='{\"ctaType\":\"Link\",\"ctaSubType\":\"main\"}'>&agrave; Jonas Valanciunas libre dans un an<\/a>. Un v&eacute;t&eacute;ran dominant des deux c&ocirc;t&eacute;s et vrai soldat de l&rsquo;ombre ne ferait pas de mal &agrave; ces Mavs l&agrave;.<\/p><p>Beaucoup de suppositions pour une des franchises qui jouent gros cet &eacute;t&eacute;. Les r&eacute;ponses seront donn&eacute;es &agrave; partir du 22 juin, soir de la draft et surtout &agrave; partir du 1er juillet, lancement officiel de la Free Agency. Dallas, &eacute;quipe &agrave; surveiller de pr&egrave;s.<\/p>\n","protected":false},"excerpt":{"rendered":"","protected":false},"author":180310174,"featured_media":576574,"comment_status":"open","ping_status":"closed","sticky":false,"template":"","format":"standard","meta":{"inline_featured_image":false,"kia_subtitle":"","_mux_skip_reasons":[],"proofreadBy":0,"footnotes":""},"categories":[110,10],"tags":[595],"sport":[],"saison":[],"class_list":["post-637328","post","type-post","status-publish","format-standard","has-post-thumbnail","hentry","category-actualite-nba","category-nba","tag-dallas-mavericks"],"acf":[],"yoast_head":"<!-- This site is optimized with the Yoast SEO plugin v24.2 - https:\/\/yoast.com\/wordpress\/plugins\/seo\/ -->\n<title>La preview de l&#039;&eacute;t&eacute; des Dallas Mavericks - The Playoffs FR<\/title>\n<meta name=\"robots\" content=\"index, follow, max-snippet:-1, max-image-preview:large, max-video-preview:-1\" \/>\n<link rel=\"canonical\" href=\"https:\/\/theplayoffs.news\/fr\/actualite-nba\/la-preview-de-lete-des-dallas-mavericks\/\" \/>\n<meta property=\"og:locale\" content=\"fr_FR\" \/>\n<meta property=\"og:type\" content=\"article\" \/>\n<meta property=\"og:title\" content=\"La preview de l&#039;&eacute;t&eacute; des Dallas Mavericks - The Playoffs FR\" \/>\n<meta property=\"og:url\" content=\"https:\/\/theplayoffs.news\/fr\/actualite-nba\/la-preview-de-lete-des-dallas-mavericks\/\" \/>\n<meta property=\"og:site_name\" content=\"The Playoffs FR\" \/>\n<meta property=\"article:publisher\" content=\"https:\/\/www.facebook.com\/TheFreeAgentFR\/\" \/>\n<meta property=\"article:modified_time\" content=\"2023-06-16T22:54:38+02:00\" \/>\n<meta property=\"og:image\" content=\"https:\/\/theplayoffs.news\/fr\/wp-content\/uploads\/2023\/03\/Capture-decran-2023-03-23-132938.jpg\" \/>\n\t<meta property=\"og:image:width\" content=\"1179\" \/>\n\t<meta property=\"og:image:height\" content=\"804\" \/>\n\t<meta property=\"og:image:type\" content=\"image\/jpeg\" \/>\n<meta name=\"author\" content=\"Auguste Amar\" \/>\n<meta name=\"twitter:card\" content=\"summary_large_image\" \/>\n<meta name=\"twitter:creator\" content=\"@TheFreeAgentFR\" \/>\n<meta name=\"twitter:site\" content=\"@TheFreeAgentFR\" \/>\n<meta name=\"twitter:label1\" content=\"\u00c9crit par\" \/>\n\t<meta name=\"twitter:data1\" content=\"Auguste Amar\" \/>\n\t<meta name=\"twitter:label2\" content=\"Dur\u00e9e de lecture estim\u00e9e\" \/>\n\t<meta name=\"twitter:data2\" content=\"2 minutes\" \/>\n<script type=\"application\/ld+json\" class=\"yoast-schema-graph\">{\"@context\":\"https:\/\/schema.org\",\"@graph\":[{\"@type\":\"WebPage\",\"@id\":\"https:\/\/theplayoffs.news\/fr\/actualite-nba\/la-preview-de-lete-des-dallas-mavericks\/\",\"url\":\"https:\/\/theplayoffs.news\/fr\/actualite-nba\/la-preview-de-lete-des-dallas-mavericks\/\",\"name\":\"La preview de l\\\\'\u00e9t\u00e9 des Dallas Mavericks - The Playoffs FR\",\"isPartOf\":{\"@id\":\"https:\/\/theplayoffs.news\/fr\/#website\"},\"primaryImageOfPage\":{\"@id\":\"https:\/\/theplayoffs.news\/fr\/actualite-nba\/la-preview-de-lete-des-dallas-mavericks\/#primaryimage\"},\"image\":{\"@id\":\"https:\/\/theplayoffs.news\/fr\/actualite-nba\/la-preview-de-lete-des-dallas-mavericks\/#primaryimage\"},\"thumbnailUrl\":\"https:\/\/theplayoffs.news\/fr\/wp-content\/uploads\/2023\/03\/Capture-decran-2023-03-23-132938.jpg\",\"datePublished\":\"2023-06-16T20:54:37+00:00\",\"dateModified\":\"2023-06-16T20:54:38+00:00\",\"author\":{\"@id\":\"https:\/\/theplayoffs.news\/fr\/#\/schema\/person\/b4f20a52ec509d33cf6f20e650f1ef63\"},\"breadcrumb\":{\"@id\":\"https:\/\/theplayoffs.news\/fr\/actualite-nba\/la-preview-de-lete-des-dallas-mavericks\/#breadcrumb\"},\"inLanguage\":\"fr-FR\",\"potentialAction\":[{\"@type\":\"ReadAction\",\"target\":[\"https:\/\/theplayoffs.news\/fr\/actualite-nba\/la-preview-de-lete-des-dallas-mavericks\/\"]}]},{\"@type\":\"ImageObject\",\"inLanguage\":\"fr-FR\",\"@id\":\"https:\/\/theplayoffs.news\/fr\/actualite-nba\/la-preview-de-lete-des-dallas-mavericks\/#primaryimage\",\"url\":\"https:\/\/theplayoffs.news\/fr\/wp-content\/uploads\/2023\/03\/Capture-decran-2023-03-23-132938.jpg\",\"contentUrl\":\"https:\/\/theplayoffs.news\/fr\/wp-content\/uploads\/2023\/03\/Capture-decran-2023-03-23-132938.jpg\",\"width\":1179,\"height\":804,\"caption\":\"Dallas Mavericks, Mark Cuban\"},{\"@type\":\"BreadcrumbList\",\"@id\":\"https:\/\/theplayoffs.news\/fr\/actualite-nba\/la-preview-de-lete-des-dallas-mavericks\/#breadcrumb\",\"itemListElement\":[{\"@type\":\"ListItem\",\"position\":1,\"name\":\"Accueil\",\"item\":\"https:\/\/theplayoffs.news\/fr\/\"},{\"@type\":\"ListItem\",\"position\":2,\"name\":\"La preview de l&rsquo;\u00e9t\u00e9 des Dallas Mavericks\"}]},{\"@type\":\"WebSite\",\"@id\":\"https:\/\/theplayoffs.news\/fr\/#website\",\"url\":\"https:\/\/theplayoffs.news\/fr\/\",\"name\":\"The Playoffs FR\",\"description\":\"NBA-NFL-NHL-MLB\",\"potentialAction\":[{\"@type\":\"SearchAction\",\"target\":{\"@type\":\"EntryPoint\",\"urlTemplate\":\"https:\/\/theplayoffs.news\/fr\/?s={search_term_string}\"},\"query-input\":{\"@type\":\"PropertyValueSpecification\",\"valueRequired\":true,\"valueName\":\"search_term_string\"}}],\"inLanguage\":\"fr-FR\"},{\"@type\":\"Person\",\"@id\":\"https:\/\/theplayoffs.news\/fr\/#\/schema\/person\/b4f20a52ec509d33cf6f20e650f1ef63\",\"name\":\"Auguste Amar\",\"image\":{\"@type\":\"ImageObject\",\"inLanguage\":\"fr-FR\",\"@id\":\"https:\/\/theplayoffs.news\/fr\/#\/schema\/person\/image\/\",\"url\":\"https:\/\/secure.gravatar.com\/avatar\/bc7b1779444a931d1ed7a30fac148ddd8469bd16958d41411abea179dfd72bf0?s=96&d=mm&r=g\",\"contentUrl\":\"https:\/\/secure.gravatar.com\/avatar\/bc7b1779444a931d1ed7a30fac148ddd8469bd16958d41411abea179dfd72bf0?s=96&d=mm&r=g\",\"caption\":\"Auguste Amar\"},\"url\":\"https:\/\/theplayoffs.news\/fr\/author\/amar-augusteorange-fr\/\"}]}<\/script>\n<!-- \/ Yoast SEO plugin. -->","yoast_head_json":{"title":"La preview de l&#039;&eacute;t&eacute; des Dallas Mavericks - The Playoffs FR","robots":{"index":"index","follow":"follow","max-snippet":"max-snippet:-1","max-image-preview":"max-image-preview:large","max-video-preview":"max-video-preview:-1"},"canonical":"https:\/\/theplayoffs.news\/fr\/actualite-nba\/la-preview-de-lete-des-dallas-mavericks\/","og_locale":"fr_FR","og_type":"article","og_title":"La preview de l&#039;&eacute;t&eacute; des Dallas Mavericks - The Playoffs FR","og_url":"https:\/\/theplayoffs.news\/fr\/actualite-nba\/la-preview-de-lete-des-dallas-mavericks\/","og_site_name":"The Playoffs FR","article_publisher":"https:\/\/www.facebook.com\/TheFreeAgentFR\/","article_modified_time":"2023-06-16T20:54:38+00:00","og_image":[{"width":1179,"height":804,"url":"https:\/\/theplayoffs.news\/fr\/wp-content\/uploads\/2023\/03\/Capture-decran-2023-03-23-132938.jpg","type":"image\/jpeg"}],"author":"Auguste Amar","twitter_card":"summary_large_image","twitter_creator":"@TheFreeAgentFR","twitter_site":"@TheFreeAgentFR","twitter_misc":{"\u00c9crit par":"Auguste Amar","Dur\u00e9e de lecture estim\u00e9e":"2 minutes"},"schema":{"@context":"https:\/\/schema.org","@graph":[{"@type":"WebPage","@id":"https:\/\/theplayoffs.news\/fr\/actualite-nba\/la-preview-de-lete-des-dallas-mavericks\/","url":"https:\/\/theplayoffs.news\/fr\/actualite-nba\/la-preview-de-lete-des-dallas-mavericks\/","name":"La preview de l\\'\u00e9t\u00e9 des Dallas Mavericks - The Playoffs FR","isPartOf":{"@id":"https:\/\/theplayoffs.news\/fr\/#website"},"primaryImageOfPage":{"@id":"https:\/\/theplayoffs.news\/fr\/actualite-nba\/la-preview-de-lete-des-dallas-mavericks\/#primaryimage"},"image":{"@id":"https:\/\/theplayoffs.news\/fr\/actualite-nba\/la-preview-de-lete-des-dallas-mavericks\/#primaryimage"},"thumbnailUrl":"https:\/\/theplayoffs.news\/fr\/wp-content\/uploads\/2023\/03\/Capture-decran-2023-03-23-132938.jpg","datePublished":"2023-06-16T20:54:37+00:00","dateModified":"2023-06-16T20:54:38+00:00","author":{"@id":"https:\/\/theplayoffs.news\/fr\/#\/schema\/person\/b4f20a52ec509d33cf6f20e650f1ef63"},"breadcrumb":{"@id":"https:\/\/theplayoffs.news\/fr\/actualite-nba\/la-preview-de-lete-des-dallas-mavericks\/#breadcrumb"},"inLanguage":"fr-FR","potentialAction":[{"@type":"ReadAction","target":["https:\/\/theplayoffs.news\/fr\/actualite-nba\/la-preview-de-lete-des-dallas-mavericks\/"]}]},{"@type":"ImageObject","inLanguage":"fr-FR","@id":"https:\/\/theplayoffs.news\/fr\/actualite-nba\/la-preview-de-lete-des-dallas-mavericks\/#primaryimage","url":"https:\/\/theplayoffs.news\/fr\/wp-content\/uploads\/2023\/03\/Capture-decran-2023-03-23-132938.jpg","contentUrl":"https:\/\/theplayoffs.news\/fr\/wp-content\/uploads\/2023\/03\/Capture-decran-2023-03-23-132938.jpg","width":1179,"height":804,"caption":"Dallas Mavericks, Mark Cuban"},{"@type":"BreadcrumbList","@id":"https:\/\/theplayoffs.news\/fr\/actualite-nba\/la-preview-de-lete-des-dallas-mavericks\/#breadcrumb","itemListElement":[{"@type":"ListItem","position":1,"name":"Accueil","item":"https:\/\/theplayoffs.news\/fr\/"},{"@type":"ListItem","position":2,"name":"La preview de l&rsquo;\u00e9t\u00e9 des Dallas Mavericks"}]},{"@type":"WebSite","@id":"https:\/\/theplayoffs.news\/fr\/#website","url":"https:\/\/theplayoffs.news\/fr\/","name":"The Playoffs FR","description":"NBA-NFL-NHL-MLB","potentialAction":[{"@type":"SearchAction","target":{"@type":"EntryPoint","urlTemplate":"https:\/\/theplayoffs.news\/fr\/?s={search_term_string}"},"query-input":{"@type":"PropertyValueSpecification","valueRequired":true,"valueName":"search_term_string"}}],"inLanguage":"fr-FR"},{"@type":"Person","@id":"https:\/\/theplayoffs.news\/fr\/#\/schema\/person\/b4f20a52ec509d33cf6f20e650f1ef63","name":"Auguste Amar","image":{"@type":"ImageObject","inLanguage":"fr-FR","@id":"https:\/\/theplayoffs.news\/fr\/#\/schema\/person\/image\/","url":"https:\/\/secure.gravatar.com\/avatar\/bc7b1779444a931d1ed7a30fac148ddd8469bd16958d41411abea179dfd72bf0?s=96&d=mm&r=g","contentUrl":"https:\/\/secure.gravatar.com\/avatar\/bc7b1779444a931d1ed7a30fac148ddd8469bd16958d41411abea179dfd72bf0?s=96&d=mm&r=g","caption":"Auguste Amar"},"url":"https:\/\/theplayoffs.news\/fr\/author\/amar-augusteorange-fr\/"}]}},"_links":{"self":[{"href":"https:\/\/theplayoffs.news\/fr\/wp-json\/wp\/v2\/posts\/637328","targetHints":{"allow":["GET"]}}],"collection":[{"href":"https:\/\/theplayoffs.news\/fr\/wp-json\/wp\/v2\/posts"}],"about":[{"href":"https:\/\/theplayoffs.news\/fr\/wp-json\/wp\/v2\/types\/post"}],"author":[{"embeddable":true,"href":"https:\/\/theplayoffs.news\/fr\/wp-json\/wp\/v2\/users\/180310174"}],"replies":[{"embeddable":true,"href":"https:\/\/theplayoffs.news\/fr\/wp-json\/wp\/v2\/comments?post=637328"}],"version-history":[{"count":3,"href":"https:\/\/theplayoffs.news\/fr\/wp-json\/wp\/v2\/posts\/637328\/revisions"}],"predecessor-version":[{"id":637331,"href":"https:\/\/theplayoffs.news\/fr\/wp-json\/wp\/v2\/posts\/637328\/revisions\/637331"}],"wp:featuredmedia":[{"embeddable":true,"href":"https:\/\/theplayoffs.news\/fr\/wp-json\/wp\/v2\/media\/576574"}],"wp:attachment":[{"href":"https:\/\/theplayoffs.news\/fr\/wp-json\/wp\/v2\/media?parent=637328"}],"wp:term":[{"taxonomy":"category","embeddable":true,"href":"https:\/\/theplayoffs.news\/fr\/wp-json\/wp\/v2\/categories?post=637328"},{"taxonomy":"post_tag","embeddable":true,"href":"https:\/\/theplayoffs.news\/fr\/wp-json\/wp\/v2\/tags?post=637328"},{"taxonomy":"sport","embeddable":true,"href":"https:\/\/theplayoffs.news\/fr\/wp-json\/wp\/v2\/sport?post=637328"},{"taxonomy":"saison","embeddable":true,"href":"https:\/\/theplayoffs.news\/fr\/wp-json\/wp\/v2\/saison?post=637328"}],"curies":[{"name":"wp","href":"https:\/\/api.w.org\/{rel}","templated":true}]}}