{"id":637324,"date":"2023-06-16T19:45:14","date_gmt":"2023-06-16T17:45:14","guid":{"rendered":"https:\/\/theplayoffs.news\/fr\/?p=637324"},"modified":"2023-06-16T19:45:15","modified_gmt":"2023-06-16T17:45:15","slug":"ja-morant-cout-suspension","status":"publish","type":"post","link":"https:\/\/theplayoffs.news\/fr\/actualite-nba\/ja-morant-cout-suspension\/","title":{"rendered":"Ja Morant : combien cette suspension va-t-elle lui co\u00fbter ?"},"content":{"rendered":"<h2>Vendredi a sonn&eacute; le glas pour Ja Morant, meneur star des Grizzlies de Memphis, qui a &eacute;t&eacute; <a href=\"https:\/\/theplayoffs.news\/fr\/nba-basketball\/ja-morant-suspendu-25-matchs\/\" class=\"trk-cta-link\" data-cta-trk='{\"ctaType\":\"Link\",\"ctaSubType\":\"main\"}'>suspendu pour 25 matchs<\/a> &agrave; la suite d&rsquo;un incident sur Instagram Live o&ugrave; il a &eacute;t&eacute; vu en possession d&rsquo;une arme &agrave; feu.<\/h2><p>Cette suspension a entra&icirc;n&eacute; des cons&eacute;quences financi&egrave;res importante pour la star montante de la NBA.<\/p><p>Ja Morant, qui devait entamer la premi&egrave;re ann&eacute;e de son contrat maximum de 194 millions de dollars sur cinq ans la saison prochaine, ne recevra pas de salaire pendant ces 25 matchs de suspension.<\/p><p>Selon <a href=\"https:\/\/twitter.com\/BobbyMarks42\/status\/1669724897956823042?ref_src=twsrc%5Etfw%7Ctwcamp%5Etweetembed%7Ctwterm%5E1669724897956823042%7Ctwgr%5E38c47f6354adbd5959016da3640c85ce9fcfb7f4%7Ctwcon%5Es1_c10&amp;ref_url=https%3A%2F%2Ftrashtalk.co%2F2023%2F06%2F16%2Fja-morant-va-perdre-pres-de-8-millions-de-dollars-a-cause-de-sa-suspension%2F\" class=\"trk-cta-link\" data-cta-trk='{\"ctaType\":\"Link\",\"ctaSubType\":\"main\"}'>Bobby Marks<\/a>, expert en salaire chez ESPN, chaque match rat&eacute; co&ucirc;tera &agrave; Ja Morant la somme astronomique de 304 545 dollars. Multipliez ce chiffre par 25, et vous arrivez &agrave; une perte de 7,6 millions de dollars, soit une part significative des 33,5 millions de dollars qu&rsquo;il aurait d&ucirc; toucher pendant la saison 2023-24.<\/p><p>Certains pourraient soutenir que le compte en banque de Ja Morant est suffisamment bien garni pour absorber un tel coup financier et que son contrat lucratif lui permettra de se remettre rapidement. Cependant, il est important de se rappeler qu&rsquo;il a &eacute;galement rat&eacute; une opportunit&eacute; financi&egrave;re encore plus grande la saison derni&egrave;re. En raison d&rsquo;une suspension de huit matchs, Morant n&rsquo;a pas &eacute;t&eacute; s&eacute;lectionn&eacute; pour l&rsquo;All-NBA Team &agrave; la fin de la saison r&eacute;guli&egrave;re.<\/p><p>La suspension avait d&eacute;j&agrave; co&ucirc;t&eacute; &agrave; Morant 670 000 dollars, mais l&rsquo;&eacute;chec de la nomination &agrave; l&rsquo;All-NBA a eu des cons&eacute;quences bien plus s&eacute;rieuses. Si Morant avait &eacute;t&eacute; s&eacute;lectionn&eacute; pour l&rsquo;&eacute;quipe, il aurait pu signer un contrat de 233 millions de dollars sur cinq ans. Cependant, &agrave; cause de ses actions sur Instagram, il a d&ucirc; se contenter d&rsquo;un contrat de 193 millions de dollars.<\/p><p>Lorsque l&rsquo;on cumule ces pertes financi&egrave;res, on obtient une somme d&eacute;concertante de 48 millions de dollars. C&rsquo;est un montant que Morant n&rsquo;a pas gagn&eacute;, en grande partie &agrave; cause de deux vid&eacute;os Instagram et d&rsquo;une arme &agrave; feu. Si cela ne suffit pas &agrave; le motiver &agrave; changer d&rsquo;attitude, on ne sait pas ce qui le fera.<\/p>\n","protected":false},"excerpt":{"rendered":"","protected":false},"author":180309799,"featured_media":576285,"comment_status":"open","ping_status":"closed","sticky":false,"template":"","format":"standard","meta":{"inline_featured_image":false,"kia_subtitle":"","_mux_skip_reasons":[],"proofreadBy":0,"footnotes":""},"categories":[110,10],"tags":[158,818],"sport":[],"saison":[],"class_list":["post-637324","post","type-post","status-publish","format-standard","has-post-thumbnail","hentry","category-actualite-nba","category-nba","tag-ja-morant","tag-memphis-grizzlies"],"acf":[],"yoast_head":"<!-- This site is optimized with the Yoast SEO plugin v24.2 - https:\/\/yoast.com\/wordpress\/plugins\/seo\/ -->\n<title>Ja Morant : combien cette suspension va-t-elle lui co&ucirc;ter ? - The Playoffs FR<\/title>\n<meta name=\"robots\" content=\"index, follow, max-snippet:-1, max-image-preview:large, max-video-preview:-1\" \/>\n<link rel=\"canonical\" href=\"https:\/\/theplayoffs.news\/fr\/actualite-nba\/ja-morant-cout-suspension\/\" \/>\n<meta property=\"og:locale\" content=\"fr_FR\" \/>\n<meta property=\"og:type\" content=\"article\" \/>\n<meta property=\"og:title\" content=\"Ja Morant : combien cette suspension va-t-elle lui co&ucirc;ter ? - The Playoffs FR\" \/>\n<meta property=\"og:url\" content=\"https:\/\/theplayoffs.news\/fr\/actualite-nba\/ja-morant-cout-suspension\/\" \/>\n<meta property=\"og:site_name\" content=\"The Playoffs FR\" \/>\n<meta property=\"article:publisher\" content=\"https:\/\/www.facebook.com\/TheFreeAgentFR\/\" \/>\n<meta property=\"article:modified_time\" content=\"2023-06-16T19:45:15+02:00\" \/>\n<meta property=\"og:image\" content=\"https:\/\/theplayoffs.news\/fr\/wp-content\/uploads\/2023\/03\/full-ja-morant-addresses-the-med.jpg\" \/>\n\t<meta property=\"og:image:width\" content=\"1280\" \/>\n\t<meta property=\"og:image:height\" content=\"720\" \/>\n\t<meta property=\"og:image:type\" content=\"image\/jpeg\" \/>\n<meta name=\"author\" content=\"La r\u00e9daction\" \/>\n<meta name=\"twitter:card\" content=\"summary_large_image\" \/>\n<meta name=\"twitter:creator\" content=\"@TheFreeAgentFR\" \/>\n<meta name=\"twitter:site\" content=\"@TheFreeAgentFR\" \/>\n<meta name=\"twitter:label1\" content=\"\u00c9crit par\" \/>\n\t<meta name=\"twitter:data1\" content=\"La r\u00e9daction\" \/>\n\t<meta name=\"twitter:label2\" content=\"Dur\u00e9e de lecture estim\u00e9e\" \/>\n\t<meta name=\"twitter:data2\" content=\"2 minutes\" \/>\n<script type=\"application\/ld+json\" class=\"yoast-schema-graph\">{\"@context\":\"https:\/\/schema.org\",\"@graph\":[{\"@type\":\"WebPage\",\"@id\":\"https:\/\/theplayoffs.news\/fr\/actualite-nba\/ja-morant-cout-suspension\/\",\"url\":\"https:\/\/theplayoffs.news\/fr\/actualite-nba\/ja-morant-cout-suspension\/\",\"name\":\"Ja Morant : combien cette suspension va-t-elle lui co\u00fbter ? - The Playoffs FR\",\"isPartOf\":{\"@id\":\"https:\/\/theplayoffs.news\/fr\/#website\"},\"primaryImageOfPage\":{\"@id\":\"https:\/\/theplayoffs.news\/fr\/actualite-nba\/ja-morant-cout-suspension\/#primaryimage\"},\"image\":{\"@id\":\"https:\/\/theplayoffs.news\/fr\/actualite-nba\/ja-morant-cout-suspension\/#primaryimage\"},\"thumbnailUrl\":\"https:\/\/theplayoffs.news\/fr\/wp-content\/uploads\/2023\/03\/full-ja-morant-addresses-the-med.jpg\",\"datePublished\":\"2023-06-16T17:45:14+00:00\",\"dateModified\":\"2023-06-16T17:45:15+00:00\",\"author\":{\"@id\":\"https:\/\/theplayoffs.news\/fr\/#\/schema\/person\/bb40426f4e478f9bd8cdbfeb4f2f9784\"},\"breadcrumb\":{\"@id\":\"https:\/\/theplayoffs.news\/fr\/actualite-nba\/ja-morant-cout-suspension\/#breadcrumb\"},\"inLanguage\":\"fr-FR\",\"potentialAction\":[{\"@type\":\"ReadAction\",\"target\":[\"https:\/\/theplayoffs.news\/fr\/actualite-nba\/ja-morant-cout-suspension\/\"]}]},{\"@type\":\"ImageObject\",\"inLanguage\":\"fr-FR\",\"@id\":\"https:\/\/theplayoffs.news\/fr\/actualite-nba\/ja-morant-cout-suspension\/#primaryimage\",\"url\":\"https:\/\/theplayoffs.news\/fr\/wp-content\/uploads\/2023\/03\/full-ja-morant-addresses-the-med.jpg\",\"contentUrl\":\"https:\/\/theplayoffs.news\/fr\/wp-content\/uploads\/2023\/03\/full-ja-morant-addresses-the-med.jpg\",\"width\":1280,\"height\":720,\"caption\":\"ja morant\"},{\"@type\":\"BreadcrumbList\",\"@id\":\"https:\/\/theplayoffs.news\/fr\/actualite-nba\/ja-morant-cout-suspension\/#breadcrumb\",\"itemListElement\":[{\"@type\":\"ListItem\",\"position\":1,\"name\":\"Accueil\",\"item\":\"https:\/\/theplayoffs.news\/fr\/\"},{\"@type\":\"ListItem\",\"position\":2,\"name\":\"Ja Morant : combien cette suspension va-t-elle lui co\u00fbter ?\"}]},{\"@type\":\"WebSite\",\"@id\":\"https:\/\/theplayoffs.news\/fr\/#website\",\"url\":\"https:\/\/theplayoffs.news\/fr\/\",\"name\":\"The Playoffs FR\",\"description\":\"NBA-NFL-NHL-MLB\",\"potentialAction\":[{\"@type\":\"SearchAction\",\"target\":{\"@type\":\"EntryPoint\",\"urlTemplate\":\"https:\/\/theplayoffs.news\/fr\/?s={search_term_string}\"},\"query-input\":{\"@type\":\"PropertyValueSpecification\",\"valueRequired\":true,\"valueName\":\"search_term_string\"}}],\"inLanguage\":\"fr-FR\"},{\"@type\":\"Person\",\"@id\":\"https:\/\/theplayoffs.news\/fr\/#\/schema\/person\/bb40426f4e478f9bd8cdbfeb4f2f9784\",\"name\":\"La r\u00e9daction\",\"image\":{\"@type\":\"ImageObject\",\"inLanguage\":\"fr-FR\",\"@id\":\"https:\/\/theplayoffs.news\/fr\/#\/schema\/person\/image\/\",\"url\":\"https:\/\/secure.gravatar.com\/avatar\/7e69b41460ab2c17d61c8c364b6a0ee006f957a70191383ef42be1f4733d6515?s=96&d=mm&r=g\",\"contentUrl\":\"https:\/\/secure.gravatar.com\/avatar\/7e69b41460ab2c17d61c8c364b6a0ee006f957a70191383ef42be1f4733d6515?s=96&d=mm&r=g\",\"caption\":\"La r\u00e9daction\"},\"description\":\"On dit qu\\\\'il faut un village pour s\\\\'occuper d\\\\'un enfant. Et bien c\\\\'est exactement ce dont il s\\\\'agit ici pour The Playoffs. La r\u00e9daction, ce sont vos r\u00e9dacteurs pr\u00e9f\u00e9r\u00e9s qui collaborent sur ces articles que vous lisez au quotidien.\u00a0\",\"url\":\"https:\/\/theplayoffs.news\/fr\/author\/freeagentfr\/\"}]}<\/script>\n<!-- \/ Yoast SEO plugin. -->","yoast_head_json":{"title":"Ja Morant : combien cette suspension va-t-elle lui co&ucirc;ter ? - The Playoffs FR","robots":{"index":"index","follow":"follow","max-snippet":"max-snippet:-1","max-image-preview":"max-image-preview:large","max-video-preview":"max-video-preview:-1"},"canonical":"https:\/\/theplayoffs.news\/fr\/actualite-nba\/ja-morant-cout-suspension\/","og_locale":"fr_FR","og_type":"article","og_title":"Ja Morant : combien cette suspension va-t-elle lui co&ucirc;ter ? - The Playoffs FR","og_url":"https:\/\/theplayoffs.news\/fr\/actualite-nba\/ja-morant-cout-suspension\/","og_site_name":"The Playoffs FR","article_publisher":"https:\/\/www.facebook.com\/TheFreeAgentFR\/","article_modified_time":"2023-06-16T17:45:15+00:00","og_image":[{"width":1280,"height":720,"url":"https:\/\/theplayoffs.news\/fr\/wp-content\/uploads\/2023\/03\/full-ja-morant-addresses-the-med.jpg","type":"image\/jpeg"}],"author":"La r\u00e9daction","twitter_card":"summary_large_image","twitter_creator":"@TheFreeAgentFR","twitter_site":"@TheFreeAgentFR","twitter_misc":{"\u00c9crit par":"La r\u00e9daction","Dur\u00e9e de lecture estim\u00e9e":"2 minutes"},"schema":{"@context":"https:\/\/schema.org","@graph":[{"@type":"WebPage","@id":"https:\/\/theplayoffs.news\/fr\/actualite-nba\/ja-morant-cout-suspension\/","url":"https:\/\/theplayoffs.news\/fr\/actualite-nba\/ja-morant-cout-suspension\/","name":"Ja Morant : combien cette suspension va-t-elle lui co\u00fbter ? - The Playoffs FR","isPartOf":{"@id":"https:\/\/theplayoffs.news\/fr\/#website"},"primaryImageOfPage":{"@id":"https:\/\/theplayoffs.news\/fr\/actualite-nba\/ja-morant-cout-suspension\/#primaryimage"},"image":{"@id":"https:\/\/theplayoffs.news\/fr\/actualite-nba\/ja-morant-cout-suspension\/#primaryimage"},"thumbnailUrl":"https:\/\/theplayoffs.news\/fr\/wp-content\/uploads\/2023\/03\/full-ja-morant-addresses-the-med.jpg","datePublished":"2023-06-16T17:45:14+00:00","dateModified":"2023-06-16T17:45:15+00:00","author":{"@id":"https:\/\/theplayoffs.news\/fr\/#\/schema\/person\/bb40426f4e478f9bd8cdbfeb4f2f9784"},"breadcrumb":{"@id":"https:\/\/theplayoffs.news\/fr\/actualite-nba\/ja-morant-cout-suspension\/#breadcrumb"},"inLanguage":"fr-FR","potentialAction":[{"@type":"ReadAction","target":["https:\/\/theplayoffs.news\/fr\/actualite-nba\/ja-morant-cout-suspension\/"]}]},{"@type":"ImageObject","inLanguage":"fr-FR","@id":"https:\/\/theplayoffs.news\/fr\/actualite-nba\/ja-morant-cout-suspension\/#primaryimage","url":"https:\/\/theplayoffs.news\/fr\/wp-content\/uploads\/2023\/03\/full-ja-morant-addresses-the-med.jpg","contentUrl":"https:\/\/theplayoffs.news\/fr\/wp-content\/uploads\/2023\/03\/full-ja-morant-addresses-the-med.jpg","width":1280,"height":720,"caption":"ja morant"},{"@type":"BreadcrumbList","@id":"https:\/\/theplayoffs.news\/fr\/actualite-nba\/ja-morant-cout-suspension\/#breadcrumb","itemListElement":[{"@type":"ListItem","position":1,"name":"Accueil","item":"https:\/\/theplayoffs.news\/fr\/"},{"@type":"ListItem","position":2,"name":"Ja Morant : combien cette suspension va-t-elle lui co\u00fbter ?"}]},{"@type":"WebSite","@id":"https:\/\/theplayoffs.news\/fr\/#website","url":"https:\/\/theplayoffs.news\/fr\/","name":"The Playoffs FR","description":"NBA-NFL-NHL-MLB","potentialAction":[{"@type":"SearchAction","target":{"@type":"EntryPoint","urlTemplate":"https:\/\/theplayoffs.news\/fr\/?s={search_term_string}"},"query-input":{"@type":"PropertyValueSpecification","valueRequired":true,"valueName":"search_term_string"}}],"inLanguage":"fr-FR"},{"@type":"Person","@id":"https:\/\/theplayoffs.news\/fr\/#\/schema\/person\/bb40426f4e478f9bd8cdbfeb4f2f9784","name":"La r\u00e9daction","image":{"@type":"ImageObject","inLanguage":"fr-FR","@id":"https:\/\/theplayoffs.news\/fr\/#\/schema\/person\/image\/","url":"https:\/\/secure.gravatar.com\/avatar\/7e69b41460ab2c17d61c8c364b6a0ee006f957a70191383ef42be1f4733d6515?s=96&d=mm&r=g","contentUrl":"https:\/\/secure.gravatar.com\/avatar\/7e69b41460ab2c17d61c8c364b6a0ee006f957a70191383ef42be1f4733d6515?s=96&d=mm&r=g","caption":"La r\u00e9daction"},"description":"On dit qu\\'il faut un village pour s\\'occuper d\\'un enfant. Et bien c\\'est exactement ce dont il s\\'agit ici pour The Playoffs. La r\u00e9daction, ce sont vos r\u00e9dacteurs pr\u00e9f\u00e9r\u00e9s qui collaborent sur ces articles que vous lisez au quotidien.\u00a0","url":"https:\/\/theplayoffs.news\/fr\/author\/freeagentfr\/"}]}},"_links":{"self":[{"href":"https:\/\/theplayoffs.news\/fr\/wp-json\/wp\/v2\/posts\/637324","targetHints":{"allow":["GET"]}}],"collection":[{"href":"https:\/\/theplayoffs.news\/fr\/wp-json\/wp\/v2\/posts"}],"about":[{"href":"https:\/\/theplayoffs.news\/fr\/wp-json\/wp\/v2\/types\/post"}],"author":[{"embeddable":true,"href":"https:\/\/theplayoffs.news\/fr\/wp-json\/wp\/v2\/users\/180309799"}],"replies":[{"embeddable":true,"href":"https:\/\/theplayoffs.news\/fr\/wp-json\/wp\/v2\/comments?post=637324"}],"version-history":[{"count":2,"href":"https:\/\/theplayoffs.news\/fr\/wp-json\/wp\/v2\/posts\/637324\/revisions"}],"predecessor-version":[{"id":637326,"href":"https:\/\/theplayoffs.news\/fr\/wp-json\/wp\/v2\/posts\/637324\/revisions\/637326"}],"wp:featuredmedia":[{"embeddable":true,"href":"https:\/\/theplayoffs.news\/fr\/wp-json\/wp\/v2\/media\/576285"}],"wp:attachment":[{"href":"https:\/\/theplayoffs.news\/fr\/wp-json\/wp\/v2\/media?parent=637324"}],"wp:term":[{"taxonomy":"category","embeddable":true,"href":"https:\/\/theplayoffs.news\/fr\/wp-json\/wp\/v2\/categories?post=637324"},{"taxonomy":"post_tag","embeddable":true,"href":"https:\/\/theplayoffs.news\/fr\/wp-json\/wp\/v2\/tags?post=637324"},{"taxonomy":"sport","embeddable":true,"href":"https:\/\/theplayoffs.news\/fr\/wp-json\/wp\/v2\/sport?post=637324"},{"taxonomy":"saison","embeddable":true,"href":"https:\/\/theplayoffs.news\/fr\/wp-json\/wp\/v2\/saison?post=637324"}],"curies":[{"name":"wp","href":"https:\/\/api.w.org\/{rel}","templated":true}]}}