{"id":636639,"date":"2023-06-16T11:22:17","date_gmt":"2023-06-16T09:22:17","guid":{"rendered":"https:\/\/theplayoffs.news\/fr\/?p=636639"},"modified":"2023-06-16T11:22:18","modified_gmt":"2023-06-16T09:22:18","slug":"naz-reid-veut-rester-a-minnesota","status":"publish","type":"post","link":"https:\/\/theplayoffs.news\/fr\/actualite-nba\/naz-reid-veut-rester-a-minnesota\/","title":{"rendered":"Naz Reid veut rester \u00e0 Minnesota"},"content":{"rendered":"<h2><b>Libre &agrave; l&rsquo;intersaison, Naz Reid va &ecirc;tre parmi les int&eacute;rieurs les plus courtis&eacute;s. Il est jeune et est un pivot fiable en tant que rempla&ccedil;ant comme en tant que titulaire.<\/b><\/h2><p>&nbsp;<\/p><p><span style=\"font-weight: 400;\">Absent de la fin de saison des Minnesota Timberwolves, il n&rsquo;est pas certain que <a href=\"https:\/\/theplayoffs.news\/fr\/joueur\/naz-reid-nba-8793942\/\" class=\"trk-cta-link\" data-cta-trk='{\"ctaType\":\"Link\",\"ctaSubType\":\"main\"}'>Naz Reid<\/a> soit de nouveau sous un maillot des Wolves la saison prochaine. Interview&eacute; par le <\/span><a href=\"https:\/\/www.startribune.com\/minnesota-timberwolves-naz-reid-free-agency-karl-anthony-towns-rudy-gobert-anthony-edwards\/600283028\/\" class=\"trk-cta-link\" data-cta-trk='{\"ctaType\":\"Link\",\"ctaSubType\":\"main\"}'><span style=\"font-weight: 400;\">Star Tribune<\/span><\/a><span style=\"font-weight: 400;\">, il a r&eacute;v&eacute;l&eacute; vouloir rester dans sa franchise.<\/span><\/p><p>&nbsp;<\/p><blockquote><p><i><span style=\"font-weight: 400;\">Je ne sais pas vraiment &agrave; quoi m&rsquo;attendre. Tout arrive &agrave; droite, &agrave; gauche&hellip;. Je me pr&eacute;pare pour ce moment, parce que je ne sais pas &agrave; quoi m&rsquo;attendre. J&rsquo;aimerais vraiment rester dans le Minnesota, c&rsquo;est certain. Mais c&rsquo;est un business et tout doit se d&eacute;rouler dans l&rsquo;int&eacute;r&ecirc;t des deux parties.<\/span><\/i><\/p><\/blockquote><p>&nbsp;<\/p><p><span style=\"font-weight: 400;\">Proche d&rsquo;<a href=\"https:\/\/theplayoffs.news\/fr\/joueur\/anthony-edwards-nba-9188536\/\" class=\"trk-cta-link\" data-cta-trk='{\"ctaType\":\"Link\",\"ctaSubType\":\"main\"}'>Anthony Edwards<\/a> et <a href=\"https:\/\/theplayoffs.news\/fr\/joueur\/jaden-mcdaniels-nba-8863342\/\" class=\"trk-cta-link\" data-cta-trk='{\"ctaType\":\"Link\",\"ctaSubType\":\"main\"}'>Jaden McDaniels<\/a>, deux membres importants de l&rsquo;effectif de Minnesota, Naz Reid sait qu&rsquo;il ne sera pas titulaire. S&rsquo;il est prolong&eacute;, il devrait jouer tout de m&ecirc;me avoir un r&ocirc;le plus important que par le pass&eacute;.<\/span><\/p><p>&nbsp;<\/p><blockquote><p><i><span style=\"font-weight: 400;\">Cela ne me d&eacute;plairait pas, et tout ce qu&rsquo;il sera possible de faire pour que je prolonge &agrave; Minnesota serait formidable. Mais j&rsquo;ai aussi l&rsquo;impression d&rsquo;avoir d&eacute;j&agrave; &eacute;volu&eacute; vers un r&ocirc;le ou une situation plus importants que ceux que j&rsquo;occupais au d&eacute;but de l&rsquo;ann&eacute;e.<\/span><\/i><\/p><\/blockquote><p>&nbsp;<\/p><p><span style=\"font-weight: 400;\">Avec un contrat actuel &agrave; 1.9 millions de dollars par saison, Naz Reid fera partie des joueurs qui vont avoir une grosse augmentation cet &eacute;t&eacute;. Certaines franchises comme Minnesota peuvent lui proposer la &ldquo;mid-level exception&rdquo; &eacute;valu&eacute;e &agrave; 11 millions de dollars environ. Cependant, il pourrait se voir proposer mieux ailleurs et il quitterait ses amis.<\/span><\/p><p>&nbsp;<\/p><blockquote><p><i><span style=\"font-weight: 400;\">Ce serait un peu d&eacute;chirant de les quitter mais ils le comprennent aussi. Il est &eacute;vident que nous essayons de faire en sorte de rester ensemble. Ils essaient. Je passe mon temps &agrave; tra&icirc;ner avec eux. Nous sommes de plus en plus proches, alors ce serait difficile pour moi de les quitter.<\/span><\/i><\/p><\/blockquote><p>&nbsp;<\/p><p><span style=\"font-weight: 400;\">Naz Reid assure que s&rsquo;il est pr&ecirc;t &agrave; rester dans un r&ocirc;le de rempla&ccedil;ant aux Timberwolves, il acceptera une offre &eacute;gale si un poste de titulaire lui est propos&eacute; ailleurs.<\/span><\/p><p>&nbsp;<\/p><blockquote><p><i><span style=\"font-weight: 400;\">J&rsquo;y attache beaucoup d&rsquo;importance en tant que personne et en tant que joueur, car j&rsquo;ai l&rsquo;impression d&rsquo;avoir travaill&eacute; &agrave; la hauteur de mon potentiel.&nbsp; Mais avec ma situation unique, &ccedil;a peut aller dans les deux sens : &ecirc;tre titulaire ou rempla&ccedil;ant. Quelle que soit la situation qui se pr&eacute;sente, c&rsquo;est s&ucirc;r que je donnerais la priorit&eacute; &agrave; cela.<\/span><\/i><\/p><\/blockquote><p>&nbsp;<\/p><p><span style=\"font-weight: 400;\">&Agrave; la direction de Minnesota, ils souhaitent prolonger le pivot m&ecirc;me s&rsquo;ils ne peuvent pas lui assurer une place de titulaire devant <a href=\"https:\/\/theplayoffs.news\/fr\/joueur\/rudy-gobert-nba-6065952\/\" class=\"trk-cta-link\" data-cta-trk='{\"ctaType\":\"Link\",\"ctaSubType\":\"main\"}'>Rudy Gobert<\/a> et <a href=\"https:\/\/theplayoffs.news\/fr\/joueur\/karl-anthony-towns-nba-6272390\/\" class=\"trk-cta-link\" data-cta-trk='{\"ctaType\":\"Link\",\"ctaSubType\":\"main\"}'>Karl-Anthony Towns<\/a>. Apr&egrave;s l&rsquo;&eacute;limination face aux Denver Nuggets en playoffs, Tim Connelly s&rsquo;&eacute;tait exprim&eacute;.<\/span><\/p><p>&nbsp;<\/p><blockquote><p><i><span style=\"font-weight: 400;\">On veut &ecirc;tre une franchise qui r&eacute;compense les joueurs qui font bien les choses. Il est arriv&eacute; ici, en bonne forme, s&rsquo;est am&eacute;lior&eacute; ann&eacute;e apr&egrave;s ann&eacute;e et on croise les doigts pour qu&rsquo;il soit avec nous pendant un bon moment. On va bosser dur afin de trouver une solution de long terme pour Naz.<\/span><\/i><\/p><\/blockquote><p>&nbsp;<\/p><p><span style=\"font-weight: 400;\">Si la direction et le joueur ont les m&ecirc;mes intentions, c&rsquo;est plut&ocirc;t encourageant pour l&rsquo;avenir des Wolves.<\/span><\/p>\n","protected":false},"excerpt":{"rendered":"","protected":false},"author":180310182,"featured_media":636653,"comment_status":"open","ping_status":"closed","sticky":false,"template":"","format":"standard","meta":{"inline_featured_image":false,"kia_subtitle":"","_mux_skip_reasons":[],"proofreadBy":0,"footnotes":""},"categories":[110,10],"tags":[856,5759],"sport":[],"saison":[],"class_list":["post-636639","post","type-post","status-publish","format-standard","has-post-thumbnail","hentry","category-actualite-nba","category-nba","tag-minnesota-timberwolves","tag-naz-reid"],"acf":[],"yoast_head":"<!-- This site is optimized with the Yoast SEO plugin v24.2 - https:\/\/yoast.com\/wordpress\/plugins\/seo\/ -->\n<title>Naz Reid veut rester &agrave; Minnesota - The Playoffs FR<\/title>\n<meta name=\"robots\" content=\"index, follow, max-snippet:-1, max-image-preview:large, max-video-preview:-1\" \/>\n<link rel=\"canonical\" href=\"https:\/\/theplayoffs.news\/fr\/actualite-nba\/naz-reid-veut-rester-a-minnesota\/\" \/>\n<meta property=\"og:locale\" content=\"fr_FR\" \/>\n<meta property=\"og:type\" content=\"article\" \/>\n<meta property=\"og:title\" content=\"Naz Reid veut rester &agrave; Minnesota - The Playoffs FR\" \/>\n<meta property=\"og:url\" content=\"https:\/\/theplayoffs.news\/fr\/actualite-nba\/naz-reid-veut-rester-a-minnesota\/\" \/>\n<meta property=\"og:site_name\" content=\"The Playoffs FR\" \/>\n<meta property=\"article:publisher\" content=\"https:\/\/www.facebook.com\/TheFreeAgentFR\/\" \/>\n<meta property=\"article:modified_time\" content=\"2023-06-16T11:22:18+02:00\" \/>\n<meta property=\"og:image\" content=\"https:\/\/theplayoffs.news\/fr\/wp-content\/uploads\/2023\/06\/Naz-Reid.jpg\" \/>\n\t<meta property=\"og:image:width\" content=\"1920\" \/>\n\t<meta property=\"og:image:height\" content=\"963\" \/>\n\t<meta property=\"og:image:type\" content=\"image\/jpeg\" \/>\n<meta name=\"author\" content=\"Enzo Brule\" \/>\n<meta name=\"twitter:card\" content=\"summary_large_image\" \/>\n<meta name=\"twitter:creator\" content=\"@TheFreeAgentFR\" \/>\n<meta name=\"twitter:site\" content=\"@TheFreeAgentFR\" \/>\n<meta name=\"twitter:label1\" content=\"\u00c9crit par\" \/>\n\t<meta name=\"twitter:data1\" content=\"Enzo Brule\" \/>\n\t<meta name=\"twitter:label2\" content=\"Dur\u00e9e de lecture estim\u00e9e\" \/>\n\t<meta name=\"twitter:data2\" content=\"3 minutes\" \/>\n<script type=\"application\/ld+json\" class=\"yoast-schema-graph\">{\"@context\":\"https:\/\/schema.org\",\"@graph\":[{\"@type\":\"WebPage\",\"@id\":\"https:\/\/theplayoffs.news\/fr\/actualite-nba\/naz-reid-veut-rester-a-minnesota\/\",\"url\":\"https:\/\/theplayoffs.news\/fr\/actualite-nba\/naz-reid-veut-rester-a-minnesota\/\",\"name\":\"Naz Reid veut rester \u00e0 Minnesota - The Playoffs FR\",\"isPartOf\":{\"@id\":\"https:\/\/theplayoffs.news\/fr\/#website\"},\"primaryImageOfPage\":{\"@id\":\"https:\/\/theplayoffs.news\/fr\/actualite-nba\/naz-reid-veut-rester-a-minnesota\/#primaryimage\"},\"image\":{\"@id\":\"https:\/\/theplayoffs.news\/fr\/actualite-nba\/naz-reid-veut-rester-a-minnesota\/#primaryimage\"},\"thumbnailUrl\":\"https:\/\/theplayoffs.news\/fr\/wp-content\/uploads\/2023\/06\/Naz-Reid.jpg\",\"datePublished\":\"2023-06-16T09:22:17+00:00\",\"dateModified\":\"2023-06-16T09:22:18+00:00\",\"author\":{\"@id\":\"https:\/\/theplayoffs.news\/fr\/#\/schema\/person\/4d1ed116f5f759b78f5f83e2dc3a71b2\"},\"breadcrumb\":{\"@id\":\"https:\/\/theplayoffs.news\/fr\/actualite-nba\/naz-reid-veut-rester-a-minnesota\/#breadcrumb\"},\"inLanguage\":\"fr-FR\",\"potentialAction\":[{\"@type\":\"ReadAction\",\"target\":[\"https:\/\/theplayoffs.news\/fr\/actualite-nba\/naz-reid-veut-rester-a-minnesota\/\"]}]},{\"@type\":\"ImageObject\",\"inLanguage\":\"fr-FR\",\"@id\":\"https:\/\/theplayoffs.news\/fr\/actualite-nba\/naz-reid-veut-rester-a-minnesota\/#primaryimage\",\"url\":\"https:\/\/theplayoffs.news\/fr\/wp-content\/uploads\/2023\/06\/Naz-Reid.jpg\",\"contentUrl\":\"https:\/\/theplayoffs.news\/fr\/wp-content\/uploads\/2023\/06\/Naz-Reid.jpg\",\"width\":1920,\"height\":963,\"caption\":\"Naz Reid\"},{\"@type\":\"BreadcrumbList\",\"@id\":\"https:\/\/theplayoffs.news\/fr\/actualite-nba\/naz-reid-veut-rester-a-minnesota\/#breadcrumb\",\"itemListElement\":[{\"@type\":\"ListItem\",\"position\":1,\"name\":\"Accueil\",\"item\":\"https:\/\/theplayoffs.news\/fr\/\"},{\"@type\":\"ListItem\",\"position\":2,\"name\":\"Naz Reid veut rester \u00e0 Minnesota\"}]},{\"@type\":\"WebSite\",\"@id\":\"https:\/\/theplayoffs.news\/fr\/#website\",\"url\":\"https:\/\/theplayoffs.news\/fr\/\",\"name\":\"The Playoffs FR\",\"description\":\"NBA-NFL-NHL-MLB\",\"potentialAction\":[{\"@type\":\"SearchAction\",\"target\":{\"@type\":\"EntryPoint\",\"urlTemplate\":\"https:\/\/theplayoffs.news\/fr\/?s={search_term_string}\"},\"query-input\":{\"@type\":\"PropertyValueSpecification\",\"valueRequired\":true,\"valueName\":\"search_term_string\"}}],\"inLanguage\":\"fr-FR\"},{\"@type\":\"Person\",\"@id\":\"https:\/\/theplayoffs.news\/fr\/#\/schema\/person\/4d1ed116f5f759b78f5f83e2dc3a71b2\",\"name\":\"Enzo Brule\",\"image\":{\"@type\":\"ImageObject\",\"inLanguage\":\"fr-FR\",\"@id\":\"https:\/\/theplayoffs.news\/fr\/#\/schema\/person\/image\/\",\"url\":\"https:\/\/secure.gravatar.com\/avatar\/80c21924e4d202bc7f0263091f76fe744a25fe3b7ba34db706abb65ea32dc7cd?s=96&d=mm&r=g\",\"contentUrl\":\"https:\/\/secure.gravatar.com\/avatar\/80c21924e4d202bc7f0263091f76fe744a25fe3b7ba34db706abb65ea32dc7cd?s=96&d=mm&r=g\",\"caption\":\"Enzo Brule\"},\"url\":\"https:\/\/theplayoffs.news\/fr\/author\/nzo-brulegmail-com\/\"}]}<\/script>\n<!-- \/ Yoast SEO plugin. -->","yoast_head_json":{"title":"Naz Reid veut rester &agrave; Minnesota - The Playoffs FR","robots":{"index":"index","follow":"follow","max-snippet":"max-snippet:-1","max-image-preview":"max-image-preview:large","max-video-preview":"max-video-preview:-1"},"canonical":"https:\/\/theplayoffs.news\/fr\/actualite-nba\/naz-reid-veut-rester-a-minnesota\/","og_locale":"fr_FR","og_type":"article","og_title":"Naz Reid veut rester &agrave; Minnesota - The Playoffs FR","og_url":"https:\/\/theplayoffs.news\/fr\/actualite-nba\/naz-reid-veut-rester-a-minnesota\/","og_site_name":"The Playoffs FR","article_publisher":"https:\/\/www.facebook.com\/TheFreeAgentFR\/","article_modified_time":"2023-06-16T09:22:18+00:00","og_image":[{"width":1920,"height":963,"url":"https:\/\/theplayoffs.news\/fr\/wp-content\/uploads\/2023\/06\/Naz-Reid.jpg","type":"image\/jpeg"}],"author":"Enzo Brule","twitter_card":"summary_large_image","twitter_creator":"@TheFreeAgentFR","twitter_site":"@TheFreeAgentFR","twitter_misc":{"\u00c9crit par":"Enzo Brule","Dur\u00e9e de lecture estim\u00e9e":"3 minutes"},"schema":{"@context":"https:\/\/schema.org","@graph":[{"@type":"WebPage","@id":"https:\/\/theplayoffs.news\/fr\/actualite-nba\/naz-reid-veut-rester-a-minnesota\/","url":"https:\/\/theplayoffs.news\/fr\/actualite-nba\/naz-reid-veut-rester-a-minnesota\/","name":"Naz Reid veut rester \u00e0 Minnesota - The Playoffs FR","isPartOf":{"@id":"https:\/\/theplayoffs.news\/fr\/#website"},"primaryImageOfPage":{"@id":"https:\/\/theplayoffs.news\/fr\/actualite-nba\/naz-reid-veut-rester-a-minnesota\/#primaryimage"},"image":{"@id":"https:\/\/theplayoffs.news\/fr\/actualite-nba\/naz-reid-veut-rester-a-minnesota\/#primaryimage"},"thumbnailUrl":"https:\/\/theplayoffs.news\/fr\/wp-content\/uploads\/2023\/06\/Naz-Reid.jpg","datePublished":"2023-06-16T09:22:17+00:00","dateModified":"2023-06-16T09:22:18+00:00","author":{"@id":"https:\/\/theplayoffs.news\/fr\/#\/schema\/person\/4d1ed116f5f759b78f5f83e2dc3a71b2"},"breadcrumb":{"@id":"https:\/\/theplayoffs.news\/fr\/actualite-nba\/naz-reid-veut-rester-a-minnesota\/#breadcrumb"},"inLanguage":"fr-FR","potentialAction":[{"@type":"ReadAction","target":["https:\/\/theplayoffs.news\/fr\/actualite-nba\/naz-reid-veut-rester-a-minnesota\/"]}]},{"@type":"ImageObject","inLanguage":"fr-FR","@id":"https:\/\/theplayoffs.news\/fr\/actualite-nba\/naz-reid-veut-rester-a-minnesota\/#primaryimage","url":"https:\/\/theplayoffs.news\/fr\/wp-content\/uploads\/2023\/06\/Naz-Reid.jpg","contentUrl":"https:\/\/theplayoffs.news\/fr\/wp-content\/uploads\/2023\/06\/Naz-Reid.jpg","width":1920,"height":963,"caption":"Naz Reid"},{"@type":"BreadcrumbList","@id":"https:\/\/theplayoffs.news\/fr\/actualite-nba\/naz-reid-veut-rester-a-minnesota\/#breadcrumb","itemListElement":[{"@type":"ListItem","position":1,"name":"Accueil","item":"https:\/\/theplayoffs.news\/fr\/"},{"@type":"ListItem","position":2,"name":"Naz Reid veut rester \u00e0 Minnesota"}]},{"@type":"WebSite","@id":"https:\/\/theplayoffs.news\/fr\/#website","url":"https:\/\/theplayoffs.news\/fr\/","name":"The Playoffs FR","description":"NBA-NFL-NHL-MLB","potentialAction":[{"@type":"SearchAction","target":{"@type":"EntryPoint","urlTemplate":"https:\/\/theplayoffs.news\/fr\/?s={search_term_string}"},"query-input":{"@type":"PropertyValueSpecification","valueRequired":true,"valueName":"search_term_string"}}],"inLanguage":"fr-FR"},{"@type":"Person","@id":"https:\/\/theplayoffs.news\/fr\/#\/schema\/person\/4d1ed116f5f759b78f5f83e2dc3a71b2","name":"Enzo Brule","image":{"@type":"ImageObject","inLanguage":"fr-FR","@id":"https:\/\/theplayoffs.news\/fr\/#\/schema\/person\/image\/","url":"https:\/\/secure.gravatar.com\/avatar\/80c21924e4d202bc7f0263091f76fe744a25fe3b7ba34db706abb65ea32dc7cd?s=96&d=mm&r=g","contentUrl":"https:\/\/secure.gravatar.com\/avatar\/80c21924e4d202bc7f0263091f76fe744a25fe3b7ba34db706abb65ea32dc7cd?s=96&d=mm&r=g","caption":"Enzo Brule"},"url":"https:\/\/theplayoffs.news\/fr\/author\/nzo-brulegmail-com\/"}]}},"_links":{"self":[{"href":"https:\/\/theplayoffs.news\/fr\/wp-json\/wp\/v2\/posts\/636639","targetHints":{"allow":["GET"]}}],"collection":[{"href":"https:\/\/theplayoffs.news\/fr\/wp-json\/wp\/v2\/posts"}],"about":[{"href":"https:\/\/theplayoffs.news\/fr\/wp-json\/wp\/v2\/types\/post"}],"author":[{"embeddable":true,"href":"https:\/\/theplayoffs.news\/fr\/wp-json\/wp\/v2\/users\/180310182"}],"replies":[{"embeddable":true,"href":"https:\/\/theplayoffs.news\/fr\/wp-json\/wp\/v2\/comments?post=636639"}],"version-history":[{"count":2,"href":"https:\/\/theplayoffs.news\/fr\/wp-json\/wp\/v2\/posts\/636639\/revisions"}],"predecessor-version":[{"id":636682,"href":"https:\/\/theplayoffs.news\/fr\/wp-json\/wp\/v2\/posts\/636639\/revisions\/636682"}],"wp:featuredmedia":[{"embeddable":true,"href":"https:\/\/theplayoffs.news\/fr\/wp-json\/wp\/v2\/media\/636653"}],"wp:attachment":[{"href":"https:\/\/theplayoffs.news\/fr\/wp-json\/wp\/v2\/media?parent=636639"}],"wp:term":[{"taxonomy":"category","embeddable":true,"href":"https:\/\/theplayoffs.news\/fr\/wp-json\/wp\/v2\/categories?post=636639"},{"taxonomy":"post_tag","embeddable":true,"href":"https:\/\/theplayoffs.news\/fr\/wp-json\/wp\/v2\/tags?post=636639"},{"taxonomy":"sport","embeddable":true,"href":"https:\/\/theplayoffs.news\/fr\/wp-json\/wp\/v2\/sport?post=636639"},{"taxonomy":"saison","embeddable":true,"href":"https:\/\/theplayoffs.news\/fr\/wp-json\/wp\/v2\/saison?post=636639"}],"curies":[{"name":"wp","href":"https:\/\/api.w.org\/{rel}","templated":true}]}}