{"id":635029,"date":"2023-06-15T14:10:14","date_gmt":"2023-06-15T12:10:14","guid":{"rendered":"https:\/\/theplayoffs.news\/fr\/?p=635029"},"modified":"2023-06-15T14:10:14","modified_gmt":"2023-06-15T12:10:14","slug":"les-brooklyn-nets-monter-draft","status":"publish","type":"post","link":"https:\/\/theplayoffs.news\/fr\/actualite-nba\/les-brooklyn-nets-monter-draft\/","title":{"rendered":"Les Brooklyn Nets souhaiteraient monter \u00e0 la Draft"},"content":{"rendered":"<h2><b>Les Brooklyn Nets, d&eacute;tenteurs des choix 21 et 22, souhaiteraient monter &agrave; la Draft. En se rapprochant du top 15, ils viseraient Bilal Coulibaly.<\/b><\/h2><p>&nbsp;<\/p><p><span style=\"font-weight: 400;\">Sean Marks serait encore actif &agrave; la Draft cette ann&eacute;e. Poss&eacute;dant 3 choix dont deux au premier tour, Brooklyn veut aller plus haut.<\/span><\/p><p>&nbsp;<\/p><p><span style=\"font-weight: 400;\">D&rsquo;apr&egrave;s <\/span><a href=\"https:\/\/www.espn.com\/nba\/insider\/story\/_\/id\/37838983\/2023-nba-mock-draft-why-scoot-henderson-play-no-2\" class=\"trk-cta-link\" data-cta-trk='{\"ctaType\":\"Link\",\"ctaSubType\":\"main\"}'><span style=\"font-weight: 400;\">ESPN <\/span><\/a><span style=\"font-weight: 400;\">et le <\/span><a href=\"https:\/\/nypost.com\/2023\/06\/14\/nets-could-package-picks-to-move-up-in-2023-nba-draft\/\" class=\"trk-cta-link\" data-cta-trk='{\"ctaType\":\"Link\",\"ctaSubType\":\"main\"}'><span style=\"font-weight: 400;\">New York Post<\/span><\/a><span style=\"font-weight: 400;\">, les Nets visent un choix autour de la 15e place, en &eacute;change de leurs deux choix et de l&rsquo;argent si besoin. Les Brooklyn Nets chercheraient &agrave; avoir un profil de combo-guard dans leurs rangs, et la Draft 2023 en dispose de plusieurs.<\/span><\/p><p>&nbsp;<\/p><p><span style=\"font-weight: 400;\">Brooklyn a &eacute;tabli une liste de joueurs qu&rsquo;ils viseraient. Parmi eux, Kobe Bufkin (Michigan), Nick Smith Jr.(Arkansas), Keyonte George (Baylor) ou encore Jordan Hawkins (Connecticut). Une liste compos&eacute;e d&rsquo;une majorit&eacute; de joueurs attendus dans le top 20 de la Draft 2023.<\/span><\/p><p>&nbsp;<\/p><p><span style=\"font-weight: 400;\">Un joueur est suivi plus que les autres sur cette liste : <a href=\"https:\/\/theplayoffs.news\/fr\/nba-basketball\/bilal-coulibaly-draft-nba-2023\/\" class=\"trk-cta-link\" data-cta-trk='{\"ctaType\":\"Link\",\"ctaSubType\":\"main\"}'>Bilal Coulibaly<\/a>. La c&ocirc;te du meneur grimpe en fl&egrave;che ces derni&egrave;res semaines et l&rsquo;invitation de la NBA dans la Green Room laisse &agrave; penser que le joueur des Mets de Levallois devrait partir t&ocirc;t dans la Draft.<\/span><\/p><p>&nbsp;<\/p><p><span style=\"font-weight: 400;\">En cas de transfert, les Brooklyn Nets se retrouveraient dans une meilleure position pour accueillir Coulibaly. Cependant, il faut toujours trouver une franchise qui souhaite reculer &agrave; la Draft et qui acceptera l&rsquo;offre.<\/span><\/p>\n","protected":false},"excerpt":{"rendered":"","protected":false},"author":180310182,"featured_media":635039,"comment_status":"open","ping_status":"closed","sticky":false,"template":"","format":"standard","meta":{"inline_featured_image":false,"kia_subtitle":"","_mux_skip_reasons":[],"proofreadBy":0,"footnotes":""},"categories":[110,10],"tags":[6021,499,4933],"sport":[],"saison":[],"class_list":["post-635029","post","type-post","status-publish","format-standard","has-post-thumbnail","hentry","category-actualite-nba","category-nba","tag-bilal-coulibaly","tag-brooklyn-nets","tag-draft-2023"],"acf":[],"yoast_head":"<!-- This site is optimized with the Yoast SEO plugin v24.2 - https:\/\/yoast.com\/wordpress\/plugins\/seo\/ -->\n<title>Les Brooklyn Nets souhaiteraient monter &agrave; la Draft - The Playoffs FR<\/title>\n<meta name=\"robots\" content=\"index, follow, max-snippet:-1, max-image-preview:large, max-video-preview:-1\" \/>\n<link rel=\"canonical\" href=\"https:\/\/theplayoffs.news\/fr\/actualite-nba\/les-brooklyn-nets-monter-draft\/\" \/>\n<meta property=\"og:locale\" content=\"fr_FR\" \/>\n<meta property=\"og:type\" content=\"article\" \/>\n<meta property=\"og:title\" content=\"Les Brooklyn Nets souhaiteraient monter &agrave; la Draft - The Playoffs FR\" \/>\n<meta property=\"og:url\" content=\"https:\/\/theplayoffs.news\/fr\/actualite-nba\/les-brooklyn-nets-monter-draft\/\" \/>\n<meta property=\"og:site_name\" content=\"The Playoffs FR\" \/>\n<meta property=\"article:publisher\" content=\"https:\/\/www.facebook.com\/TheFreeAgentFR\/\" \/>\n<meta property=\"article:modified_time\" content=\"2023-06-15T14:10:14+02:00\" \/>\n<meta property=\"og:image\" content=\"https:\/\/theplayoffs.news\/fr\/wp-content\/uploads\/2023\/06\/Sean-Marks.jpg\" \/>\n\t<meta property=\"og:image:width\" content=\"1855\" \/>\n\t<meta property=\"og:image:height\" content=\"956\" \/>\n\t<meta property=\"og:image:type\" content=\"image\/jpeg\" \/>\n<meta name=\"author\" content=\"Enzo Brule\" \/>\n<meta name=\"twitter:card\" content=\"summary_large_image\" \/>\n<meta name=\"twitter:creator\" content=\"@TheFreeAgentFR\" \/>\n<meta name=\"twitter:site\" content=\"@TheFreeAgentFR\" \/>\n<meta name=\"twitter:label1\" content=\"\u00c9crit par\" \/>\n\t<meta name=\"twitter:data1\" content=\"Enzo Brule\" \/>\n\t<meta name=\"twitter:label2\" content=\"Dur\u00e9e de lecture estim\u00e9e\" \/>\n\t<meta name=\"twitter:data2\" content=\"1 minute\" \/>\n<script type=\"application\/ld+json\" class=\"yoast-schema-graph\">{\"@context\":\"https:\/\/schema.org\",\"@graph\":[{\"@type\":\"WebPage\",\"@id\":\"https:\/\/theplayoffs.news\/fr\/actualite-nba\/les-brooklyn-nets-monter-draft\/\",\"url\":\"https:\/\/theplayoffs.news\/fr\/actualite-nba\/les-brooklyn-nets-monter-draft\/\",\"name\":\"Les Brooklyn Nets souhaiteraient monter \u00e0 la Draft - The Playoffs FR\",\"isPartOf\":{\"@id\":\"https:\/\/theplayoffs.news\/fr\/#website\"},\"primaryImageOfPage\":{\"@id\":\"https:\/\/theplayoffs.news\/fr\/actualite-nba\/les-brooklyn-nets-monter-draft\/#primaryimage\"},\"image\":{\"@id\":\"https:\/\/theplayoffs.news\/fr\/actualite-nba\/les-brooklyn-nets-monter-draft\/#primaryimage\"},\"thumbnailUrl\":\"https:\/\/theplayoffs.news\/fr\/wp-content\/uploads\/2023\/06\/Sean-Marks.jpg\",\"datePublished\":\"2023-06-15T12:10:14+00:00\",\"dateModified\":\"2023-06-15T12:10:14+00:00\",\"author\":{\"@id\":\"https:\/\/theplayoffs.news\/fr\/#\/schema\/person\/4d1ed116f5f759b78f5f83e2dc3a71b2\"},\"breadcrumb\":{\"@id\":\"https:\/\/theplayoffs.news\/fr\/actualite-nba\/les-brooklyn-nets-monter-draft\/#breadcrumb\"},\"inLanguage\":\"fr-FR\",\"potentialAction\":[{\"@type\":\"ReadAction\",\"target\":[\"https:\/\/theplayoffs.news\/fr\/actualite-nba\/les-brooklyn-nets-monter-draft\/\"]}]},{\"@type\":\"ImageObject\",\"inLanguage\":\"fr-FR\",\"@id\":\"https:\/\/theplayoffs.news\/fr\/actualite-nba\/les-brooklyn-nets-monter-draft\/#primaryimage\",\"url\":\"https:\/\/theplayoffs.news\/fr\/wp-content\/uploads\/2023\/06\/Sean-Marks.jpg\",\"contentUrl\":\"https:\/\/theplayoffs.news\/fr\/wp-content\/uploads\/2023\/06\/Sean-Marks.jpg\",\"width\":1855,\"height\":956,\"caption\":\"Sean Marks Brooklyn Nets\"},{\"@type\":\"BreadcrumbList\",\"@id\":\"https:\/\/theplayoffs.news\/fr\/actualite-nba\/les-brooklyn-nets-monter-draft\/#breadcrumb\",\"itemListElement\":[{\"@type\":\"ListItem\",\"position\":1,\"name\":\"Accueil\",\"item\":\"https:\/\/theplayoffs.news\/fr\/\"},{\"@type\":\"ListItem\",\"position\":2,\"name\":\"Les Brooklyn Nets souhaiteraient monter \u00e0 la Draft\"}]},{\"@type\":\"WebSite\",\"@id\":\"https:\/\/theplayoffs.news\/fr\/#website\",\"url\":\"https:\/\/theplayoffs.news\/fr\/\",\"name\":\"The Playoffs FR\",\"description\":\"NBA-NFL-NHL-MLB\",\"potentialAction\":[{\"@type\":\"SearchAction\",\"target\":{\"@type\":\"EntryPoint\",\"urlTemplate\":\"https:\/\/theplayoffs.news\/fr\/?s={search_term_string}\"},\"query-input\":{\"@type\":\"PropertyValueSpecification\",\"valueRequired\":true,\"valueName\":\"search_term_string\"}}],\"inLanguage\":\"fr-FR\"},{\"@type\":\"Person\",\"@id\":\"https:\/\/theplayoffs.news\/fr\/#\/schema\/person\/4d1ed116f5f759b78f5f83e2dc3a71b2\",\"name\":\"Enzo Brule\",\"image\":{\"@type\":\"ImageObject\",\"inLanguage\":\"fr-FR\",\"@id\":\"https:\/\/theplayoffs.news\/fr\/#\/schema\/person\/image\/\",\"url\":\"https:\/\/secure.gravatar.com\/avatar\/80c21924e4d202bc7f0263091f76fe744a25fe3b7ba34db706abb65ea32dc7cd?s=96&d=mm&r=g\",\"contentUrl\":\"https:\/\/secure.gravatar.com\/avatar\/80c21924e4d202bc7f0263091f76fe744a25fe3b7ba34db706abb65ea32dc7cd?s=96&d=mm&r=g\",\"caption\":\"Enzo Brule\"},\"url\":\"https:\/\/theplayoffs.news\/fr\/author\/nzo-brulegmail-com\/\"}]}<\/script>\n<!-- \/ Yoast SEO plugin. -->","yoast_head_json":{"title":"Les Brooklyn Nets souhaiteraient monter &agrave; la Draft - The Playoffs FR","robots":{"index":"index","follow":"follow","max-snippet":"max-snippet:-1","max-image-preview":"max-image-preview:large","max-video-preview":"max-video-preview:-1"},"canonical":"https:\/\/theplayoffs.news\/fr\/actualite-nba\/les-brooklyn-nets-monter-draft\/","og_locale":"fr_FR","og_type":"article","og_title":"Les Brooklyn Nets souhaiteraient monter &agrave; la Draft - The Playoffs FR","og_url":"https:\/\/theplayoffs.news\/fr\/actualite-nba\/les-brooklyn-nets-monter-draft\/","og_site_name":"The Playoffs FR","article_publisher":"https:\/\/www.facebook.com\/TheFreeAgentFR\/","og_image":[{"width":1855,"height":956,"url":"https:\/\/theplayoffs.news\/fr\/wp-content\/uploads\/2023\/06\/Sean-Marks.jpg","type":"image\/jpeg"}],"author":"Enzo Brule","twitter_card":"summary_large_image","twitter_creator":"@TheFreeAgentFR","twitter_site":"@TheFreeAgentFR","twitter_misc":{"\u00c9crit par":"Enzo Brule","Dur\u00e9e de lecture estim\u00e9e":"1 minute"},"schema":{"@context":"https:\/\/schema.org","@graph":[{"@type":"WebPage","@id":"https:\/\/theplayoffs.news\/fr\/actualite-nba\/les-brooklyn-nets-monter-draft\/","url":"https:\/\/theplayoffs.news\/fr\/actualite-nba\/les-brooklyn-nets-monter-draft\/","name":"Les Brooklyn Nets souhaiteraient monter \u00e0 la Draft - The Playoffs FR","isPartOf":{"@id":"https:\/\/theplayoffs.news\/fr\/#website"},"primaryImageOfPage":{"@id":"https:\/\/theplayoffs.news\/fr\/actualite-nba\/les-brooklyn-nets-monter-draft\/#primaryimage"},"image":{"@id":"https:\/\/theplayoffs.news\/fr\/actualite-nba\/les-brooklyn-nets-monter-draft\/#primaryimage"},"thumbnailUrl":"https:\/\/theplayoffs.news\/fr\/wp-content\/uploads\/2023\/06\/Sean-Marks.jpg","datePublished":"2023-06-15T12:10:14+00:00","dateModified":"2023-06-15T12:10:14+00:00","author":{"@id":"https:\/\/theplayoffs.news\/fr\/#\/schema\/person\/4d1ed116f5f759b78f5f83e2dc3a71b2"},"breadcrumb":{"@id":"https:\/\/theplayoffs.news\/fr\/actualite-nba\/les-brooklyn-nets-monter-draft\/#breadcrumb"},"inLanguage":"fr-FR","potentialAction":[{"@type":"ReadAction","target":["https:\/\/theplayoffs.news\/fr\/actualite-nba\/les-brooklyn-nets-monter-draft\/"]}]},{"@type":"ImageObject","inLanguage":"fr-FR","@id":"https:\/\/theplayoffs.news\/fr\/actualite-nba\/les-brooklyn-nets-monter-draft\/#primaryimage","url":"https:\/\/theplayoffs.news\/fr\/wp-content\/uploads\/2023\/06\/Sean-Marks.jpg","contentUrl":"https:\/\/theplayoffs.news\/fr\/wp-content\/uploads\/2023\/06\/Sean-Marks.jpg","width":1855,"height":956,"caption":"Sean Marks Brooklyn Nets"},{"@type":"BreadcrumbList","@id":"https:\/\/theplayoffs.news\/fr\/actualite-nba\/les-brooklyn-nets-monter-draft\/#breadcrumb","itemListElement":[{"@type":"ListItem","position":1,"name":"Accueil","item":"https:\/\/theplayoffs.news\/fr\/"},{"@type":"ListItem","position":2,"name":"Les Brooklyn Nets souhaiteraient monter \u00e0 la Draft"}]},{"@type":"WebSite","@id":"https:\/\/theplayoffs.news\/fr\/#website","url":"https:\/\/theplayoffs.news\/fr\/","name":"The Playoffs FR","description":"NBA-NFL-NHL-MLB","potentialAction":[{"@type":"SearchAction","target":{"@type":"EntryPoint","urlTemplate":"https:\/\/theplayoffs.news\/fr\/?s={search_term_string}"},"query-input":{"@type":"PropertyValueSpecification","valueRequired":true,"valueName":"search_term_string"}}],"inLanguage":"fr-FR"},{"@type":"Person","@id":"https:\/\/theplayoffs.news\/fr\/#\/schema\/person\/4d1ed116f5f759b78f5f83e2dc3a71b2","name":"Enzo Brule","image":{"@type":"ImageObject","inLanguage":"fr-FR","@id":"https:\/\/theplayoffs.news\/fr\/#\/schema\/person\/image\/","url":"https:\/\/secure.gravatar.com\/avatar\/80c21924e4d202bc7f0263091f76fe744a25fe3b7ba34db706abb65ea32dc7cd?s=96&d=mm&r=g","contentUrl":"https:\/\/secure.gravatar.com\/avatar\/80c21924e4d202bc7f0263091f76fe744a25fe3b7ba34db706abb65ea32dc7cd?s=96&d=mm&r=g","caption":"Enzo Brule"},"url":"https:\/\/theplayoffs.news\/fr\/author\/nzo-brulegmail-com\/"}]}},"_links":{"self":[{"href":"https:\/\/theplayoffs.news\/fr\/wp-json\/wp\/v2\/posts\/635029","targetHints":{"allow":["GET"]}}],"collection":[{"href":"https:\/\/theplayoffs.news\/fr\/wp-json\/wp\/v2\/posts"}],"about":[{"href":"https:\/\/theplayoffs.news\/fr\/wp-json\/wp\/v2\/types\/post"}],"author":[{"embeddable":true,"href":"https:\/\/theplayoffs.news\/fr\/wp-json\/wp\/v2\/users\/180310182"}],"replies":[{"embeddable":true,"href":"https:\/\/theplayoffs.news\/fr\/wp-json\/wp\/v2\/comments?post=635029"}],"version-history":[{"count":3,"href":"https:\/\/theplayoffs.news\/fr\/wp-json\/wp\/v2\/posts\/635029\/revisions"}],"predecessor-version":[{"id":635062,"href":"https:\/\/theplayoffs.news\/fr\/wp-json\/wp\/v2\/posts\/635029\/revisions\/635062"}],"wp:featuredmedia":[{"embeddable":true,"href":"https:\/\/theplayoffs.news\/fr\/wp-json\/wp\/v2\/media\/635039"}],"wp:attachment":[{"href":"https:\/\/theplayoffs.news\/fr\/wp-json\/wp\/v2\/media?parent=635029"}],"wp:term":[{"taxonomy":"category","embeddable":true,"href":"https:\/\/theplayoffs.news\/fr\/wp-json\/wp\/v2\/categories?post=635029"},{"taxonomy":"post_tag","embeddable":true,"href":"https:\/\/theplayoffs.news\/fr\/wp-json\/wp\/v2\/tags?post=635029"},{"taxonomy":"sport","embeddable":true,"href":"https:\/\/theplayoffs.news\/fr\/wp-json\/wp\/v2\/sport?post=635029"},{"taxonomy":"saison","embeddable":true,"href":"https:\/\/theplayoffs.news\/fr\/wp-json\/wp\/v2\/saison?post=635029"}],"curies":[{"name":"wp","href":"https:\/\/api.w.org\/{rel}","templated":true}]}}