{"id":632827,"date":"2023-06-14T19:17:56","date_gmt":"2023-06-14T17:17:56","guid":{"rendered":"https:\/\/theplayoffs.news\/fr\/?p=632827"},"modified":"2023-06-14T19:17:57","modified_gmt":"2023-06-14T17:17:57","slug":"drew-brees-a-paris-pour-le-flag-football","status":"publish","type":"post","link":"https:\/\/theplayoffs.news\/fr\/actualite-nfl\/drew-brees-a-paris-pour-le-flag-football\/","title":{"rendered":"Drew Brees \u00e0 Paris pour le Flag Football"},"content":{"rendered":"<h2>Une conf&eacute;rence &agrave; venir de l&rsquo;IFAF &agrave; Paris a marqu&eacute; un nouveau chapitre dans l&rsquo;&eacute;volution du flag football avec la l&eacute;gende de la NFL Drew Brees sur le devant de la sc&egrave;ne.<\/h2><p>La F&eacute;d&eacute;ration internationale de football am&eacute;ricain (IFAF) et la NFL ont annonc&eacute; Brees en tant qu&rsquo;ambassadeur mondial du flag football, renfor&ccedil;ant ainsi son engagement envers le sport au-del&agrave; de sa carri&egrave;re professionnelle.<\/p><p>Drew Brees est rejoint par une gamme de personnalit&eacute;s tout aussi impressionnantes dans le monde du football. La liste comprend LeCharles Bentley, Tony Richardson, Bobby Taylor et Elisa De Santis, parmi d&rsquo;autres personnalit&eacute;s notables qui partagent un objectif commun : rehausser le profil et promouvoir les valeurs uniques du flag football, l&rsquo;un des sports &agrave; la croissance la plus rapide au monde.<\/p><p>Initi&eacute;e avant le coup d&rsquo;envoi de la NFL en 2022, l&rsquo;&eacute;quipe Flag Football Ambassadors soutient les efforts mondiaux combin&eacute;s de la NFL et de l&rsquo;IFAF. L&rsquo;objectif principal de l&rsquo;initiative est d&rsquo;accro&icirc;tre la sensibilisation, l&rsquo;int&eacute;r&ecirc;t et la participation au flag football &agrave; l&rsquo;&eacute;chelle internationale, acc&eacute;l&eacute;rant ainsi la croissance et le d&eacute;veloppement de ce sport.<\/p><p>Drew Brees, r&eacute;put&eacute; pour son mandat avec les Saints de la Nouvelle-Orl&eacute;ans et actuellement au deuxi&egrave;me rang des listes de carri&egrave;re de tous les temps de la NFL pour les verges par la passe et les passes de touch&eacute;, a longtemps &eacute;t&eacute; un symbole de d&eacute;vouement, de pers&eacute;v&eacute;rance et d&rsquo;excellence dans le sport. Sa d&eacute;cision de devenir le champion du flag-football t&eacute;moigne de l&rsquo;attrait croissant du jeu.<\/p><p>Le flag-football est jou&eacute; par des individus de tous les sexes dans plus de 100 pays. Alors que le sport a fait ses d&eacute;buts aux Jeux mondiaux de Birmingham, en Alabama, l&rsquo;ann&eacute;e derni&egrave;re, l&rsquo;anticipation que l&rsquo;IFAF lance le plus grand cycle de comp&eacute;tition internationale de flag d&rsquo;&eacute;lite en 2023 est palpable.<\/p><p>La nouvelle &eacute;quipe Ambassador incarne la nature mondiale du sport. Elisa De Santis, par exemple, joue au flag-football pour l&rsquo;&eacute;quipe de France depuis l&rsquo;&acirc;ge de 15 ans. L&rsquo;&eacute;quipe comprend &eacute;galement des athl&egrave;tes internationaux comme Osi Umenyiora, le premier joueur d&rsquo;origine britannique &agrave; remporter un Super Bowl, et <a href=\"https:\/\/theplayoffs.news\/fr\/joueur\/amon-ra-st-brown-nfl-8748604\/\" class=\"trk-cta-link\" data-cta-trk='{\"ctaType\":\"Link\",\"ctaSubType\":\"main\"}'><strong>Amon-Ra St. Brown<\/strong><\/a>, un receveur national allemand et Detroit Lions.<\/p><p>La transformation du Pro Bowl en Pro Bowl Games, qui doit avoir lieu &agrave; Las Vegas en 2023, d&eacute;montre une fois de plus l&rsquo;engagement de la NFL &agrave; int&eacute;grer le flag football dans les &eacute;v&eacute;nements sportifs grand public. Ce changement comprend la pr&eacute;sentation du flag football lors de la soir&eacute;e d&rsquo;ouverture de Play Football et des championnats NFL FLAG, mettant en lumi&egrave;re les meilleures &eacute;quipes de drapeaux de jeunes du monde entier.<\/p><p>Lors de l&rsquo;annonce de son poste d&rsquo;ambassadeur, Brees a exprim&eacute; son enthousiasme &agrave; l&rsquo;id&eacute;e d&rsquo;aider la NFL &agrave; d&eacute;velopper le flag football dans le monde entier. Il a soulign&eacute; l&rsquo;engagement du sport envers la s&eacute;curit&eacute;, le travail acharn&eacute;, le caract&egrave;re et l&rsquo;esprit sportif, des valeurs qui, selon lui, peuvent fa&ccedil;onner les jeunes athl&egrave;tes pour la vie.<\/p>\n","protected":false},"excerpt":{"rendered":"","protected":false},"author":13,"featured_media":632830,"comment_status":"open","ping_status":"closed","sticky":false,"template":"","format":"standard","meta":{"inline_featured_image":false,"kia_subtitle":"","_mux_skip_reasons":[],"proofreadBy":0,"footnotes":""},"categories":[118,40],"tags":[204,4533,3127],"sport":[],"saison":[],"class_list":["post-632827","post","type-post","status-publish","format-standard","has-post-thumbnail","hentry","category-actualite-nfl","category-nfl","tag-drew-brees","tag-flag-football","tag-ifaf"],"acf":[],"yoast_head":"<!-- This site is optimized with the Yoast SEO plugin v24.2 - https:\/\/yoast.com\/wordpress\/plugins\/seo\/ -->\n<title>Drew Brees &agrave; Paris pour le Flag Football - The Playoffs FR<\/title>\n<meta name=\"robots\" content=\"index, follow, max-snippet:-1, max-image-preview:large, max-video-preview:-1\" \/>\n<link rel=\"canonical\" href=\"https:\/\/theplayoffs.news\/fr\/actualite-nfl\/drew-brees-a-paris-pour-le-flag-football\/\" \/>\n<meta property=\"og:locale\" content=\"fr_FR\" \/>\n<meta property=\"og:type\" content=\"article\" \/>\n<meta property=\"og:title\" content=\"Drew Brees &agrave; Paris pour le Flag Football - The Playoffs FR\" \/>\n<meta property=\"og:url\" content=\"https:\/\/theplayoffs.news\/fr\/actualite-nfl\/drew-brees-a-paris-pour-le-flag-football\/\" \/>\n<meta property=\"og:site_name\" content=\"The Playoffs FR\" \/>\n<meta property=\"article:publisher\" content=\"https:\/\/www.facebook.com\/TheFreeAgentFR\/\" \/>\n<meta property=\"article:modified_time\" content=\"2023-06-14T19:17:57+02:00\" \/>\n<meta property=\"og:image\" content=\"https:\/\/theplayoffs.news\/fr\/wp-content\/uploads\/2023\/06\/Fx4zfLhakAABGzr.jpeg\" \/>\n\t<meta property=\"og:image:width\" content=\"638\" \/>\n\t<meta property=\"og:image:height\" content=\"510\" \/>\n\t<meta property=\"og:image:type\" content=\"image\/jpeg\" \/>\n<meta name=\"author\" content=\"Charles Taudin\" \/>\n<meta name=\"twitter:card\" content=\"summary_large_image\" \/>\n<meta name=\"twitter:creator\" content=\"@TheFreeAgentFR\" \/>\n<meta name=\"twitter:site\" content=\"@TheFreeAgentFR\" \/>\n<meta name=\"twitter:label1\" content=\"\u00c9crit par\" \/>\n\t<meta name=\"twitter:data1\" content=\"Charles Taudin\" \/>\n\t<meta name=\"twitter:label2\" content=\"Dur\u00e9e de lecture estim\u00e9e\" \/>\n\t<meta name=\"twitter:data2\" content=\"3 minutes\" \/>\n<script type=\"application\/ld+json\" class=\"yoast-schema-graph\">{\"@context\":\"https:\/\/schema.org\",\"@graph\":[{\"@type\":\"WebPage\",\"@id\":\"https:\/\/theplayoffs.news\/fr\/actualite-nfl\/drew-brees-a-paris-pour-le-flag-football\/\",\"url\":\"https:\/\/theplayoffs.news\/fr\/actualite-nfl\/drew-brees-a-paris-pour-le-flag-football\/\",\"name\":\"Drew Brees \u00e0 Paris pour le Flag Football - The Playoffs FR\",\"isPartOf\":{\"@id\":\"https:\/\/theplayoffs.news\/fr\/#website\"},\"primaryImageOfPage\":{\"@id\":\"https:\/\/theplayoffs.news\/fr\/actualite-nfl\/drew-brees-a-paris-pour-le-flag-football\/#primaryimage\"},\"image\":{\"@id\":\"https:\/\/theplayoffs.news\/fr\/actualite-nfl\/drew-brees-a-paris-pour-le-flag-football\/#primaryimage\"},\"thumbnailUrl\":\"https:\/\/theplayoffs.news\/fr\/wp-content\/uploads\/2023\/06\/Fx4zfLhakAABGzr.jpeg\",\"datePublished\":\"2023-06-14T17:17:56+00:00\",\"dateModified\":\"2023-06-14T17:17:57+00:00\",\"author\":{\"@id\":\"https:\/\/theplayoffs.news\/fr\/#\/schema\/person\/eee5b69ad5d3c51cabe881c839dbe133\"},\"breadcrumb\":{\"@id\":\"https:\/\/theplayoffs.news\/fr\/actualite-nfl\/drew-brees-a-paris-pour-le-flag-football\/#breadcrumb\"},\"inLanguage\":\"fr-FR\",\"potentialAction\":[{\"@type\":\"ReadAction\",\"target\":[\"https:\/\/theplayoffs.news\/fr\/actualite-nfl\/drew-brees-a-paris-pour-le-flag-football\/\"]}]},{\"@type\":\"ImageObject\",\"inLanguage\":\"fr-FR\",\"@id\":\"https:\/\/theplayoffs.news\/fr\/actualite-nfl\/drew-brees-a-paris-pour-le-flag-football\/#primaryimage\",\"url\":\"https:\/\/theplayoffs.news\/fr\/wp-content\/uploads\/2023\/06\/Fx4zfLhakAABGzr.jpeg\",\"contentUrl\":\"https:\/\/theplayoffs.news\/fr\/wp-content\/uploads\/2023\/06\/Fx4zfLhakAABGzr.jpeg\",\"width\":638,\"height\":510,\"caption\":\"Drew brees\"},{\"@type\":\"BreadcrumbList\",\"@id\":\"https:\/\/theplayoffs.news\/fr\/actualite-nfl\/drew-brees-a-paris-pour-le-flag-football\/#breadcrumb\",\"itemListElement\":[{\"@type\":\"ListItem\",\"position\":1,\"name\":\"Accueil\",\"item\":\"https:\/\/theplayoffs.news\/fr\/\"},{\"@type\":\"ListItem\",\"position\":2,\"name\":\"Drew Brees \u00e0 Paris pour le Flag Football\"}]},{\"@type\":\"WebSite\",\"@id\":\"https:\/\/theplayoffs.news\/fr\/#website\",\"url\":\"https:\/\/theplayoffs.news\/fr\/\",\"name\":\"The Playoffs FR\",\"description\":\"NBA-NFL-NHL-MLB\",\"potentialAction\":[{\"@type\":\"SearchAction\",\"target\":{\"@type\":\"EntryPoint\",\"urlTemplate\":\"https:\/\/theplayoffs.news\/fr\/?s={search_term_string}\"},\"query-input\":{\"@type\":\"PropertyValueSpecification\",\"valueRequired\":true,\"valueName\":\"search_term_string\"}}],\"inLanguage\":\"fr-FR\"},{\"@type\":\"Person\",\"@id\":\"https:\/\/theplayoffs.news\/fr\/#\/schema\/person\/eee5b69ad5d3c51cabe881c839dbe133\",\"name\":\"Charles Taudin\",\"image\":{\"@type\":\"ImageObject\",\"inLanguage\":\"fr-FR\",\"@id\":\"https:\/\/theplayoffs.news\/fr\/#\/schema\/person\/image\/\",\"url\":\"https:\/\/secure.gravatar.com\/avatar\/59a1e772205ce9fd255edfcafc93013736822e20261f294c5753b20c41ede9f2?s=96&d=mm&r=g\",\"contentUrl\":\"https:\/\/secure.gravatar.com\/avatar\/59a1e772205ce9fd255edfcafc93013736822e20261f294c5753b20c41ede9f2?s=96&d=mm&r=g\",\"caption\":\"Charles Taudin\"},\"description\":\"R\u00e9dacteur en chef global de The Playoffs, j\u2019ai cr\u00e9\u00e9 The Free Agent, devenu The Playoffs FR, en 2020 durant la pand\u00e9mie. Amoureux depuis des ann\u00e9es des 4 sports majeurs am\u00e9ricains, j\u2019organise maintenant la strat\u00e9gie \u00e9ditoriale et les r\u00e9seaux sociaux de l\u2019ensemble des versions de The Playoffs. Il m\u2019arrive encore d\u2019\u00e9crire sur certains sports que j\u2019affectionne particuli\u00e8rement comme la NFL ou la MLB. Si vous devez retenir qu\u2019une chose : Eli Manning est le vrai GOAT pour avoir battu deux fois Tom Brady.\",\"sameAs\":[\"https:\/\/www.instagram.com\/ctaudin_\/\"],\"url\":\"https:\/\/theplayoffs.news\/fr\/author\/charles-taudin\/\"}]}<\/script>\n<!-- \/ Yoast SEO plugin. -->","yoast_head_json":{"title":"Drew Brees &agrave; Paris pour le Flag Football - The Playoffs FR","robots":{"index":"index","follow":"follow","max-snippet":"max-snippet:-1","max-image-preview":"max-image-preview:large","max-video-preview":"max-video-preview:-1"},"canonical":"https:\/\/theplayoffs.news\/fr\/actualite-nfl\/drew-brees-a-paris-pour-le-flag-football\/","og_locale":"fr_FR","og_type":"article","og_title":"Drew Brees &agrave; Paris pour le Flag Football - The Playoffs FR","og_url":"https:\/\/theplayoffs.news\/fr\/actualite-nfl\/drew-brees-a-paris-pour-le-flag-football\/","og_site_name":"The Playoffs FR","article_publisher":"https:\/\/www.facebook.com\/TheFreeAgentFR\/","article_modified_time":"2023-06-14T17:17:57+00:00","og_image":[{"width":638,"height":510,"url":"https:\/\/theplayoffs.news\/fr\/wp-content\/uploads\/2023\/06\/Fx4zfLhakAABGzr.jpeg","type":"image\/jpeg"}],"author":"Charles Taudin","twitter_card":"summary_large_image","twitter_creator":"@TheFreeAgentFR","twitter_site":"@TheFreeAgentFR","twitter_misc":{"\u00c9crit par":"Charles Taudin","Dur\u00e9e de lecture estim\u00e9e":"3 minutes"},"schema":{"@context":"https:\/\/schema.org","@graph":[{"@type":"WebPage","@id":"https:\/\/theplayoffs.news\/fr\/actualite-nfl\/drew-brees-a-paris-pour-le-flag-football\/","url":"https:\/\/theplayoffs.news\/fr\/actualite-nfl\/drew-brees-a-paris-pour-le-flag-football\/","name":"Drew Brees \u00e0 Paris pour le Flag Football - The Playoffs FR","isPartOf":{"@id":"https:\/\/theplayoffs.news\/fr\/#website"},"primaryImageOfPage":{"@id":"https:\/\/theplayoffs.news\/fr\/actualite-nfl\/drew-brees-a-paris-pour-le-flag-football\/#primaryimage"},"image":{"@id":"https:\/\/theplayoffs.news\/fr\/actualite-nfl\/drew-brees-a-paris-pour-le-flag-football\/#primaryimage"},"thumbnailUrl":"https:\/\/theplayoffs.news\/fr\/wp-content\/uploads\/2023\/06\/Fx4zfLhakAABGzr.jpeg","datePublished":"2023-06-14T17:17:56+00:00","dateModified":"2023-06-14T17:17:57+00:00","author":{"@id":"https:\/\/theplayoffs.news\/fr\/#\/schema\/person\/eee5b69ad5d3c51cabe881c839dbe133"},"breadcrumb":{"@id":"https:\/\/theplayoffs.news\/fr\/actualite-nfl\/drew-brees-a-paris-pour-le-flag-football\/#breadcrumb"},"inLanguage":"fr-FR","potentialAction":[{"@type":"ReadAction","target":["https:\/\/theplayoffs.news\/fr\/actualite-nfl\/drew-brees-a-paris-pour-le-flag-football\/"]}]},{"@type":"ImageObject","inLanguage":"fr-FR","@id":"https:\/\/theplayoffs.news\/fr\/actualite-nfl\/drew-brees-a-paris-pour-le-flag-football\/#primaryimage","url":"https:\/\/theplayoffs.news\/fr\/wp-content\/uploads\/2023\/06\/Fx4zfLhakAABGzr.jpeg","contentUrl":"https:\/\/theplayoffs.news\/fr\/wp-content\/uploads\/2023\/06\/Fx4zfLhakAABGzr.jpeg","width":638,"height":510,"caption":"Drew brees"},{"@type":"BreadcrumbList","@id":"https:\/\/theplayoffs.news\/fr\/actualite-nfl\/drew-brees-a-paris-pour-le-flag-football\/#breadcrumb","itemListElement":[{"@type":"ListItem","position":1,"name":"Accueil","item":"https:\/\/theplayoffs.news\/fr\/"},{"@type":"ListItem","position":2,"name":"Drew Brees \u00e0 Paris pour le Flag Football"}]},{"@type":"WebSite","@id":"https:\/\/theplayoffs.news\/fr\/#website","url":"https:\/\/theplayoffs.news\/fr\/","name":"The Playoffs FR","description":"NBA-NFL-NHL-MLB","potentialAction":[{"@type":"SearchAction","target":{"@type":"EntryPoint","urlTemplate":"https:\/\/theplayoffs.news\/fr\/?s={search_term_string}"},"query-input":{"@type":"PropertyValueSpecification","valueRequired":true,"valueName":"search_term_string"}}],"inLanguage":"fr-FR"},{"@type":"Person","@id":"https:\/\/theplayoffs.news\/fr\/#\/schema\/person\/eee5b69ad5d3c51cabe881c839dbe133","name":"Charles Taudin","image":{"@type":"ImageObject","inLanguage":"fr-FR","@id":"https:\/\/theplayoffs.news\/fr\/#\/schema\/person\/image\/","url":"https:\/\/secure.gravatar.com\/avatar\/59a1e772205ce9fd255edfcafc93013736822e20261f294c5753b20c41ede9f2?s=96&d=mm&r=g","contentUrl":"https:\/\/secure.gravatar.com\/avatar\/59a1e772205ce9fd255edfcafc93013736822e20261f294c5753b20c41ede9f2?s=96&d=mm&r=g","caption":"Charles Taudin"},"description":"R\u00e9dacteur en chef global de The Playoffs, j\u2019ai cr\u00e9\u00e9 The Free Agent, devenu The Playoffs FR, en 2020 durant la pand\u00e9mie. Amoureux depuis des ann\u00e9es des 4 sports majeurs am\u00e9ricains, j\u2019organise maintenant la strat\u00e9gie \u00e9ditoriale et les r\u00e9seaux sociaux de l\u2019ensemble des versions de The Playoffs. Il m\u2019arrive encore d\u2019\u00e9crire sur certains sports que j\u2019affectionne particuli\u00e8rement comme la NFL ou la MLB. Si vous devez retenir qu\u2019une chose : Eli Manning est le vrai GOAT pour avoir battu deux fois Tom Brady.","sameAs":["https:\/\/www.instagram.com\/ctaudin_\/"],"url":"https:\/\/theplayoffs.news\/fr\/author\/charles-taudin\/"}]}},"_links":{"self":[{"href":"https:\/\/theplayoffs.news\/fr\/wp-json\/wp\/v2\/posts\/632827","targetHints":{"allow":["GET"]}}],"collection":[{"href":"https:\/\/theplayoffs.news\/fr\/wp-json\/wp\/v2\/posts"}],"about":[{"href":"https:\/\/theplayoffs.news\/fr\/wp-json\/wp\/v2\/types\/post"}],"author":[{"embeddable":true,"href":"https:\/\/theplayoffs.news\/fr\/wp-json\/wp\/v2\/users\/13"}],"replies":[{"embeddable":true,"href":"https:\/\/theplayoffs.news\/fr\/wp-json\/wp\/v2\/comments?post=632827"}],"version-history":[{"count":3,"href":"https:\/\/theplayoffs.news\/fr\/wp-json\/wp\/v2\/posts\/632827\/revisions"}],"predecessor-version":[{"id":632833,"href":"https:\/\/theplayoffs.news\/fr\/wp-json\/wp\/v2\/posts\/632827\/revisions\/632833"}],"wp:featuredmedia":[{"embeddable":true,"href":"https:\/\/theplayoffs.news\/fr\/wp-json\/wp\/v2\/media\/632830"}],"wp:attachment":[{"href":"https:\/\/theplayoffs.news\/fr\/wp-json\/wp\/v2\/media?parent=632827"}],"wp:term":[{"taxonomy":"category","embeddable":true,"href":"https:\/\/theplayoffs.news\/fr\/wp-json\/wp\/v2\/categories?post=632827"},{"taxonomy":"post_tag","embeddable":true,"href":"https:\/\/theplayoffs.news\/fr\/wp-json\/wp\/v2\/tags?post=632827"},{"taxonomy":"sport","embeddable":true,"href":"https:\/\/theplayoffs.news\/fr\/wp-json\/wp\/v2\/sport?post=632827"},{"taxonomy":"saison","embeddable":true,"href":"https:\/\/theplayoffs.news\/fr\/wp-json\/wp\/v2\/saison?post=632827"}],"curies":[{"name":"wp","href":"https:\/\/api.w.org\/{rel}","templated":true}]}}