{"id":632817,"date":"2023-06-14T17:42:59","date_gmt":"2023-06-14T15:42:59","guid":{"rendered":"https:\/\/theplayoffs.news\/fr\/?p=632817"},"modified":"2023-06-14T17:43:00","modified_gmt":"2023-06-14T15:43:00","slug":"jason-spezza-directeur-general-adjoint-penguins","status":"publish","type":"post","link":"https:\/\/theplayoffs.news\/fr\/actualite-nhl\/jason-spezza-directeur-general-adjoint-penguins\/","title":{"rendered":"Jason Spezza nomm\u00e9 directeur g\u00e9n\u00e9ral adjoint des Penguins de Pittsburgh"},"content":{"rendered":"<h2>Les <a href=\"https:\/\/theplayoffs.news\/fr\/equipe\/pittsburgh-penguins-nhl\/\" class=\"trk-cta-link\" data-cta-trk='{\"ctaType\":\"Link\",\"ctaSubType\":\"main\"}'>Penguins de Pittsburgh<\/a> ont annonc&eacute; aujourd&rsquo;hui la nomination de l&rsquo;ancien joueur Jason Spezza au poste de directeur g&eacute;n&eacute;ral adjoint.<\/h2><p>La nomination de Spezza fait suite &agrave; sa r&eacute;cente retraite en 2022, couronnant une carri&egrave;re de 19 ans comme l&rsquo;un des joueurs les plus constants de l&rsquo;histoire de la LNH.<\/p><p>Spezza, 40 ans, arrive &agrave; Pittsburgh avec une ann&eacute;e d&rsquo;exp&eacute;rience en gestion &agrave; son actif. Il a pass&eacute; sa carri&egrave;re d&rsquo;apr&egrave;s-joueur avec les Maple Leafs de Toronto en tant qu&rsquo;adjoint sp&eacute;cial du directeur g&eacute;n&eacute;ral, un r&ocirc;le qui l&rsquo;a vu s&rsquo;immerger dans un large &eacute;ventail d&rsquo;op&eacute;rations de hockey. Son exp&eacute;rience pass&eacute;e comprend le travail avec le personnel des joueurs, le d&eacute;veloppement des joueurs, les op&eacute;rations des ligues mineures et la recherche et le d&eacute;veloppement du hockey.<\/p><p>Le pr&eacute;sident des op&eacute;rations de hockey, Kyle Dubas, a fait l&rsquo;&eacute;loge de Jason Spezza, louant son &laquo; formidable &eacute;thique de travail, sa curiosit&eacute; et sa capacit&eacute; &agrave; &eacute;tablir des relations dans tous les d&eacute;partements de l&rsquo;&eacute;quipe &raquo;. Le passage de Spezza de joueur &agrave; entra&icirc;neur a &eacute;t&eacute; salu&eacute; comme d&eacute;terminant pour favoriser une unit&eacute; plus coh&eacute;sive et collaborative au sein des Maple Leafs, contribuant m&ecirc;me &agrave; leur premi&egrave;re victoire en s&eacute;ries &eacute;liminatoires depuis 2004.<\/p><p>Avant son mandat avec les Maple Leafs, la carri&egrave;re de Spezza dans la LNH l&rsquo;a vu jouer avec les S&eacute;nateurs d&rsquo;Ottawa de 2002 &agrave; 2014, les Stars de Dallas de 2014 &agrave; 2019 et enfin les Maple Leafs de 2019 &agrave; 2022. Ses prouesses de marqueur tout au long de sa carri&egrave;re ont &eacute;t&eacute; remarquables, enregistrant 363 buts, 632 assistances et 995 points sur un total de 1 248 matchs.<\/p><p>Cela le place respectivement 9e et 11e de la ligue pour les passes d&eacute;cisives et les points.<\/p><p>Les qualit&eacute;s de leadership de Jason Spezza sont &eacute;galement bien document&eacute;es. Il a &eacute;t&eacute; le huiti&egrave;me capitaine de l&rsquo;histoire des S&eacute;nateurs au cours de la saison 2013-2014 et a &eacute;t&eacute; capitaine suppl&eacute;ant pour les S&eacute;nateurs et les Stars.<\/p><p>En plus de sa carri&egrave;re remarquable, Jason Spezza a repr&eacute;sent&eacute; &Eacute;quipe Canada &agrave; plusieurs reprises au niveau international, remportant m&ecirc;me une m&eacute;daille d&rsquo;or aux c&ocirc;t&eacute;s du capitaine des Penguins Sidney Crosby au Championnat du monde 2015.<\/p><p>Son passage dans la Ligue am&eacute;ricaine de hockey pendant le lock-out de la LNH en 2004-2005 l&rsquo;a vu remporter le MVP de la LAH, apr&egrave;s avoir men&eacute; la ligue pour les passes (85) et les points (117).<\/p><p>La nomination de Spezza est un ajout cl&eacute; &agrave; la direction des Penguins. Avec sa connaissance approfondie et son exp&eacute;rience du jeu, tant sur la glace qu&rsquo;&agrave; l&rsquo;ext&eacute;rieur, Spezza apporte une perspective unique &agrave; l&rsquo;organisation des Penguins. Sa transition de joueur &agrave; entra&icirc;neur t&eacute;moigne de sa compr&eacute;hension du sport et de sa capacit&eacute; &agrave; contribuer de mani&egrave;re significative &agrave; un r&ocirc;le de leadership. Les Penguins sont en effet chanceux d&rsquo;avoir un ancien joueur aussi d&eacute;cor&eacute; dans leurs rangs dans ce r&ocirc;le crucial.<\/p>\n","protected":false},"excerpt":{"rendered":"","protected":false},"author":13,"featured_media":632818,"comment_status":"open","ping_status":"closed","sticky":false,"template":"","format":"standard","meta":{"inline_featured_image":false,"kia_subtitle":"","_mux_skip_reasons":[],"proofreadBy":0,"footnotes":""},"categories":[187,26],"tags":[2470,333],"sport":[],"saison":[],"class_list":["post-632817","post","type-post","status-publish","format-standard","has-post-thumbnail","hentry","category-actualite-nhl","category-nhl","tag-jason-spezza","tag-pittsburgh-penguins"],"acf":[],"yoast_head":"<!-- This site is optimized with the Yoast SEO plugin v24.2 - https:\/\/yoast.com\/wordpress\/plugins\/seo\/ -->\n<title>Jason Spezza nomm&eacute; directeur g&eacute;n&eacute;ral adjoint des Penguins de Pittsburgh - The Playoffs FR<\/title>\n<meta name=\"robots\" content=\"index, follow, max-snippet:-1, max-image-preview:large, max-video-preview:-1\" \/>\n<link rel=\"canonical\" href=\"https:\/\/theplayoffs.news\/fr\/actualite-nhl\/jason-spezza-directeur-general-adjoint-penguins\/\" \/>\n<meta property=\"og:locale\" content=\"fr_FR\" \/>\n<meta property=\"og:type\" content=\"article\" \/>\n<meta property=\"og:title\" content=\"Jason Spezza nomm&eacute; directeur g&eacute;n&eacute;ral adjoint des Penguins de Pittsburgh - The Playoffs FR\" \/>\n<meta property=\"og:url\" content=\"https:\/\/theplayoffs.news\/fr\/actualite-nhl\/jason-spezza-directeur-general-adjoint-penguins\/\" \/>\n<meta property=\"og:site_name\" content=\"The Playoffs FR\" \/>\n<meta property=\"article:publisher\" content=\"https:\/\/www.facebook.com\/TheFreeAgentFR\/\" \/>\n<meta property=\"article:modified_time\" content=\"2023-06-14T17:43:00+02:00\" \/>\n<meta property=\"og:image\" content=\"https:\/\/theplayoffs.news\/fr\/wp-content\/uploads\/2023\/06\/Fyl8F7gWcAEI8gH.jpeg\" \/>\n\t<meta property=\"og:image:width\" content=\"1600\" \/>\n\t<meta property=\"og:image:height\" content=\"1200\" \/>\n\t<meta property=\"og:image:type\" content=\"image\/jpeg\" \/>\n<meta name=\"author\" content=\"Charles Taudin\" \/>\n<meta name=\"twitter:card\" content=\"summary_large_image\" \/>\n<meta name=\"twitter:creator\" content=\"@TheFreeAgentFR\" \/>\n<meta name=\"twitter:site\" content=\"@TheFreeAgentFR\" \/>\n<meta name=\"twitter:label1\" content=\"\u00c9crit par\" \/>\n\t<meta name=\"twitter:data1\" content=\"Charles Taudin\" \/>\n\t<meta name=\"twitter:label2\" content=\"Dur\u00e9e de lecture estim\u00e9e\" \/>\n\t<meta name=\"twitter:data2\" content=\"3 minutes\" \/>\n<script type=\"application\/ld+json\" class=\"yoast-schema-graph\">{\"@context\":\"https:\/\/schema.org\",\"@graph\":[{\"@type\":\"WebPage\",\"@id\":\"https:\/\/theplayoffs.news\/fr\/actualite-nhl\/jason-spezza-directeur-general-adjoint-penguins\/\",\"url\":\"https:\/\/theplayoffs.news\/fr\/actualite-nhl\/jason-spezza-directeur-general-adjoint-penguins\/\",\"name\":\"Jason Spezza nomm\u00e9 directeur g\u00e9n\u00e9ral adjoint des Penguins de Pittsburgh - The Playoffs FR\",\"isPartOf\":{\"@id\":\"https:\/\/theplayoffs.news\/fr\/#website\"},\"primaryImageOfPage\":{\"@id\":\"https:\/\/theplayoffs.news\/fr\/actualite-nhl\/jason-spezza-directeur-general-adjoint-penguins\/#primaryimage\"},\"image\":{\"@id\":\"https:\/\/theplayoffs.news\/fr\/actualite-nhl\/jason-spezza-directeur-general-adjoint-penguins\/#primaryimage\"},\"thumbnailUrl\":\"https:\/\/theplayoffs.news\/fr\/wp-content\/uploads\/2023\/06\/Fyl8F7gWcAEI8gH.jpeg\",\"datePublished\":\"2023-06-14T15:42:59+00:00\",\"dateModified\":\"2023-06-14T15:43:00+00:00\",\"author\":{\"@id\":\"https:\/\/theplayoffs.news\/fr\/#\/schema\/person\/eee5b69ad5d3c51cabe881c839dbe133\"},\"breadcrumb\":{\"@id\":\"https:\/\/theplayoffs.news\/fr\/actualite-nhl\/jason-spezza-directeur-general-adjoint-penguins\/#breadcrumb\"},\"inLanguage\":\"fr-FR\",\"potentialAction\":[{\"@type\":\"ReadAction\",\"target\":[\"https:\/\/theplayoffs.news\/fr\/actualite-nhl\/jason-spezza-directeur-general-adjoint-penguins\/\"]}]},{\"@type\":\"ImageObject\",\"inLanguage\":\"fr-FR\",\"@id\":\"https:\/\/theplayoffs.news\/fr\/actualite-nhl\/jason-spezza-directeur-general-adjoint-penguins\/#primaryimage\",\"url\":\"https:\/\/theplayoffs.news\/fr\/wp-content\/uploads\/2023\/06\/Fyl8F7gWcAEI8gH.jpeg\",\"contentUrl\":\"https:\/\/theplayoffs.news\/fr\/wp-content\/uploads\/2023\/06\/Fyl8F7gWcAEI8gH.jpeg\",\"width\":1600,\"height\":1200,\"caption\":\"Jason Spezza\"},{\"@type\":\"BreadcrumbList\",\"@id\":\"https:\/\/theplayoffs.news\/fr\/actualite-nhl\/jason-spezza-directeur-general-adjoint-penguins\/#breadcrumb\",\"itemListElement\":[{\"@type\":\"ListItem\",\"position\":1,\"name\":\"Accueil\",\"item\":\"https:\/\/theplayoffs.news\/fr\/\"},{\"@type\":\"ListItem\",\"position\":2,\"name\":\"Jason Spezza nomm\u00e9 directeur g\u00e9n\u00e9ral adjoint des Penguins de Pittsburgh\"}]},{\"@type\":\"WebSite\",\"@id\":\"https:\/\/theplayoffs.news\/fr\/#website\",\"url\":\"https:\/\/theplayoffs.news\/fr\/\",\"name\":\"The Playoffs FR\",\"description\":\"NBA-NFL-NHL-MLB\",\"potentialAction\":[{\"@type\":\"SearchAction\",\"target\":{\"@type\":\"EntryPoint\",\"urlTemplate\":\"https:\/\/theplayoffs.news\/fr\/?s={search_term_string}\"},\"query-input\":{\"@type\":\"PropertyValueSpecification\",\"valueRequired\":true,\"valueName\":\"search_term_string\"}}],\"inLanguage\":\"fr-FR\"},{\"@type\":\"Person\",\"@id\":\"https:\/\/theplayoffs.news\/fr\/#\/schema\/person\/eee5b69ad5d3c51cabe881c839dbe133\",\"name\":\"Charles Taudin\",\"image\":{\"@type\":\"ImageObject\",\"inLanguage\":\"fr-FR\",\"@id\":\"https:\/\/theplayoffs.news\/fr\/#\/schema\/person\/image\/\",\"url\":\"https:\/\/secure.gravatar.com\/avatar\/59a1e772205ce9fd255edfcafc93013736822e20261f294c5753b20c41ede9f2?s=96&d=mm&r=g\",\"contentUrl\":\"https:\/\/secure.gravatar.com\/avatar\/59a1e772205ce9fd255edfcafc93013736822e20261f294c5753b20c41ede9f2?s=96&d=mm&r=g\",\"caption\":\"Charles Taudin\"},\"description\":\"R\u00e9dacteur en chef global de The Playoffs, j\u2019ai cr\u00e9\u00e9 The Free Agent, devenu The Playoffs FR, en 2020 durant la pand\u00e9mie. Amoureux depuis des ann\u00e9es des 4 sports majeurs am\u00e9ricains, j\u2019organise maintenant la strat\u00e9gie \u00e9ditoriale et les r\u00e9seaux sociaux de l\u2019ensemble des versions de The Playoffs. Il m\u2019arrive encore d\u2019\u00e9crire sur certains sports que j\u2019affectionne particuli\u00e8rement comme la NFL ou la MLB. Si vous devez retenir qu\u2019une chose : Eli Manning est le vrai GOAT pour avoir battu deux fois Tom Brady.\",\"sameAs\":[\"https:\/\/www.instagram.com\/ctaudin_\/\"],\"url\":\"https:\/\/theplayoffs.news\/fr\/author\/charles-taudin\/\"}]}<\/script>\n<!-- \/ Yoast SEO plugin. -->","yoast_head_json":{"title":"Jason Spezza nomm&eacute; directeur g&eacute;n&eacute;ral adjoint des Penguins de Pittsburgh - The Playoffs FR","robots":{"index":"index","follow":"follow","max-snippet":"max-snippet:-1","max-image-preview":"max-image-preview:large","max-video-preview":"max-video-preview:-1"},"canonical":"https:\/\/theplayoffs.news\/fr\/actualite-nhl\/jason-spezza-directeur-general-adjoint-penguins\/","og_locale":"fr_FR","og_type":"article","og_title":"Jason Spezza nomm&eacute; directeur g&eacute;n&eacute;ral adjoint des Penguins de Pittsburgh - The Playoffs FR","og_url":"https:\/\/theplayoffs.news\/fr\/actualite-nhl\/jason-spezza-directeur-general-adjoint-penguins\/","og_site_name":"The Playoffs FR","article_publisher":"https:\/\/www.facebook.com\/TheFreeAgentFR\/","article_modified_time":"2023-06-14T15:43:00+00:00","og_image":[{"width":1600,"height":1200,"url":"https:\/\/theplayoffs.news\/fr\/wp-content\/uploads\/2023\/06\/Fyl8F7gWcAEI8gH.jpeg","type":"image\/jpeg"}],"author":"Charles Taudin","twitter_card":"summary_large_image","twitter_creator":"@TheFreeAgentFR","twitter_site":"@TheFreeAgentFR","twitter_misc":{"\u00c9crit par":"Charles Taudin","Dur\u00e9e de lecture estim\u00e9e":"3 minutes"},"schema":{"@context":"https:\/\/schema.org","@graph":[{"@type":"WebPage","@id":"https:\/\/theplayoffs.news\/fr\/actualite-nhl\/jason-spezza-directeur-general-adjoint-penguins\/","url":"https:\/\/theplayoffs.news\/fr\/actualite-nhl\/jason-spezza-directeur-general-adjoint-penguins\/","name":"Jason Spezza nomm\u00e9 directeur g\u00e9n\u00e9ral adjoint des Penguins de Pittsburgh - The Playoffs FR","isPartOf":{"@id":"https:\/\/theplayoffs.news\/fr\/#website"},"primaryImageOfPage":{"@id":"https:\/\/theplayoffs.news\/fr\/actualite-nhl\/jason-spezza-directeur-general-adjoint-penguins\/#primaryimage"},"image":{"@id":"https:\/\/theplayoffs.news\/fr\/actualite-nhl\/jason-spezza-directeur-general-adjoint-penguins\/#primaryimage"},"thumbnailUrl":"https:\/\/theplayoffs.news\/fr\/wp-content\/uploads\/2023\/06\/Fyl8F7gWcAEI8gH.jpeg","datePublished":"2023-06-14T15:42:59+00:00","dateModified":"2023-06-14T15:43:00+00:00","author":{"@id":"https:\/\/theplayoffs.news\/fr\/#\/schema\/person\/eee5b69ad5d3c51cabe881c839dbe133"},"breadcrumb":{"@id":"https:\/\/theplayoffs.news\/fr\/actualite-nhl\/jason-spezza-directeur-general-adjoint-penguins\/#breadcrumb"},"inLanguage":"fr-FR","potentialAction":[{"@type":"ReadAction","target":["https:\/\/theplayoffs.news\/fr\/actualite-nhl\/jason-spezza-directeur-general-adjoint-penguins\/"]}]},{"@type":"ImageObject","inLanguage":"fr-FR","@id":"https:\/\/theplayoffs.news\/fr\/actualite-nhl\/jason-spezza-directeur-general-adjoint-penguins\/#primaryimage","url":"https:\/\/theplayoffs.news\/fr\/wp-content\/uploads\/2023\/06\/Fyl8F7gWcAEI8gH.jpeg","contentUrl":"https:\/\/theplayoffs.news\/fr\/wp-content\/uploads\/2023\/06\/Fyl8F7gWcAEI8gH.jpeg","width":1600,"height":1200,"caption":"Jason Spezza"},{"@type":"BreadcrumbList","@id":"https:\/\/theplayoffs.news\/fr\/actualite-nhl\/jason-spezza-directeur-general-adjoint-penguins\/#breadcrumb","itemListElement":[{"@type":"ListItem","position":1,"name":"Accueil","item":"https:\/\/theplayoffs.news\/fr\/"},{"@type":"ListItem","position":2,"name":"Jason Spezza nomm\u00e9 directeur g\u00e9n\u00e9ral adjoint des Penguins de Pittsburgh"}]},{"@type":"WebSite","@id":"https:\/\/theplayoffs.news\/fr\/#website","url":"https:\/\/theplayoffs.news\/fr\/","name":"The Playoffs FR","description":"NBA-NFL-NHL-MLB","potentialAction":[{"@type":"SearchAction","target":{"@type":"EntryPoint","urlTemplate":"https:\/\/theplayoffs.news\/fr\/?s={search_term_string}"},"query-input":{"@type":"PropertyValueSpecification","valueRequired":true,"valueName":"search_term_string"}}],"inLanguage":"fr-FR"},{"@type":"Person","@id":"https:\/\/theplayoffs.news\/fr\/#\/schema\/person\/eee5b69ad5d3c51cabe881c839dbe133","name":"Charles Taudin","image":{"@type":"ImageObject","inLanguage":"fr-FR","@id":"https:\/\/theplayoffs.news\/fr\/#\/schema\/person\/image\/","url":"https:\/\/secure.gravatar.com\/avatar\/59a1e772205ce9fd255edfcafc93013736822e20261f294c5753b20c41ede9f2?s=96&d=mm&r=g","contentUrl":"https:\/\/secure.gravatar.com\/avatar\/59a1e772205ce9fd255edfcafc93013736822e20261f294c5753b20c41ede9f2?s=96&d=mm&r=g","caption":"Charles Taudin"},"description":"R\u00e9dacteur en chef global de The Playoffs, j\u2019ai cr\u00e9\u00e9 The Free Agent, devenu The Playoffs FR, en 2020 durant la pand\u00e9mie. Amoureux depuis des ann\u00e9es des 4 sports majeurs am\u00e9ricains, j\u2019organise maintenant la strat\u00e9gie \u00e9ditoriale et les r\u00e9seaux sociaux de l\u2019ensemble des versions de The Playoffs. Il m\u2019arrive encore d\u2019\u00e9crire sur certains sports que j\u2019affectionne particuli\u00e8rement comme la NFL ou la MLB. Si vous devez retenir qu\u2019une chose : Eli Manning est le vrai GOAT pour avoir battu deux fois Tom Brady.","sameAs":["https:\/\/www.instagram.com\/ctaudin_\/"],"url":"https:\/\/theplayoffs.news\/fr\/author\/charles-taudin\/"}]}},"_links":{"self":[{"href":"https:\/\/theplayoffs.news\/fr\/wp-json\/wp\/v2\/posts\/632817","targetHints":{"allow":["GET"]}}],"collection":[{"href":"https:\/\/theplayoffs.news\/fr\/wp-json\/wp\/v2\/posts"}],"about":[{"href":"https:\/\/theplayoffs.news\/fr\/wp-json\/wp\/v2\/types\/post"}],"author":[{"embeddable":true,"href":"https:\/\/theplayoffs.news\/fr\/wp-json\/wp\/v2\/users\/13"}],"replies":[{"embeddable":true,"href":"https:\/\/theplayoffs.news\/fr\/wp-json\/wp\/v2\/comments?post=632817"}],"version-history":[{"count":2,"href":"https:\/\/theplayoffs.news\/fr\/wp-json\/wp\/v2\/posts\/632817\/revisions"}],"predecessor-version":[{"id":632820,"href":"https:\/\/theplayoffs.news\/fr\/wp-json\/wp\/v2\/posts\/632817\/revisions\/632820"}],"wp:featuredmedia":[{"embeddable":true,"href":"https:\/\/theplayoffs.news\/fr\/wp-json\/wp\/v2\/media\/632818"}],"wp:attachment":[{"href":"https:\/\/theplayoffs.news\/fr\/wp-json\/wp\/v2\/media?parent=632817"}],"wp:term":[{"taxonomy":"category","embeddable":true,"href":"https:\/\/theplayoffs.news\/fr\/wp-json\/wp\/v2\/categories?post=632817"},{"taxonomy":"post_tag","embeddable":true,"href":"https:\/\/theplayoffs.news\/fr\/wp-json\/wp\/v2\/tags?post=632817"},{"taxonomy":"sport","embeddable":true,"href":"https:\/\/theplayoffs.news\/fr\/wp-json\/wp\/v2\/sport?post=632817"},{"taxonomy":"saison","embeddable":true,"href":"https:\/\/theplayoffs.news\/fr\/wp-json\/wp\/v2\/saison?post=632817"}],"curies":[{"name":"wp","href":"https:\/\/api.w.org\/{rel}","templated":true}]}}