{"id":630567,"date":"2023-06-13T21:44:53","date_gmt":"2023-06-13T19:44:53","guid":{"rendered":"https:\/\/theplayoffs.news\/fr\/?p=630567"},"modified":"2023-06-13T21:44:54","modified_gmt":"2023-06-13T19:44:54","slug":"jets-safety-adrian-amos-rejoint-la-liste","status":"publish","type":"post","link":"https:\/\/theplayoffs.news\/fr\/actualite-nfl\/jets-safety-adrian-amos-rejoint-la-liste\/","title":{"rendered":"Les Jets continuent la connexion \u00e0 Green Bay: le safety Adrian Amos rejoint la liste"},"content":{"rendered":"<h2>Les Jets de New York continuent de renforcer leur alignement avec le talent familier de Green Bay. Plusieurs rapports confirment que l&rsquo;&eacute;quipe a accept&eacute; des termes avec le safety v&eacute;t&eacute;ran Adrian Amos, le dernier Packer &agrave; rejoindre les Jets cette intersaison.<\/h2><p><a href=\"https:\/\/theplayoffs.news\/fr\/joueur\/adrian-amos-green-bay-packers-nfl\/\" class=\"trk-cta-link\" data-cta-trk='{\"ctaType\":\"Link\",\"ctaSubType\":\"main\"}'><strong>Adrian Amos<\/strong><\/a>, qui a constamment d&eacute;montr&eacute; sa durabilit&eacute; et ses comp&eacute;tences sur le terrain, signe un contrat d&rsquo;un an avec les Jets d&rsquo;une valeur pouvant atteindre 4 millions de dollars. Cet ajout fait suite &agrave; une forte vague d&rsquo;anciens Packers qui d&eacute;m&eacute;nagent &agrave; New York, une liste qui comprend Aaron Rodgers, Allen Lazard, Randall Cobb et Billy Turner.<\/p><p>Tout au long de son mandat de quatre saisons avec Green Bay, Amos s&rsquo;est av&eacute;r&eacute; &ecirc;tre un homme de fer, ne ratant aucun match. Lors de ses 66 apparitions en saison r&eacute;guli&egrave;re, il a r&eacute;colt&eacute; 362 plaquages, sept interceptions, quatre sacks et un fumble r&eacute;cup&eacute;r&eacute;. La constance d&rsquo;Amos et ses ant&eacute;c&eacute;dents &eacute;prouv&eacute;s font de lui un ajout important &agrave; la d&eacute;fense des Jets.<\/p><p>Avant son s&eacute;jour &agrave; Green Bay, Amos a pass&eacute; quatre saisons avec les Bears de Chicago, o&ugrave; il s&rsquo;est impos&eacute; comme une pr&eacute;sence fiable dans le secondaire.<\/p><p>Le secondary des Jets a &eacute;t&eacute; au centre des pr&eacute;occupations cette intersaison. En plus d&rsquo;Adrian Amos, l&rsquo;&eacute;quipe a &eacute;galement acquis <a href=\"https:\/\/theplayoffs.news\/fr\/joueur\/chuck-clark-nfl-6090926\/\" class=\"trk-cta-link\" data-cta-trk='{\"ctaType\":\"Link\",\"ctaSubType\":\"main\"}'><strong>Chuck Clark<\/strong><\/a> via un &eacute;change, renfor&ccedil;ant sa d&eacute;fense. Les joueurs de retour Jordan Whitehead et Ashtyn Davis, qui faisaient partie de l&rsquo;alignement des Jets la saison derni&egrave;re, contribueront &eacute;galement &agrave; un formidable champ arri&egrave;re.<\/p><p>Le pipeline Green Bay-Jets a &eacute;t&eacute; actif cette intersaison, marquant une approche strat&eacute;gique des Jets pour apporter un talent et une exp&eacute;rience &eacute;prouv&eacute;s dans leur giron. Cette strat&eacute;gie renforce non seulement leur roster mais apporte &eacute;galement un niveau de coh&eacute;sion, ces joueurs ayant travaill&eacute; ensemble auparavant.<\/p><p>L&rsquo;arriv&eacute;e d&rsquo;Adrian Amos &agrave; New York ajoute de la profondeur et une pr&eacute;sence de v&eacute;t&eacute;ran au secondaire des Jets.&nbsp; Cette d&eacute;cision signale une intention claire des Jets de renforcer leur d&eacute;fense avec un talent &eacute;prouv&eacute;.<\/p>\n","protected":false},"excerpt":{"rendered":"","protected":false},"author":180309799,"featured_media":630568,"comment_status":"open","ping_status":"closed","sticky":false,"template":"","format":"standard","meta":{"inline_featured_image":false,"kia_subtitle":"","_mux_skip_reasons":[],"proofreadBy":0,"footnotes":""},"categories":[118,40],"tags":[6075,732],"sport":[],"saison":[],"class_list":["post-630567","post","type-post","status-publish","format-standard","has-post-thumbnail","hentry","category-actualite-nfl","category-nfl","tag-adrian-amos","tag-new-york-jets"],"acf":[],"yoast_head":"<!-- This site is optimized with the Yoast SEO plugin v24.2 - https:\/\/yoast.com\/wordpress\/plugins\/seo\/ -->\n<title>Les Jets continuent la connexion &agrave; Green Bay: le safety Adrian Amos rejoint la liste - The Playoffs FR<\/title>\n<meta name=\"robots\" content=\"index, follow, max-snippet:-1, max-image-preview:large, max-video-preview:-1\" \/>\n<link rel=\"canonical\" href=\"https:\/\/theplayoffs.news\/fr\/actualite-nfl\/jets-safety-adrian-amos-rejoint-la-liste\/\" \/>\n<meta property=\"og:locale\" content=\"fr_FR\" \/>\n<meta property=\"og:type\" content=\"article\" \/>\n<meta property=\"og:title\" content=\"Les Jets continuent la connexion &agrave; Green Bay: le safety Adrian Amos rejoint la liste - The Playoffs FR\" \/>\n<meta property=\"og:url\" content=\"https:\/\/theplayoffs.news\/fr\/actualite-nfl\/jets-safety-adrian-amos-rejoint-la-liste\/\" \/>\n<meta property=\"og:site_name\" content=\"The Playoffs FR\" \/>\n<meta property=\"article:publisher\" content=\"https:\/\/www.facebook.com\/TheFreeAgentFR\/\" \/>\n<meta property=\"article:modified_time\" content=\"2023-06-13T21:44:54+02:00\" \/>\n<meta property=\"og:image\" content=\"https:\/\/theplayoffs.news\/fr\/wp-content\/uploads\/2023\/06\/Capture-decran-2023-06-13-a-21.40.52.jpg\" \/>\n\t<meta property=\"og:image:width\" content=\"1920\" \/>\n\t<meta property=\"og:image:height\" content=\"1042\" \/>\n\t<meta property=\"og:image:type\" content=\"image\/jpeg\" \/>\n<meta name=\"author\" content=\"La r\u00e9daction\" \/>\n<meta name=\"twitter:card\" content=\"summary_large_image\" \/>\n<meta name=\"twitter:creator\" content=\"@TheFreeAgentFR\" \/>\n<meta name=\"twitter:site\" content=\"@TheFreeAgentFR\" \/>\n<meta name=\"twitter:label1\" content=\"\u00c9crit par\" \/>\n\t<meta name=\"twitter:data1\" content=\"La r\u00e9daction\" \/>\n\t<meta name=\"twitter:label2\" content=\"Dur\u00e9e de lecture estim\u00e9e\" \/>\n\t<meta name=\"twitter:data2\" content=\"2 minutes\" \/>\n<script type=\"application\/ld+json\" class=\"yoast-schema-graph\">{\"@context\":\"https:\/\/schema.org\",\"@graph\":[{\"@type\":\"WebPage\",\"@id\":\"https:\/\/theplayoffs.news\/fr\/actualite-nfl\/jets-safety-adrian-amos-rejoint-la-liste\/\",\"url\":\"https:\/\/theplayoffs.news\/fr\/actualite-nfl\/jets-safety-adrian-amos-rejoint-la-liste\/\",\"name\":\"Les Jets continuent la connexion \u00e0 Green Bay: le safety Adrian Amos rejoint la liste - The Playoffs FR\",\"isPartOf\":{\"@id\":\"https:\/\/theplayoffs.news\/fr\/#website\"},\"primaryImageOfPage\":{\"@id\":\"https:\/\/theplayoffs.news\/fr\/actualite-nfl\/jets-safety-adrian-amos-rejoint-la-liste\/#primaryimage\"},\"image\":{\"@id\":\"https:\/\/theplayoffs.news\/fr\/actualite-nfl\/jets-safety-adrian-amos-rejoint-la-liste\/#primaryimage\"},\"thumbnailUrl\":\"https:\/\/theplayoffs.news\/fr\/wp-content\/uploads\/2023\/06\/Capture-decran-2023-06-13-a-21.40.52.jpg\",\"datePublished\":\"2023-06-13T19:44:53+00:00\",\"dateModified\":\"2023-06-13T19:44:54+00:00\",\"author\":{\"@id\":\"https:\/\/theplayoffs.news\/fr\/#\/schema\/person\/bb40426f4e478f9bd8cdbfeb4f2f9784\"},\"breadcrumb\":{\"@id\":\"https:\/\/theplayoffs.news\/fr\/actualite-nfl\/jets-safety-adrian-amos-rejoint-la-liste\/#breadcrumb\"},\"inLanguage\":\"fr-FR\",\"potentialAction\":[{\"@type\":\"ReadAction\",\"target\":[\"https:\/\/theplayoffs.news\/fr\/actualite-nfl\/jets-safety-adrian-amos-rejoint-la-liste\/\"]}]},{\"@type\":\"ImageObject\",\"inLanguage\":\"fr-FR\",\"@id\":\"https:\/\/theplayoffs.news\/fr\/actualite-nfl\/jets-safety-adrian-amos-rejoint-la-liste\/#primaryimage\",\"url\":\"https:\/\/theplayoffs.news\/fr\/wp-content\/uploads\/2023\/06\/Capture-decran-2023-06-13-a-21.40.52.jpg\",\"contentUrl\":\"https:\/\/theplayoffs.news\/fr\/wp-content\/uploads\/2023\/06\/Capture-decran-2023-06-13-a-21.40.52.jpg\",\"width\":1920,\"height\":1042,\"caption\":\"Adrian Amos\"},{\"@type\":\"BreadcrumbList\",\"@id\":\"https:\/\/theplayoffs.news\/fr\/actualite-nfl\/jets-safety-adrian-amos-rejoint-la-liste\/#breadcrumb\",\"itemListElement\":[{\"@type\":\"ListItem\",\"position\":1,\"name\":\"Accueil\",\"item\":\"https:\/\/theplayoffs.news\/fr\/\"},{\"@type\":\"ListItem\",\"position\":2,\"name\":\"Les Jets continuent la connexion \u00e0 Green Bay: le safety Adrian Amos rejoint la liste\"}]},{\"@type\":\"WebSite\",\"@id\":\"https:\/\/theplayoffs.news\/fr\/#website\",\"url\":\"https:\/\/theplayoffs.news\/fr\/\",\"name\":\"The Playoffs FR\",\"description\":\"NBA-NFL-NHL-MLB\",\"potentialAction\":[{\"@type\":\"SearchAction\",\"target\":{\"@type\":\"EntryPoint\",\"urlTemplate\":\"https:\/\/theplayoffs.news\/fr\/?s={search_term_string}\"},\"query-input\":{\"@type\":\"PropertyValueSpecification\",\"valueRequired\":true,\"valueName\":\"search_term_string\"}}],\"inLanguage\":\"fr-FR\"},{\"@type\":\"Person\",\"@id\":\"https:\/\/theplayoffs.news\/fr\/#\/schema\/person\/bb40426f4e478f9bd8cdbfeb4f2f9784\",\"name\":\"La r\u00e9daction\",\"image\":{\"@type\":\"ImageObject\",\"inLanguage\":\"fr-FR\",\"@id\":\"https:\/\/theplayoffs.news\/fr\/#\/schema\/person\/image\/\",\"url\":\"https:\/\/secure.gravatar.com\/avatar\/7e69b41460ab2c17d61c8c364b6a0ee006f957a70191383ef42be1f4733d6515?s=96&d=mm&r=g\",\"contentUrl\":\"https:\/\/secure.gravatar.com\/avatar\/7e69b41460ab2c17d61c8c364b6a0ee006f957a70191383ef42be1f4733d6515?s=96&d=mm&r=g\",\"caption\":\"La r\u00e9daction\"},\"description\":\"On dit qu\\\\'il faut un village pour s\\\\'occuper d\\\\'un enfant. Et bien c\\\\'est exactement ce dont il s\\\\'agit ici pour The Playoffs. La r\u00e9daction, ce sont vos r\u00e9dacteurs pr\u00e9f\u00e9r\u00e9s qui collaborent sur ces articles que vous lisez au quotidien.\u00a0\",\"url\":\"https:\/\/theplayoffs.news\/fr\/author\/freeagentfr\/\"}]}<\/script>\n<!-- \/ Yoast SEO plugin. -->","yoast_head_json":{"title":"Les Jets continuent la connexion &agrave; Green Bay: le safety Adrian Amos rejoint la liste - The Playoffs FR","robots":{"index":"index","follow":"follow","max-snippet":"max-snippet:-1","max-image-preview":"max-image-preview:large","max-video-preview":"max-video-preview:-1"},"canonical":"https:\/\/theplayoffs.news\/fr\/actualite-nfl\/jets-safety-adrian-amos-rejoint-la-liste\/","og_locale":"fr_FR","og_type":"article","og_title":"Les Jets continuent la connexion &agrave; Green Bay: le safety Adrian Amos rejoint la liste - The Playoffs FR","og_url":"https:\/\/theplayoffs.news\/fr\/actualite-nfl\/jets-safety-adrian-amos-rejoint-la-liste\/","og_site_name":"The Playoffs FR","article_publisher":"https:\/\/www.facebook.com\/TheFreeAgentFR\/","article_modified_time":"2023-06-13T19:44:54+00:00","og_image":[{"width":1920,"height":1042,"url":"https:\/\/theplayoffs.news\/fr\/wp-content\/uploads\/2023\/06\/Capture-decran-2023-06-13-a-21.40.52.jpg","type":"image\/jpeg"}],"author":"La r\u00e9daction","twitter_card":"summary_large_image","twitter_creator":"@TheFreeAgentFR","twitter_site":"@TheFreeAgentFR","twitter_misc":{"\u00c9crit par":"La r\u00e9daction","Dur\u00e9e de lecture estim\u00e9e":"2 minutes"},"schema":{"@context":"https:\/\/schema.org","@graph":[{"@type":"WebPage","@id":"https:\/\/theplayoffs.news\/fr\/actualite-nfl\/jets-safety-adrian-amos-rejoint-la-liste\/","url":"https:\/\/theplayoffs.news\/fr\/actualite-nfl\/jets-safety-adrian-amos-rejoint-la-liste\/","name":"Les Jets continuent la connexion \u00e0 Green Bay: le safety Adrian Amos rejoint la liste - The Playoffs FR","isPartOf":{"@id":"https:\/\/theplayoffs.news\/fr\/#website"},"primaryImageOfPage":{"@id":"https:\/\/theplayoffs.news\/fr\/actualite-nfl\/jets-safety-adrian-amos-rejoint-la-liste\/#primaryimage"},"image":{"@id":"https:\/\/theplayoffs.news\/fr\/actualite-nfl\/jets-safety-adrian-amos-rejoint-la-liste\/#primaryimage"},"thumbnailUrl":"https:\/\/theplayoffs.news\/fr\/wp-content\/uploads\/2023\/06\/Capture-decran-2023-06-13-a-21.40.52.jpg","datePublished":"2023-06-13T19:44:53+00:00","dateModified":"2023-06-13T19:44:54+00:00","author":{"@id":"https:\/\/theplayoffs.news\/fr\/#\/schema\/person\/bb40426f4e478f9bd8cdbfeb4f2f9784"},"breadcrumb":{"@id":"https:\/\/theplayoffs.news\/fr\/actualite-nfl\/jets-safety-adrian-amos-rejoint-la-liste\/#breadcrumb"},"inLanguage":"fr-FR","potentialAction":[{"@type":"ReadAction","target":["https:\/\/theplayoffs.news\/fr\/actualite-nfl\/jets-safety-adrian-amos-rejoint-la-liste\/"]}]},{"@type":"ImageObject","inLanguage":"fr-FR","@id":"https:\/\/theplayoffs.news\/fr\/actualite-nfl\/jets-safety-adrian-amos-rejoint-la-liste\/#primaryimage","url":"https:\/\/theplayoffs.news\/fr\/wp-content\/uploads\/2023\/06\/Capture-decran-2023-06-13-a-21.40.52.jpg","contentUrl":"https:\/\/theplayoffs.news\/fr\/wp-content\/uploads\/2023\/06\/Capture-decran-2023-06-13-a-21.40.52.jpg","width":1920,"height":1042,"caption":"Adrian Amos"},{"@type":"BreadcrumbList","@id":"https:\/\/theplayoffs.news\/fr\/actualite-nfl\/jets-safety-adrian-amos-rejoint-la-liste\/#breadcrumb","itemListElement":[{"@type":"ListItem","position":1,"name":"Accueil","item":"https:\/\/theplayoffs.news\/fr\/"},{"@type":"ListItem","position":2,"name":"Les Jets continuent la connexion \u00e0 Green Bay: le safety Adrian Amos rejoint la liste"}]},{"@type":"WebSite","@id":"https:\/\/theplayoffs.news\/fr\/#website","url":"https:\/\/theplayoffs.news\/fr\/","name":"The Playoffs FR","description":"NBA-NFL-NHL-MLB","potentialAction":[{"@type":"SearchAction","target":{"@type":"EntryPoint","urlTemplate":"https:\/\/theplayoffs.news\/fr\/?s={search_term_string}"},"query-input":{"@type":"PropertyValueSpecification","valueRequired":true,"valueName":"search_term_string"}}],"inLanguage":"fr-FR"},{"@type":"Person","@id":"https:\/\/theplayoffs.news\/fr\/#\/schema\/person\/bb40426f4e478f9bd8cdbfeb4f2f9784","name":"La r\u00e9daction","image":{"@type":"ImageObject","inLanguage":"fr-FR","@id":"https:\/\/theplayoffs.news\/fr\/#\/schema\/person\/image\/","url":"https:\/\/secure.gravatar.com\/avatar\/7e69b41460ab2c17d61c8c364b6a0ee006f957a70191383ef42be1f4733d6515?s=96&d=mm&r=g","contentUrl":"https:\/\/secure.gravatar.com\/avatar\/7e69b41460ab2c17d61c8c364b6a0ee006f957a70191383ef42be1f4733d6515?s=96&d=mm&r=g","caption":"La r\u00e9daction"},"description":"On dit qu\\'il faut un village pour s\\'occuper d\\'un enfant. Et bien c\\'est exactement ce dont il s\\'agit ici pour The Playoffs. La r\u00e9daction, ce sont vos r\u00e9dacteurs pr\u00e9f\u00e9r\u00e9s qui collaborent sur ces articles que vous lisez au quotidien.\u00a0","url":"https:\/\/theplayoffs.news\/fr\/author\/freeagentfr\/"}]}},"_links":{"self":[{"href":"https:\/\/theplayoffs.news\/fr\/wp-json\/wp\/v2\/posts\/630567","targetHints":{"allow":["GET"]}}],"collection":[{"href":"https:\/\/theplayoffs.news\/fr\/wp-json\/wp\/v2\/posts"}],"about":[{"href":"https:\/\/theplayoffs.news\/fr\/wp-json\/wp\/v2\/types\/post"}],"author":[{"embeddable":true,"href":"https:\/\/theplayoffs.news\/fr\/wp-json\/wp\/v2\/users\/180309799"}],"replies":[{"embeddable":true,"href":"https:\/\/theplayoffs.news\/fr\/wp-json\/wp\/v2\/comments?post=630567"}],"version-history":[{"count":2,"href":"https:\/\/theplayoffs.news\/fr\/wp-json\/wp\/v2\/posts\/630567\/revisions"}],"predecessor-version":[{"id":630570,"href":"https:\/\/theplayoffs.news\/fr\/wp-json\/wp\/v2\/posts\/630567\/revisions\/630570"}],"wp:featuredmedia":[{"embeddable":true,"href":"https:\/\/theplayoffs.news\/fr\/wp-json\/wp\/v2\/media\/630568"}],"wp:attachment":[{"href":"https:\/\/theplayoffs.news\/fr\/wp-json\/wp\/v2\/media?parent=630567"}],"wp:term":[{"taxonomy":"category","embeddable":true,"href":"https:\/\/theplayoffs.news\/fr\/wp-json\/wp\/v2\/categories?post=630567"},{"taxonomy":"post_tag","embeddable":true,"href":"https:\/\/theplayoffs.news\/fr\/wp-json\/wp\/v2\/tags?post=630567"},{"taxonomy":"sport","embeddable":true,"href":"https:\/\/theplayoffs.news\/fr\/wp-json\/wp\/v2\/sport?post=630567"},{"taxonomy":"saison","embeddable":true,"href":"https:\/\/theplayoffs.news\/fr\/wp-json\/wp\/v2\/saison?post=630567"}],"curies":[{"name":"wp","href":"https:\/\/api.w.org\/{rel}","templated":true}]}}