{"id":628269,"date":"2023-06-12T20:15:19","date_gmt":"2023-06-12T18:15:19","guid":{"rendered":"https:\/\/theplayoffs.news\/fr\/?p=628269"},"modified":"2023-06-12T20:16:06","modified_gmt":"2023-06-12T18:16:06","slug":"elf-week-2-les-mvp-de-la-semaine","status":"publish","type":"post","link":"https:\/\/theplayoffs.news\/fr\/elf\/elf-week-2-les-mvp-de-la-semaine\/","title":{"rendered":"ELF &#8211; Week 2: Les MVP de la semaine"},"content":{"rendered":"<h2>Comme toutes les semaines de comp&eacute;tition en ELF, la r&eacute;daction de TFA decerne le titre de MVP et de Mousquetaires VP. Voici nos choix pour la week 2.<\/h2><p>La week 2 de l&rsquo;European League of Football a eu lieu ce week-end avec notamment la d&eacute;faite des Mousquetaires de Paris face au Surge de Stuttgart. Cela n&rsquo;emp&ecirc;chera pas la r&eacute;daction de TFA de d&eacute;cerner ses deux troph&eacute;es hebdomadaires habituels pour la week 2: le MVP, qui r&eacute;compense la meilleure performance en ELF de la semaine, et le Mousquetaire VP, qui est attribu&eacute; au meilleur joueur parisien de la semaine qui vient de s&rsquo;&eacute;couler.<\/p><h3>MVP Week 2: Thomas Fischbach, Francfort Galaxy<\/h3><p>Pour cette week 2, notre choix s&rsquo;est port&eacute; sur le running back des Francfort Galaxy, <a href=\"https:\/\/europeanleague.football\/players\/thomas-fischbach_c8e5ebb7-2bcc-4754-977c-7c3ba023f9bc\" class=\"trk-cta-link\" data-cta-trk='{\"ctaType\":\"Link\",\"ctaSubType\":\"main\"}'>Thomas Fischbach<\/a>. D&eacute;cisif dans la rencontre de cette semaine, Fischbach a &eacute;t&eacute; au centre de l&rsquo;attaque de Francfort pour permettre un succ&egrave;s facile de son &eacute;quipe face aux Fehervar Enthroners (48-13). Il a ainsi cumul&eacute; 147 yards &agrave; la course mais aussi 7 yards en r&eacute;ception mais il a surtout r&eacute;ussi &agrave; inscrire 3 touchdowns dont les deux premiers de la rencontre afin de donner de l&rsquo;air &agrave; son &eacute;quipe et de rendre la rencontre plus facile.<\/p><p>Certes, il est possible de nuancer cette excellente performance au sol par la faiblesse de la d&eacute;fense des Enthroners qui avait d&eacute;j&agrave; conc&eacute;d&eacute;e 36 points la semaine derni&egrave;re face au Thunder de Berlin. Qu&rsquo;importe, le running back de 30 ans fut une menace permanente pour la d&eacute;fense hongroise ce qui lui permet de d&eacute;crocher, &agrave; nos yeux, le troph&eacute;e de MVP de cette week 2.<\/p><p><strong>Les stats:&nbsp;<\/strong>Thomas Fischbach, 22 courses, 147 yards, 3 touchdowns, 1 r&eacute;ception, 7 yards<\/p><p><strong>Auraient aussi pu pr&eacute;tendre au titre de MVP:&nbsp;<\/strong>C. Miller (QB, Barcelone), J. Griffin (WR, Fehervar)<\/p><h3>Mousquetaires VP: R&eacute;mi Bertellin, receveur<\/h3><p><img loading=\"lazy\" decoding=\"async\" class=\"alignnone size-medium wp-image-628281 aligncenter\" src=\"https:\/\/theplayoffs.news\/fr\/wp-content\/uploads\/2023\/06\/Remi-Bertellin-300x199.jpg\" alt=\"\" width=\"300\" height=\"199\" srcset=\"https:\/\/theplayoffs.news\/fr\/wp-content\/uploads\/2023\/06\/Remi-Bertellin-300x199.jpg 300w, https:\/\/theplayoffs.news\/fr\/wp-content\/uploads\/2023\/06\/Remi-Bertellin-768x509.jpg 768w, https:\/\/theplayoffs.news\/fr\/wp-content\/uploads\/2023\/06\/Remi-Bertellin-705x467.jpg 705w, https:\/\/theplayoffs.news\/fr\/wp-content\/uploads\/2023\/06\/Remi-Bertellin.jpg 1010w\" sizes=\"auto, (max-width: 300px) 100vw, 300px\" \/><\/p><p>Dans la d&eacute;faite contre le Surge de Stuttgart (<a href=\"https:\/\/theplayoffs.news\/fr\/elf\/mousquetaires-de-paris-une-premiere-ratee-a-jean-bouin\/\" class=\"trk-cta-link\" data-cta-trk='{\"ctaType\":\"Link\",\"ctaSubType\":\"main\"}'>29-20<\/a>), un homme &agrave; tout de m&ecirc;me briller dans l&rsquo;attaque parisienne. Cet homme, c&rsquo;est le receveur R&eacute;mi Bertellin. Tr&egrave;s (peut &ecirc;tre m&ecirc;me trop) souvent recherch&eacute; par son quarterback et ancien partenaire &agrave; Barcelone Zach Edwards, R&eacute;mi Bertellin a r&eacute;ussi &agrave; capter 5 ballons pour 76 yards. Mais il a surtout r&eacute;ussi &agrave; enflammer le public de Jean Bouin avec un splendide touchdown de 28 yards qui permettait alors &agrave; son &eacute;quipe de prendre les devants. Une lumi&egrave;re dans la d&eacute;faite de cette week 2.<\/p><blockquote class=\"twitter-tweet\" data-width=\"500\" data-dnt=\"true\">\n<p lang=\"en\" dir=\"ltr\">REMI BERTELLIN &#128563; <\/p>\n<p>&#128250; <a href=\"https:\/\/twitter.com\/hashtag\/SRGatPAR?src=hash&amp;ref_src=twsrc%5Etfw\" class=\"trk-cta-link\" data-cta-trk='{\"ctaType\":\"Link\",\"ctaSubType\":\"main\"}'>#SRGatPAR<\/a> LIVE now via our Gamepass. <a href=\"https:\/\/t.co\/3bmC2nluKn\" class=\"trk-cta-link\" data-cta-trk='{\"ctaType\":\"Link\",\"ctaSubType\":\"main\"}'>https:\/\/t.co\/3bmC2nluKn<\/a> &#128242; <a href=\"https:\/\/t.co\/r0CVJjs9az\" class=\"trk-cta-link\" data-cta-trk='{\"ctaType\":\"Link\",\"ctaSubType\":\"main\"}'>pic.twitter.com\/r0CVJjs9az<\/a><\/p>\n<p>&mdash; European League of Football (@ELF_Official) <a href=\"https:\/\/twitter.com\/ELF_Official\/status\/1667565334927388679?ref_src=twsrc%5Etfw\" class=\"trk-cta-link\" data-cta-trk='{\"ctaType\":\"Link\",\"ctaSubType\":\"main\"}'>June 10, 2023<\/a><\/p><\/blockquote><p><script async src=\"https:\/\/platform.twitter.com\/widgets.js\" charset=\"utf-8\"><\/script><\/p>\n","protected":false},"excerpt":{"rendered":"","protected":false},"author":180309964,"featured_media":628280,"comment_status":"open","ping_status":"closed","sticky":false,"template":"","format":"standard","meta":{"inline_featured_image":false,"kia_subtitle":"","_mux_skip_reasons":[],"proofreadBy":0,"footnotes":""},"categories":[5964],"tags":[4569,6068],"sport":[2785],"saison":[3453],"class_list":["post-628269","post","type-post","status-publish","format-standard","has-post-thumbnail","hentry","category-elf","tag-elf","tag-remi-bertellin","sport-nfl","saison-3453"],"acf":[],"yoast_head":"<!-- This site is optimized with the Yoast SEO plugin v24.2 - https:\/\/yoast.com\/wordpress\/plugins\/seo\/ -->\n<title>ELF - Week 2: Les MVP de la semaine - The Playoffs FR<\/title>\n<meta name=\"robots\" content=\"index, follow, max-snippet:-1, max-image-preview:large, max-video-preview:-1\" \/>\n<link rel=\"canonical\" href=\"https:\/\/theplayoffs.news\/fr\/elf\/elf-week-2-les-mvp-de-la-semaine\/\" \/>\n<meta property=\"og:locale\" content=\"fr_FR\" \/>\n<meta property=\"og:type\" content=\"article\" \/>\n<meta property=\"og:title\" content=\"ELF - Week 2: Les MVP de la semaine - The Playoffs FR\" \/>\n<meta property=\"og:url\" content=\"https:\/\/theplayoffs.news\/fr\/elf\/elf-week-2-les-mvp-de-la-semaine\/\" \/>\n<meta property=\"og:site_name\" content=\"The Playoffs FR\" \/>\n<meta property=\"article:publisher\" content=\"https:\/\/www.facebook.com\/TheFreeAgentFR\/\" \/>\n<meta property=\"article:modified_time\" content=\"2023-06-12T20:16:06+02:00\" \/>\n<meta property=\"og:image\" content=\"https:\/\/theplayoffs.news\/fr\/wp-content\/uploads\/2023\/06\/Remi-Bertellin-week-2.jpg\" \/>\n\t<meta property=\"og:image:width\" content=\"1009\" \/>\n\t<meta property=\"og:image:height\" content=\"672\" \/>\n\t<meta property=\"og:image:type\" content=\"image\/jpeg\" \/>\n<meta name=\"author\" content=\"Flavien Jumeau\" \/>\n<meta name=\"twitter:card\" content=\"summary_large_image\" \/>\n<meta name=\"twitter:creator\" content=\"@TheFreeAgentFR\" \/>\n<meta name=\"twitter:site\" content=\"@TheFreeAgentFR\" \/>\n<meta name=\"twitter:label1\" content=\"\u00c9crit par\" \/>\n\t<meta name=\"twitter:data1\" content=\"Flavien Jumeau\" \/>\n\t<meta name=\"twitter:label2\" content=\"Dur\u00e9e de lecture estim\u00e9e\" \/>\n\t<meta name=\"twitter:data2\" content=\"2 minutes\" \/>\n<script type=\"application\/ld+json\" class=\"yoast-schema-graph\">{\"@context\":\"https:\/\/schema.org\",\"@graph\":[{\"@type\":\"WebPage\",\"@id\":\"https:\/\/theplayoffs.news\/fr\/elf\/elf-week-2-les-mvp-de-la-semaine\/\",\"url\":\"https:\/\/theplayoffs.news\/fr\/elf\/elf-week-2-les-mvp-de-la-semaine\/\",\"name\":\"ELF - Week 2: Les MVP de la semaine - The Playoffs FR\",\"isPartOf\":{\"@id\":\"https:\/\/theplayoffs.news\/fr\/#website\"},\"primaryImageOfPage\":{\"@id\":\"https:\/\/theplayoffs.news\/fr\/elf\/elf-week-2-les-mvp-de-la-semaine\/#primaryimage\"},\"image\":{\"@id\":\"https:\/\/theplayoffs.news\/fr\/elf\/elf-week-2-les-mvp-de-la-semaine\/#primaryimage\"},\"thumbnailUrl\":\"https:\/\/theplayoffs.news\/fr\/wp-content\/uploads\/2023\/06\/Remi-Bertellin-week-2.jpg\",\"datePublished\":\"2023-06-12T18:15:19+00:00\",\"dateModified\":\"2023-06-12T18:16:06+00:00\",\"author\":{\"@id\":\"https:\/\/theplayoffs.news\/fr\/#\/schema\/person\/def63bc6746dc5957469b75feb99e66d\"},\"breadcrumb\":{\"@id\":\"https:\/\/theplayoffs.news\/fr\/elf\/elf-week-2-les-mvp-de-la-semaine\/#breadcrumb\"},\"inLanguage\":\"fr-FR\",\"potentialAction\":[{\"@type\":\"ReadAction\",\"target\":[\"https:\/\/theplayoffs.news\/fr\/elf\/elf-week-2-les-mvp-de-la-semaine\/\"]}]},{\"@type\":\"ImageObject\",\"inLanguage\":\"fr-FR\",\"@id\":\"https:\/\/theplayoffs.news\/fr\/elf\/elf-week-2-les-mvp-de-la-semaine\/#primaryimage\",\"url\":\"https:\/\/theplayoffs.news\/fr\/wp-content\/uploads\/2023\/06\/Remi-Bertellin-week-2.jpg\",\"contentUrl\":\"https:\/\/theplayoffs.news\/fr\/wp-content\/uploads\/2023\/06\/Remi-Bertellin-week-2.jpg\",\"width\":1009,\"height\":672,\"caption\":\"Bertellin week 2\"},{\"@type\":\"BreadcrumbList\",\"@id\":\"https:\/\/theplayoffs.news\/fr\/elf\/elf-week-2-les-mvp-de-la-semaine\/#breadcrumb\",\"itemListElement\":[{\"@type\":\"ListItem\",\"position\":1,\"name\":\"Accueil\",\"item\":\"https:\/\/theplayoffs.news\/fr\/\"},{\"@type\":\"ListItem\",\"position\":2,\"name\":\"ELF &#8211; Week 2: Les MVP de la semaine\"}]},{\"@type\":\"WebSite\",\"@id\":\"https:\/\/theplayoffs.news\/fr\/#website\",\"url\":\"https:\/\/theplayoffs.news\/fr\/\",\"name\":\"The Playoffs FR\",\"description\":\"NBA-NFL-NHL-MLB\",\"potentialAction\":[{\"@type\":\"SearchAction\",\"target\":{\"@type\":\"EntryPoint\",\"urlTemplate\":\"https:\/\/theplayoffs.news\/fr\/?s={search_term_string}\"},\"query-input\":{\"@type\":\"PropertyValueSpecification\",\"valueRequired\":true,\"valueName\":\"search_term_string\"}}],\"inLanguage\":\"fr-FR\"},{\"@type\":\"Person\",\"@id\":\"https:\/\/theplayoffs.news\/fr\/#\/schema\/person\/def63bc6746dc5957469b75feb99e66d\",\"name\":\"Flavien Jumeau\",\"image\":{\"@type\":\"ImageObject\",\"inLanguage\":\"fr-FR\",\"@id\":\"https:\/\/theplayoffs.news\/fr\/#\/schema\/person\/image\/\",\"url\":\"https:\/\/secure.gravatar.com\/avatar\/e7fa8ba5a4b7e4ce35fe152f083f352db28ad0acce692004ed88a7a7d78893f7?s=96&d=mm&r=g\",\"contentUrl\":\"https:\/\/secure.gravatar.com\/avatar\/e7fa8ba5a4b7e4ce35fe152f083f352db28ad0acce692004ed88a7a7d78893f7?s=96&d=mm&r=g\",\"caption\":\"Flavien Jumeau\"},\"description\":\"Amoureux du sport (et de vraiment tous les sports) depuis mon plus jeune \u00e2ge, j\u2019ai longtemps h\u00e9site entre le snooker et le curling. Finalement c\u2019est le foot US que j\u2019ai d\u00e9cid\u00e9 de choisir! Responsable foot US sur TPO et animateur du podcast Tailgate j\u2019ai pour mission de vous faire d\u00e9couvrir ce sport passionnant si ce n\u2019est pas encore fait et de vous donner les derni\u00e8res actus. Le tout dans la bonne humeur et avec toujours un jeu de mots ou deux savamment distill\u00e9s! Fan des Saints, pour moi Drew Brees est le vrai GOAT!\",\"url\":\"https:\/\/theplayoffs.news\/fr\/author\/flavien-jumeaugmail-com\/\"}]}<\/script>\n<!-- \/ Yoast SEO plugin. -->","yoast_head_json":{"title":"ELF - Week 2: Les MVP de la semaine - The Playoffs FR","robots":{"index":"index","follow":"follow","max-snippet":"max-snippet:-1","max-image-preview":"max-image-preview:large","max-video-preview":"max-video-preview:-1"},"canonical":"https:\/\/theplayoffs.news\/fr\/elf\/elf-week-2-les-mvp-de-la-semaine\/","og_locale":"fr_FR","og_type":"article","og_title":"ELF - Week 2: Les MVP de la semaine - The Playoffs FR","og_url":"https:\/\/theplayoffs.news\/fr\/elf\/elf-week-2-les-mvp-de-la-semaine\/","og_site_name":"The Playoffs FR","article_publisher":"https:\/\/www.facebook.com\/TheFreeAgentFR\/","article_modified_time":"2023-06-12T18:16:06+00:00","og_image":[{"width":1009,"height":672,"url":"https:\/\/theplayoffs.news\/fr\/wp-content\/uploads\/2023\/06\/Remi-Bertellin-week-2.jpg","type":"image\/jpeg"}],"author":"Flavien Jumeau","twitter_card":"summary_large_image","twitter_creator":"@TheFreeAgentFR","twitter_site":"@TheFreeAgentFR","twitter_misc":{"\u00c9crit par":"Flavien Jumeau","Dur\u00e9e de lecture estim\u00e9e":"2 minutes"},"schema":{"@context":"https:\/\/schema.org","@graph":[{"@type":"WebPage","@id":"https:\/\/theplayoffs.news\/fr\/elf\/elf-week-2-les-mvp-de-la-semaine\/","url":"https:\/\/theplayoffs.news\/fr\/elf\/elf-week-2-les-mvp-de-la-semaine\/","name":"ELF - Week 2: Les MVP de la semaine - The Playoffs FR","isPartOf":{"@id":"https:\/\/theplayoffs.news\/fr\/#website"},"primaryImageOfPage":{"@id":"https:\/\/theplayoffs.news\/fr\/elf\/elf-week-2-les-mvp-de-la-semaine\/#primaryimage"},"image":{"@id":"https:\/\/theplayoffs.news\/fr\/elf\/elf-week-2-les-mvp-de-la-semaine\/#primaryimage"},"thumbnailUrl":"https:\/\/theplayoffs.news\/fr\/wp-content\/uploads\/2023\/06\/Remi-Bertellin-week-2.jpg","datePublished":"2023-06-12T18:15:19+00:00","dateModified":"2023-06-12T18:16:06+00:00","author":{"@id":"https:\/\/theplayoffs.news\/fr\/#\/schema\/person\/def63bc6746dc5957469b75feb99e66d"},"breadcrumb":{"@id":"https:\/\/theplayoffs.news\/fr\/elf\/elf-week-2-les-mvp-de-la-semaine\/#breadcrumb"},"inLanguage":"fr-FR","potentialAction":[{"@type":"ReadAction","target":["https:\/\/theplayoffs.news\/fr\/elf\/elf-week-2-les-mvp-de-la-semaine\/"]}]},{"@type":"ImageObject","inLanguage":"fr-FR","@id":"https:\/\/theplayoffs.news\/fr\/elf\/elf-week-2-les-mvp-de-la-semaine\/#primaryimage","url":"https:\/\/theplayoffs.news\/fr\/wp-content\/uploads\/2023\/06\/Remi-Bertellin-week-2.jpg","contentUrl":"https:\/\/theplayoffs.news\/fr\/wp-content\/uploads\/2023\/06\/Remi-Bertellin-week-2.jpg","width":1009,"height":672,"caption":"Bertellin week 2"},{"@type":"BreadcrumbList","@id":"https:\/\/theplayoffs.news\/fr\/elf\/elf-week-2-les-mvp-de-la-semaine\/#breadcrumb","itemListElement":[{"@type":"ListItem","position":1,"name":"Accueil","item":"https:\/\/theplayoffs.news\/fr\/"},{"@type":"ListItem","position":2,"name":"ELF &#8211; Week 2: Les MVP de la semaine"}]},{"@type":"WebSite","@id":"https:\/\/theplayoffs.news\/fr\/#website","url":"https:\/\/theplayoffs.news\/fr\/","name":"The Playoffs FR","description":"NBA-NFL-NHL-MLB","potentialAction":[{"@type":"SearchAction","target":{"@type":"EntryPoint","urlTemplate":"https:\/\/theplayoffs.news\/fr\/?s={search_term_string}"},"query-input":{"@type":"PropertyValueSpecification","valueRequired":true,"valueName":"search_term_string"}}],"inLanguage":"fr-FR"},{"@type":"Person","@id":"https:\/\/theplayoffs.news\/fr\/#\/schema\/person\/def63bc6746dc5957469b75feb99e66d","name":"Flavien Jumeau","image":{"@type":"ImageObject","inLanguage":"fr-FR","@id":"https:\/\/theplayoffs.news\/fr\/#\/schema\/person\/image\/","url":"https:\/\/secure.gravatar.com\/avatar\/e7fa8ba5a4b7e4ce35fe152f083f352db28ad0acce692004ed88a7a7d78893f7?s=96&d=mm&r=g","contentUrl":"https:\/\/secure.gravatar.com\/avatar\/e7fa8ba5a4b7e4ce35fe152f083f352db28ad0acce692004ed88a7a7d78893f7?s=96&d=mm&r=g","caption":"Flavien Jumeau"},"description":"Amoureux du sport (et de vraiment tous les sports) depuis mon plus jeune \u00e2ge, j\u2019ai longtemps h\u00e9site entre le snooker et le curling. Finalement c\u2019est le foot US que j\u2019ai d\u00e9cid\u00e9 de choisir! Responsable foot US sur TPO et animateur du podcast Tailgate j\u2019ai pour mission de vous faire d\u00e9couvrir ce sport passionnant si ce n\u2019est pas encore fait et de vous donner les derni\u00e8res actus. Le tout dans la bonne humeur et avec toujours un jeu de mots ou deux savamment distill\u00e9s! Fan des Saints, pour moi Drew Brees est le vrai GOAT!","url":"https:\/\/theplayoffs.news\/fr\/author\/flavien-jumeaugmail-com\/"}]}},"_links":{"self":[{"href":"https:\/\/theplayoffs.news\/fr\/wp-json\/wp\/v2\/posts\/628269","targetHints":{"allow":["GET"]}}],"collection":[{"href":"https:\/\/theplayoffs.news\/fr\/wp-json\/wp\/v2\/posts"}],"about":[{"href":"https:\/\/theplayoffs.news\/fr\/wp-json\/wp\/v2\/types\/post"}],"author":[{"embeddable":true,"href":"https:\/\/theplayoffs.news\/fr\/wp-json\/wp\/v2\/users\/180309964"}],"replies":[{"embeddable":true,"href":"https:\/\/theplayoffs.news\/fr\/wp-json\/wp\/v2\/comments?post=628269"}],"version-history":[{"count":3,"href":"https:\/\/theplayoffs.news\/fr\/wp-json\/wp\/v2\/posts\/628269\/revisions"}],"predecessor-version":[{"id":628284,"href":"https:\/\/theplayoffs.news\/fr\/wp-json\/wp\/v2\/posts\/628269\/revisions\/628284"}],"wp:featuredmedia":[{"embeddable":true,"href":"https:\/\/theplayoffs.news\/fr\/wp-json\/wp\/v2\/media\/628280"}],"wp:attachment":[{"href":"https:\/\/theplayoffs.news\/fr\/wp-json\/wp\/v2\/media?parent=628269"}],"wp:term":[{"taxonomy":"category","embeddable":true,"href":"https:\/\/theplayoffs.news\/fr\/wp-json\/wp\/v2\/categories?post=628269"},{"taxonomy":"post_tag","embeddable":true,"href":"https:\/\/theplayoffs.news\/fr\/wp-json\/wp\/v2\/tags?post=628269"},{"taxonomy":"sport","embeddable":true,"href":"https:\/\/theplayoffs.news\/fr\/wp-json\/wp\/v2\/sport?post=628269"},{"taxonomy":"saison","embeddable":true,"href":"https:\/\/theplayoffs.news\/fr\/wp-json\/wp\/v2\/saison?post=628269"}],"curies":[{"name":"wp","href":"https:\/\/api.w.org\/{rel}","templated":true}]}}