{"id":612193,"date":"2023-06-05T10:47:03","date_gmt":"2023-06-05T08:47:03","guid":{"rendered":"https:\/\/theplayoffs.news\/fr\/?p=612193"},"modified":"2023-06-05T10:47:04","modified_gmt":"2023-06-05T08:47:04","slug":"nestor-cortes-se-dirige-vers-il","status":"publish","type":"post","link":"https:\/\/theplayoffs.news\/fr\/actualite-mlb\/nestor-cortes-se-dirige-vers-il\/","title":{"rendered":"Nestor Cortes se dirige vers l&rsquo;IL\u00a0: ce que cela signifie pour les Yankees"},"content":{"rendered":"<h2>Les Yankees de New York font face &agrave; une autre crise potentielle cette saison alors que Nestor Cortes, un &eacute;l&eacute;ment cl&eacute; de leur rotation de lanceurs, devrait &ecirc;tre &eacute;cart&eacute; en raison d&rsquo;une blessure &agrave; l&rsquo;&eacute;paule gauche.<\/h2><p>Le manager Aaron Boone a confirm&eacute; que <a href=\"https:\/\/theplayoffs.news\/fr\/joueur\/nestor-cortes-new-york-yankees-mlb\/\" class=\"trk-cta-link\" data-cta-trk='{\"ctaType\":\"Link\",\"ctaSubType\":\"main\"}'><strong>Nestor Cortes<\/strong><\/a> serait probablement plac&eacute; sur la liste des bless&eacute;s de 15 jours, soulevant des questions sur la profondeur de lancer de l&rsquo;&eacute;quipe.<\/p><p>Cortes, qui a connu un parcours impressionnant la saison derni&egrave;re en tant que All-Star de la Ligue am&eacute;ricaine, a &eacute;t&eacute; aux prises avec un malaise persistant &agrave; l&rsquo;&eacute;paule ces derni&egrave;res semaines. Selon Boone, cela a affect&eacute; sa r&eacute;cup&eacute;ration et ses performances globales entre ses d&eacute;parts.<\/p><blockquote><p>&laquo;&nbsp;Nous ne pensons pas que ce soit quelque chose de trop grave, mais les deux derni&egrave;res fois qu&rsquo;il s&rsquo;est r&eacute;tabli entre les deux, il a eu ce mal&nbsp;&raquo;, <a href=\"https:\/\/www.mlb.com\/news\/nestor-cortes-yankees-shoulder-injury\" class=\"trk-cta-link\" data-cta-trk='{\"ctaType\":\"Link\",\"ctaSubType\":\"main\"}'>a d&eacute;clar&eacute; Boone<\/a>.<\/p><\/blockquote><p>Cela remet encore plus en question la sant&eacute; et la long&eacute;vit&eacute; des lanceurs des Yankees cette saison, qui a d&eacute;j&agrave; vu les principaux partants Carlos Rod&oacute;n et Frankie Montas au banc en raison de blessures, aucun des deux joueurs n&rsquo;ayant encore fait son apparition dans l&rsquo;&eacute;quipe.<\/p><p>Ce revers pour Nestor Cortes est une mauvaise nouvelle pour les Yankees, qui comptent beaucoup sur le gaucher de 28 ans malgr&eacute; une saison quelque peu mouvement&eacute;e, avec un bilan de 5-2 et une ERA de 5,16. Bien que ces statistiques ne soient pas n&eacute;cessairement pr&eacute;occupantes, ses difficult&eacute;s ont &eacute;t&eacute; particuli&egrave;rement notables.<\/p><p>Il faut &eacute;galement se souvenir que la pr&eacute;paration de la saison de Nestor Cortes a &eacute;galement &eacute;t&eacute; entrav&eacute;e par une tension aux ischio-jambiers droits, ce qui pourrait &ecirc;tre un facteur affectant ses performances.<\/p><p>Bien que la chirurgie semble peu probable pour Cortes &agrave; ce stade, il doit subir une IRM dans les prochains jours &agrave; New York pour d&eacute;terminer l&rsquo;&eacute;tendue et la gravit&eacute; de la blessure.<\/p><blockquote><p>&laquo;&nbsp;C&rsquo;est notre sentiment maintenant, mais encore une fois, nous n&rsquo;avons pas eu de tests&nbsp;&raquo;, a d&eacute;clar&eacute; Boone. &laquo;&nbsp;C&rsquo;est le sentiment des entra&icirc;neurs, que ce n&rsquo;est probablement pas [chirurgie]. Mais encore une fois, nous sp&eacute;culons l&agrave;-bas.<\/p><\/blockquote><p>Pendant ce temps, avec Nestor Cortes &agrave; l&rsquo;&eacute;cart, <a href=\"https:\/\/theplayoffs.news\/fr\/joueur\/clarke-schmidt-mlb-82170\/\" class=\"trk-cta-link\" data-cta-trk='{\"ctaType\":\"Link\",\"ctaSubType\":\"main\"}'><strong>Clarke Schmidt<\/strong><\/a> devrait intervenir et commencer mardi contre les White Sox au Yankee Stadium. Quant au match de mercredi, le partant n&rsquo;a pas encore &eacute;t&eacute; d&eacute;cid&eacute;, <a href=\"https:\/\/theplayoffs.news\/fr\/joueur\/jhony-brito-mlb-85728\/\" class=\"trk-cta-link\" data-cta-trk='{\"ctaType\":\"Link\",\"ctaSubType\":\"main\"}'><strong>Jhony Brito<\/strong><\/a> et Randy V&aacute;squez &eacute;tant des possibilit&eacute;s, car ils sont tous les deux sur la liste des 40 joueurs.<\/p><p>La prochaine IRM offrira plus de clart&eacute; concernant l&rsquo;&eacute;tat de l&rsquo;&eacute;paule de Cortes et, esp&eacute;rons-le, fournira aux Yankees un sens de la direction &agrave; suivre.<\/p>\n","protected":false},"excerpt":{"rendered":"","protected":false},"author":13,"featured_media":612212,"comment_status":"open","ping_status":"closed","sticky":false,"template":"","format":"standard","meta":{"inline_featured_image":false,"kia_subtitle":"","_mux_skip_reasons":[],"proofreadBy":0,"footnotes":""},"categories":[188,9],"tags":[4229,717],"sport":[],"saison":[],"class_list":["post-612193","post","type-post","status-publish","format-standard","has-post-thumbnail","hentry","category-actualite-mlb","category-mlb","tag-nestor-cortes","tag-new-york-yankees"],"acf":[],"yoast_head":"<!-- This site is optimized with the Yoast SEO plugin v24.2 - https:\/\/yoast.com\/wordpress\/plugins\/seo\/ -->\n<title>Nestor Cortes se dirige vers l&#039;IL&nbsp;: ce que cela signifie pour les Yankees - The Playoffs FR<\/title>\n<meta name=\"robots\" content=\"index, follow, max-snippet:-1, max-image-preview:large, max-video-preview:-1\" \/>\n<link rel=\"canonical\" href=\"https:\/\/theplayoffs.news\/fr\/actualite-mlb\/nestor-cortes-se-dirige-vers-il\/\" \/>\n<meta property=\"og:locale\" content=\"fr_FR\" \/>\n<meta property=\"og:type\" content=\"article\" \/>\n<meta property=\"og:title\" content=\"Nestor Cortes se dirige vers l&#039;IL&nbsp;: ce que cela signifie pour les Yankees - The Playoffs FR\" \/>\n<meta property=\"og:url\" content=\"https:\/\/theplayoffs.news\/fr\/actualite-mlb\/nestor-cortes-se-dirige-vers-il\/\" \/>\n<meta property=\"og:site_name\" content=\"The Playoffs FR\" \/>\n<meta property=\"article:publisher\" content=\"https:\/\/www.facebook.com\/TheFreeAgentFR\/\" \/>\n<meta property=\"article:modified_time\" content=\"2023-06-05T10:47:04+02:00\" \/>\n<meta property=\"og:image\" content=\"https:\/\/theplayoffs.news\/fr\/wp-content\/uploads\/2023\/06\/Capture-decran-2023-06-05-a-10.40.28.jpg\" \/>\n\t<meta property=\"og:image:width\" content=\"1889\" \/>\n\t<meta property=\"og:image:height\" content=\"978\" \/>\n\t<meta property=\"og:image:type\" content=\"image\/jpeg\" \/>\n<meta name=\"author\" content=\"Charles Taudin\" \/>\n<meta name=\"twitter:card\" content=\"summary_large_image\" \/>\n<meta name=\"twitter:creator\" content=\"@TheFreeAgentFR\" \/>\n<meta name=\"twitter:site\" content=\"@TheFreeAgentFR\" \/>\n<meta name=\"twitter:label1\" content=\"\u00c9crit par\" \/>\n\t<meta name=\"twitter:data1\" content=\"Charles Taudin\" \/>\n\t<meta name=\"twitter:label2\" content=\"Dur\u00e9e de lecture estim\u00e9e\" \/>\n\t<meta name=\"twitter:data2\" content=\"2 minutes\" \/>\n<script type=\"application\/ld+json\" class=\"yoast-schema-graph\">{\"@context\":\"https:\/\/schema.org\",\"@graph\":[{\"@type\":\"WebPage\",\"@id\":\"https:\/\/theplayoffs.news\/fr\/actualite-mlb\/nestor-cortes-se-dirige-vers-il\/\",\"url\":\"https:\/\/theplayoffs.news\/fr\/actualite-mlb\/nestor-cortes-se-dirige-vers-il\/\",\"name\":\"Nestor Cortes se dirige vers l\\\\'IL\u00a0: ce que cela signifie pour les Yankees - The Playoffs FR\",\"isPartOf\":{\"@id\":\"https:\/\/theplayoffs.news\/fr\/#website\"},\"primaryImageOfPage\":{\"@id\":\"https:\/\/theplayoffs.news\/fr\/actualite-mlb\/nestor-cortes-se-dirige-vers-il\/#primaryimage\"},\"image\":{\"@id\":\"https:\/\/theplayoffs.news\/fr\/actualite-mlb\/nestor-cortes-se-dirige-vers-il\/#primaryimage\"},\"thumbnailUrl\":\"https:\/\/theplayoffs.news\/fr\/wp-content\/uploads\/2023\/06\/Capture-decran-2023-06-05-a-10.40.28.jpg\",\"datePublished\":\"2023-06-05T08:47:03+00:00\",\"dateModified\":\"2023-06-05T08:47:04+00:00\",\"author\":{\"@id\":\"https:\/\/theplayoffs.news\/fr\/#\/schema\/person\/eee5b69ad5d3c51cabe881c839dbe133\"},\"breadcrumb\":{\"@id\":\"https:\/\/theplayoffs.news\/fr\/actualite-mlb\/nestor-cortes-se-dirige-vers-il\/#breadcrumb\"},\"inLanguage\":\"fr-FR\",\"potentialAction\":[{\"@type\":\"ReadAction\",\"target\":[\"https:\/\/theplayoffs.news\/fr\/actualite-mlb\/nestor-cortes-se-dirige-vers-il\/\"]}]},{\"@type\":\"ImageObject\",\"inLanguage\":\"fr-FR\",\"@id\":\"https:\/\/theplayoffs.news\/fr\/actualite-mlb\/nestor-cortes-se-dirige-vers-il\/#primaryimage\",\"url\":\"https:\/\/theplayoffs.news\/fr\/wp-content\/uploads\/2023\/06\/Capture-decran-2023-06-05-a-10.40.28.jpg\",\"contentUrl\":\"https:\/\/theplayoffs.news\/fr\/wp-content\/uploads\/2023\/06\/Capture-decran-2023-06-05-a-10.40.28.jpg\",\"width\":1889,\"height\":978,\"caption\":\"nestor Cortes\"},{\"@type\":\"BreadcrumbList\",\"@id\":\"https:\/\/theplayoffs.news\/fr\/actualite-mlb\/nestor-cortes-se-dirige-vers-il\/#breadcrumb\",\"itemListElement\":[{\"@type\":\"ListItem\",\"position\":1,\"name\":\"Accueil\",\"item\":\"https:\/\/theplayoffs.news\/fr\/\"},{\"@type\":\"ListItem\",\"position\":2,\"name\":\"Nestor Cortes se dirige vers l&rsquo;IL\u00a0: ce que cela signifie pour les Yankees\"}]},{\"@type\":\"WebSite\",\"@id\":\"https:\/\/theplayoffs.news\/fr\/#website\",\"url\":\"https:\/\/theplayoffs.news\/fr\/\",\"name\":\"The Playoffs FR\",\"description\":\"NBA-NFL-NHL-MLB\",\"potentialAction\":[{\"@type\":\"SearchAction\",\"target\":{\"@type\":\"EntryPoint\",\"urlTemplate\":\"https:\/\/theplayoffs.news\/fr\/?s={search_term_string}\"},\"query-input\":{\"@type\":\"PropertyValueSpecification\",\"valueRequired\":true,\"valueName\":\"search_term_string\"}}],\"inLanguage\":\"fr-FR\"},{\"@type\":\"Person\",\"@id\":\"https:\/\/theplayoffs.news\/fr\/#\/schema\/person\/eee5b69ad5d3c51cabe881c839dbe133\",\"name\":\"Charles Taudin\",\"image\":{\"@type\":\"ImageObject\",\"inLanguage\":\"fr-FR\",\"@id\":\"https:\/\/theplayoffs.news\/fr\/#\/schema\/person\/image\/\",\"url\":\"https:\/\/secure.gravatar.com\/avatar\/59a1e772205ce9fd255edfcafc93013736822e20261f294c5753b20c41ede9f2?s=96&d=mm&r=g\",\"contentUrl\":\"https:\/\/secure.gravatar.com\/avatar\/59a1e772205ce9fd255edfcafc93013736822e20261f294c5753b20c41ede9f2?s=96&d=mm&r=g\",\"caption\":\"Charles Taudin\"},\"description\":\"R\u00e9dacteur en chef global de The Playoffs, j\u2019ai cr\u00e9\u00e9 The Free Agent, devenu The Playoffs FR, en 2020 durant la pand\u00e9mie. Amoureux depuis des ann\u00e9es des 4 sports majeurs am\u00e9ricains, j\u2019organise maintenant la strat\u00e9gie \u00e9ditoriale et les r\u00e9seaux sociaux de l\u2019ensemble des versions de The Playoffs. Il m\u2019arrive encore d\u2019\u00e9crire sur certains sports que j\u2019affectionne particuli\u00e8rement comme la NFL ou la MLB. Si vous devez retenir qu\u2019une chose : Eli Manning est le vrai GOAT pour avoir battu deux fois Tom Brady.\",\"sameAs\":[\"https:\/\/www.instagram.com\/ctaudin_\/\"],\"url\":\"https:\/\/theplayoffs.news\/fr\/author\/charles-taudin\/\"}]}<\/script>\n<!-- \/ Yoast SEO plugin. -->","yoast_head_json":{"title":"Nestor Cortes se dirige vers l&#039;IL&nbsp;: ce que cela signifie pour les Yankees - The Playoffs FR","robots":{"index":"index","follow":"follow","max-snippet":"max-snippet:-1","max-image-preview":"max-image-preview:large","max-video-preview":"max-video-preview:-1"},"canonical":"https:\/\/theplayoffs.news\/fr\/actualite-mlb\/nestor-cortes-se-dirige-vers-il\/","og_locale":"fr_FR","og_type":"article","og_title":"Nestor Cortes se dirige vers l&#039;IL&nbsp;: ce que cela signifie pour les Yankees - The Playoffs FR","og_url":"https:\/\/theplayoffs.news\/fr\/actualite-mlb\/nestor-cortes-se-dirige-vers-il\/","og_site_name":"The Playoffs FR","article_publisher":"https:\/\/www.facebook.com\/TheFreeAgentFR\/","article_modified_time":"2023-06-05T08:47:04+00:00","og_image":[{"width":1889,"height":978,"url":"https:\/\/theplayoffs.news\/fr\/wp-content\/uploads\/2023\/06\/Capture-decran-2023-06-05-a-10.40.28.jpg","type":"image\/jpeg"}],"author":"Charles Taudin","twitter_card":"summary_large_image","twitter_creator":"@TheFreeAgentFR","twitter_site":"@TheFreeAgentFR","twitter_misc":{"\u00c9crit par":"Charles Taudin","Dur\u00e9e de lecture estim\u00e9e":"2 minutes"},"schema":{"@context":"https:\/\/schema.org","@graph":[{"@type":"WebPage","@id":"https:\/\/theplayoffs.news\/fr\/actualite-mlb\/nestor-cortes-se-dirige-vers-il\/","url":"https:\/\/theplayoffs.news\/fr\/actualite-mlb\/nestor-cortes-se-dirige-vers-il\/","name":"Nestor Cortes se dirige vers l\\'IL\u00a0: ce que cela signifie pour les Yankees - The Playoffs FR","isPartOf":{"@id":"https:\/\/theplayoffs.news\/fr\/#website"},"primaryImageOfPage":{"@id":"https:\/\/theplayoffs.news\/fr\/actualite-mlb\/nestor-cortes-se-dirige-vers-il\/#primaryimage"},"image":{"@id":"https:\/\/theplayoffs.news\/fr\/actualite-mlb\/nestor-cortes-se-dirige-vers-il\/#primaryimage"},"thumbnailUrl":"https:\/\/theplayoffs.news\/fr\/wp-content\/uploads\/2023\/06\/Capture-decran-2023-06-05-a-10.40.28.jpg","datePublished":"2023-06-05T08:47:03+00:00","dateModified":"2023-06-05T08:47:04+00:00","author":{"@id":"https:\/\/theplayoffs.news\/fr\/#\/schema\/person\/eee5b69ad5d3c51cabe881c839dbe133"},"breadcrumb":{"@id":"https:\/\/theplayoffs.news\/fr\/actualite-mlb\/nestor-cortes-se-dirige-vers-il\/#breadcrumb"},"inLanguage":"fr-FR","potentialAction":[{"@type":"ReadAction","target":["https:\/\/theplayoffs.news\/fr\/actualite-mlb\/nestor-cortes-se-dirige-vers-il\/"]}]},{"@type":"ImageObject","inLanguage":"fr-FR","@id":"https:\/\/theplayoffs.news\/fr\/actualite-mlb\/nestor-cortes-se-dirige-vers-il\/#primaryimage","url":"https:\/\/theplayoffs.news\/fr\/wp-content\/uploads\/2023\/06\/Capture-decran-2023-06-05-a-10.40.28.jpg","contentUrl":"https:\/\/theplayoffs.news\/fr\/wp-content\/uploads\/2023\/06\/Capture-decran-2023-06-05-a-10.40.28.jpg","width":1889,"height":978,"caption":"nestor Cortes"},{"@type":"BreadcrumbList","@id":"https:\/\/theplayoffs.news\/fr\/actualite-mlb\/nestor-cortes-se-dirige-vers-il\/#breadcrumb","itemListElement":[{"@type":"ListItem","position":1,"name":"Accueil","item":"https:\/\/theplayoffs.news\/fr\/"},{"@type":"ListItem","position":2,"name":"Nestor Cortes se dirige vers l&rsquo;IL\u00a0: ce que cela signifie pour les Yankees"}]},{"@type":"WebSite","@id":"https:\/\/theplayoffs.news\/fr\/#website","url":"https:\/\/theplayoffs.news\/fr\/","name":"The Playoffs FR","description":"NBA-NFL-NHL-MLB","potentialAction":[{"@type":"SearchAction","target":{"@type":"EntryPoint","urlTemplate":"https:\/\/theplayoffs.news\/fr\/?s={search_term_string}"},"query-input":{"@type":"PropertyValueSpecification","valueRequired":true,"valueName":"search_term_string"}}],"inLanguage":"fr-FR"},{"@type":"Person","@id":"https:\/\/theplayoffs.news\/fr\/#\/schema\/person\/eee5b69ad5d3c51cabe881c839dbe133","name":"Charles Taudin","image":{"@type":"ImageObject","inLanguage":"fr-FR","@id":"https:\/\/theplayoffs.news\/fr\/#\/schema\/person\/image\/","url":"https:\/\/secure.gravatar.com\/avatar\/59a1e772205ce9fd255edfcafc93013736822e20261f294c5753b20c41ede9f2?s=96&d=mm&r=g","contentUrl":"https:\/\/secure.gravatar.com\/avatar\/59a1e772205ce9fd255edfcafc93013736822e20261f294c5753b20c41ede9f2?s=96&d=mm&r=g","caption":"Charles Taudin"},"description":"R\u00e9dacteur en chef global de The Playoffs, j\u2019ai cr\u00e9\u00e9 The Free Agent, devenu The Playoffs FR, en 2020 durant la pand\u00e9mie. Amoureux depuis des ann\u00e9es des 4 sports majeurs am\u00e9ricains, j\u2019organise maintenant la strat\u00e9gie \u00e9ditoriale et les r\u00e9seaux sociaux de l\u2019ensemble des versions de The Playoffs. Il m\u2019arrive encore d\u2019\u00e9crire sur certains sports que j\u2019affectionne particuli\u00e8rement comme la NFL ou la MLB. Si vous devez retenir qu\u2019une chose : Eli Manning est le vrai GOAT pour avoir battu deux fois Tom Brady.","sameAs":["https:\/\/www.instagram.com\/ctaudin_\/"],"url":"https:\/\/theplayoffs.news\/fr\/author\/charles-taudin\/"}]}},"_links":{"self":[{"href":"https:\/\/theplayoffs.news\/fr\/wp-json\/wp\/v2\/posts\/612193","targetHints":{"allow":["GET"]}}],"collection":[{"href":"https:\/\/theplayoffs.news\/fr\/wp-json\/wp\/v2\/posts"}],"about":[{"href":"https:\/\/theplayoffs.news\/fr\/wp-json\/wp\/v2\/types\/post"}],"author":[{"embeddable":true,"href":"https:\/\/theplayoffs.news\/fr\/wp-json\/wp\/v2\/users\/13"}],"replies":[{"embeddable":true,"href":"https:\/\/theplayoffs.news\/fr\/wp-json\/wp\/v2\/comments?post=612193"}],"version-history":[{"count":2,"href":"https:\/\/theplayoffs.news\/fr\/wp-json\/wp\/v2\/posts\/612193\/revisions"}],"predecessor-version":[{"id":612237,"href":"https:\/\/theplayoffs.news\/fr\/wp-json\/wp\/v2\/posts\/612193\/revisions\/612237"}],"wp:featuredmedia":[{"embeddable":true,"href":"https:\/\/theplayoffs.news\/fr\/wp-json\/wp\/v2\/media\/612212"}],"wp:attachment":[{"href":"https:\/\/theplayoffs.news\/fr\/wp-json\/wp\/v2\/media?parent=612193"}],"wp:term":[{"taxonomy":"category","embeddable":true,"href":"https:\/\/theplayoffs.news\/fr\/wp-json\/wp\/v2\/categories?post=612193"},{"taxonomy":"post_tag","embeddable":true,"href":"https:\/\/theplayoffs.news\/fr\/wp-json\/wp\/v2\/tags?post=612193"},{"taxonomy":"sport","embeddable":true,"href":"https:\/\/theplayoffs.news\/fr\/wp-json\/wp\/v2\/sport?post=612193"},{"taxonomy":"saison","embeddable":true,"href":"https:\/\/theplayoffs.news\/fr\/wp-json\/wp\/v2\/saison?post=612193"}],"curies":[{"name":"wp","href":"https:\/\/api.w.org\/{rel}","templated":true}]}}