{"id":605456,"date":"2023-05-31T11:16:19","date_gmt":"2023-05-31T09:16:19","guid":{"rendered":"https:\/\/theplayoffs.news\/fr\/?p=605456"},"modified":"2023-06-02T11:21:27","modified_gmt":"2023-06-02T09:21:27","slug":"victor-wembanyama-19-ans-bientot-sur-les-parquets-de-la-nba","status":"publish","type":"post","link":"https:\/\/theplayoffs.news\/fr\/actualite-nba\/victor-wembanyama-19-ans-bientot-sur-les-parquets-de-la-nba\/","title":{"rendered":"Victor Wembanyama (19 ans), bient\u00f4t sur les parquets de la NBA"},"content":{"rendered":"<h2>Le draft de la NBA constitue un &eacute;v&eacute;nement annuel au cours duquel les franchises de NBA mettent &agrave; l&rsquo;&eacute;preuve des joueurs de basketball pr&eacute;tendant &agrave; une place dans la ligue de basket la plus relev&eacute;e au monde.<\/h2><p>Organis&eacute; pour la premi&egrave;re fois en 1947, il permet aux joueurs (universitaires, professionnels d&rsquo;autres pays, etc.) de faire leurs preuves et de d&eacute;crocher un contrat dans la ligue. Pour le draft de cette ann&eacute;e, devant se tenir le 22 juin 2023, le prodige Victor Wembanyama se porte candidat. Petit aper&ccedil;u de son parcours et de ses ambitions.<\/p><h3>Victor Wembanyama annonce sa participation au draft 2023<\/h3><p>Alors que c&rsquo;&eacute;tait attendu depuis un certain temps par de nombreux analystes de basket-ball, une annonce officielle a d&eacute;sormais &eacute;t&eacute; faite sur la question. Victor Wembanyama, joueur aux qualit&eacute;s si vari&eacute;es qu&rsquo;il est pour l&rsquo;heure compliqu&eacute; de lui attribuer un profil fixe, l&rsquo;a indiqu&eacute; lui-m&ecirc;me au cours d&rsquo;une interview accord&eacute;e &agrave; ESPN le vendredi 21 avril 2023. Se r&eacute;jouissant des nombreuses bonnes nouvelles qu&rsquo;il re&ccedil;oit depuis de nombreuses ann&eacute;es et remerciant ses proches pour leur soutien, il finit par mentionner sa candidature au draft NBA 2023 avec un certain engouement.<\/p><p>L&rsquo;international fran&ccedil;ais &eacute;volue pour le moment sous les couleurs des Metropolitans 92 de Boulogne-Levallois, en division 1 du championnat fran&ccedil;ais de basket (Betclic &Eacute;lite). Avec cette annonce, et l&rsquo;ensemble des &eacute;v&eacute;nements qui l&rsquo;entoure, il y a fort &agrave; parier qu&rsquo;il rejoindra prochainement une franchise de la NBA. Ainsi, si vous avez pour habitude de lire en ligne des <a href=\"https:\/\/www.pokerstars.fr\/sports\/\" class=\"trk-cta-link\" data-cta-trk='{\"ctaType\":\"Link\",\"ctaSubType\":\"main\"}'>conseils pour parier sur le sport<\/a>, vous devriez commencer &agrave; voir dans quelques mois des pr&eacute;dictions bas&eacute;es sur les performances du jeune prodige.<\/p><p>Il s&rsquo;agit l&agrave; d&rsquo;une suite plut&ocirc;t logique &agrave; la carri&egrave;re naissante du gamin de Chesnay. Ses performances depuis son plus jeune &acirc;ge &eacute;taient d&eacute;j&agrave; scrut&eacute;es, et il a su se donner les moyens de s&eacute;duire son monde.<\/p><h3>Premier fran&ccedil;ais &agrave; participer au draft en tant que choix n&deg;1&nbsp;: il a conquis les Am&eacute;ricains<\/h3><p><a href=\"https:\/\/fr.wikipedia.org\/wiki\/Liste_des_premiers_choix_de_la_draft_de_la_NBA\" class=\"trk-cta-link\" data-cta-trk='{\"ctaType\":\"Link\",\"ctaSubType\":\"main\"}'>Au cours des drafts de la NBA<\/a>, principale voie pour acc&eacute;der &agrave; la ligue nord-am&eacute;ricaine, les 30 franchises ont la possibilit&eacute; de choisir parmi 60 prospects. En th&eacute;orie, ces 60 prospects sont identifi&eacute;s par les scouts au cours de la pr&eacute;c&eacute;dente saison. Mais pour un talent comme Victor Wembanyama, les choses ont pris bien plus d&rsquo;ampleur. Le prodige de 19 ans fait aujourd&rsquo;hui l&rsquo;objet d&rsquo;une hype aussi intense que celle qu&rsquo;avait connu Zion Williamson, prodige am&eacute;ricain h&eacute;las ralenti ensuite par les blessures. S&rsquo;il en est ainsi, c&rsquo;est parce qu&rsquo;il &eacute;tait suivi depuis son plus jeune &acirc;ge, lui qui est r&eacute;guli&egrave;rement qualifi&eacute; de talent g&eacute;n&eacute;rationnel. Sa participation au draft 2023 &eacute;tait par exemple d&eacute;j&agrave; envisag&eacute;e par des sp&eacute;cialistes depuis 2020 &ndash; 2021. Son &eacute;volution l&rsquo;a par la suite confirm&eacute;.<\/p><p>Au cours d&rsquo;une tourn&eacute;e am&eacute;ricaine avec son club de Boulogne, il a pris part &agrave; un match d&rsquo;exhibition contre la G-League Ignite. Du haut de ses 2,21 m (avec 2,43 m d&rsquo;envergure), il a &eacute;bloui de son talent, commentateurs, observateurs et spectateurs. M&ecirc;me si son club ne l&rsquo;a pas emport&eacute;, il a enregistr&eacute; une excellente performance&nbsp;: 37 points, 7 sur 11 aux 3 points, 5 contres et 4 rebonds. Au-del&agrave; des chiffres, celui qui semble pouvoir quasiment tout faire aux cinq postes a surtout impressionn&eacute; par son style de jeu et sa capacit&eacute; &agrave; porter la balle d&rsquo;un panier &agrave; un autre.<\/p><p>Au vu de son statut durant le draft, il devrait &ecirc;tre le premier choisi par les San Antonio Spurs de Gregg Popovich, qui dispose du premier choix le 22 juin prochain. Il n&rsquo;y a plus qu&rsquo;&agrave; lui souhaiter de briller durant le draft, et de <a href=\"https:\/\/www.basketsession.com\/NBA\/lebron-james-carriere-nba-654332\/\" class=\"trk-cta-link\" data-cta-trk='{\"ctaType\":\"Link\",\"ctaSubType\":\"main\"}'>conna&icirc;tre ensuite une brillante carri&egrave;re<\/a>&nbsp;!<\/p><p>&nbsp;<\/p>\n","protected":false},"excerpt":{"rendered":"","protected":false},"author":180309799,"featured_media":605460,"comment_status":"open","ping_status":"closed","sticky":false,"template":"","format":"standard","meta":{"inline_featured_image":false,"kia_subtitle":"","_mux_skip_reasons":[],"proofreadBy":0,"footnotes":""},"categories":[110,10],"tags":[],"sport":[],"saison":[],"class_list":["post-605456","post","type-post","status-publish","format-standard","has-post-thumbnail","hentry","category-actualite-nba","category-nba"],"acf":[],"yoast_head":"<!-- This site is optimized with the Yoast SEO plugin v24.2 - https:\/\/yoast.com\/wordpress\/plugins\/seo\/ -->\n<title>Victor Wembanyama (19 ans), bient&ocirc;t sur les parquets de la NBA - The Playoffs FR<\/title>\n<meta name=\"robots\" content=\"index, follow, max-snippet:-1, max-image-preview:large, max-video-preview:-1\" \/>\n<link rel=\"canonical\" href=\"https:\/\/theplayoffs.news\/fr\/actualite-nba\/victor-wembanyama-19-ans-bientot-sur-les-parquets-de-la-nba\/\" \/>\n<meta property=\"og:locale\" content=\"fr_FR\" \/>\n<meta property=\"og:type\" content=\"article\" \/>\n<meta property=\"og:title\" content=\"Victor Wembanyama (19 ans), bient&ocirc;t sur les parquets de la NBA - The Playoffs FR\" \/>\n<meta property=\"og:url\" content=\"https:\/\/theplayoffs.news\/fr\/actualite-nba\/victor-wembanyama-19-ans-bientot-sur-les-parquets-de-la-nba\/\" \/>\n<meta property=\"og:site_name\" content=\"The Playoffs FR\" \/>\n<meta property=\"article:publisher\" content=\"https:\/\/www.facebook.com\/TheFreeAgentFR\/\" \/>\n<meta property=\"article:modified_time\" content=\"2023-06-02T11:21:27+02:00\" \/>\n<meta property=\"og:image\" content=\"https:\/\/theplayoffs.news\/fr\/wp-content\/uploads\/2023\/06\/Sans-titre.jpg\" \/>\n\t<meta property=\"og:image:width\" content=\"425\" \/>\n\t<meta property=\"og:image:height\" content=\"283\" \/>\n\t<meta property=\"og:image:type\" content=\"image\/jpeg\" \/>\n<meta name=\"author\" content=\"La r\u00e9daction\" \/>\n<meta name=\"twitter:card\" content=\"summary_large_image\" \/>\n<meta name=\"twitter:creator\" content=\"@TheFreeAgentFR\" \/>\n<meta name=\"twitter:site\" content=\"@TheFreeAgentFR\" \/>\n<meta name=\"twitter:label1\" content=\"\u00c9crit par\" \/>\n\t<meta name=\"twitter:data1\" content=\"La r\u00e9daction\" \/>\n\t<meta name=\"twitter:label2\" content=\"Dur\u00e9e de lecture estim\u00e9e\" \/>\n\t<meta name=\"twitter:data2\" content=\"3 minutes\" \/>\n<script type=\"application\/ld+json\" class=\"yoast-schema-graph\">{\"@context\":\"https:\/\/schema.org\",\"@graph\":[{\"@type\":\"WebPage\",\"@id\":\"https:\/\/theplayoffs.news\/fr\/actualite-nba\/victor-wembanyama-19-ans-bientot-sur-les-parquets-de-la-nba\/\",\"url\":\"https:\/\/theplayoffs.news\/fr\/actualite-nba\/victor-wembanyama-19-ans-bientot-sur-les-parquets-de-la-nba\/\",\"name\":\"Victor Wembanyama (19 ans), bient\u00f4t sur les parquets de la NBA - The Playoffs FR\",\"isPartOf\":{\"@id\":\"https:\/\/theplayoffs.news\/fr\/#website\"},\"primaryImageOfPage\":{\"@id\":\"https:\/\/theplayoffs.news\/fr\/actualite-nba\/victor-wembanyama-19-ans-bientot-sur-les-parquets-de-la-nba\/#primaryimage\"},\"image\":{\"@id\":\"https:\/\/theplayoffs.news\/fr\/actualite-nba\/victor-wembanyama-19-ans-bientot-sur-les-parquets-de-la-nba\/#primaryimage\"},\"thumbnailUrl\":\"https:\/\/theplayoffs.news\/fr\/wp-content\/uploads\/2023\/06\/Sans-titre.jpg\",\"datePublished\":\"2023-05-31T09:16:19+00:00\",\"dateModified\":\"2023-06-02T09:21:27+00:00\",\"author\":{\"@id\":\"https:\/\/theplayoffs.news\/fr\/#\/schema\/person\/bb40426f4e478f9bd8cdbfeb4f2f9784\"},\"breadcrumb\":{\"@id\":\"https:\/\/theplayoffs.news\/fr\/actualite-nba\/victor-wembanyama-19-ans-bientot-sur-les-parquets-de-la-nba\/#breadcrumb\"},\"inLanguage\":\"fr-FR\",\"potentialAction\":[{\"@type\":\"ReadAction\",\"target\":[\"https:\/\/theplayoffs.news\/fr\/actualite-nba\/victor-wembanyama-19-ans-bientot-sur-les-parquets-de-la-nba\/\"]}]},{\"@type\":\"ImageObject\",\"inLanguage\":\"fr-FR\",\"@id\":\"https:\/\/theplayoffs.news\/fr\/actualite-nba\/victor-wembanyama-19-ans-bientot-sur-les-parquets-de-la-nba\/#primaryimage\",\"url\":\"https:\/\/theplayoffs.news\/fr\/wp-content\/uploads\/2023\/06\/Sans-titre.jpg\",\"contentUrl\":\"https:\/\/theplayoffs.news\/fr\/wp-content\/uploads\/2023\/06\/Sans-titre.jpg\",\"width\":425,\"height\":283,\"caption\":\"victor wembanyama\"},{\"@type\":\"BreadcrumbList\",\"@id\":\"https:\/\/theplayoffs.news\/fr\/actualite-nba\/victor-wembanyama-19-ans-bientot-sur-les-parquets-de-la-nba\/#breadcrumb\",\"itemListElement\":[{\"@type\":\"ListItem\",\"position\":1,\"name\":\"Accueil\",\"item\":\"https:\/\/theplayoffs.news\/fr\/\"},{\"@type\":\"ListItem\",\"position\":2,\"name\":\"Victor Wembanyama (19 ans), bient\u00f4t sur les parquets de la NBA\"}]},{\"@type\":\"WebSite\",\"@id\":\"https:\/\/theplayoffs.news\/fr\/#website\",\"url\":\"https:\/\/theplayoffs.news\/fr\/\",\"name\":\"The Playoffs FR\",\"description\":\"NBA-NFL-NHL-MLB\",\"potentialAction\":[{\"@type\":\"SearchAction\",\"target\":{\"@type\":\"EntryPoint\",\"urlTemplate\":\"https:\/\/theplayoffs.news\/fr\/?s={search_term_string}\"},\"query-input\":{\"@type\":\"PropertyValueSpecification\",\"valueRequired\":true,\"valueName\":\"search_term_string\"}}],\"inLanguage\":\"fr-FR\"},{\"@type\":\"Person\",\"@id\":\"https:\/\/theplayoffs.news\/fr\/#\/schema\/person\/bb40426f4e478f9bd8cdbfeb4f2f9784\",\"name\":\"La r\u00e9daction\",\"image\":{\"@type\":\"ImageObject\",\"inLanguage\":\"fr-FR\",\"@id\":\"https:\/\/theplayoffs.news\/fr\/#\/schema\/person\/image\/\",\"url\":\"https:\/\/secure.gravatar.com\/avatar\/7e69b41460ab2c17d61c8c364b6a0ee006f957a70191383ef42be1f4733d6515?s=96&d=mm&r=g\",\"contentUrl\":\"https:\/\/secure.gravatar.com\/avatar\/7e69b41460ab2c17d61c8c364b6a0ee006f957a70191383ef42be1f4733d6515?s=96&d=mm&r=g\",\"caption\":\"La r\u00e9daction\"},\"description\":\"On dit qu\\\\'il faut un village pour s\\\\'occuper d\\\\'un enfant. Et bien c\\\\'est exactement ce dont il s\\\\'agit ici pour The Playoffs. La r\u00e9daction, ce sont vos r\u00e9dacteurs pr\u00e9f\u00e9r\u00e9s qui collaborent sur ces articles que vous lisez au quotidien.\u00a0\",\"url\":\"https:\/\/theplayoffs.news\/fr\/author\/freeagentfr\/\"}]}<\/script>\n<!-- \/ Yoast SEO plugin. -->","yoast_head_json":{"title":"Victor Wembanyama (19 ans), bient&ocirc;t sur les parquets de la NBA - The Playoffs FR","robots":{"index":"index","follow":"follow","max-snippet":"max-snippet:-1","max-image-preview":"max-image-preview:large","max-video-preview":"max-video-preview:-1"},"canonical":"https:\/\/theplayoffs.news\/fr\/actualite-nba\/victor-wembanyama-19-ans-bientot-sur-les-parquets-de-la-nba\/","og_locale":"fr_FR","og_type":"article","og_title":"Victor Wembanyama (19 ans), bient&ocirc;t sur les parquets de la NBA - The Playoffs FR","og_url":"https:\/\/theplayoffs.news\/fr\/actualite-nba\/victor-wembanyama-19-ans-bientot-sur-les-parquets-de-la-nba\/","og_site_name":"The Playoffs FR","article_publisher":"https:\/\/www.facebook.com\/TheFreeAgentFR\/","article_modified_time":"2023-06-02T09:21:27+00:00","og_image":[{"width":425,"height":283,"url":"https:\/\/theplayoffs.news\/fr\/wp-content\/uploads\/2023\/06\/Sans-titre.jpg","type":"image\/jpeg"}],"author":"La r\u00e9daction","twitter_card":"summary_large_image","twitter_creator":"@TheFreeAgentFR","twitter_site":"@TheFreeAgentFR","twitter_misc":{"\u00c9crit par":"La r\u00e9daction","Dur\u00e9e de lecture estim\u00e9e":"3 minutes"},"schema":{"@context":"https:\/\/schema.org","@graph":[{"@type":"WebPage","@id":"https:\/\/theplayoffs.news\/fr\/actualite-nba\/victor-wembanyama-19-ans-bientot-sur-les-parquets-de-la-nba\/","url":"https:\/\/theplayoffs.news\/fr\/actualite-nba\/victor-wembanyama-19-ans-bientot-sur-les-parquets-de-la-nba\/","name":"Victor Wembanyama (19 ans), bient\u00f4t sur les parquets de la NBA - The Playoffs FR","isPartOf":{"@id":"https:\/\/theplayoffs.news\/fr\/#website"},"primaryImageOfPage":{"@id":"https:\/\/theplayoffs.news\/fr\/actualite-nba\/victor-wembanyama-19-ans-bientot-sur-les-parquets-de-la-nba\/#primaryimage"},"image":{"@id":"https:\/\/theplayoffs.news\/fr\/actualite-nba\/victor-wembanyama-19-ans-bientot-sur-les-parquets-de-la-nba\/#primaryimage"},"thumbnailUrl":"https:\/\/theplayoffs.news\/fr\/wp-content\/uploads\/2023\/06\/Sans-titre.jpg","datePublished":"2023-05-31T09:16:19+00:00","dateModified":"2023-06-02T09:21:27+00:00","author":{"@id":"https:\/\/theplayoffs.news\/fr\/#\/schema\/person\/bb40426f4e478f9bd8cdbfeb4f2f9784"},"breadcrumb":{"@id":"https:\/\/theplayoffs.news\/fr\/actualite-nba\/victor-wembanyama-19-ans-bientot-sur-les-parquets-de-la-nba\/#breadcrumb"},"inLanguage":"fr-FR","potentialAction":[{"@type":"ReadAction","target":["https:\/\/theplayoffs.news\/fr\/actualite-nba\/victor-wembanyama-19-ans-bientot-sur-les-parquets-de-la-nba\/"]}]},{"@type":"ImageObject","inLanguage":"fr-FR","@id":"https:\/\/theplayoffs.news\/fr\/actualite-nba\/victor-wembanyama-19-ans-bientot-sur-les-parquets-de-la-nba\/#primaryimage","url":"https:\/\/theplayoffs.news\/fr\/wp-content\/uploads\/2023\/06\/Sans-titre.jpg","contentUrl":"https:\/\/theplayoffs.news\/fr\/wp-content\/uploads\/2023\/06\/Sans-titre.jpg","width":425,"height":283,"caption":"victor wembanyama"},{"@type":"BreadcrumbList","@id":"https:\/\/theplayoffs.news\/fr\/actualite-nba\/victor-wembanyama-19-ans-bientot-sur-les-parquets-de-la-nba\/#breadcrumb","itemListElement":[{"@type":"ListItem","position":1,"name":"Accueil","item":"https:\/\/theplayoffs.news\/fr\/"},{"@type":"ListItem","position":2,"name":"Victor Wembanyama (19 ans), bient\u00f4t sur les parquets de la NBA"}]},{"@type":"WebSite","@id":"https:\/\/theplayoffs.news\/fr\/#website","url":"https:\/\/theplayoffs.news\/fr\/","name":"The Playoffs FR","description":"NBA-NFL-NHL-MLB","potentialAction":[{"@type":"SearchAction","target":{"@type":"EntryPoint","urlTemplate":"https:\/\/theplayoffs.news\/fr\/?s={search_term_string}"},"query-input":{"@type":"PropertyValueSpecification","valueRequired":true,"valueName":"search_term_string"}}],"inLanguage":"fr-FR"},{"@type":"Person","@id":"https:\/\/theplayoffs.news\/fr\/#\/schema\/person\/bb40426f4e478f9bd8cdbfeb4f2f9784","name":"La r\u00e9daction","image":{"@type":"ImageObject","inLanguage":"fr-FR","@id":"https:\/\/theplayoffs.news\/fr\/#\/schema\/person\/image\/","url":"https:\/\/secure.gravatar.com\/avatar\/7e69b41460ab2c17d61c8c364b6a0ee006f957a70191383ef42be1f4733d6515?s=96&d=mm&r=g","contentUrl":"https:\/\/secure.gravatar.com\/avatar\/7e69b41460ab2c17d61c8c364b6a0ee006f957a70191383ef42be1f4733d6515?s=96&d=mm&r=g","caption":"La r\u00e9daction"},"description":"On dit qu\\'il faut un village pour s\\'occuper d\\'un enfant. Et bien c\\'est exactement ce dont il s\\'agit ici pour The Playoffs. La r\u00e9daction, ce sont vos r\u00e9dacteurs pr\u00e9f\u00e9r\u00e9s qui collaborent sur ces articles que vous lisez au quotidien.\u00a0","url":"https:\/\/theplayoffs.news\/fr\/author\/freeagentfr\/"}]}},"_links":{"self":[{"href":"https:\/\/theplayoffs.news\/fr\/wp-json\/wp\/v2\/posts\/605456","targetHints":{"allow":["GET"]}}],"collection":[{"href":"https:\/\/theplayoffs.news\/fr\/wp-json\/wp\/v2\/posts"}],"about":[{"href":"https:\/\/theplayoffs.news\/fr\/wp-json\/wp\/v2\/types\/post"}],"author":[{"embeddable":true,"href":"https:\/\/theplayoffs.news\/fr\/wp-json\/wp\/v2\/users\/180309799"}],"replies":[{"embeddable":true,"href":"https:\/\/theplayoffs.news\/fr\/wp-json\/wp\/v2\/comments?post=605456"}],"version-history":[{"count":2,"href":"https:\/\/theplayoffs.news\/fr\/wp-json\/wp\/v2\/posts\/605456\/revisions"}],"predecessor-version":[{"id":605481,"href":"https:\/\/theplayoffs.news\/fr\/wp-json\/wp\/v2\/posts\/605456\/revisions\/605481"}],"wp:featuredmedia":[{"embeddable":true,"href":"https:\/\/theplayoffs.news\/fr\/wp-json\/wp\/v2\/media\/605460"}],"wp:attachment":[{"href":"https:\/\/theplayoffs.news\/fr\/wp-json\/wp\/v2\/media?parent=605456"}],"wp:term":[{"taxonomy":"category","embeddable":true,"href":"https:\/\/theplayoffs.news\/fr\/wp-json\/wp\/v2\/categories?post=605456"},{"taxonomy":"post_tag","embeddable":true,"href":"https:\/\/theplayoffs.news\/fr\/wp-json\/wp\/v2\/tags?post=605456"},{"taxonomy":"sport","embeddable":true,"href":"https:\/\/theplayoffs.news\/fr\/wp-json\/wp\/v2\/sport?post=605456"},{"taxonomy":"saison","embeddable":true,"href":"https:\/\/theplayoffs.news\/fr\/wp-json\/wp\/v2\/saison?post=605456"}],"curies":[{"name":"wp","href":"https:\/\/api.w.org\/{rel}","templated":true}]}}