{"id":605031,"date":"2023-06-02T09:48:37","date_gmt":"2023-06-02T07:48:37","guid":{"rendered":"https:\/\/theplayoffs.news\/fr\/?p=605031"},"modified":"2023-06-02T09:48:37","modified_gmt":"2023-06-02T07:48:37","slug":"nikola-jokic-premier-match-finales","status":"publish","type":"post","link":"https:\/\/theplayoffs.news\/fr\/actualite-nba\/nikola-jokic-premier-match-finales\/","title":{"rendered":"Nikola Jokic s&rsquo;est senti \u00e0 l&rsquo;aise pour son premier match en finales NBA"},"content":{"rendered":"<h2><b>Les Denvers Nuggets ont remport&eacute;s le premier match des finales NBA. Nikola Jokic, qui joue pour la premi&egrave;re fois &agrave; ce niveau, il n&rsquo;est pas pass&eacute; &agrave; c&ocirc;t&eacute; de son match.<\/b><\/h2><p>&nbsp;<\/p><p><span style=\"font-weight: 400;\">Apr&egrave;s plus d&rsquo;une semaine de repos et le fait de d&eacute;buter ses premi&egrave;res finales, il aurait &eacute;t&eacute; compr&eacute;hensible que les Nuggets et <a href=\"https:\/\/theplayoffs.news\/fr\/joueur\/nikola-jokic-nba-6224670\/\" class=\"trk-cta-link\" data-cta-trk='{\"ctaType\":\"Link\",\"ctaSubType\":\"main\"}'>Nikola Jokic<\/a> mettent du temps &agrave; d&eacute;marrer leur s&eacute;rie. Pourtant, il n&rsquo;y a pas eu de probl&egrave;me et Denver a gagn&eacute; 104-93 face &agrave; Miami. Le serbe a grandement particip&eacute; &agrave; cette victoire avec 27 points, 10 rebonds et 14 passes d&eacute;cisives.<\/span><\/p><p>&nbsp;<\/p><p><span style=\"font-weight: 400;\"><a href=\"https:\/\/www.espn.com\/nba\/story\/_\/id\/37777205\/nikola-jokic-was-total-control-game-1\" class=\"trk-cta-link\" data-cta-trk='{\"ctaType\":\"Link\",\"ctaSubType\":\"main\"}'>En interview d&rsquo;apr&egrave;s-match<\/a>, Nikola Jokic est revenu sur son appr&eacute;hension du match 1.<\/span><\/p><p>&nbsp;<\/p><blockquote><p><i><span style=\"font-weight: 400;\">Pour &ecirc;tre honn&ecirc;te, je ne pouvais pas attendre que le match commence, car une fois qu&rsquo;il a commenc&eacute;, c&rsquo;&eacute;tait normal. [&hellip;] Je pense que les gens font quelque chose de plus grand qu&rsquo;il ne l&rsquo;est. Quand le match a commenc&eacute;, je me sentais vraiment &agrave; l&rsquo;aise.<\/span><\/i><\/p><\/blockquote><p>&nbsp;<\/p><p><span style=\"font-weight: 400;\">Ce n&rsquo;est pas uniquement le cas du pivot. La plupart de l&rsquo;&eacute;quipe des Nuggets s&rsquo;&eacute;tait pr&eacute;par&eacute;e pour la rencontre et n&rsquo;a pas &eacute;t&eacute; d&eacute;pass&eacute;e par l&rsquo;enjeu. Le Heat a eu du mal a d&eacute;fendre Nikola Jokic et a d&eacute;s&eacute;quilibr&eacute; la d&eacute;fense de Miami.<\/span><\/p><p>&nbsp;<\/p><blockquote><p><i><span style=\"font-weight: 400;\">Je ne le force pas. Je ne le force jamais, je pense. Quelques gars l&rsquo;ont fait, AG (<a href=\"https:\/\/theplayoffs.news\/fr\/joueur\/aaron-gordon-nba-6128580\/\" class=\"trk-cta-link\" data-cta-trk='{\"ctaType\":\"Link\",\"ctaSubType\":\"main\"}'>Aaron Gordon<\/a>) jouait tr&egrave;s bien et nous avons eu l&rsquo;avantage. [&hellip;] Je prends juste ce que le jeu me donne.<\/span><\/i><\/p><\/blockquote><p>&nbsp;<\/p><p><span style=\"font-weight: 400;\">Les Denver Nuggets ont l&rsquo;occasion de mener les finales 2-0 dimanche soir.<\/span><\/p>\n","protected":false},"excerpt":{"rendered":"","protected":false},"author":180310182,"featured_media":605044,"comment_status":"open","ping_status":"closed","sticky":false,"template":"","format":"standard","meta":{"inline_featured_image":false,"kia_subtitle":"","_mux_skip_reasons":[],"proofreadBy":0,"footnotes":""},"categories":[110,10],"tags":[620,4363,561],"sport":[],"saison":[],"class_list":["post-605031","post","type-post","status-publish","format-standard","has-post-thumbnail","hentry","category-actualite-nba","category-nba","tag-denver-nuggets","tag-finales-nba","tag-nikola-jokic"],"acf":[],"yoast_head":"<!-- This site is optimized with the Yoast SEO plugin v24.2 - https:\/\/yoast.com\/wordpress\/plugins\/seo\/ -->\n<title>Nikola Jokic s&#039;est senti &agrave; l&#039;aise pour son premier match en finales NBA - The Playoffs FR<\/title>\n<meta name=\"robots\" content=\"index, follow, max-snippet:-1, max-image-preview:large, max-video-preview:-1\" \/>\n<link rel=\"canonical\" href=\"https:\/\/theplayoffs.news\/fr\/actualite-nba\/nikola-jokic-premier-match-finales\/\" \/>\n<meta property=\"og:locale\" content=\"fr_FR\" \/>\n<meta property=\"og:type\" content=\"article\" \/>\n<meta property=\"og:title\" content=\"Nikola Jokic s&#039;est senti &agrave; l&#039;aise pour son premier match en finales NBA - The Playoffs FR\" \/>\n<meta property=\"og:url\" content=\"https:\/\/theplayoffs.news\/fr\/actualite-nba\/nikola-jokic-premier-match-finales\/\" \/>\n<meta property=\"og:site_name\" content=\"The Playoffs FR\" \/>\n<meta property=\"article:publisher\" content=\"https:\/\/www.facebook.com\/TheFreeAgentFR\/\" \/>\n<meta property=\"article:modified_time\" content=\"2023-06-02T09:48:37+02:00\" \/>\n<meta property=\"og:image\" content=\"https:\/\/theplayoffs.news\/fr\/wp-content\/uploads\/2023\/06\/Nikola-Jokic.jpg\" \/>\n\t<meta property=\"og:image:width\" content=\"1920\" \/>\n\t<meta property=\"og:image:height\" content=\"966\" \/>\n\t<meta property=\"og:image:type\" content=\"image\/jpeg\" \/>\n<meta name=\"author\" content=\"Enzo Brule\" \/>\n<meta name=\"twitter:card\" content=\"summary_large_image\" \/>\n<meta name=\"twitter:creator\" content=\"@TheFreeAgentFR\" \/>\n<meta name=\"twitter:site\" content=\"@TheFreeAgentFR\" \/>\n<meta name=\"twitter:label1\" content=\"\u00c9crit par\" \/>\n\t<meta name=\"twitter:data1\" content=\"Enzo Brule\" \/>\n\t<meta name=\"twitter:label2\" content=\"Dur\u00e9e de lecture estim\u00e9e\" \/>\n\t<meta name=\"twitter:data2\" content=\"1 minute\" \/>\n<script type=\"application\/ld+json\" class=\"yoast-schema-graph\">{\"@context\":\"https:\/\/schema.org\",\"@graph\":[{\"@type\":\"WebPage\",\"@id\":\"https:\/\/theplayoffs.news\/fr\/actualite-nba\/nikola-jokic-premier-match-finales\/\",\"url\":\"https:\/\/theplayoffs.news\/fr\/actualite-nba\/nikola-jokic-premier-match-finales\/\",\"name\":\"Nikola Jokic s\\\\'est senti \u00e0 l\\\\'aise pour son premier match en finales NBA - The Playoffs FR\",\"isPartOf\":{\"@id\":\"https:\/\/theplayoffs.news\/fr\/#website\"},\"primaryImageOfPage\":{\"@id\":\"https:\/\/theplayoffs.news\/fr\/actualite-nba\/nikola-jokic-premier-match-finales\/#primaryimage\"},\"image\":{\"@id\":\"https:\/\/theplayoffs.news\/fr\/actualite-nba\/nikola-jokic-premier-match-finales\/#primaryimage\"},\"thumbnailUrl\":\"https:\/\/theplayoffs.news\/fr\/wp-content\/uploads\/2023\/06\/Nikola-Jokic.jpg\",\"datePublished\":\"2023-06-02T07:48:37+00:00\",\"dateModified\":\"2023-06-02T07:48:37+00:00\",\"author\":{\"@id\":\"https:\/\/theplayoffs.news\/fr\/#\/schema\/person\/4d1ed116f5f759b78f5f83e2dc3a71b2\"},\"breadcrumb\":{\"@id\":\"https:\/\/theplayoffs.news\/fr\/actualite-nba\/nikola-jokic-premier-match-finales\/#breadcrumb\"},\"inLanguage\":\"fr-FR\",\"potentialAction\":[{\"@type\":\"ReadAction\",\"target\":[\"https:\/\/theplayoffs.news\/fr\/actualite-nba\/nikola-jokic-premier-match-finales\/\"]}]},{\"@type\":\"ImageObject\",\"inLanguage\":\"fr-FR\",\"@id\":\"https:\/\/theplayoffs.news\/fr\/actualite-nba\/nikola-jokic-premier-match-finales\/#primaryimage\",\"url\":\"https:\/\/theplayoffs.news\/fr\/wp-content\/uploads\/2023\/06\/Nikola-Jokic.jpg\",\"contentUrl\":\"https:\/\/theplayoffs.news\/fr\/wp-content\/uploads\/2023\/06\/Nikola-Jokic.jpg\",\"width\":1920,\"height\":966,\"caption\":\"Nikola Jokic\"},{\"@type\":\"BreadcrumbList\",\"@id\":\"https:\/\/theplayoffs.news\/fr\/actualite-nba\/nikola-jokic-premier-match-finales\/#breadcrumb\",\"itemListElement\":[{\"@type\":\"ListItem\",\"position\":1,\"name\":\"Accueil\",\"item\":\"https:\/\/theplayoffs.news\/fr\/\"},{\"@type\":\"ListItem\",\"position\":2,\"name\":\"Nikola Jokic s&rsquo;est senti \u00e0 l&rsquo;aise pour son premier match en finales NBA\"}]},{\"@type\":\"WebSite\",\"@id\":\"https:\/\/theplayoffs.news\/fr\/#website\",\"url\":\"https:\/\/theplayoffs.news\/fr\/\",\"name\":\"The Playoffs FR\",\"description\":\"NBA-NFL-NHL-MLB\",\"potentialAction\":[{\"@type\":\"SearchAction\",\"target\":{\"@type\":\"EntryPoint\",\"urlTemplate\":\"https:\/\/theplayoffs.news\/fr\/?s={search_term_string}\"},\"query-input\":{\"@type\":\"PropertyValueSpecification\",\"valueRequired\":true,\"valueName\":\"search_term_string\"}}],\"inLanguage\":\"fr-FR\"},{\"@type\":\"Person\",\"@id\":\"https:\/\/theplayoffs.news\/fr\/#\/schema\/person\/4d1ed116f5f759b78f5f83e2dc3a71b2\",\"name\":\"Enzo Brule\",\"image\":{\"@type\":\"ImageObject\",\"inLanguage\":\"fr-FR\",\"@id\":\"https:\/\/theplayoffs.news\/fr\/#\/schema\/person\/image\/\",\"url\":\"https:\/\/secure.gravatar.com\/avatar\/80c21924e4d202bc7f0263091f76fe744a25fe3b7ba34db706abb65ea32dc7cd?s=96&d=mm&r=g\",\"contentUrl\":\"https:\/\/secure.gravatar.com\/avatar\/80c21924e4d202bc7f0263091f76fe744a25fe3b7ba34db706abb65ea32dc7cd?s=96&d=mm&r=g\",\"caption\":\"Enzo Brule\"},\"url\":\"https:\/\/theplayoffs.news\/fr\/author\/nzo-brulegmail-com\/\"}]}<\/script>\n<!-- \/ Yoast SEO plugin. -->","yoast_head_json":{"title":"Nikola Jokic s&#039;est senti &agrave; l&#039;aise pour son premier match en finales NBA - The Playoffs FR","robots":{"index":"index","follow":"follow","max-snippet":"max-snippet:-1","max-image-preview":"max-image-preview:large","max-video-preview":"max-video-preview:-1"},"canonical":"https:\/\/theplayoffs.news\/fr\/actualite-nba\/nikola-jokic-premier-match-finales\/","og_locale":"fr_FR","og_type":"article","og_title":"Nikola Jokic s&#039;est senti &agrave; l&#039;aise pour son premier match en finales NBA - The Playoffs FR","og_url":"https:\/\/theplayoffs.news\/fr\/actualite-nba\/nikola-jokic-premier-match-finales\/","og_site_name":"The Playoffs FR","article_publisher":"https:\/\/www.facebook.com\/TheFreeAgentFR\/","og_image":[{"width":1920,"height":966,"url":"https:\/\/theplayoffs.news\/fr\/wp-content\/uploads\/2023\/06\/Nikola-Jokic.jpg","type":"image\/jpeg"}],"author":"Enzo Brule","twitter_card":"summary_large_image","twitter_creator":"@TheFreeAgentFR","twitter_site":"@TheFreeAgentFR","twitter_misc":{"\u00c9crit par":"Enzo Brule","Dur\u00e9e de lecture estim\u00e9e":"1 minute"},"schema":{"@context":"https:\/\/schema.org","@graph":[{"@type":"WebPage","@id":"https:\/\/theplayoffs.news\/fr\/actualite-nba\/nikola-jokic-premier-match-finales\/","url":"https:\/\/theplayoffs.news\/fr\/actualite-nba\/nikola-jokic-premier-match-finales\/","name":"Nikola Jokic s\\'est senti \u00e0 l\\'aise pour son premier match en finales NBA - The Playoffs FR","isPartOf":{"@id":"https:\/\/theplayoffs.news\/fr\/#website"},"primaryImageOfPage":{"@id":"https:\/\/theplayoffs.news\/fr\/actualite-nba\/nikola-jokic-premier-match-finales\/#primaryimage"},"image":{"@id":"https:\/\/theplayoffs.news\/fr\/actualite-nba\/nikola-jokic-premier-match-finales\/#primaryimage"},"thumbnailUrl":"https:\/\/theplayoffs.news\/fr\/wp-content\/uploads\/2023\/06\/Nikola-Jokic.jpg","datePublished":"2023-06-02T07:48:37+00:00","dateModified":"2023-06-02T07:48:37+00:00","author":{"@id":"https:\/\/theplayoffs.news\/fr\/#\/schema\/person\/4d1ed116f5f759b78f5f83e2dc3a71b2"},"breadcrumb":{"@id":"https:\/\/theplayoffs.news\/fr\/actualite-nba\/nikola-jokic-premier-match-finales\/#breadcrumb"},"inLanguage":"fr-FR","potentialAction":[{"@type":"ReadAction","target":["https:\/\/theplayoffs.news\/fr\/actualite-nba\/nikola-jokic-premier-match-finales\/"]}]},{"@type":"ImageObject","inLanguage":"fr-FR","@id":"https:\/\/theplayoffs.news\/fr\/actualite-nba\/nikola-jokic-premier-match-finales\/#primaryimage","url":"https:\/\/theplayoffs.news\/fr\/wp-content\/uploads\/2023\/06\/Nikola-Jokic.jpg","contentUrl":"https:\/\/theplayoffs.news\/fr\/wp-content\/uploads\/2023\/06\/Nikola-Jokic.jpg","width":1920,"height":966,"caption":"Nikola Jokic"},{"@type":"BreadcrumbList","@id":"https:\/\/theplayoffs.news\/fr\/actualite-nba\/nikola-jokic-premier-match-finales\/#breadcrumb","itemListElement":[{"@type":"ListItem","position":1,"name":"Accueil","item":"https:\/\/theplayoffs.news\/fr\/"},{"@type":"ListItem","position":2,"name":"Nikola Jokic s&rsquo;est senti \u00e0 l&rsquo;aise pour son premier match en finales NBA"}]},{"@type":"WebSite","@id":"https:\/\/theplayoffs.news\/fr\/#website","url":"https:\/\/theplayoffs.news\/fr\/","name":"The Playoffs FR","description":"NBA-NFL-NHL-MLB","potentialAction":[{"@type":"SearchAction","target":{"@type":"EntryPoint","urlTemplate":"https:\/\/theplayoffs.news\/fr\/?s={search_term_string}"},"query-input":{"@type":"PropertyValueSpecification","valueRequired":true,"valueName":"search_term_string"}}],"inLanguage":"fr-FR"},{"@type":"Person","@id":"https:\/\/theplayoffs.news\/fr\/#\/schema\/person\/4d1ed116f5f759b78f5f83e2dc3a71b2","name":"Enzo Brule","image":{"@type":"ImageObject","inLanguage":"fr-FR","@id":"https:\/\/theplayoffs.news\/fr\/#\/schema\/person\/image\/","url":"https:\/\/secure.gravatar.com\/avatar\/80c21924e4d202bc7f0263091f76fe744a25fe3b7ba34db706abb65ea32dc7cd?s=96&d=mm&r=g","contentUrl":"https:\/\/secure.gravatar.com\/avatar\/80c21924e4d202bc7f0263091f76fe744a25fe3b7ba34db706abb65ea32dc7cd?s=96&d=mm&r=g","caption":"Enzo Brule"},"url":"https:\/\/theplayoffs.news\/fr\/author\/nzo-brulegmail-com\/"}]}},"_links":{"self":[{"href":"https:\/\/theplayoffs.news\/fr\/wp-json\/wp\/v2\/posts\/605031","targetHints":{"allow":["GET"]}}],"collection":[{"href":"https:\/\/theplayoffs.news\/fr\/wp-json\/wp\/v2\/posts"}],"about":[{"href":"https:\/\/theplayoffs.news\/fr\/wp-json\/wp\/v2\/types\/post"}],"author":[{"embeddable":true,"href":"https:\/\/theplayoffs.news\/fr\/wp-json\/wp\/v2\/users\/180310182"}],"replies":[{"embeddable":true,"href":"https:\/\/theplayoffs.news\/fr\/wp-json\/wp\/v2\/comments?post=605031"}],"version-history":[{"count":2,"href":"https:\/\/theplayoffs.news\/fr\/wp-json\/wp\/v2\/posts\/605031\/revisions"}],"predecessor-version":[{"id":605080,"href":"https:\/\/theplayoffs.news\/fr\/wp-json\/wp\/v2\/posts\/605031\/revisions\/605080"}],"wp:featuredmedia":[{"embeddable":true,"href":"https:\/\/theplayoffs.news\/fr\/wp-json\/wp\/v2\/media\/605044"}],"wp:attachment":[{"href":"https:\/\/theplayoffs.news\/fr\/wp-json\/wp\/v2\/media?parent=605031"}],"wp:term":[{"taxonomy":"category","embeddable":true,"href":"https:\/\/theplayoffs.news\/fr\/wp-json\/wp\/v2\/categories?post=605031"},{"taxonomy":"post_tag","embeddable":true,"href":"https:\/\/theplayoffs.news\/fr\/wp-json\/wp\/v2\/tags?post=605031"},{"taxonomy":"sport","embeddable":true,"href":"https:\/\/theplayoffs.news\/fr\/wp-json\/wp\/v2\/sport?post=605031"},{"taxonomy":"saison","embeddable":true,"href":"https:\/\/theplayoffs.news\/fr\/wp-json\/wp\/v2\/saison?post=605031"}],"curies":[{"name":"wp","href":"https:\/\/api.w.org\/{rel}","templated":true}]}}