{"id":604979,"date":"2023-06-02T09:41:34","date_gmt":"2023-06-02T07:41:34","guid":{"rendered":"https:\/\/theplayoffs.news\/fr\/?p=604979"},"modified":"2023-06-02T09:41:35","modified_gmt":"2023-06-02T07:41:35","slug":"patrick-kane-absent-plusieurs-mois","status":"publish","type":"post","link":"https:\/\/theplayoffs.news\/fr\/actualite-nhl\/patrick-kane-absent-plusieurs-mois\/","title":{"rendered":"Patrick Kane sur la touche pendant plusieurs mois"},"content":{"rendered":"<h2>Cette semaine a vu l&rsquo;ancien attaquant des Blackhawks de Chicago et des Rangers de New York Patrick Kane passer sous le bistouri pour une op&eacute;ration de resurfa&ccedil;age de la hanche.<\/h2><p>L&rsquo;op&eacute;ration, annonc&eacute;e par son agent Pat Brisson, devrait le placer sur le banc pour une p&eacute;riode substantielle de quatre &agrave; six mois, jetant une longue ombre sur son futur<\/p><p>&Agrave; 34 ans, <a href=\"https:\/\/theplayoffs.news\/fr\/joueur\/patrick-kane-nhl-7470\/\" class=\"trk-cta-link\" data-cta-trk='{\"ctaType\":\"Link\",\"ctaSubType\":\"main\"}'><strong>Patrick Kane<\/strong><\/a> s&rsquo;est impos&eacute; comme l&rsquo;un des attaquants les plus c&eacute;l&egrave;bres de la LNH, sa ma&icirc;trise sur la glace ayant permis aux Blackhawks de remporter la coupe Stanley &agrave; trois reprises. Cependant, depuis son arriv&eacute;e chez les Rangers de New York lors de la derni&egrave;re trade deadline, l&rsquo;&eacute;clat de son ancienne gloire s&rsquo;est apparemment &eacute;mouss&eacute;.<\/p><p>La saison 2022-23 a marqu&eacute; un point bas dans l&rsquo;illustre carri&egrave;re de Patrick Kane, surtout si l&rsquo;on consid&egrave;re ses prouesses loin de la rondelle. Auparavant, toute diminution per&ccedil;ue des performances &eacute;tait attribu&eacute;e au simple effet du temps et &agrave; la r&eacute;alit&eacute; que Patrick Kane, m&ecirc;me &agrave; son z&eacute;nith, n&rsquo;a jamais &eacute;t&eacute; un joueur d&eacute;fensif virtuose.<\/p><p>Cependant, cette op&eacute;ration de la hanche r&eacute;v&egrave;le une raison plus profonde de sa forme d&eacute;croissante.<\/p><p>Bien que l&rsquo;agent de Kane ait affirm&eacute; que l&rsquo;attaquant avait l&rsquo;intention de continuer &agrave; jouer pendant un certain temps, des questions surgissent maintenant concernant son efficacit&eacute; post-op&eacute;ratoire. Le duo des Capitals de Washington compos&eacute; de <a href=\"https:\/\/theplayoffs.news\/fr\/joueur\/nicklas-backstrom-washington-capitals-nhl\/\" class=\"trk-cta-link\" data-cta-trk='{\"ctaType\":\"Link\",\"ctaSubType\":\"main\"}'><strong>Nicklas Backstrom<\/strong><\/a> et <a href=\"https:\/\/theplayoffs.news\/fr\/joueur\/carl-hagelin-washington-capitals-nhl\/\" class=\"trk-cta-link\" data-cta-trk='{\"ctaType\":\"Link\",\"ctaSubType\":\"main\"}'><strong>Carl Hagelin<\/strong><\/a> a &eacute;galement subi cette proc&eacute;dure au cours de la derni&egrave;re ann&eacute;e. Backstrom, du m&ecirc;me &acirc;ge que Kane au moment de son op&eacute;ration, est revenu cette saison pour participer &agrave; 39 matchs, totalisant 21 points au total. Hagelin, cependant, n&rsquo;a pas du tout &eacute;t&eacute; vu sur la glace cette saison.<\/p><p>L&rsquo;op&eacute;ration met Patrick Kane dans un calendrier serr&eacute;. Avec les quatre &agrave; six mois de r&eacute;cup&eacute;ration pr&eacute;vus, son retour le plus t&ocirc;t possible co&iuml;nciderait avec le retour des &eacute;quipes de la LNH pour le camp d&rsquo;entra&icirc;nement en septembre. Au plus tard, il raterait les premiers mois de la saison, revenant en novembre.<\/p><p>Avant ce d&eacute;veloppement, la free agency de Patrick Kane &eacute;tait d&eacute;j&agrave; un sujet d&rsquo;intrigue. Malgr&eacute; son statut de joueur c&eacute;l&egrave;bre et d&rsquo;atout offensif, sa r&eacute;cente performance indique que ses jours en tant que joueur d&rsquo;impact s&rsquo;estompent. Au lieu de cela, il semblait mieux adapt&eacute; &agrave; un r&ocirc;le compl&eacute;mentaire sur un pr&eacute;tendant &agrave; la Coupe Stanley plut&ocirc;t qu&rsquo;en tant que leader de premier plan.<\/p><p>L&rsquo;incertitude entourant le retour de Kane sur la glace a s&ucirc;rement compliqu&eacute; les prochaines d&eacute;cisions d&rsquo;agence libre. Une &eacute;quipe sera-t-elle pr&ecirc;te &agrave; parier sur lui en juillet ou en ao&ucirc;t, compte tenu de l&rsquo;ambigu&iuml;t&eacute; de sa date de retour ? Ou Kane sera-t-il laiss&eacute; dans les limbes jusqu&rsquo;apr&egrave;s le d&eacute;but de la saison 2023-24, en attendant qu&rsquo;une offre de contrat se concr&eacute;tise ?<\/p>\n","protected":false},"excerpt":{"rendered":"","protected":false},"author":13,"featured_media":605030,"comment_status":"open","ping_status":"closed","sticky":false,"template":"","format":"standard","meta":{"inline_featured_image":false,"kia_subtitle":"","_mux_skip_reasons":[],"proofreadBy":0,"footnotes":""},"categories":[187,26],"tags":[258,1802],"sport":[],"saison":[],"class_list":["post-604979","post","type-post","status-publish","format-standard","has-post-thumbnail","hentry","category-actualite-nhl","category-nhl","tag-new-york-rangers","tag-patrick-kane"],"acf":[],"yoast_head":"<!-- This site is optimized with the Yoast SEO plugin v24.2 - https:\/\/yoast.com\/wordpress\/plugins\/seo\/ -->\n<title>Patrick Kane sur la touche pendant plusieurs mois - The Playoffs FR<\/title>\n<meta name=\"robots\" content=\"index, follow, max-snippet:-1, max-image-preview:large, max-video-preview:-1\" \/>\n<link rel=\"canonical\" href=\"https:\/\/theplayoffs.news\/fr\/actualite-nhl\/patrick-kane-absent-plusieurs-mois\/\" \/>\n<meta property=\"og:locale\" content=\"fr_FR\" \/>\n<meta property=\"og:type\" content=\"article\" \/>\n<meta property=\"og:title\" content=\"Patrick Kane sur la touche pendant plusieurs mois - The Playoffs FR\" \/>\n<meta property=\"og:url\" content=\"https:\/\/theplayoffs.news\/fr\/actualite-nhl\/patrick-kane-absent-plusieurs-mois\/\" \/>\n<meta property=\"og:site_name\" content=\"The Playoffs FR\" \/>\n<meta property=\"article:publisher\" content=\"https:\/\/www.facebook.com\/TheFreeAgentFR\/\" \/>\n<meta property=\"article:modified_time\" content=\"2023-06-02T09:41:35+02:00\" \/>\n<meta property=\"og:image\" content=\"https:\/\/theplayoffs.news\/fr\/wp-content\/uploads\/2023\/06\/patrick-kane-ny-rangers.jpeg\" \/>\n\t<meta property=\"og:image:width\" content=\"1280\" \/>\n\t<meta property=\"og:image:height\" content=\"720\" \/>\n\t<meta property=\"og:image:type\" content=\"image\/jpeg\" \/>\n<meta name=\"author\" content=\"Charles Taudin\" \/>\n<meta name=\"twitter:card\" content=\"summary_large_image\" \/>\n<meta name=\"twitter:creator\" content=\"@TheFreeAgentFR\" \/>\n<meta name=\"twitter:site\" content=\"@TheFreeAgentFR\" \/>\n<meta name=\"twitter:label1\" content=\"\u00c9crit par\" \/>\n\t<meta name=\"twitter:data1\" content=\"Charles Taudin\" \/>\n\t<meta name=\"twitter:label2\" content=\"Dur\u00e9e de lecture estim\u00e9e\" \/>\n\t<meta name=\"twitter:data2\" content=\"2 minutes\" \/>\n<script type=\"application\/ld+json\" class=\"yoast-schema-graph\">{\"@context\":\"https:\/\/schema.org\",\"@graph\":[{\"@type\":\"WebPage\",\"@id\":\"https:\/\/theplayoffs.news\/fr\/actualite-nhl\/patrick-kane-absent-plusieurs-mois\/\",\"url\":\"https:\/\/theplayoffs.news\/fr\/actualite-nhl\/patrick-kane-absent-plusieurs-mois\/\",\"name\":\"Patrick Kane sur la touche pendant plusieurs mois - The Playoffs FR\",\"isPartOf\":{\"@id\":\"https:\/\/theplayoffs.news\/fr\/#website\"},\"primaryImageOfPage\":{\"@id\":\"https:\/\/theplayoffs.news\/fr\/actualite-nhl\/patrick-kane-absent-plusieurs-mois\/#primaryimage\"},\"image\":{\"@id\":\"https:\/\/theplayoffs.news\/fr\/actualite-nhl\/patrick-kane-absent-plusieurs-mois\/#primaryimage\"},\"thumbnailUrl\":\"https:\/\/theplayoffs.news\/fr\/wp-content\/uploads\/2023\/06\/patrick-kane-ny-rangers.jpeg\",\"datePublished\":\"2023-06-02T07:41:34+00:00\",\"dateModified\":\"2023-06-02T07:41:35+00:00\",\"author\":{\"@id\":\"https:\/\/theplayoffs.news\/fr\/#\/schema\/person\/eee5b69ad5d3c51cabe881c839dbe133\"},\"breadcrumb\":{\"@id\":\"https:\/\/theplayoffs.news\/fr\/actualite-nhl\/patrick-kane-absent-plusieurs-mois\/#breadcrumb\"},\"inLanguage\":\"fr-FR\",\"potentialAction\":[{\"@type\":\"ReadAction\",\"target\":[\"https:\/\/theplayoffs.news\/fr\/actualite-nhl\/patrick-kane-absent-plusieurs-mois\/\"]}]},{\"@type\":\"ImageObject\",\"inLanguage\":\"fr-FR\",\"@id\":\"https:\/\/theplayoffs.news\/fr\/actualite-nhl\/patrick-kane-absent-plusieurs-mois\/#primaryimage\",\"url\":\"https:\/\/theplayoffs.news\/fr\/wp-content\/uploads\/2023\/06\/patrick-kane-ny-rangers.jpeg\",\"contentUrl\":\"https:\/\/theplayoffs.news\/fr\/wp-content\/uploads\/2023\/06\/patrick-kane-ny-rangers.jpeg\",\"width\":1280,\"height\":720,\"caption\":\"Patrick Kane\"},{\"@type\":\"BreadcrumbList\",\"@id\":\"https:\/\/theplayoffs.news\/fr\/actualite-nhl\/patrick-kane-absent-plusieurs-mois\/#breadcrumb\",\"itemListElement\":[{\"@type\":\"ListItem\",\"position\":1,\"name\":\"Accueil\",\"item\":\"https:\/\/theplayoffs.news\/fr\/\"},{\"@type\":\"ListItem\",\"position\":2,\"name\":\"Patrick Kane sur la touche pendant plusieurs mois\"}]},{\"@type\":\"WebSite\",\"@id\":\"https:\/\/theplayoffs.news\/fr\/#website\",\"url\":\"https:\/\/theplayoffs.news\/fr\/\",\"name\":\"The Playoffs FR\",\"description\":\"NBA-NFL-NHL-MLB\",\"potentialAction\":[{\"@type\":\"SearchAction\",\"target\":{\"@type\":\"EntryPoint\",\"urlTemplate\":\"https:\/\/theplayoffs.news\/fr\/?s={search_term_string}\"},\"query-input\":{\"@type\":\"PropertyValueSpecification\",\"valueRequired\":true,\"valueName\":\"search_term_string\"}}],\"inLanguage\":\"fr-FR\"},{\"@type\":\"Person\",\"@id\":\"https:\/\/theplayoffs.news\/fr\/#\/schema\/person\/eee5b69ad5d3c51cabe881c839dbe133\",\"name\":\"Charles Taudin\",\"image\":{\"@type\":\"ImageObject\",\"inLanguage\":\"fr-FR\",\"@id\":\"https:\/\/theplayoffs.news\/fr\/#\/schema\/person\/image\/\",\"url\":\"https:\/\/secure.gravatar.com\/avatar\/59a1e772205ce9fd255edfcafc93013736822e20261f294c5753b20c41ede9f2?s=96&d=mm&r=g\",\"contentUrl\":\"https:\/\/secure.gravatar.com\/avatar\/59a1e772205ce9fd255edfcafc93013736822e20261f294c5753b20c41ede9f2?s=96&d=mm&r=g\",\"caption\":\"Charles Taudin\"},\"description\":\"R\u00e9dacteur en chef global de The Playoffs, j\u2019ai cr\u00e9\u00e9 The Free Agent, devenu The Playoffs FR, en 2020 durant la pand\u00e9mie. Amoureux depuis des ann\u00e9es des 4 sports majeurs am\u00e9ricains, j\u2019organise maintenant la strat\u00e9gie \u00e9ditoriale et les r\u00e9seaux sociaux de l\u2019ensemble des versions de The Playoffs. Il m\u2019arrive encore d\u2019\u00e9crire sur certains sports que j\u2019affectionne particuli\u00e8rement comme la NFL ou la MLB. Si vous devez retenir qu\u2019une chose : Eli Manning est le vrai GOAT pour avoir battu deux fois Tom Brady.\",\"sameAs\":[\"https:\/\/www.instagram.com\/ctaudin_\/\"],\"url\":\"https:\/\/theplayoffs.news\/fr\/author\/charles-taudin\/\"}]}<\/script>\n<!-- \/ Yoast SEO plugin. -->","yoast_head_json":{"title":"Patrick Kane sur la touche pendant plusieurs mois - The Playoffs FR","robots":{"index":"index","follow":"follow","max-snippet":"max-snippet:-1","max-image-preview":"max-image-preview:large","max-video-preview":"max-video-preview:-1"},"canonical":"https:\/\/theplayoffs.news\/fr\/actualite-nhl\/patrick-kane-absent-plusieurs-mois\/","og_locale":"fr_FR","og_type":"article","og_title":"Patrick Kane sur la touche pendant plusieurs mois - The Playoffs FR","og_url":"https:\/\/theplayoffs.news\/fr\/actualite-nhl\/patrick-kane-absent-plusieurs-mois\/","og_site_name":"The Playoffs FR","article_publisher":"https:\/\/www.facebook.com\/TheFreeAgentFR\/","article_modified_time":"2023-06-02T07:41:35+00:00","og_image":[{"width":1280,"height":720,"url":"https:\/\/theplayoffs.news\/fr\/wp-content\/uploads\/2023\/06\/patrick-kane-ny-rangers.jpeg","type":"image\/jpeg"}],"author":"Charles Taudin","twitter_card":"summary_large_image","twitter_creator":"@TheFreeAgentFR","twitter_site":"@TheFreeAgentFR","twitter_misc":{"\u00c9crit par":"Charles Taudin","Dur\u00e9e de lecture estim\u00e9e":"2 minutes"},"schema":{"@context":"https:\/\/schema.org","@graph":[{"@type":"WebPage","@id":"https:\/\/theplayoffs.news\/fr\/actualite-nhl\/patrick-kane-absent-plusieurs-mois\/","url":"https:\/\/theplayoffs.news\/fr\/actualite-nhl\/patrick-kane-absent-plusieurs-mois\/","name":"Patrick Kane sur la touche pendant plusieurs mois - The Playoffs FR","isPartOf":{"@id":"https:\/\/theplayoffs.news\/fr\/#website"},"primaryImageOfPage":{"@id":"https:\/\/theplayoffs.news\/fr\/actualite-nhl\/patrick-kane-absent-plusieurs-mois\/#primaryimage"},"image":{"@id":"https:\/\/theplayoffs.news\/fr\/actualite-nhl\/patrick-kane-absent-plusieurs-mois\/#primaryimage"},"thumbnailUrl":"https:\/\/theplayoffs.news\/fr\/wp-content\/uploads\/2023\/06\/patrick-kane-ny-rangers.jpeg","datePublished":"2023-06-02T07:41:34+00:00","dateModified":"2023-06-02T07:41:35+00:00","author":{"@id":"https:\/\/theplayoffs.news\/fr\/#\/schema\/person\/eee5b69ad5d3c51cabe881c839dbe133"},"breadcrumb":{"@id":"https:\/\/theplayoffs.news\/fr\/actualite-nhl\/patrick-kane-absent-plusieurs-mois\/#breadcrumb"},"inLanguage":"fr-FR","potentialAction":[{"@type":"ReadAction","target":["https:\/\/theplayoffs.news\/fr\/actualite-nhl\/patrick-kane-absent-plusieurs-mois\/"]}]},{"@type":"ImageObject","inLanguage":"fr-FR","@id":"https:\/\/theplayoffs.news\/fr\/actualite-nhl\/patrick-kane-absent-plusieurs-mois\/#primaryimage","url":"https:\/\/theplayoffs.news\/fr\/wp-content\/uploads\/2023\/06\/patrick-kane-ny-rangers.jpeg","contentUrl":"https:\/\/theplayoffs.news\/fr\/wp-content\/uploads\/2023\/06\/patrick-kane-ny-rangers.jpeg","width":1280,"height":720,"caption":"Patrick Kane"},{"@type":"BreadcrumbList","@id":"https:\/\/theplayoffs.news\/fr\/actualite-nhl\/patrick-kane-absent-plusieurs-mois\/#breadcrumb","itemListElement":[{"@type":"ListItem","position":1,"name":"Accueil","item":"https:\/\/theplayoffs.news\/fr\/"},{"@type":"ListItem","position":2,"name":"Patrick Kane sur la touche pendant plusieurs mois"}]},{"@type":"WebSite","@id":"https:\/\/theplayoffs.news\/fr\/#website","url":"https:\/\/theplayoffs.news\/fr\/","name":"The Playoffs FR","description":"NBA-NFL-NHL-MLB","potentialAction":[{"@type":"SearchAction","target":{"@type":"EntryPoint","urlTemplate":"https:\/\/theplayoffs.news\/fr\/?s={search_term_string}"},"query-input":{"@type":"PropertyValueSpecification","valueRequired":true,"valueName":"search_term_string"}}],"inLanguage":"fr-FR"},{"@type":"Person","@id":"https:\/\/theplayoffs.news\/fr\/#\/schema\/person\/eee5b69ad5d3c51cabe881c839dbe133","name":"Charles Taudin","image":{"@type":"ImageObject","inLanguage":"fr-FR","@id":"https:\/\/theplayoffs.news\/fr\/#\/schema\/person\/image\/","url":"https:\/\/secure.gravatar.com\/avatar\/59a1e772205ce9fd255edfcafc93013736822e20261f294c5753b20c41ede9f2?s=96&d=mm&r=g","contentUrl":"https:\/\/secure.gravatar.com\/avatar\/59a1e772205ce9fd255edfcafc93013736822e20261f294c5753b20c41ede9f2?s=96&d=mm&r=g","caption":"Charles Taudin"},"description":"R\u00e9dacteur en chef global de The Playoffs, j\u2019ai cr\u00e9\u00e9 The Free Agent, devenu The Playoffs FR, en 2020 durant la pand\u00e9mie. Amoureux depuis des ann\u00e9es des 4 sports majeurs am\u00e9ricains, j\u2019organise maintenant la strat\u00e9gie \u00e9ditoriale et les r\u00e9seaux sociaux de l\u2019ensemble des versions de The Playoffs. Il m\u2019arrive encore d\u2019\u00e9crire sur certains sports que j\u2019affectionne particuli\u00e8rement comme la NFL ou la MLB. Si vous devez retenir qu\u2019une chose : Eli Manning est le vrai GOAT pour avoir battu deux fois Tom Brady.","sameAs":["https:\/\/www.instagram.com\/ctaudin_\/"],"url":"https:\/\/theplayoffs.news\/fr\/author\/charles-taudin\/"}]}},"_links":{"self":[{"href":"https:\/\/theplayoffs.news\/fr\/wp-json\/wp\/v2\/posts\/604979","targetHints":{"allow":["GET"]}}],"collection":[{"href":"https:\/\/theplayoffs.news\/fr\/wp-json\/wp\/v2\/posts"}],"about":[{"href":"https:\/\/theplayoffs.news\/fr\/wp-json\/wp\/v2\/types\/post"}],"author":[{"embeddable":true,"href":"https:\/\/theplayoffs.news\/fr\/wp-json\/wp\/v2\/users\/13"}],"replies":[{"embeddable":true,"href":"https:\/\/theplayoffs.news\/fr\/wp-json\/wp\/v2\/comments?post=604979"}],"version-history":[{"count":2,"href":"https:\/\/theplayoffs.news\/fr\/wp-json\/wp\/v2\/posts\/604979\/revisions"}],"predecessor-version":[{"id":605047,"href":"https:\/\/theplayoffs.news\/fr\/wp-json\/wp\/v2\/posts\/604979\/revisions\/605047"}],"wp:featuredmedia":[{"embeddable":true,"href":"https:\/\/theplayoffs.news\/fr\/wp-json\/wp\/v2\/media\/605030"}],"wp:attachment":[{"href":"https:\/\/theplayoffs.news\/fr\/wp-json\/wp\/v2\/media?parent=604979"}],"wp:term":[{"taxonomy":"category","embeddable":true,"href":"https:\/\/theplayoffs.news\/fr\/wp-json\/wp\/v2\/categories?post=604979"},{"taxonomy":"post_tag","embeddable":true,"href":"https:\/\/theplayoffs.news\/fr\/wp-json\/wp\/v2\/tags?post=604979"},{"taxonomy":"sport","embeddable":true,"href":"https:\/\/theplayoffs.news\/fr\/wp-json\/wp\/v2\/sport?post=604979"},{"taxonomy":"saison","embeddable":true,"href":"https:\/\/theplayoffs.news\/fr\/wp-json\/wp\/v2\/saison?post=604979"}],"curies":[{"name":"wp","href":"https:\/\/api.w.org\/{rel}","templated":true}]}}