{"id":603878,"date":"2023-06-01T21:35:23","date_gmt":"2023-06-01T19:35:23","guid":{"rendered":"https:\/\/theplayoffs.news\/fr\/?p=603878"},"modified":"2023-06-01T21:35:24","modified_gmt":"2023-06-01T19:35:24","slug":"edwin-diaz-envisage-retour-fin-de-saison","status":"publish","type":"post","link":"https:\/\/theplayoffs.news\/fr\/actualite-mlb\/edwin-diaz-envisage-retour-fin-de-saison\/","title":{"rendered":"Edwin Diaz envisage un retour en fin de saison"},"content":{"rendered":"<h2>Edwin D&iacute;az, le closer ph&eacute;nom&eacute;nal des Mets de New York, a donn&eacute; aux fans une lueur d&rsquo;espoir, alors qu&rsquo;il envisage un possible retour au monticule plus tard cette saison.<\/h2><p>Il a &eacute;t&eacute; mis &agrave; l&rsquo;&eacute;cart depuis mars suite &agrave; une op&eacute;ration au genou.<\/p><p>Edwin D&iacute;az &eacute;tait sur le point de cr&eacute;er une autre saison spectaculaire lorsqu&rsquo;il a subi un revers important lors de la World Baseball Classic. Sa performance h&eacute;ro&iuml;que, cl&ocirc;turant le quart de finale contre la R&eacute;publique dominicaine, a &eacute;t&eacute; brusquement &eacute;clips&eacute;e par une malheureuse blessure au genou. La tournure dramatique des &eacute;v&eacute;nements a abouti &agrave; une intervention chirurgicale pour r&eacute;parer son tendon rotulien droit, jetant une ombre d&rsquo;incertitude sur son avenir imm&eacute;diat dans la Major League Baseball (MLB).<\/p><p>Le d&eacute;lai de r&eacute;cup&eacute;ration typique apr&egrave;s une telle blessure tourne autour de huit mois, mais l&rsquo;esprit de Edwin D&iacute;az semble &ecirc;tre sur une voie acc&eacute;l&eacute;r&eacute;e. S&rsquo;il parvient &agrave; revenir dans le d&eacute;lai optimiste de six mois, il pourrait rev&ecirc;tir &agrave; nouveau son uniforme des Mets d&rsquo;ici la mi-septembre, ce qui cr&eacute;erait un &eacute;norme regain de moral au cours des derni&egrave;res semaines de la saison et potentiellement lors d&rsquo;une course en s&eacute;ries &eacute;liminatoires.<\/p><p>Cependant, un retour pr&eacute;cipit&eacute; n&rsquo;est pas garanti et d&eacute;pendra en grande partie de ses progr&egrave;s dans les prochains mois, laissant la d&eacute;cision &agrave; l&rsquo;expertise de ses entra&icirc;neurs et m&eacute;decins.<\/p><p>Malgr&eacute; les incertitudes persistantes, la condition physique actuelle de D&iacute;az et ses perspectives positives brossent un tableau encourageant. Sa d&eacute;claration &agrave; <a href=\"https:\/\/theathletic.com\/4569398\/2023\/06\/01\/mets-edwin-diaz-reds-alexis-brothers\/\" class=\"trk-cta-link\" data-cta-trk='{\"ctaType\":\"Link\",\"ctaSubType\":\"main\"}'>Ken Rosenthal de The Athletic<\/a> ravive les espoirs, alors qu&rsquo;il partageait :<\/p><blockquote><p>&laquo;&nbsp;Ma cicatrice a l&rsquo;air bien. Mon genou va bien, il r&eacute;pond tr&egrave;s bien &agrave; tous les exercices. Nous sommes heureux.&nbsp;&raquo;<\/p><\/blockquote><p>R&eacute;put&eacute; pour sa brillante carri&egrave;re de lanceur, <a href=\"https:\/\/theplayoffs.news\/fr\/joueur\/edwin-diaz-mlb-70788\/\" class=\"trk-cta-link\" data-cta-trk='{\"ctaType\":\"Link\",\"ctaSubType\":\"main\"}'><strong>Edwin D&iacute;az<\/strong><\/a> a constamment d&eacute;montr&eacute; ses prouesses en tant que l&rsquo;un des meilleurs releveurs du baseball, r&eacute;alisant 205 sauvetages remarquables avant d&rsquo;avoir 29 ans. Sa saison 2022 a &eacute;t&eacute; un spectacle absolu, enregistrant une ERA de 1,31 sur 62 manches, tout en retirant 50,2% des frappeurs ont affront&eacute;.<\/p><p>Apr&egrave;s l&rsquo;incroyable saison, Edwin D&iacute;az a sign&eacute; un nouveau contrat de 102 millions de dollars sur cinq ans avec les Mets, marquant un nouveau record pour la plus grande garantie jamais obtenue par un lanceur de rel&egrave;ve.<\/p><p>L&rsquo;enclos des Mets a cruellement manqu&eacute; la pr&eacute;sence de D&iacute;az, aux prises avec une ERA collective de 4,19 cette saison, ce qui les classe 20e parmi les 30 clubs de la ligue. David Robertson, dans l&rsquo;intervalle, est admirablement entr&eacute; dans le r&ocirc;le de closer, mais le retour de D&iacute;az renforcerait l&rsquo;&eacute;quipe de mani&egrave;re g&eacute;n&eacute;rale.<\/p>\n","protected":false},"excerpt":{"rendered":"","protected":false},"author":13,"featured_media":603880,"comment_status":"open","ping_status":"closed","sticky":false,"template":"","format":"standard","meta":{"inline_featured_image":false,"kia_subtitle":"","_mux_skip_reasons":[],"proofreadBy":0,"footnotes":""},"categories":[188,9],"tags":[4512,444],"sport":[],"saison":[],"class_list":["post-603878","post","type-post","status-publish","format-standard","has-post-thumbnail","hentry","category-actualite-mlb","category-mlb","tag-edwin-diaz","tag-new-york-mets"],"acf":[],"yoast_head":"<!-- This site is optimized with the Yoast SEO plugin v24.2 - https:\/\/yoast.com\/wordpress\/plugins\/seo\/ -->\n<title>Edwin Diaz envisage un retour en fin de saison - The Playoffs FR<\/title>\n<meta name=\"robots\" content=\"index, follow, max-snippet:-1, max-image-preview:large, max-video-preview:-1\" \/>\n<link rel=\"canonical\" href=\"https:\/\/theplayoffs.news\/fr\/actualite-mlb\/edwin-diaz-envisage-retour-fin-de-saison\/\" \/>\n<meta property=\"og:locale\" content=\"fr_FR\" \/>\n<meta property=\"og:type\" content=\"article\" \/>\n<meta property=\"og:title\" content=\"Edwin Diaz envisage un retour en fin de saison - The Playoffs FR\" \/>\n<meta property=\"og:url\" content=\"https:\/\/theplayoffs.news\/fr\/actualite-mlb\/edwin-diaz-envisage-retour-fin-de-saison\/\" \/>\n<meta property=\"og:site_name\" content=\"The Playoffs FR\" \/>\n<meta property=\"article:publisher\" content=\"https:\/\/www.facebook.com\/TheFreeAgentFR\/\" \/>\n<meta property=\"article:modified_time\" content=\"2023-06-01T21:35:24+02:00\" \/>\n<meta property=\"og:image\" content=\"https:\/\/theplayoffs.news\/fr\/wp-content\/uploads\/2023\/06\/Capture-decran-2023-06-01-a-21.29.26.jpg\" \/>\n\t<meta property=\"og:image:width\" content=\"1920\" \/>\n\t<meta property=\"og:image:height\" content=\"1067\" \/>\n\t<meta property=\"og:image:type\" content=\"image\/jpeg\" \/>\n<meta name=\"author\" content=\"Charles Taudin\" \/>\n<meta name=\"twitter:card\" content=\"summary_large_image\" \/>\n<meta name=\"twitter:creator\" content=\"@TheFreeAgentFR\" \/>\n<meta name=\"twitter:site\" content=\"@TheFreeAgentFR\" \/>\n<meta name=\"twitter:label1\" content=\"\u00c9crit par\" \/>\n\t<meta name=\"twitter:data1\" content=\"Charles Taudin\" \/>\n\t<meta name=\"twitter:label2\" content=\"Dur\u00e9e de lecture estim\u00e9e\" \/>\n\t<meta name=\"twitter:data2\" content=\"2 minutes\" \/>\n<script type=\"application\/ld+json\" class=\"yoast-schema-graph\">{\"@context\":\"https:\/\/schema.org\",\"@graph\":[{\"@type\":\"WebPage\",\"@id\":\"https:\/\/theplayoffs.news\/fr\/actualite-mlb\/edwin-diaz-envisage-retour-fin-de-saison\/\",\"url\":\"https:\/\/theplayoffs.news\/fr\/actualite-mlb\/edwin-diaz-envisage-retour-fin-de-saison\/\",\"name\":\"Edwin Diaz envisage un retour en fin de saison - The Playoffs FR\",\"isPartOf\":{\"@id\":\"https:\/\/theplayoffs.news\/fr\/#website\"},\"primaryImageOfPage\":{\"@id\":\"https:\/\/theplayoffs.news\/fr\/actualite-mlb\/edwin-diaz-envisage-retour-fin-de-saison\/#primaryimage\"},\"image\":{\"@id\":\"https:\/\/theplayoffs.news\/fr\/actualite-mlb\/edwin-diaz-envisage-retour-fin-de-saison\/#primaryimage\"},\"thumbnailUrl\":\"https:\/\/theplayoffs.news\/fr\/wp-content\/uploads\/2023\/06\/Capture-decran-2023-06-01-a-21.29.26.jpg\",\"datePublished\":\"2023-06-01T19:35:23+00:00\",\"dateModified\":\"2023-06-01T19:35:24+00:00\",\"author\":{\"@id\":\"https:\/\/theplayoffs.news\/fr\/#\/schema\/person\/eee5b69ad5d3c51cabe881c839dbe133\"},\"breadcrumb\":{\"@id\":\"https:\/\/theplayoffs.news\/fr\/actualite-mlb\/edwin-diaz-envisage-retour-fin-de-saison\/#breadcrumb\"},\"inLanguage\":\"fr-FR\",\"potentialAction\":[{\"@type\":\"ReadAction\",\"target\":[\"https:\/\/theplayoffs.news\/fr\/actualite-mlb\/edwin-diaz-envisage-retour-fin-de-saison\/\"]}]},{\"@type\":\"ImageObject\",\"inLanguage\":\"fr-FR\",\"@id\":\"https:\/\/theplayoffs.news\/fr\/actualite-mlb\/edwin-diaz-envisage-retour-fin-de-saison\/#primaryimage\",\"url\":\"https:\/\/theplayoffs.news\/fr\/wp-content\/uploads\/2023\/06\/Capture-decran-2023-06-01-a-21.29.26.jpg\",\"contentUrl\":\"https:\/\/theplayoffs.news\/fr\/wp-content\/uploads\/2023\/06\/Capture-decran-2023-06-01-a-21.29.26.jpg\",\"width\":1920,\"height\":1067,\"caption\":\"Edwin Diaz\"},{\"@type\":\"BreadcrumbList\",\"@id\":\"https:\/\/theplayoffs.news\/fr\/actualite-mlb\/edwin-diaz-envisage-retour-fin-de-saison\/#breadcrumb\",\"itemListElement\":[{\"@type\":\"ListItem\",\"position\":1,\"name\":\"Accueil\",\"item\":\"https:\/\/theplayoffs.news\/fr\/\"},{\"@type\":\"ListItem\",\"position\":2,\"name\":\"Edwin Diaz envisage un retour en fin de saison\"}]},{\"@type\":\"WebSite\",\"@id\":\"https:\/\/theplayoffs.news\/fr\/#website\",\"url\":\"https:\/\/theplayoffs.news\/fr\/\",\"name\":\"The Playoffs FR\",\"description\":\"NBA-NFL-NHL-MLB\",\"potentialAction\":[{\"@type\":\"SearchAction\",\"target\":{\"@type\":\"EntryPoint\",\"urlTemplate\":\"https:\/\/theplayoffs.news\/fr\/?s={search_term_string}\"},\"query-input\":{\"@type\":\"PropertyValueSpecification\",\"valueRequired\":true,\"valueName\":\"search_term_string\"}}],\"inLanguage\":\"fr-FR\"},{\"@type\":\"Person\",\"@id\":\"https:\/\/theplayoffs.news\/fr\/#\/schema\/person\/eee5b69ad5d3c51cabe881c839dbe133\",\"name\":\"Charles Taudin\",\"image\":{\"@type\":\"ImageObject\",\"inLanguage\":\"fr-FR\",\"@id\":\"https:\/\/theplayoffs.news\/fr\/#\/schema\/person\/image\/\",\"url\":\"https:\/\/secure.gravatar.com\/avatar\/59a1e772205ce9fd255edfcafc93013736822e20261f294c5753b20c41ede9f2?s=96&d=mm&r=g\",\"contentUrl\":\"https:\/\/secure.gravatar.com\/avatar\/59a1e772205ce9fd255edfcafc93013736822e20261f294c5753b20c41ede9f2?s=96&d=mm&r=g\",\"caption\":\"Charles Taudin\"},\"description\":\"R\u00e9dacteur en chef global de The Playoffs, j\u2019ai cr\u00e9\u00e9 The Free Agent, devenu The Playoffs FR, en 2020 durant la pand\u00e9mie. Amoureux depuis des ann\u00e9es des 4 sports majeurs am\u00e9ricains, j\u2019organise maintenant la strat\u00e9gie \u00e9ditoriale et les r\u00e9seaux sociaux de l\u2019ensemble des versions de The Playoffs. Il m\u2019arrive encore d\u2019\u00e9crire sur certains sports que j\u2019affectionne particuli\u00e8rement comme la NFL ou la MLB. Si vous devez retenir qu\u2019une chose : Eli Manning est le vrai GOAT pour avoir battu deux fois Tom Brady.\",\"sameAs\":[\"https:\/\/www.instagram.com\/ctaudin_\/\"],\"url\":\"https:\/\/theplayoffs.news\/fr\/author\/charles-taudin\/\"}]}<\/script>\n<!-- \/ Yoast SEO plugin. -->","yoast_head_json":{"title":"Edwin Diaz envisage un retour en fin de saison - The Playoffs FR","robots":{"index":"index","follow":"follow","max-snippet":"max-snippet:-1","max-image-preview":"max-image-preview:large","max-video-preview":"max-video-preview:-1"},"canonical":"https:\/\/theplayoffs.news\/fr\/actualite-mlb\/edwin-diaz-envisage-retour-fin-de-saison\/","og_locale":"fr_FR","og_type":"article","og_title":"Edwin Diaz envisage un retour en fin de saison - The Playoffs FR","og_url":"https:\/\/theplayoffs.news\/fr\/actualite-mlb\/edwin-diaz-envisage-retour-fin-de-saison\/","og_site_name":"The Playoffs FR","article_publisher":"https:\/\/www.facebook.com\/TheFreeAgentFR\/","article_modified_time":"2023-06-01T19:35:24+00:00","og_image":[{"width":1920,"height":1067,"url":"https:\/\/theplayoffs.news\/fr\/wp-content\/uploads\/2023\/06\/Capture-decran-2023-06-01-a-21.29.26.jpg","type":"image\/jpeg"}],"author":"Charles Taudin","twitter_card":"summary_large_image","twitter_creator":"@TheFreeAgentFR","twitter_site":"@TheFreeAgentFR","twitter_misc":{"\u00c9crit par":"Charles Taudin","Dur\u00e9e de lecture estim\u00e9e":"2 minutes"},"schema":{"@context":"https:\/\/schema.org","@graph":[{"@type":"WebPage","@id":"https:\/\/theplayoffs.news\/fr\/actualite-mlb\/edwin-diaz-envisage-retour-fin-de-saison\/","url":"https:\/\/theplayoffs.news\/fr\/actualite-mlb\/edwin-diaz-envisage-retour-fin-de-saison\/","name":"Edwin Diaz envisage un retour en fin de saison - The Playoffs FR","isPartOf":{"@id":"https:\/\/theplayoffs.news\/fr\/#website"},"primaryImageOfPage":{"@id":"https:\/\/theplayoffs.news\/fr\/actualite-mlb\/edwin-diaz-envisage-retour-fin-de-saison\/#primaryimage"},"image":{"@id":"https:\/\/theplayoffs.news\/fr\/actualite-mlb\/edwin-diaz-envisage-retour-fin-de-saison\/#primaryimage"},"thumbnailUrl":"https:\/\/theplayoffs.news\/fr\/wp-content\/uploads\/2023\/06\/Capture-decran-2023-06-01-a-21.29.26.jpg","datePublished":"2023-06-01T19:35:23+00:00","dateModified":"2023-06-01T19:35:24+00:00","author":{"@id":"https:\/\/theplayoffs.news\/fr\/#\/schema\/person\/eee5b69ad5d3c51cabe881c839dbe133"},"breadcrumb":{"@id":"https:\/\/theplayoffs.news\/fr\/actualite-mlb\/edwin-diaz-envisage-retour-fin-de-saison\/#breadcrumb"},"inLanguage":"fr-FR","potentialAction":[{"@type":"ReadAction","target":["https:\/\/theplayoffs.news\/fr\/actualite-mlb\/edwin-diaz-envisage-retour-fin-de-saison\/"]}]},{"@type":"ImageObject","inLanguage":"fr-FR","@id":"https:\/\/theplayoffs.news\/fr\/actualite-mlb\/edwin-diaz-envisage-retour-fin-de-saison\/#primaryimage","url":"https:\/\/theplayoffs.news\/fr\/wp-content\/uploads\/2023\/06\/Capture-decran-2023-06-01-a-21.29.26.jpg","contentUrl":"https:\/\/theplayoffs.news\/fr\/wp-content\/uploads\/2023\/06\/Capture-decran-2023-06-01-a-21.29.26.jpg","width":1920,"height":1067,"caption":"Edwin Diaz"},{"@type":"BreadcrumbList","@id":"https:\/\/theplayoffs.news\/fr\/actualite-mlb\/edwin-diaz-envisage-retour-fin-de-saison\/#breadcrumb","itemListElement":[{"@type":"ListItem","position":1,"name":"Accueil","item":"https:\/\/theplayoffs.news\/fr\/"},{"@type":"ListItem","position":2,"name":"Edwin Diaz envisage un retour en fin de saison"}]},{"@type":"WebSite","@id":"https:\/\/theplayoffs.news\/fr\/#website","url":"https:\/\/theplayoffs.news\/fr\/","name":"The Playoffs FR","description":"NBA-NFL-NHL-MLB","potentialAction":[{"@type":"SearchAction","target":{"@type":"EntryPoint","urlTemplate":"https:\/\/theplayoffs.news\/fr\/?s={search_term_string}"},"query-input":{"@type":"PropertyValueSpecification","valueRequired":true,"valueName":"search_term_string"}}],"inLanguage":"fr-FR"},{"@type":"Person","@id":"https:\/\/theplayoffs.news\/fr\/#\/schema\/person\/eee5b69ad5d3c51cabe881c839dbe133","name":"Charles Taudin","image":{"@type":"ImageObject","inLanguage":"fr-FR","@id":"https:\/\/theplayoffs.news\/fr\/#\/schema\/person\/image\/","url":"https:\/\/secure.gravatar.com\/avatar\/59a1e772205ce9fd255edfcafc93013736822e20261f294c5753b20c41ede9f2?s=96&d=mm&r=g","contentUrl":"https:\/\/secure.gravatar.com\/avatar\/59a1e772205ce9fd255edfcafc93013736822e20261f294c5753b20c41ede9f2?s=96&d=mm&r=g","caption":"Charles Taudin"},"description":"R\u00e9dacteur en chef global de The Playoffs, j\u2019ai cr\u00e9\u00e9 The Free Agent, devenu The Playoffs FR, en 2020 durant la pand\u00e9mie. Amoureux depuis des ann\u00e9es des 4 sports majeurs am\u00e9ricains, j\u2019organise maintenant la strat\u00e9gie \u00e9ditoriale et les r\u00e9seaux sociaux de l\u2019ensemble des versions de The Playoffs. Il m\u2019arrive encore d\u2019\u00e9crire sur certains sports que j\u2019affectionne particuli\u00e8rement comme la NFL ou la MLB. Si vous devez retenir qu\u2019une chose : Eli Manning est le vrai GOAT pour avoir battu deux fois Tom Brady.","sameAs":["https:\/\/www.instagram.com\/ctaudin_\/"],"url":"https:\/\/theplayoffs.news\/fr\/author\/charles-taudin\/"}]}},"_links":{"self":[{"href":"https:\/\/theplayoffs.news\/fr\/wp-json\/wp\/v2\/posts\/603878","targetHints":{"allow":["GET"]}}],"collection":[{"href":"https:\/\/theplayoffs.news\/fr\/wp-json\/wp\/v2\/posts"}],"about":[{"href":"https:\/\/theplayoffs.news\/fr\/wp-json\/wp\/v2\/types\/post"}],"author":[{"embeddable":true,"href":"https:\/\/theplayoffs.news\/fr\/wp-json\/wp\/v2\/users\/13"}],"replies":[{"embeddable":true,"href":"https:\/\/theplayoffs.news\/fr\/wp-json\/wp\/v2\/comments?post=603878"}],"version-history":[{"count":3,"href":"https:\/\/theplayoffs.news\/fr\/wp-json\/wp\/v2\/posts\/603878\/revisions"}],"predecessor-version":[{"id":603883,"href":"https:\/\/theplayoffs.news\/fr\/wp-json\/wp\/v2\/posts\/603878\/revisions\/603883"}],"wp:featuredmedia":[{"embeddable":true,"href":"https:\/\/theplayoffs.news\/fr\/wp-json\/wp\/v2\/media\/603880"}],"wp:attachment":[{"href":"https:\/\/theplayoffs.news\/fr\/wp-json\/wp\/v2\/media?parent=603878"}],"wp:term":[{"taxonomy":"category","embeddable":true,"href":"https:\/\/theplayoffs.news\/fr\/wp-json\/wp\/v2\/categories?post=603878"},{"taxonomy":"post_tag","embeddable":true,"href":"https:\/\/theplayoffs.news\/fr\/wp-json\/wp\/v2\/tags?post=603878"},{"taxonomy":"sport","embeddable":true,"href":"https:\/\/theplayoffs.news\/fr\/wp-json\/wp\/v2\/sport?post=603878"},{"taxonomy":"saison","embeddable":true,"href":"https:\/\/theplayoffs.news\/fr\/wp-json\/wp\/v2\/saison?post=603878"}],"curies":[{"name":"wp","href":"https:\/\/api.w.org\/{rel}","templated":true}]}}