{"id":596007,"date":"2023-05-30T10:44:10","date_gmt":"2023-05-30T08:44:10","guid":{"rendered":"https:\/\/theplayoffs.news\/fr\/?p=596007"},"modified":"2023-05-30T10:44:12","modified_gmt":"2023-05-30T08:44:12","slug":"elf-presentation-de-la-conference-centrale","status":"publish","type":"post","link":"https:\/\/theplayoffs.news\/fr\/elf\/elf-presentation-de-la-conference-centrale\/","title":{"rendered":"ELF\u00a0: pr\u00e9sentation de la conf\u00e9rence Centrale"},"content":{"rendered":"<h2>La saison 2023 de l&rsquo;ELF commence ce samedi. Nous allons ici faire une pr&eacute;sentation g&eacute;n&eacute;rale de la conf&eacute;rence Centrale.<\/h2><p>La conf&eacute;rence Centrale est compos&eacute;e de six &eacute;quipes venant de cinq pays diff&eacute;rents. Ces six &eacute;quipes joueront elles aussi 12 matchs au cours de 14 semaines de saison r&eacute;guli&egrave;re. La moiti&eacute; de la conf&eacute;rence va faire ses d&eacute;buts en ELF ce week-end. La conf&eacute;rence Centrale se compose de&nbsp;:<\/p><ul>\n<li>Dragons de Barcelone<\/li>\n<li>Helvetic Guards<\/li>\n<li>Seamen de Milan<\/li>\n<li>Munich Ravens<\/li>\n<li>Stuttgart Surge<\/li>\n<li>Raiders Tirol<\/li>\n<\/ul><p>Quelles &eacute;quipes vont surprendre le public cette saison&nbsp;?<\/p><h3>Barcelona Dragons<\/h3><p>Les Dragons de Barcelone ont surpris plus d&rsquo;une personne la saison derni&egrave;re en venant remporter la conf&eacute;rence Sud, ancienne conf&eacute;rence avant l&rsquo;arriv&eacute;e de sept nouvelles &eacute;quipes cette saison. Les Dragons se sont hiss&eacute;s en demi-finales o&ugrave; ils ont perdu face aux futurs champions en titre&nbsp;: les Vikings de Vienne.<\/p><p>Cependant, cette saison s&rsquo;annonce compliqu&eacute;e avec la perte de nombreux &eacute;l&eacute;ments comme le duo Zach Edwards (QB) et Kyle Sweet (WR) qui sont partis chez les Mousquetaires de Paris. Malgr&eacute; leur bilan de 8 victoires pour 4 d&eacute;faites en 2022, les Dragons auront bien du mal &agrave; recr&eacute;er l&rsquo;exploit d&rsquo;aller en play-offs.<\/p><h3>Helvetic Guards<\/h3><p>Les Guardes Helv&eacute;tiques est l&rsquo;une des nouvelles franchises de l&rsquo;ELF cette saison. L&rsquo;&eacute;quipe suisse bas&eacute;e &agrave; Zurich. Les Guards ont recrut&eacute;s le Quarterback de Colorado State Rams, Colin Hill qui a un avenir prometteur dans la ligue. Ils b&eacute;n&eacute;ficieront &eacute;galement du Running Back (RB) Silas Nacita qui a lui aussi jou&eacute; en NCAA.<\/p><p>Hormis ces deux joueurs, les Guards devront compter sur leurs talents locaux. Les Guards sont loin d&rsquo;&ecirc;tre plac&eacute;s favoris de leur division mais ils esp&egrave;rent tout de m&ecirc;me effectuer une bonne premi&egrave;re saison.<\/p><h3>Milano Seamen<\/h3><p>Les Seamen de Milan sont eux aussi nouveaux en ELF. Bien que ceux-ci aient un statut tout nouveau au sein de l&rsquo;ELF, leur franchise a tout de m&ecirc;me remport&eacute; cinq Italian Bowl (championnat italien) entre 2014 et 2019.<\/p><p>Les Seamen b&eacute;n&eacute;ficieront entre autres de joueurs d&rsquo;exp&eacute;rience, notamment avec le Quarterback am&eacute;ricain Luke Zahradka, &eacute;tant dans la franchise ces cinq derni&egrave;res ann&eacute;es. Cependant, il ne faut pas penser que la transition de la ligue italienne &agrave; l&rsquo;ELF sera simple. Au contraire, ce sera un challenge pour l&rsquo;&eacute;quipe italienne qui b&eacute;n&eacute;ficieras d&rsquo;un statut de grand outsider au sein de la division.<\/p><h3>Munich Ravens<\/h3><p>Les Ravens de Munich sont eux aussi nouveaux en ELF. Les Ravens seront dirig&eacute;s par le MVP ELF &agrave; la retraite, Sean Shelton. Il sera &eacute;paul&eacute; de l&rsquo;ancien entra&icirc;neur de la NFL, John Shoop. Les Ravens ont &eacute;galement r&eacute;ussi &agrave; ramener le Quarterback v&eacute;t&eacute;ran Chad Jeffries, le receveur Markell Castle, ayant jou&eacute; avec les Seamen l&rsquo;an pass&eacute;, ainsi que le meilleur plaqueur de la ligue allemande de football Amin Black et Darius Robinson, ancien de Clemson.<\/p><p>Les Ravens peuvent &ecirc;tre une &eacute;quipe &agrave; suivre lors de leur premi&egrave;re saison avec leurs nombreux talents allemands. Cependant, les Ravens affronteront &agrave; plusieurs reprises le Rhein Fire faisant parti des meilleures &eacute;quipes de la ligue.<\/p><h3>Stuttgart Surge<\/h3><p>Les Surge de Stuttgart sont en ELF depuis le d&eacute;but en 2021. Cependant, les Surge sont sans aucun doute la pire &eacute;quipe de ces deux ann&eacute;es avec un bilan de seulement 2 victoires pour 20 d&eacute;faites, avec une ann&eacute;e sans victoire en 2022. Stuttgart a peut-&ecirc;tre trouv&eacute; le moyen d&rsquo;enfin accrocher des victoires cette saison en absorbant le noyau des Licornes de Schw&auml;bisch Hall, meilleure &eacute;quipe de la ligue allemande.<\/p><p>Cela comprend le head coach Josef Neumann, le Quarterback Reilly Hennessey, les receveurs Bryce Nunnelly et Moritz Boehringer, ancien choix de rep&ecirc;chage en NFL, et bien d&rsquo;autres. Les Surge peuvent &eacute;ventuellement arr&ecirc;ter de s&rsquo;accrocher au fond de leur division et commencer &agrave; gagner des matchs. Les Surge peuvent &eacute;galement profiter d&rsquo;une conf&eacute;rence avec de l&rsquo;inexp&eacute;rience en ELF de la moiti&eacute; des &eacute;quipes pour essayer d&rsquo;aller en play-offs.<\/p><h3>Raiders Tirol<\/h3><p>Les Raiders vont entam&eacute;s leur deuxi&egrave;me saison en ELF. La saison pass&eacute;e &eacute;tait encourageante pour l&rsquo;&eacute;quipe autrichienne avec un bilan de 8 victoires pour 4 d&eacute;faites. Cela leur avait suffit &agrave; d&eacute;crocher leur ticket en play-offs o&ugrave; ils &eacute;choueront en demi-finale face aux Sea Devils.<\/p><p>Les Raiders ont b&eacute;n&eacute;ficier de Christian Strong pour remplacer leur ancien Quarterback MVP parti &agrave; la retraite ainsi qu&rsquo;un de ses co&eacute;quipiers de longue date, le receveur Jarvis McClam. Ils ont &eacute;galement sign&eacute; le Running Back Sandro Platzgummer, ancien des New York Giants. Les Raiders sont parmi les favoris pour se hisser au sommet de cette conf&eacute;rence Centrale avec de nouveaux talents et une &eacute;quipe solide.<\/p><p>Pour conclure, la conf&eacute;rence Centrale est particuli&egrave;rement int&eacute;ressante au niveau des nouvelles &eacute;quipes et de savoir comment ces &eacute;quipes remplies de talents vont s&rsquo;imposer au sein de leur conf&eacute;rence. Il y a &eacute;galement les &eacute;quipes d&rsquo;exp&eacute;rience au sein de l&rsquo;ELF qui vont devoir montrer qu&rsquo;ils sont toujours pr&eacute;sents pour jouer aux avants postes.<\/p><p>Quelle est pour vous la franchise qui r&eacute;ussira &agrave; s&rsquo;emparer de la conf&eacute;rence Centrale&nbsp;?<\/p>\n","protected":false},"excerpt":{"rendered":"","protected":false},"author":180310178,"featured_media":592886,"comment_status":"open","ping_status":"closed","sticky":false,"template":"","format":"standard","meta":{"inline_featured_image":false,"kia_subtitle":"","_mux_skip_reasons":[],"proofreadBy":0,"footnotes":""},"categories":[5964],"tags":[6005,5993,6006,6008,6009,6007,4554],"sport":[],"saison":[],"class_list":["post-596007","post","type-post","status-publish","format-standard","has-post-thumbnail","hentry","category-elf","tag-dragons-de-barcelone","tag-elf-2023","tag-helvetic-guards","tag-munich-ravens","tag-raiders-tirol","tag-seamen-de-milan","tag-stuttgart-surge"],"acf":[],"yoast_head":"<!-- This site is optimized with the Yoast SEO plugin v24.2 - https:\/\/yoast.com\/wordpress\/plugins\/seo\/ -->\n<title>ELF&nbsp;: pr&eacute;sentation de la conf&eacute;rence Centrale - The Playoffs FR<\/title>\n<meta name=\"robots\" content=\"index, follow, max-snippet:-1, max-image-preview:large, max-video-preview:-1\" \/>\n<link rel=\"canonical\" href=\"https:\/\/theplayoffs.news\/fr\/elf\/elf-presentation-de-la-conference-centrale\/\" \/>\n<meta property=\"og:locale\" content=\"fr_FR\" \/>\n<meta property=\"og:type\" content=\"article\" \/>\n<meta property=\"og:title\" content=\"ELF&nbsp;: pr&eacute;sentation de la conf&eacute;rence Centrale - The Playoffs FR\" \/>\n<meta property=\"og:url\" content=\"https:\/\/theplayoffs.news\/fr\/elf\/elf-presentation-de-la-conference-centrale\/\" \/>\n<meta property=\"og:site_name\" content=\"The Playoffs FR\" \/>\n<meta property=\"article:publisher\" content=\"https:\/\/www.facebook.com\/TheFreeAgentFR\/\" \/>\n<meta property=\"article:modified_time\" content=\"2023-05-30T10:44:12+02:00\" \/>\n<meta property=\"og:image\" content=\"https:\/\/theplayoffs.news\/fr\/wp-content\/uploads\/2023\/05\/carte-ELF.jpg\" \/>\n\t<meta property=\"og:image:width\" content=\"908\" \/>\n\t<meta property=\"og:image:height\" content=\"510\" \/>\n\t<meta property=\"og:image:type\" content=\"image\/jpeg\" \/>\n<meta name=\"author\" content=\"Arthur Berlemont\" \/>\n<meta name=\"twitter:card\" content=\"summary_large_image\" \/>\n<meta name=\"twitter:creator\" content=\"@TheFreeAgentFR\" \/>\n<meta name=\"twitter:site\" content=\"@TheFreeAgentFR\" \/>\n<meta name=\"twitter:label1\" content=\"\u00c9crit par\" \/>\n\t<meta name=\"twitter:data1\" content=\"Arthur Berlemont\" \/>\n\t<meta name=\"twitter:label2\" content=\"Dur\u00e9e de lecture estim\u00e9e\" \/>\n\t<meta name=\"twitter:data2\" content=\"4 minutes\" \/>\n<script type=\"application\/ld+json\" class=\"yoast-schema-graph\">{\"@context\":\"https:\/\/schema.org\",\"@graph\":[{\"@type\":\"WebPage\",\"@id\":\"https:\/\/theplayoffs.news\/fr\/elf\/elf-presentation-de-la-conference-centrale\/\",\"url\":\"https:\/\/theplayoffs.news\/fr\/elf\/elf-presentation-de-la-conference-centrale\/\",\"name\":\"ELF\u00a0: pr\u00e9sentation de la conf\u00e9rence Centrale - The Playoffs FR\",\"isPartOf\":{\"@id\":\"https:\/\/theplayoffs.news\/fr\/#website\"},\"primaryImageOfPage\":{\"@id\":\"https:\/\/theplayoffs.news\/fr\/elf\/elf-presentation-de-la-conference-centrale\/#primaryimage\"},\"image\":{\"@id\":\"https:\/\/theplayoffs.news\/fr\/elf\/elf-presentation-de-la-conference-centrale\/#primaryimage\"},\"thumbnailUrl\":\"https:\/\/theplayoffs.news\/fr\/wp-content\/uploads\/2023\/05\/carte-ELF.jpg\",\"datePublished\":\"2023-05-30T08:44:10+00:00\",\"dateModified\":\"2023-05-30T08:44:12+00:00\",\"author\":{\"@id\":\"https:\/\/theplayoffs.news\/fr\/#\/schema\/person\/b6b04a451dab03a5ab75cec8912e8942\"},\"breadcrumb\":{\"@id\":\"https:\/\/theplayoffs.news\/fr\/elf\/elf-presentation-de-la-conference-centrale\/#breadcrumb\"},\"inLanguage\":\"fr-FR\",\"potentialAction\":[{\"@type\":\"ReadAction\",\"target\":[\"https:\/\/theplayoffs.news\/fr\/elf\/elf-presentation-de-la-conference-centrale\/\"]}]},{\"@type\":\"ImageObject\",\"inLanguage\":\"fr-FR\",\"@id\":\"https:\/\/theplayoffs.news\/fr\/elf\/elf-presentation-de-la-conference-centrale\/#primaryimage\",\"url\":\"https:\/\/theplayoffs.news\/fr\/wp-content\/uploads\/2023\/05\/carte-ELF.jpg\",\"contentUrl\":\"https:\/\/theplayoffs.news\/fr\/wp-content\/uploads\/2023\/05\/carte-ELF.jpg\",\"width\":908,\"height\":510,\"caption\":\"ELF\"},{\"@type\":\"BreadcrumbList\",\"@id\":\"https:\/\/theplayoffs.news\/fr\/elf\/elf-presentation-de-la-conference-centrale\/#breadcrumb\",\"itemListElement\":[{\"@type\":\"ListItem\",\"position\":1,\"name\":\"Accueil\",\"item\":\"https:\/\/theplayoffs.news\/fr\/\"},{\"@type\":\"ListItem\",\"position\":2,\"name\":\"ELF\u00a0: pr\u00e9sentation de la conf\u00e9rence Centrale\"}]},{\"@type\":\"WebSite\",\"@id\":\"https:\/\/theplayoffs.news\/fr\/#website\",\"url\":\"https:\/\/theplayoffs.news\/fr\/\",\"name\":\"The Playoffs FR\",\"description\":\"NBA-NFL-NHL-MLB\",\"potentialAction\":[{\"@type\":\"SearchAction\",\"target\":{\"@type\":\"EntryPoint\",\"urlTemplate\":\"https:\/\/theplayoffs.news\/fr\/?s={search_term_string}\"},\"query-input\":{\"@type\":\"PropertyValueSpecification\",\"valueRequired\":true,\"valueName\":\"search_term_string\"}}],\"inLanguage\":\"fr-FR\"},{\"@type\":\"Person\",\"@id\":\"https:\/\/theplayoffs.news\/fr\/#\/schema\/person\/b6b04a451dab03a5ab75cec8912e8942\",\"name\":\"Arthur Berlemont\",\"image\":{\"@type\":\"ImageObject\",\"inLanguage\":\"fr-FR\",\"@id\":\"https:\/\/theplayoffs.news\/fr\/#\/schema\/person\/image\/\",\"url\":\"https:\/\/secure.gravatar.com\/avatar\/19ddab1d62ab0a19b186b86cee130432b120dd6f085625a6a6757dd1aa90a5f3?s=96&d=mm&r=g\",\"contentUrl\":\"https:\/\/secure.gravatar.com\/avatar\/19ddab1d62ab0a19b186b86cee130432b120dd6f085625a6a6757dd1aa90a5f3?s=96&d=mm&r=g\",\"caption\":\"Arthur Berlemont\"},\"description\":\"Etudiant passionn\u00e9 de sport, avant tout m\u00e9caniques, j\\\\'ai d\u00e9couvert les sports US il y a quelques ann\u00e9es. J\\\\'ai tout de suite accroch\u00e9 pour la ville de Cincinnati et ses franchises de NFL et MLB. Aujourd\\\\'hui, je suis l\u00e0 par passion dans la r\u00e9daction d\\\\'articles sur divers sports que j\\\\'affectionne.\",\"url\":\"https:\/\/theplayoffs.news\/fr\/author\/arthur-berlemontgmail-com\/\"}]}<\/script>\n<!-- \/ Yoast SEO plugin. -->","yoast_head_json":{"title":"ELF&nbsp;: pr&eacute;sentation de la conf&eacute;rence Centrale - The Playoffs FR","robots":{"index":"index","follow":"follow","max-snippet":"max-snippet:-1","max-image-preview":"max-image-preview:large","max-video-preview":"max-video-preview:-1"},"canonical":"https:\/\/theplayoffs.news\/fr\/elf\/elf-presentation-de-la-conference-centrale\/","og_locale":"fr_FR","og_type":"article","og_title":"ELF&nbsp;: pr&eacute;sentation de la conf&eacute;rence Centrale - The Playoffs FR","og_url":"https:\/\/theplayoffs.news\/fr\/elf\/elf-presentation-de-la-conference-centrale\/","og_site_name":"The Playoffs FR","article_publisher":"https:\/\/www.facebook.com\/TheFreeAgentFR\/","article_modified_time":"2023-05-30T08:44:12+00:00","og_image":[{"width":908,"height":510,"url":"https:\/\/theplayoffs.news\/fr\/wp-content\/uploads\/2023\/05\/carte-ELF.jpg","type":"image\/jpeg"}],"author":"Arthur Berlemont","twitter_card":"summary_large_image","twitter_creator":"@TheFreeAgentFR","twitter_site":"@TheFreeAgentFR","twitter_misc":{"\u00c9crit par":"Arthur Berlemont","Dur\u00e9e de lecture estim\u00e9e":"4 minutes"},"schema":{"@context":"https:\/\/schema.org","@graph":[{"@type":"WebPage","@id":"https:\/\/theplayoffs.news\/fr\/elf\/elf-presentation-de-la-conference-centrale\/","url":"https:\/\/theplayoffs.news\/fr\/elf\/elf-presentation-de-la-conference-centrale\/","name":"ELF\u00a0: pr\u00e9sentation de la conf\u00e9rence Centrale - The Playoffs FR","isPartOf":{"@id":"https:\/\/theplayoffs.news\/fr\/#website"},"primaryImageOfPage":{"@id":"https:\/\/theplayoffs.news\/fr\/elf\/elf-presentation-de-la-conference-centrale\/#primaryimage"},"image":{"@id":"https:\/\/theplayoffs.news\/fr\/elf\/elf-presentation-de-la-conference-centrale\/#primaryimage"},"thumbnailUrl":"https:\/\/theplayoffs.news\/fr\/wp-content\/uploads\/2023\/05\/carte-ELF.jpg","datePublished":"2023-05-30T08:44:10+00:00","dateModified":"2023-05-30T08:44:12+00:00","author":{"@id":"https:\/\/theplayoffs.news\/fr\/#\/schema\/person\/b6b04a451dab03a5ab75cec8912e8942"},"breadcrumb":{"@id":"https:\/\/theplayoffs.news\/fr\/elf\/elf-presentation-de-la-conference-centrale\/#breadcrumb"},"inLanguage":"fr-FR","potentialAction":[{"@type":"ReadAction","target":["https:\/\/theplayoffs.news\/fr\/elf\/elf-presentation-de-la-conference-centrale\/"]}]},{"@type":"ImageObject","inLanguage":"fr-FR","@id":"https:\/\/theplayoffs.news\/fr\/elf\/elf-presentation-de-la-conference-centrale\/#primaryimage","url":"https:\/\/theplayoffs.news\/fr\/wp-content\/uploads\/2023\/05\/carte-ELF.jpg","contentUrl":"https:\/\/theplayoffs.news\/fr\/wp-content\/uploads\/2023\/05\/carte-ELF.jpg","width":908,"height":510,"caption":"ELF"},{"@type":"BreadcrumbList","@id":"https:\/\/theplayoffs.news\/fr\/elf\/elf-presentation-de-la-conference-centrale\/#breadcrumb","itemListElement":[{"@type":"ListItem","position":1,"name":"Accueil","item":"https:\/\/theplayoffs.news\/fr\/"},{"@type":"ListItem","position":2,"name":"ELF\u00a0: pr\u00e9sentation de la conf\u00e9rence Centrale"}]},{"@type":"WebSite","@id":"https:\/\/theplayoffs.news\/fr\/#website","url":"https:\/\/theplayoffs.news\/fr\/","name":"The Playoffs FR","description":"NBA-NFL-NHL-MLB","potentialAction":[{"@type":"SearchAction","target":{"@type":"EntryPoint","urlTemplate":"https:\/\/theplayoffs.news\/fr\/?s={search_term_string}"},"query-input":{"@type":"PropertyValueSpecification","valueRequired":true,"valueName":"search_term_string"}}],"inLanguage":"fr-FR"},{"@type":"Person","@id":"https:\/\/theplayoffs.news\/fr\/#\/schema\/person\/b6b04a451dab03a5ab75cec8912e8942","name":"Arthur Berlemont","image":{"@type":"ImageObject","inLanguage":"fr-FR","@id":"https:\/\/theplayoffs.news\/fr\/#\/schema\/person\/image\/","url":"https:\/\/secure.gravatar.com\/avatar\/19ddab1d62ab0a19b186b86cee130432b120dd6f085625a6a6757dd1aa90a5f3?s=96&d=mm&r=g","contentUrl":"https:\/\/secure.gravatar.com\/avatar\/19ddab1d62ab0a19b186b86cee130432b120dd6f085625a6a6757dd1aa90a5f3?s=96&d=mm&r=g","caption":"Arthur Berlemont"},"description":"Etudiant passionn\u00e9 de sport, avant tout m\u00e9caniques, j\\'ai d\u00e9couvert les sports US il y a quelques ann\u00e9es. J\\'ai tout de suite accroch\u00e9 pour la ville de Cincinnati et ses franchises de NFL et MLB. Aujourd\\'hui, je suis l\u00e0 par passion dans la r\u00e9daction d\\'articles sur divers sports que j\\'affectionne.","url":"https:\/\/theplayoffs.news\/fr\/author\/arthur-berlemontgmail-com\/"}]}},"_links":{"self":[{"href":"https:\/\/theplayoffs.news\/fr\/wp-json\/wp\/v2\/posts\/596007","targetHints":{"allow":["GET"]}}],"collection":[{"href":"https:\/\/theplayoffs.news\/fr\/wp-json\/wp\/v2\/posts"}],"about":[{"href":"https:\/\/theplayoffs.news\/fr\/wp-json\/wp\/v2\/types\/post"}],"author":[{"embeddable":true,"href":"https:\/\/theplayoffs.news\/fr\/wp-json\/wp\/v2\/users\/180310178"}],"replies":[{"embeddable":true,"href":"https:\/\/theplayoffs.news\/fr\/wp-json\/wp\/v2\/comments?post=596007"}],"version-history":[{"count":2,"href":"https:\/\/theplayoffs.news\/fr\/wp-json\/wp\/v2\/posts\/596007\/revisions"}],"predecessor-version":[{"id":596057,"href":"https:\/\/theplayoffs.news\/fr\/wp-json\/wp\/v2\/posts\/596007\/revisions\/596057"}],"wp:featuredmedia":[{"embeddable":true,"href":"https:\/\/theplayoffs.news\/fr\/wp-json\/wp\/v2\/media\/592886"}],"wp:attachment":[{"href":"https:\/\/theplayoffs.news\/fr\/wp-json\/wp\/v2\/media?parent=596007"}],"wp:term":[{"taxonomy":"category","embeddable":true,"href":"https:\/\/theplayoffs.news\/fr\/wp-json\/wp\/v2\/categories?post=596007"},{"taxonomy":"post_tag","embeddable":true,"href":"https:\/\/theplayoffs.news\/fr\/wp-json\/wp\/v2\/tags?post=596007"},{"taxonomy":"sport","embeddable":true,"href":"https:\/\/theplayoffs.news\/fr\/wp-json\/wp\/v2\/sport?post=596007"},{"taxonomy":"saison","embeddable":true,"href":"https:\/\/theplayoffs.news\/fr\/wp-json\/wp\/v2\/saison?post=596007"}],"curies":[{"name":"wp","href":"https:\/\/api.w.org\/{rel}","templated":true}]}}