{"id":593069,"date":"2023-05-29T19:02:18","date_gmt":"2023-05-29T17:02:18","guid":{"rendered":"https:\/\/theplayoffs.news\/fr\/?p=593069"},"modified":"2023-05-29T19:02:20","modified_gmt":"2023-05-29T17:02:20","slug":"ricky-rubio-envisage-retour-europeen","status":"publish","type":"post","link":"https:\/\/theplayoffs.news\/fr\/actualite-nba\/ricky-rubio-envisage-retour-europeen\/","title":{"rendered":"Ricky Rubio envisage un retour europ\u00e9en : hommage \u00e0 ses racines ou d\u00e9but d&rsquo;un nouveau chapitre ?"},"content":{"rendered":"<h2>Les sp&eacute;culations sur le possible retour de la star de la NBA Ricky Rubio en Europe se sont r&eacute;cemment intensifi&eacute;es.<\/h2><p>Le meneur espagnol de 32 ans, actuellement sous contrat avec les Cavaliers de Cleveland, a fait part de son int&eacute;r&ecirc;t &agrave; rentrer chez lui &agrave; Barcelone, suscitant la curiosit&eacute; et l&rsquo;excitation des fans et des experts.<\/p><p>Les mots de Rubio sur le podcast &laquo; <a href=\"https:\/\/open.spotify.com\/episode\/7arcmg3DxJDNGWW0qSPwWi?si=OQWakXWVQNifXJTf6uj3kg&amp;nd=1\" class=\"trk-cta-link\" data-cta-trk='{\"ctaType\":\"Link\",\"ctaSubType\":\"main\"}'>La Sotana<\/a> &raquo; o&ugrave; il a dit :<\/p><blockquote><p>&laquo; Je commence &agrave; envisager mon retour&hellip; Rentrer &agrave; la maison. A Barcelone. Pr&egrave;s de la maison.&nbsp;&raquo; ont suscit&eacute; un d&eacute;bat intense sur les implications d&rsquo;une telle d&eacute;cision, &agrave; la fois pour Rubio et pour le paysage europ&eacute;en du basket-ball.<\/p><\/blockquote><p><a href=\"https:\/\/theplayoffs.news\/fr\/joueur\/ricky-rubio-nba-8022\/\" class=\"trk-cta-link\" data-cta-trk='{\"ctaType\":\"Link\",\"ctaSubType\":\"main\"}'><strong>Ricky Rubio<\/strong><\/a> a eu une carri&egrave;re impressionnante dans la NBA, jouant pendant 12 ans avec des &eacute;quipes telles que les Minnesota Timberwolves, Utah Jazz, Phoenix Suns et, plus r&eacute;cemment, les Cleveland Cavaliers. Malgr&eacute; les d&eacute;fis auxquels Rubio a &eacute;t&eacute; confront&eacute; cette saison en raison d&rsquo;une blessure au ligaments crois&eacute;s qui a conduit &agrave; une longue p&eacute;riode de r&eacute;&eacute;ducation, ses contributions au jeu ont &eacute;t&eacute; importantes.<\/p><p>Le mandat de Ricky Rubio en NBA a &eacute;t&eacute; marqu&eacute; par des hauts et des bas. Il s&rsquo;est av&eacute;r&eacute; &ecirc;tre un facilitateur habile sur le terrain, fournissant souvent des aides cruciales et apportant un &eacute;l&eacute;ment de jeu cr&eacute;atif &agrave; ses &eacute;quipes. Cependant, la saison 2022-2023 l&rsquo;a vu dans un r&ocirc;le limit&eacute; en raison de sa blessure. Il n&rsquo;a pu jouer qu&rsquo;en janvier, et m&ecirc;me alors, il n&rsquo;a disput&eacute; que 33 matchs, avec une moyenne de 5,2 points, 2,1 rebonds et 3,5 passes d&eacute;cisives en 17,2 minutes par match.<\/p><p>Cependant, il est important de se rappeler que le parcours de basket-ball de Ricky Rubio n&rsquo;a pas commenc&eacute; en NBA. Il &eacute;tait une star majeure en Europe, jouant pour le FC Barcelone et les aidant m&ecirc;me &agrave; remporter l&rsquo;EuroLeague en 2010 et le titre de la Liga ACB en 2011. Son h&eacute;ritage dans le basket europ&eacute;en est ind&eacute;niablement important, et son retour potentiel ferait parler dans Ligues europ&eacute;ennes.<\/p><p>Le contrat de Ricky Rubio avec les Cavaliers comprend au moins une saison suppl&eacute;mentaire d&rsquo;une valeur de 6,1 millions de dollars et une garantie partielle de 4,25 millions de dollars sur son salaire de 6,4 millions de dollars pour la saison 2024\/25. Cependant, si Cleveland d&eacute;cide de ne pas lui payer le montant total, ils devront r&eacute;silier le contrat d&rsquo;ici juin 2024.<\/p><p>Alors que sa carri&egrave;re en NBA semble toucher &agrave; sa fin, son retour potentiel en Espagne apportera certainement un coup de pouce bien n&eacute;cessaire &agrave; la sc&egrave;ne europ&eacute;enne du basket-ball. Son exp&eacute;rience et son leadership pourraient donner un nouveau souffle &agrave; son ancien club, le FC Barcelone, et inspirer la prochaine g&eacute;n&eacute;ration de joueurs europ&eacute;ens.<\/p>\n","protected":false},"excerpt":{"rendered":"","protected":false},"author":13,"featured_media":593070,"comment_status":"open","ping_status":"closed","sticky":false,"template":"","format":"standard","meta":{"inline_featured_image":false,"kia_subtitle":"","_mux_skip_reasons":[],"proofreadBy":0,"footnotes":""},"categories":[110,10],"tags":[1362,2138],"sport":[],"saison":[],"class_list":["post-593069","post","type-post","status-publish","format-standard","has-post-thumbnail","hentry","category-actualite-nba","category-nba","tag-cleveland-cavaliers","tag-ricky-rubio"],"acf":[],"yoast_head":"<!-- This site is optimized with the Yoast SEO plugin v24.2 - https:\/\/yoast.com\/wordpress\/plugins\/seo\/ -->\n<title>Ricky Rubio envisage un retour europ&eacute;en : hommage &agrave; ses racines ou d&eacute;but d&#039;un nouveau chapitre ? - The Playoffs FR<\/title>\n<meta name=\"robots\" content=\"index, follow, max-snippet:-1, max-image-preview:large, max-video-preview:-1\" \/>\n<link rel=\"canonical\" href=\"https:\/\/theplayoffs.news\/fr\/actualite-nba\/ricky-rubio-envisage-retour-europeen\/\" \/>\n<meta property=\"og:locale\" content=\"fr_FR\" \/>\n<meta property=\"og:type\" content=\"article\" \/>\n<meta property=\"og:title\" content=\"Ricky Rubio envisage un retour europ&eacute;en : hommage &agrave; ses racines ou d&eacute;but d&#039;un nouveau chapitre ? - The Playoffs FR\" \/>\n<meta property=\"og:url\" content=\"https:\/\/theplayoffs.news\/fr\/actualite-nba\/ricky-rubio-envisage-retour-europeen\/\" \/>\n<meta property=\"og:site_name\" content=\"The Playoffs FR\" \/>\n<meta property=\"article:publisher\" content=\"https:\/\/www.facebook.com\/TheFreeAgentFR\/\" \/>\n<meta property=\"article:modified_time\" content=\"2023-05-29T19:02:20+02:00\" \/>\n<meta property=\"og:image\" content=\"https:\/\/theplayoffs.news\/fr\/wp-content\/uploads\/2023\/05\/tinywow_Ricky-Rubio_25011557.jpg\" \/>\n\t<meta property=\"og:image:width\" content=\"922\" \/>\n\t<meta property=\"og:image:height\" content=\"506\" \/>\n\t<meta property=\"og:image:type\" content=\"image\/jpeg\" \/>\n<meta name=\"author\" content=\"Charles Taudin\" \/>\n<meta name=\"twitter:card\" content=\"summary_large_image\" \/>\n<meta name=\"twitter:creator\" content=\"@TheFreeAgentFR\" \/>\n<meta name=\"twitter:site\" content=\"@TheFreeAgentFR\" \/>\n<meta name=\"twitter:label1\" content=\"\u00c9crit par\" \/>\n\t<meta name=\"twitter:data1\" content=\"Charles Taudin\" \/>\n\t<meta name=\"twitter:label2\" content=\"Dur\u00e9e de lecture estim\u00e9e\" \/>\n\t<meta name=\"twitter:data2\" content=\"2 minutes\" \/>\n<script type=\"application\/ld+json\" class=\"yoast-schema-graph\">{\"@context\":\"https:\/\/schema.org\",\"@graph\":[{\"@type\":\"WebPage\",\"@id\":\"https:\/\/theplayoffs.news\/fr\/actualite-nba\/ricky-rubio-envisage-retour-europeen\/\",\"url\":\"https:\/\/theplayoffs.news\/fr\/actualite-nba\/ricky-rubio-envisage-retour-europeen\/\",\"name\":\"Ricky Rubio envisage un retour europ\u00e9en : hommage \u00e0 ses racines ou d\u00e9but d\\\\'un nouveau chapitre ? - The Playoffs FR\",\"isPartOf\":{\"@id\":\"https:\/\/theplayoffs.news\/fr\/#website\"},\"primaryImageOfPage\":{\"@id\":\"https:\/\/theplayoffs.news\/fr\/actualite-nba\/ricky-rubio-envisage-retour-europeen\/#primaryimage\"},\"image\":{\"@id\":\"https:\/\/theplayoffs.news\/fr\/actualite-nba\/ricky-rubio-envisage-retour-europeen\/#primaryimage\"},\"thumbnailUrl\":\"https:\/\/theplayoffs.news\/fr\/wp-content\/uploads\/2023\/05\/tinywow_Ricky-Rubio_25011557.jpg\",\"datePublished\":\"2023-05-29T17:02:18+00:00\",\"dateModified\":\"2023-05-29T17:02:20+00:00\",\"author\":{\"@id\":\"https:\/\/theplayoffs.news\/fr\/#\/schema\/person\/eee5b69ad5d3c51cabe881c839dbe133\"},\"breadcrumb\":{\"@id\":\"https:\/\/theplayoffs.news\/fr\/actualite-nba\/ricky-rubio-envisage-retour-europeen\/#breadcrumb\"},\"inLanguage\":\"fr-FR\",\"potentialAction\":[{\"@type\":\"ReadAction\",\"target\":[\"https:\/\/theplayoffs.news\/fr\/actualite-nba\/ricky-rubio-envisage-retour-europeen\/\"]}]},{\"@type\":\"ImageObject\",\"inLanguage\":\"fr-FR\",\"@id\":\"https:\/\/theplayoffs.news\/fr\/actualite-nba\/ricky-rubio-envisage-retour-europeen\/#primaryimage\",\"url\":\"https:\/\/theplayoffs.news\/fr\/wp-content\/uploads\/2023\/05\/tinywow_Ricky-Rubio_25011557.jpg\",\"contentUrl\":\"https:\/\/theplayoffs.news\/fr\/wp-content\/uploads\/2023\/05\/tinywow_Ricky-Rubio_25011557.jpg\",\"width\":922,\"height\":506,\"caption\":\"Ricky Rubio\"},{\"@type\":\"BreadcrumbList\",\"@id\":\"https:\/\/theplayoffs.news\/fr\/actualite-nba\/ricky-rubio-envisage-retour-europeen\/#breadcrumb\",\"itemListElement\":[{\"@type\":\"ListItem\",\"position\":1,\"name\":\"Accueil\",\"item\":\"https:\/\/theplayoffs.news\/fr\/\"},{\"@type\":\"ListItem\",\"position\":2,\"name\":\"Ricky Rubio envisage un retour europ\u00e9en : hommage \u00e0 ses racines ou d\u00e9but d&rsquo;un nouveau chapitre ?\"}]},{\"@type\":\"WebSite\",\"@id\":\"https:\/\/theplayoffs.news\/fr\/#website\",\"url\":\"https:\/\/theplayoffs.news\/fr\/\",\"name\":\"The Playoffs FR\",\"description\":\"NBA-NFL-NHL-MLB\",\"potentialAction\":[{\"@type\":\"SearchAction\",\"target\":{\"@type\":\"EntryPoint\",\"urlTemplate\":\"https:\/\/theplayoffs.news\/fr\/?s={search_term_string}\"},\"query-input\":{\"@type\":\"PropertyValueSpecification\",\"valueRequired\":true,\"valueName\":\"search_term_string\"}}],\"inLanguage\":\"fr-FR\"},{\"@type\":\"Person\",\"@id\":\"https:\/\/theplayoffs.news\/fr\/#\/schema\/person\/eee5b69ad5d3c51cabe881c839dbe133\",\"name\":\"Charles Taudin\",\"image\":{\"@type\":\"ImageObject\",\"inLanguage\":\"fr-FR\",\"@id\":\"https:\/\/theplayoffs.news\/fr\/#\/schema\/person\/image\/\",\"url\":\"https:\/\/secure.gravatar.com\/avatar\/59a1e772205ce9fd255edfcafc93013736822e20261f294c5753b20c41ede9f2?s=96&d=mm&r=g\",\"contentUrl\":\"https:\/\/secure.gravatar.com\/avatar\/59a1e772205ce9fd255edfcafc93013736822e20261f294c5753b20c41ede9f2?s=96&d=mm&r=g\",\"caption\":\"Charles Taudin\"},\"description\":\"R\u00e9dacteur en chef global de The Playoffs, j\u2019ai cr\u00e9\u00e9 The Free Agent, devenu The Playoffs FR, en 2020 durant la pand\u00e9mie. Amoureux depuis des ann\u00e9es des 4 sports majeurs am\u00e9ricains, j\u2019organise maintenant la strat\u00e9gie \u00e9ditoriale et les r\u00e9seaux sociaux de l\u2019ensemble des versions de The Playoffs. Il m\u2019arrive encore d\u2019\u00e9crire sur certains sports que j\u2019affectionne particuli\u00e8rement comme la NFL ou la MLB. Si vous devez retenir qu\u2019une chose : Eli Manning est le vrai GOAT pour avoir battu deux fois Tom Brady.\",\"sameAs\":[\"https:\/\/www.instagram.com\/ctaudin_\/\"],\"url\":\"https:\/\/theplayoffs.news\/fr\/author\/charles-taudin\/\"}]}<\/script>\n<!-- \/ Yoast SEO plugin. -->","yoast_head_json":{"title":"Ricky Rubio envisage un retour europ&eacute;en : hommage &agrave; ses racines ou d&eacute;but d&#039;un nouveau chapitre ? - The Playoffs FR","robots":{"index":"index","follow":"follow","max-snippet":"max-snippet:-1","max-image-preview":"max-image-preview:large","max-video-preview":"max-video-preview:-1"},"canonical":"https:\/\/theplayoffs.news\/fr\/actualite-nba\/ricky-rubio-envisage-retour-europeen\/","og_locale":"fr_FR","og_type":"article","og_title":"Ricky Rubio envisage un retour europ&eacute;en : hommage &agrave; ses racines ou d&eacute;but d&#039;un nouveau chapitre ? - The Playoffs FR","og_url":"https:\/\/theplayoffs.news\/fr\/actualite-nba\/ricky-rubio-envisage-retour-europeen\/","og_site_name":"The Playoffs FR","article_publisher":"https:\/\/www.facebook.com\/TheFreeAgentFR\/","article_modified_time":"2023-05-29T17:02:20+00:00","og_image":[{"width":922,"height":506,"url":"https:\/\/theplayoffs.news\/fr\/wp-content\/uploads\/2023\/05\/tinywow_Ricky-Rubio_25011557.jpg","type":"image\/jpeg"}],"author":"Charles Taudin","twitter_card":"summary_large_image","twitter_creator":"@TheFreeAgentFR","twitter_site":"@TheFreeAgentFR","twitter_misc":{"\u00c9crit par":"Charles Taudin","Dur\u00e9e de lecture estim\u00e9e":"2 minutes"},"schema":{"@context":"https:\/\/schema.org","@graph":[{"@type":"WebPage","@id":"https:\/\/theplayoffs.news\/fr\/actualite-nba\/ricky-rubio-envisage-retour-europeen\/","url":"https:\/\/theplayoffs.news\/fr\/actualite-nba\/ricky-rubio-envisage-retour-europeen\/","name":"Ricky Rubio envisage un retour europ\u00e9en : hommage \u00e0 ses racines ou d\u00e9but d\\'un nouveau chapitre ? - The Playoffs FR","isPartOf":{"@id":"https:\/\/theplayoffs.news\/fr\/#website"},"primaryImageOfPage":{"@id":"https:\/\/theplayoffs.news\/fr\/actualite-nba\/ricky-rubio-envisage-retour-europeen\/#primaryimage"},"image":{"@id":"https:\/\/theplayoffs.news\/fr\/actualite-nba\/ricky-rubio-envisage-retour-europeen\/#primaryimage"},"thumbnailUrl":"https:\/\/theplayoffs.news\/fr\/wp-content\/uploads\/2023\/05\/tinywow_Ricky-Rubio_25011557.jpg","datePublished":"2023-05-29T17:02:18+00:00","dateModified":"2023-05-29T17:02:20+00:00","author":{"@id":"https:\/\/theplayoffs.news\/fr\/#\/schema\/person\/eee5b69ad5d3c51cabe881c839dbe133"},"breadcrumb":{"@id":"https:\/\/theplayoffs.news\/fr\/actualite-nba\/ricky-rubio-envisage-retour-europeen\/#breadcrumb"},"inLanguage":"fr-FR","potentialAction":[{"@type":"ReadAction","target":["https:\/\/theplayoffs.news\/fr\/actualite-nba\/ricky-rubio-envisage-retour-europeen\/"]}]},{"@type":"ImageObject","inLanguage":"fr-FR","@id":"https:\/\/theplayoffs.news\/fr\/actualite-nba\/ricky-rubio-envisage-retour-europeen\/#primaryimage","url":"https:\/\/theplayoffs.news\/fr\/wp-content\/uploads\/2023\/05\/tinywow_Ricky-Rubio_25011557.jpg","contentUrl":"https:\/\/theplayoffs.news\/fr\/wp-content\/uploads\/2023\/05\/tinywow_Ricky-Rubio_25011557.jpg","width":922,"height":506,"caption":"Ricky Rubio"},{"@type":"BreadcrumbList","@id":"https:\/\/theplayoffs.news\/fr\/actualite-nba\/ricky-rubio-envisage-retour-europeen\/#breadcrumb","itemListElement":[{"@type":"ListItem","position":1,"name":"Accueil","item":"https:\/\/theplayoffs.news\/fr\/"},{"@type":"ListItem","position":2,"name":"Ricky Rubio envisage un retour europ\u00e9en : hommage \u00e0 ses racines ou d\u00e9but d&rsquo;un nouveau chapitre ?"}]},{"@type":"WebSite","@id":"https:\/\/theplayoffs.news\/fr\/#website","url":"https:\/\/theplayoffs.news\/fr\/","name":"The Playoffs FR","description":"NBA-NFL-NHL-MLB","potentialAction":[{"@type":"SearchAction","target":{"@type":"EntryPoint","urlTemplate":"https:\/\/theplayoffs.news\/fr\/?s={search_term_string}"},"query-input":{"@type":"PropertyValueSpecification","valueRequired":true,"valueName":"search_term_string"}}],"inLanguage":"fr-FR"},{"@type":"Person","@id":"https:\/\/theplayoffs.news\/fr\/#\/schema\/person\/eee5b69ad5d3c51cabe881c839dbe133","name":"Charles Taudin","image":{"@type":"ImageObject","inLanguage":"fr-FR","@id":"https:\/\/theplayoffs.news\/fr\/#\/schema\/person\/image\/","url":"https:\/\/secure.gravatar.com\/avatar\/59a1e772205ce9fd255edfcafc93013736822e20261f294c5753b20c41ede9f2?s=96&d=mm&r=g","contentUrl":"https:\/\/secure.gravatar.com\/avatar\/59a1e772205ce9fd255edfcafc93013736822e20261f294c5753b20c41ede9f2?s=96&d=mm&r=g","caption":"Charles Taudin"},"description":"R\u00e9dacteur en chef global de The Playoffs, j\u2019ai cr\u00e9\u00e9 The Free Agent, devenu The Playoffs FR, en 2020 durant la pand\u00e9mie. Amoureux depuis des ann\u00e9es des 4 sports majeurs am\u00e9ricains, j\u2019organise maintenant la strat\u00e9gie \u00e9ditoriale et les r\u00e9seaux sociaux de l\u2019ensemble des versions de The Playoffs. Il m\u2019arrive encore d\u2019\u00e9crire sur certains sports que j\u2019affectionne particuli\u00e8rement comme la NFL ou la MLB. Si vous devez retenir qu\u2019une chose : Eli Manning est le vrai GOAT pour avoir battu deux fois Tom Brady.","sameAs":["https:\/\/www.instagram.com\/ctaudin_\/"],"url":"https:\/\/theplayoffs.news\/fr\/author\/charles-taudin\/"}]}},"_links":{"self":[{"href":"https:\/\/theplayoffs.news\/fr\/wp-json\/wp\/v2\/posts\/593069","targetHints":{"allow":["GET"]}}],"collection":[{"href":"https:\/\/theplayoffs.news\/fr\/wp-json\/wp\/v2\/posts"}],"about":[{"href":"https:\/\/theplayoffs.news\/fr\/wp-json\/wp\/v2\/types\/post"}],"author":[{"embeddable":true,"href":"https:\/\/theplayoffs.news\/fr\/wp-json\/wp\/v2\/users\/13"}],"replies":[{"embeddable":true,"href":"https:\/\/theplayoffs.news\/fr\/wp-json\/wp\/v2\/comments?post=593069"}],"version-history":[{"count":2,"href":"https:\/\/theplayoffs.news\/fr\/wp-json\/wp\/v2\/posts\/593069\/revisions"}],"predecessor-version":[{"id":593072,"href":"https:\/\/theplayoffs.news\/fr\/wp-json\/wp\/v2\/posts\/593069\/revisions\/593072"}],"wp:featuredmedia":[{"embeddable":true,"href":"https:\/\/theplayoffs.news\/fr\/wp-json\/wp\/v2\/media\/593070"}],"wp:attachment":[{"href":"https:\/\/theplayoffs.news\/fr\/wp-json\/wp\/v2\/media?parent=593069"}],"wp:term":[{"taxonomy":"category","embeddable":true,"href":"https:\/\/theplayoffs.news\/fr\/wp-json\/wp\/v2\/categories?post=593069"},{"taxonomy":"post_tag","embeddable":true,"href":"https:\/\/theplayoffs.news\/fr\/wp-json\/wp\/v2\/tags?post=593069"},{"taxonomy":"sport","embeddable":true,"href":"https:\/\/theplayoffs.news\/fr\/wp-json\/wp\/v2\/sport?post=593069"},{"taxonomy":"saison","embeddable":true,"href":"https:\/\/theplayoffs.news\/fr\/wp-json\/wp\/v2\/saison?post=593069"}],"curies":[{"name":"wp","href":"https:\/\/api.w.org\/{rel}","templated":true}]}}