{"id":592266,"date":"2023-05-25T18:39:58","date_gmt":"2023-05-25T16:39:58","guid":{"rendered":"https:\/\/theplayoffs.news\/fr\/?p=592266"},"modified":"2023-05-25T18:39:59","modified_gmt":"2023-05-25T16:39:59","slug":"brandon-mcmanus-pose-valises-jaguars","status":"publish","type":"post","link":"https:\/\/theplayoffs.news\/fr\/actualite-nfl\/brandon-mcmanus-pose-valises-jaguars\/","title":{"rendered":"Brandon McManus pose ses valises chez les Jaguars"},"content":{"rendered":"<h2>Les Jaguars viennent de signer l&rsquo;ex Kicker des Broncos, le v&eacute;t&eacute;ran Brandon McManus<\/h2><p>L&rsquo;annonce est plut&ocirc;t surprenante. Apr&egrave;s 9 ans de bons et loyaux services, les <a href=\"https:\/\/theplayoffs.news\/fr\/equipe\/denver-broncos-nfl\/\" class=\"trk-cta-link\" data-cta-trk='{\"ctaType\":\"Link\",\"ctaSubType\":\"main\"}'>Broncos<\/a> ont d&eacute;cid&eacute; de se s&eacute;parer de leur Kicker de 31 ans, <a href=\"https:\/\/theplayoffs.news\/fr\/joueur\/brandon-mcmanus-denver-broncos-nfl\/\" class=\"trk-cta-link\" data-cta-trk='{\"ctaType\":\"Link\",\"ctaSubType\":\"main\"}'>Brandon McManus<\/a>.<\/p><p>Alors, certes, Brandon McManus n&rsquo;a peut-&ecirc;tre pas fait sa meilleure saison l&rsquo;an dernier (la faute quand m&ecirc;me &agrave; une attaque tr&egrave;s peu productive) mais il n&rsquo;en restera pas moins que l&rsquo;un des kickers les plus productifs de l&rsquo;histoire de la franchise.<\/p><p>L&rsquo;an dernier, avec ses 8 succ&egrave;s (sur 13 tentatives) sur des FG de 50 yards et plus, Brandon McManus a bris&eacute; un record des Field Goals marqu&eacute;s &agrave; cette distance dans l&rsquo;histoire du Club du Colorado, pour atteindre un total en carri&egrave;re de 40 (sur 72 tentatives).<\/p><p>Ses 8 succ&egrave;s &agrave; 50 yards et plus le classait l&rsquo;an dernier 3&egrave;me dans cette cat&eacute;gorie, derri&egrave;re deux grands noms &agrave; ce poste : <a href=\"https:\/\/theplayoffs.news\/fr\/joueur\/matt-prater-nfl-22244\/\" class=\"trk-cta-link\" data-cta-trk='{\"ctaType\":\"Link\",\"ctaSubType\":\"main\"}'>Matt Prater<\/a> des <a href=\"https:\/\/theplayoffs.news\/fr\/equipe\/arizona-cardinals-nfl\/\" class=\"trk-cta-link\" data-cta-trk='{\"ctaType\":\"Link\",\"ctaSubType\":\"main\"}'>Cardinals<\/a> et <a href=\"https:\/\/theplayoffs.news\/fr\/joueur\/justin-tucker-nfl-31366\/\" class=\"trk-cta-link\" data-cta-trk='{\"ctaType\":\"Link\",\"ctaSubType\":\"main\"}'>Justin Tucker<\/a> des <a href=\"https:\/\/theplayoffs.news\/fr\/equipe\/baltimore-ravens-nfl\/\" class=\"trk-cta-link\" data-cta-trk='{\"ctaType\":\"Link\",\"ctaSubType\":\"main\"}'>Ravens<\/a>.<\/p><p>Pour l&rsquo;anecdote marrante, Brandon McManus &eacute;tait le dernier membre des Broncos vainqueurs du Super Bowl 50 en 2016 face aux Panthers (24-10). Et avec ses 9 ann&eacute;es pass&eacute;es sous les couleurs des Broncos, cela faisait de lui le deuxi&egrave;me Kicker rest&eacute; le plus longtemps &agrave; Denver derri&egrave;re un certain Jason Elam.<\/p><p>Les <a href=\"https:\/\/theplayoffs.news\/fr\/equipe\/jacksonville-jaguars-nfl\/\" class=\"trk-cta-link\" data-cta-trk='{\"ctaType\":\"Link\",\"ctaSubType\":\"main\"}'>Jaguars, <\/a>pour accueillir en leur sein McManus, ont donc dit au revoir &agrave; leur Kicker de l&rsquo;an dernier, <a href=\"https:\/\/theplayoffs.news\/fr\/joueur\/riley-patterson-nfl-8486742\/\" class=\"trk-cta-link\" data-cta-trk='{\"ctaType\":\"Link\",\"ctaSubType\":\"main\"}'>Riley Patterson<\/a>, qui a pourtant fait une belle saison.<\/p><p>Quant aux Broncos, &agrave; l&rsquo;heure o&ugrave; ces lignes sont &eacute;crites, ils sont d&eacute;pourvus de Kicker. Ce n&rsquo;est pas pr&eacute;cis&eacute; que c&rsquo;est un &eacute;change, mais Patterson va t-il d&eacute;m&eacute;nager dans les rocheuses ?<\/p><p>En tout cas, cette s&eacute;paration est un cr&egrave;ve-coeur pour tous les fans des Broncos.<\/p>\n","protected":false},"excerpt":{"rendered":"","protected":false},"author":180309965,"featured_media":592271,"comment_status":"open","ping_status":"closed","sticky":false,"template":"","format":"standard","meta":{"inline_featured_image":false,"kia_subtitle":"","_mux_skip_reasons":[],"proofreadBy":0,"footnotes":""},"categories":[118,40],"tags":[3141,926,5289],"sport":[],"saison":[3453],"class_list":["post-592266","post","type-post","status-publish","format-standard","has-post-thumbnail","hentry","category-actualite-nfl","category-nfl","tag-brandon-mcmanus","tag-denver-broncos","tag-jacksonville-jagars","saison-3453"],"acf":[],"yoast_head":"<!-- This site is optimized with the Yoast SEO plugin v24.2 - https:\/\/yoast.com\/wordpress\/plugins\/seo\/ -->\n<title>Brandon McManus pose ses valises chez les Jaguars - The Playoffs FR<\/title>\n<meta name=\"robots\" content=\"index, follow, max-snippet:-1, max-image-preview:large, max-video-preview:-1\" \/>\n<link rel=\"canonical\" href=\"https:\/\/theplayoffs.news\/fr\/actualite-nfl\/brandon-mcmanus-pose-valises-jaguars\/\" \/>\n<meta property=\"og:locale\" content=\"fr_FR\" \/>\n<meta property=\"og:type\" content=\"article\" \/>\n<meta property=\"og:title\" content=\"Brandon McManus pose ses valises chez les Jaguars - The Playoffs FR\" \/>\n<meta property=\"og:url\" content=\"https:\/\/theplayoffs.news\/fr\/actualite-nfl\/brandon-mcmanus-pose-valises-jaguars\/\" \/>\n<meta property=\"og:site_name\" content=\"The Playoffs FR\" \/>\n<meta property=\"article:publisher\" content=\"https:\/\/www.facebook.com\/TheFreeAgentFR\/\" \/>\n<meta property=\"article:modified_time\" content=\"2023-05-25T18:39:59+02:00\" \/>\n<meta property=\"og:image\" content=\"https:\/\/theplayoffs.news\/fr\/wp-content\/uploads\/2023\/05\/brandon-mcmanus.jpg\" \/>\n\t<meta property=\"og:image:width\" content=\"1000\" \/>\n\t<meta property=\"og:image:height\" content=\"600\" \/>\n\t<meta property=\"og:image:type\" content=\"image\/jpeg\" \/>\n<meta name=\"author\" content=\"Yohan Inza\" \/>\n<meta name=\"twitter:card\" content=\"summary_large_image\" \/>\n<meta name=\"twitter:creator\" content=\"@TheFreeAgentFR\" \/>\n<meta name=\"twitter:site\" content=\"@TheFreeAgentFR\" \/>\n<meta name=\"twitter:label1\" content=\"\u00c9crit par\" \/>\n\t<meta name=\"twitter:data1\" content=\"Yohan Inza\" \/>\n\t<meta name=\"twitter:label2\" content=\"Dur\u00e9e de lecture estim\u00e9e\" \/>\n\t<meta name=\"twitter:data2\" content=\"1 minute\" \/>\n<script type=\"application\/ld+json\" class=\"yoast-schema-graph\">{\"@context\":\"https:\/\/schema.org\",\"@graph\":[{\"@type\":\"WebPage\",\"@id\":\"https:\/\/theplayoffs.news\/fr\/actualite-nfl\/brandon-mcmanus-pose-valises-jaguars\/\",\"url\":\"https:\/\/theplayoffs.news\/fr\/actualite-nfl\/brandon-mcmanus-pose-valises-jaguars\/\",\"name\":\"Brandon McManus pose ses valises chez les Jaguars - The Playoffs FR\",\"isPartOf\":{\"@id\":\"https:\/\/theplayoffs.news\/fr\/#website\"},\"primaryImageOfPage\":{\"@id\":\"https:\/\/theplayoffs.news\/fr\/actualite-nfl\/brandon-mcmanus-pose-valises-jaguars\/#primaryimage\"},\"image\":{\"@id\":\"https:\/\/theplayoffs.news\/fr\/actualite-nfl\/brandon-mcmanus-pose-valises-jaguars\/#primaryimage\"},\"thumbnailUrl\":\"https:\/\/theplayoffs.news\/fr\/wp-content\/uploads\/2023\/05\/brandon-mcmanus.jpg\",\"datePublished\":\"2023-05-25T16:39:58+00:00\",\"dateModified\":\"2023-05-25T16:39:59+00:00\",\"author\":{\"@id\":\"https:\/\/theplayoffs.news\/fr\/#\/schema\/person\/ab2899fc4043f215d868aee5f2423853\"},\"breadcrumb\":{\"@id\":\"https:\/\/theplayoffs.news\/fr\/actualite-nfl\/brandon-mcmanus-pose-valises-jaguars\/#breadcrumb\"},\"inLanguage\":\"fr-FR\",\"potentialAction\":[{\"@type\":\"ReadAction\",\"target\":[\"https:\/\/theplayoffs.news\/fr\/actualite-nfl\/brandon-mcmanus-pose-valises-jaguars\/\"]}]},{\"@type\":\"ImageObject\",\"inLanguage\":\"fr-FR\",\"@id\":\"https:\/\/theplayoffs.news\/fr\/actualite-nfl\/brandon-mcmanus-pose-valises-jaguars\/#primaryimage\",\"url\":\"https:\/\/theplayoffs.news\/fr\/wp-content\/uploads\/2023\/05\/brandon-mcmanus.jpg\",\"contentUrl\":\"https:\/\/theplayoffs.news\/fr\/wp-content\/uploads\/2023\/05\/brandon-mcmanus.jpg\",\"width\":1000,\"height\":600,\"caption\":\"Brandon McManus\"},{\"@type\":\"BreadcrumbList\",\"@id\":\"https:\/\/theplayoffs.news\/fr\/actualite-nfl\/brandon-mcmanus-pose-valises-jaguars\/#breadcrumb\",\"itemListElement\":[{\"@type\":\"ListItem\",\"position\":1,\"name\":\"Accueil\",\"item\":\"https:\/\/theplayoffs.news\/fr\/\"},{\"@type\":\"ListItem\",\"position\":2,\"name\":\"Brandon McManus pose ses valises chez les Jaguars\"}]},{\"@type\":\"WebSite\",\"@id\":\"https:\/\/theplayoffs.news\/fr\/#website\",\"url\":\"https:\/\/theplayoffs.news\/fr\/\",\"name\":\"The Playoffs FR\",\"description\":\"NBA-NFL-NHL-MLB\",\"potentialAction\":[{\"@type\":\"SearchAction\",\"target\":{\"@type\":\"EntryPoint\",\"urlTemplate\":\"https:\/\/theplayoffs.news\/fr\/?s={search_term_string}\"},\"query-input\":{\"@type\":\"PropertyValueSpecification\",\"valueRequired\":true,\"valueName\":\"search_term_string\"}}],\"inLanguage\":\"fr-FR\"},{\"@type\":\"Person\",\"@id\":\"https:\/\/theplayoffs.news\/fr\/#\/schema\/person\/ab2899fc4043f215d868aee5f2423853\",\"name\":\"Yohan Inza\",\"image\":{\"@type\":\"ImageObject\",\"inLanguage\":\"fr-FR\",\"@id\":\"https:\/\/theplayoffs.news\/fr\/#\/schema\/person\/image\/\",\"url\":\"https:\/\/secure.gravatar.com\/avatar\/8ae39e8e2de17a55bc63b748a73876e052fde0a0988b070bbf446d0994718095?s=96&d=mm&r=g\",\"contentUrl\":\"https:\/\/secure.gravatar.com\/avatar\/8ae39e8e2de17a55bc63b748a73876e052fde0a0988b070bbf446d0994718095?s=96&d=mm&r=g\",\"caption\":\"Yohan Inza\"},\"url\":\"https:\/\/theplayoffs.news\/fr\/author\/yohaninza\/\"}]}<\/script>\n<!-- \/ Yoast SEO plugin. -->","yoast_head_json":{"title":"Brandon McManus pose ses valises chez les Jaguars - The Playoffs FR","robots":{"index":"index","follow":"follow","max-snippet":"max-snippet:-1","max-image-preview":"max-image-preview:large","max-video-preview":"max-video-preview:-1"},"canonical":"https:\/\/theplayoffs.news\/fr\/actualite-nfl\/brandon-mcmanus-pose-valises-jaguars\/","og_locale":"fr_FR","og_type":"article","og_title":"Brandon McManus pose ses valises chez les Jaguars - The Playoffs FR","og_url":"https:\/\/theplayoffs.news\/fr\/actualite-nfl\/brandon-mcmanus-pose-valises-jaguars\/","og_site_name":"The Playoffs FR","article_publisher":"https:\/\/www.facebook.com\/TheFreeAgentFR\/","article_modified_time":"2023-05-25T16:39:59+00:00","og_image":[{"width":1000,"height":600,"url":"https:\/\/theplayoffs.news\/fr\/wp-content\/uploads\/2023\/05\/brandon-mcmanus.jpg","type":"image\/jpeg"}],"author":"Yohan Inza","twitter_card":"summary_large_image","twitter_creator":"@TheFreeAgentFR","twitter_site":"@TheFreeAgentFR","twitter_misc":{"\u00c9crit par":"Yohan Inza","Dur\u00e9e de lecture estim\u00e9e":"1 minute"},"schema":{"@context":"https:\/\/schema.org","@graph":[{"@type":"WebPage","@id":"https:\/\/theplayoffs.news\/fr\/actualite-nfl\/brandon-mcmanus-pose-valises-jaguars\/","url":"https:\/\/theplayoffs.news\/fr\/actualite-nfl\/brandon-mcmanus-pose-valises-jaguars\/","name":"Brandon McManus pose ses valises chez les Jaguars - The Playoffs FR","isPartOf":{"@id":"https:\/\/theplayoffs.news\/fr\/#website"},"primaryImageOfPage":{"@id":"https:\/\/theplayoffs.news\/fr\/actualite-nfl\/brandon-mcmanus-pose-valises-jaguars\/#primaryimage"},"image":{"@id":"https:\/\/theplayoffs.news\/fr\/actualite-nfl\/brandon-mcmanus-pose-valises-jaguars\/#primaryimage"},"thumbnailUrl":"https:\/\/theplayoffs.news\/fr\/wp-content\/uploads\/2023\/05\/brandon-mcmanus.jpg","datePublished":"2023-05-25T16:39:58+00:00","dateModified":"2023-05-25T16:39:59+00:00","author":{"@id":"https:\/\/theplayoffs.news\/fr\/#\/schema\/person\/ab2899fc4043f215d868aee5f2423853"},"breadcrumb":{"@id":"https:\/\/theplayoffs.news\/fr\/actualite-nfl\/brandon-mcmanus-pose-valises-jaguars\/#breadcrumb"},"inLanguage":"fr-FR","potentialAction":[{"@type":"ReadAction","target":["https:\/\/theplayoffs.news\/fr\/actualite-nfl\/brandon-mcmanus-pose-valises-jaguars\/"]}]},{"@type":"ImageObject","inLanguage":"fr-FR","@id":"https:\/\/theplayoffs.news\/fr\/actualite-nfl\/brandon-mcmanus-pose-valises-jaguars\/#primaryimage","url":"https:\/\/theplayoffs.news\/fr\/wp-content\/uploads\/2023\/05\/brandon-mcmanus.jpg","contentUrl":"https:\/\/theplayoffs.news\/fr\/wp-content\/uploads\/2023\/05\/brandon-mcmanus.jpg","width":1000,"height":600,"caption":"Brandon McManus"},{"@type":"BreadcrumbList","@id":"https:\/\/theplayoffs.news\/fr\/actualite-nfl\/brandon-mcmanus-pose-valises-jaguars\/#breadcrumb","itemListElement":[{"@type":"ListItem","position":1,"name":"Accueil","item":"https:\/\/theplayoffs.news\/fr\/"},{"@type":"ListItem","position":2,"name":"Brandon McManus pose ses valises chez les Jaguars"}]},{"@type":"WebSite","@id":"https:\/\/theplayoffs.news\/fr\/#website","url":"https:\/\/theplayoffs.news\/fr\/","name":"The Playoffs FR","description":"NBA-NFL-NHL-MLB","potentialAction":[{"@type":"SearchAction","target":{"@type":"EntryPoint","urlTemplate":"https:\/\/theplayoffs.news\/fr\/?s={search_term_string}"},"query-input":{"@type":"PropertyValueSpecification","valueRequired":true,"valueName":"search_term_string"}}],"inLanguage":"fr-FR"},{"@type":"Person","@id":"https:\/\/theplayoffs.news\/fr\/#\/schema\/person\/ab2899fc4043f215d868aee5f2423853","name":"Yohan Inza","image":{"@type":"ImageObject","inLanguage":"fr-FR","@id":"https:\/\/theplayoffs.news\/fr\/#\/schema\/person\/image\/","url":"https:\/\/secure.gravatar.com\/avatar\/8ae39e8e2de17a55bc63b748a73876e052fde0a0988b070bbf446d0994718095?s=96&d=mm&r=g","contentUrl":"https:\/\/secure.gravatar.com\/avatar\/8ae39e8e2de17a55bc63b748a73876e052fde0a0988b070bbf446d0994718095?s=96&d=mm&r=g","caption":"Yohan Inza"},"url":"https:\/\/theplayoffs.news\/fr\/author\/yohaninza\/"}]}},"_links":{"self":[{"href":"https:\/\/theplayoffs.news\/fr\/wp-json\/wp\/v2\/posts\/592266","targetHints":{"allow":["GET"]}}],"collection":[{"href":"https:\/\/theplayoffs.news\/fr\/wp-json\/wp\/v2\/posts"}],"about":[{"href":"https:\/\/theplayoffs.news\/fr\/wp-json\/wp\/v2\/types\/post"}],"author":[{"embeddable":true,"href":"https:\/\/theplayoffs.news\/fr\/wp-json\/wp\/v2\/users\/180309965"}],"replies":[{"embeddable":true,"href":"https:\/\/theplayoffs.news\/fr\/wp-json\/wp\/v2\/comments?post=592266"}],"version-history":[{"count":3,"href":"https:\/\/theplayoffs.news\/fr\/wp-json\/wp\/v2\/posts\/592266\/revisions"}],"predecessor-version":[{"id":592284,"href":"https:\/\/theplayoffs.news\/fr\/wp-json\/wp\/v2\/posts\/592266\/revisions\/592284"}],"wp:featuredmedia":[{"embeddable":true,"href":"https:\/\/theplayoffs.news\/fr\/wp-json\/wp\/v2\/media\/592271"}],"wp:attachment":[{"href":"https:\/\/theplayoffs.news\/fr\/wp-json\/wp\/v2\/media?parent=592266"}],"wp:term":[{"taxonomy":"category","embeddable":true,"href":"https:\/\/theplayoffs.news\/fr\/wp-json\/wp\/v2\/categories?post=592266"},{"taxonomy":"post_tag","embeddable":true,"href":"https:\/\/theplayoffs.news\/fr\/wp-json\/wp\/v2\/tags?post=592266"},{"taxonomy":"sport","embeddable":true,"href":"https:\/\/theplayoffs.news\/fr\/wp-json\/wp\/v2\/sport?post=592266"},{"taxonomy":"saison","embeddable":true,"href":"https:\/\/theplayoffs.news\/fr\/wp-json\/wp\/v2\/saison?post=592266"}],"curies":[{"name":"wp","href":"https:\/\/api.w.org\/{rel}","templated":true}]}}