{"id":590841,"date":"2023-05-19T14:26:52","date_gmt":"2023-05-19T12:26:52","guid":{"rendered":"https:\/\/theplayoffs.news\/fr\/?p=590841"},"modified":"2023-05-19T14:26:53","modified_gmt":"2023-05-19T12:26:53","slug":"le-nouveau-centre-de-formation-des-chargers-devrait-ouvrir-au-printemps-2024","status":"publish","type":"post","link":"https:\/\/theplayoffs.news\/fr\/actualite-nfl\/le-nouveau-centre-de-formation-des-chargers-devrait-ouvrir-au-printemps-2024\/","title":{"rendered":"Le nouveau centre de formation des Chargers devrait ouvrir au printemps 2024"},"content":{"rendered":"<h2>Il y a un an, les Los Angeles Chargers ont inaugur&eacute; leur nouveau centre d&rsquo;entra&icirc;nement &agrave; El Segundo dans la banlieue de Los Angeles.<\/h2><p>Les Chargers ont estim&eacute; que la construction &eacute;tait assez avanc&eacute;e pour y organiser une tourn&eacute;e m&eacute;diatique ce jeudi 18 mai.<\/p><p>Fred Maas, chef de cabinet et avocat des <a href=\"https:\/\/theplayoffs.news\/fr\/equipe\/los-angeles-chargers-nfl\/\" class=\"trk-cta-link\" data-cta-trk='{\"ctaType\":\"Link\",\"ctaSubType\":\"main\"}'>Chargers<\/a>, a d&eacute;clar&eacute; esp&eacute;rer am&eacute;nager le projet l&rsquo;ann&eacute;e prochaine, puis emm&eacute;nager au plus tard au printemps ou en &eacute;t&eacute;.<\/p><p>Le nouveau complexe comprendra trois nouveaux terrains en gazon naturel pour s&rsquo;entra&icirc;ner, un vaste vestiaire, des salles d&rsquo;&eacute;quipement, d&rsquo;entra&icirc;nement et de musculation am&eacute;lior&eacute;es ainsi qu&rsquo;une piscine de d&eacute;tente avec un grill et une salle &agrave; manger compris avec un bar.<\/p><blockquote><p>&laquo;&nbsp;Nous avons un groupe incroyable d&rsquo;hommes ici qui repr&eacute;sentent cette &eacute;quipe et qui ont fait des sacrifices &eacute;videmment dans l&rsquo;installation temporaire dans laquelle nous nous trouvons actuellement&nbsp;&raquo;, <a href=\"https:\/\/www.chargers.com\/news\/chargers-new-practice-facility-el-segundo\" class=\"trk-cta-link\" data-cta-trk='{\"ctaType\":\"Link\",\"ctaSubType\":\"main\"}'>a d&eacute;clar&eacute; Maas<\/a>.&nbsp;&laquo;&nbsp;C&rsquo;&eacute;tait l&rsquo;objectif de la famille Spanos et de la direction ici de cr&eacute;er un environnement sans &eacute;gal dans la ligue.&nbsp;Je pense que nous avons ce genre d&rsquo;individus, et c&rsquo;est le genre d&rsquo;endroit qu&rsquo;ils m&eacute;ritent.&nbsp;&raquo;<\/p><\/blockquote>\n","protected":false},"excerpt":{"rendered":"","protected":false},"author":180310178,"featured_media":590842,"comment_status":"open","ping_status":"closed","sticky":false,"template":"","format":"standard","meta":{"inline_featured_image":false,"kia_subtitle":"","_mux_skip_reasons":[],"proofreadBy":0,"footnotes":""},"categories":[118,40],"tags":[759],"sport":[],"saison":[],"class_list":["post-590841","post","type-post","status-publish","format-standard","has-post-thumbnail","hentry","category-actualite-nfl","category-nfl","tag-los-angeles-chargers"],"acf":[],"yoast_head":"<!-- This site is optimized with the Yoast SEO plugin v24.2 - https:\/\/yoast.com\/wordpress\/plugins\/seo\/ -->\n<title>Le nouveau centre de formation des Chargers devrait ouvrir au printemps 2024 - The Playoffs FR<\/title>\n<meta name=\"robots\" content=\"index, follow, max-snippet:-1, max-image-preview:large, max-video-preview:-1\" \/>\n<link rel=\"canonical\" href=\"https:\/\/theplayoffs.news\/fr\/actualite-nfl\/le-nouveau-centre-de-formation-des-chargers-devrait-ouvrir-au-printemps-2024\/\" \/>\n<meta property=\"og:locale\" content=\"fr_FR\" \/>\n<meta property=\"og:type\" content=\"article\" \/>\n<meta property=\"og:title\" content=\"Le nouveau centre de formation des Chargers devrait ouvrir au printemps 2024 - The Playoffs FR\" \/>\n<meta property=\"og:url\" content=\"https:\/\/theplayoffs.news\/fr\/actualite-nfl\/le-nouveau-centre-de-formation-des-chargers-devrait-ouvrir-au-printemps-2024\/\" \/>\n<meta property=\"og:site_name\" content=\"The Playoffs FR\" \/>\n<meta property=\"article:publisher\" content=\"https:\/\/www.facebook.com\/TheFreeAgentFR\/\" \/>\n<meta property=\"article:modified_time\" content=\"2023-05-19T14:26:53+02:00\" \/>\n<meta property=\"og:image\" content=\"https:\/\/theplayoffs.news\/fr\/wp-content\/uploads\/2023\/05\/telechargement.jpeg\" \/>\n\t<meta property=\"og:image:width\" content=\"1486\" \/>\n\t<meta property=\"og:image:height\" content=\"908\" \/>\n\t<meta property=\"og:image:type\" content=\"image\/jpeg\" \/>\n<meta name=\"author\" content=\"Arthur Berlemont\" \/>\n<meta name=\"twitter:card\" content=\"summary_large_image\" \/>\n<meta name=\"twitter:creator\" content=\"@TheFreeAgentFR\" \/>\n<meta name=\"twitter:site\" content=\"@TheFreeAgentFR\" \/>\n<meta name=\"twitter:label1\" content=\"\u00c9crit par\" \/>\n\t<meta name=\"twitter:data1\" content=\"Arthur Berlemont\" \/>\n\t<meta name=\"twitter:label2\" content=\"Dur\u00e9e de lecture estim\u00e9e\" \/>\n\t<meta name=\"twitter:data2\" content=\"1 minute\" \/>\n<script type=\"application\/ld+json\" class=\"yoast-schema-graph\">{\"@context\":\"https:\/\/schema.org\",\"@graph\":[{\"@type\":\"WebPage\",\"@id\":\"https:\/\/theplayoffs.news\/fr\/actualite-nfl\/le-nouveau-centre-de-formation-des-chargers-devrait-ouvrir-au-printemps-2024\/\",\"url\":\"https:\/\/theplayoffs.news\/fr\/actualite-nfl\/le-nouveau-centre-de-formation-des-chargers-devrait-ouvrir-au-printemps-2024\/\",\"name\":\"Le nouveau centre de formation des Chargers devrait ouvrir au printemps 2024 - The Playoffs FR\",\"isPartOf\":{\"@id\":\"https:\/\/theplayoffs.news\/fr\/#website\"},\"primaryImageOfPage\":{\"@id\":\"https:\/\/theplayoffs.news\/fr\/actualite-nfl\/le-nouveau-centre-de-formation-des-chargers-devrait-ouvrir-au-printemps-2024\/#primaryimage\"},\"image\":{\"@id\":\"https:\/\/theplayoffs.news\/fr\/actualite-nfl\/le-nouveau-centre-de-formation-des-chargers-devrait-ouvrir-au-printemps-2024\/#primaryimage\"},\"thumbnailUrl\":\"https:\/\/theplayoffs.news\/fr\/wp-content\/uploads\/2023\/05\/telechargement.jpeg\",\"datePublished\":\"2023-05-19T12:26:52+00:00\",\"dateModified\":\"2023-05-19T12:26:53+00:00\",\"author\":{\"@id\":\"https:\/\/theplayoffs.news\/fr\/#\/schema\/person\/b6b04a451dab03a5ab75cec8912e8942\"},\"breadcrumb\":{\"@id\":\"https:\/\/theplayoffs.news\/fr\/actualite-nfl\/le-nouveau-centre-de-formation-des-chargers-devrait-ouvrir-au-printemps-2024\/#breadcrumb\"},\"inLanguage\":\"fr-FR\",\"potentialAction\":[{\"@type\":\"ReadAction\",\"target\":[\"https:\/\/theplayoffs.news\/fr\/actualite-nfl\/le-nouveau-centre-de-formation-des-chargers-devrait-ouvrir-au-printemps-2024\/\"]}]},{\"@type\":\"ImageObject\",\"inLanguage\":\"fr-FR\",\"@id\":\"https:\/\/theplayoffs.news\/fr\/actualite-nfl\/le-nouveau-centre-de-formation-des-chargers-devrait-ouvrir-au-printemps-2024\/#primaryimage\",\"url\":\"https:\/\/theplayoffs.news\/fr\/wp-content\/uploads\/2023\/05\/telechargement.jpeg\",\"contentUrl\":\"https:\/\/theplayoffs.news\/fr\/wp-content\/uploads\/2023\/05\/telechargement.jpeg\",\"width\":1486,\"height\":908,\"caption\":\"Chargers\"},{\"@type\":\"BreadcrumbList\",\"@id\":\"https:\/\/theplayoffs.news\/fr\/actualite-nfl\/le-nouveau-centre-de-formation-des-chargers-devrait-ouvrir-au-printemps-2024\/#breadcrumb\",\"itemListElement\":[{\"@type\":\"ListItem\",\"position\":1,\"name\":\"Accueil\",\"item\":\"https:\/\/theplayoffs.news\/fr\/\"},{\"@type\":\"ListItem\",\"position\":2,\"name\":\"Le nouveau centre de formation des Chargers devrait ouvrir au printemps 2024\"}]},{\"@type\":\"WebSite\",\"@id\":\"https:\/\/theplayoffs.news\/fr\/#website\",\"url\":\"https:\/\/theplayoffs.news\/fr\/\",\"name\":\"The Playoffs FR\",\"description\":\"NBA-NFL-NHL-MLB\",\"potentialAction\":[{\"@type\":\"SearchAction\",\"target\":{\"@type\":\"EntryPoint\",\"urlTemplate\":\"https:\/\/theplayoffs.news\/fr\/?s={search_term_string}\"},\"query-input\":{\"@type\":\"PropertyValueSpecification\",\"valueRequired\":true,\"valueName\":\"search_term_string\"}}],\"inLanguage\":\"fr-FR\"},{\"@type\":\"Person\",\"@id\":\"https:\/\/theplayoffs.news\/fr\/#\/schema\/person\/b6b04a451dab03a5ab75cec8912e8942\",\"name\":\"Arthur Berlemont\",\"image\":{\"@type\":\"ImageObject\",\"inLanguage\":\"fr-FR\",\"@id\":\"https:\/\/theplayoffs.news\/fr\/#\/schema\/person\/image\/\",\"url\":\"https:\/\/secure.gravatar.com\/avatar\/19ddab1d62ab0a19b186b86cee130432b120dd6f085625a6a6757dd1aa90a5f3?s=96&d=mm&r=g\",\"contentUrl\":\"https:\/\/secure.gravatar.com\/avatar\/19ddab1d62ab0a19b186b86cee130432b120dd6f085625a6a6757dd1aa90a5f3?s=96&d=mm&r=g\",\"caption\":\"Arthur Berlemont\"},\"description\":\"Etudiant passionn\u00e9 de sport, avant tout m\u00e9caniques, j\\\\'ai d\u00e9couvert les sports US il y a quelques ann\u00e9es. J\\\\'ai tout de suite accroch\u00e9 pour la ville de Cincinnati et ses franchises de NFL et MLB. Aujourd\\\\'hui, je suis l\u00e0 par passion dans la r\u00e9daction d\\\\'articles sur divers sports que j\\\\'affectionne.\",\"url\":\"https:\/\/theplayoffs.news\/fr\/author\/arthur-berlemontgmail-com\/\"}]}<\/script>\n<!-- \/ Yoast SEO plugin. -->","yoast_head_json":{"title":"Le nouveau centre de formation des Chargers devrait ouvrir au printemps 2024 - The Playoffs FR","robots":{"index":"index","follow":"follow","max-snippet":"max-snippet:-1","max-image-preview":"max-image-preview:large","max-video-preview":"max-video-preview:-1"},"canonical":"https:\/\/theplayoffs.news\/fr\/actualite-nfl\/le-nouveau-centre-de-formation-des-chargers-devrait-ouvrir-au-printemps-2024\/","og_locale":"fr_FR","og_type":"article","og_title":"Le nouveau centre de formation des Chargers devrait ouvrir au printemps 2024 - The Playoffs FR","og_url":"https:\/\/theplayoffs.news\/fr\/actualite-nfl\/le-nouveau-centre-de-formation-des-chargers-devrait-ouvrir-au-printemps-2024\/","og_site_name":"The Playoffs FR","article_publisher":"https:\/\/www.facebook.com\/TheFreeAgentFR\/","article_modified_time":"2023-05-19T12:26:53+00:00","og_image":[{"width":1486,"height":908,"url":"https:\/\/theplayoffs.news\/fr\/wp-content\/uploads\/2023\/05\/telechargement.jpeg","type":"image\/jpeg"}],"author":"Arthur Berlemont","twitter_card":"summary_large_image","twitter_creator":"@TheFreeAgentFR","twitter_site":"@TheFreeAgentFR","twitter_misc":{"\u00c9crit par":"Arthur Berlemont","Dur\u00e9e de lecture estim\u00e9e":"1 minute"},"schema":{"@context":"https:\/\/schema.org","@graph":[{"@type":"WebPage","@id":"https:\/\/theplayoffs.news\/fr\/actualite-nfl\/le-nouveau-centre-de-formation-des-chargers-devrait-ouvrir-au-printemps-2024\/","url":"https:\/\/theplayoffs.news\/fr\/actualite-nfl\/le-nouveau-centre-de-formation-des-chargers-devrait-ouvrir-au-printemps-2024\/","name":"Le nouveau centre de formation des Chargers devrait ouvrir au printemps 2024 - The Playoffs FR","isPartOf":{"@id":"https:\/\/theplayoffs.news\/fr\/#website"},"primaryImageOfPage":{"@id":"https:\/\/theplayoffs.news\/fr\/actualite-nfl\/le-nouveau-centre-de-formation-des-chargers-devrait-ouvrir-au-printemps-2024\/#primaryimage"},"image":{"@id":"https:\/\/theplayoffs.news\/fr\/actualite-nfl\/le-nouveau-centre-de-formation-des-chargers-devrait-ouvrir-au-printemps-2024\/#primaryimage"},"thumbnailUrl":"https:\/\/theplayoffs.news\/fr\/wp-content\/uploads\/2023\/05\/telechargement.jpeg","datePublished":"2023-05-19T12:26:52+00:00","dateModified":"2023-05-19T12:26:53+00:00","author":{"@id":"https:\/\/theplayoffs.news\/fr\/#\/schema\/person\/b6b04a451dab03a5ab75cec8912e8942"},"breadcrumb":{"@id":"https:\/\/theplayoffs.news\/fr\/actualite-nfl\/le-nouveau-centre-de-formation-des-chargers-devrait-ouvrir-au-printemps-2024\/#breadcrumb"},"inLanguage":"fr-FR","potentialAction":[{"@type":"ReadAction","target":["https:\/\/theplayoffs.news\/fr\/actualite-nfl\/le-nouveau-centre-de-formation-des-chargers-devrait-ouvrir-au-printemps-2024\/"]}]},{"@type":"ImageObject","inLanguage":"fr-FR","@id":"https:\/\/theplayoffs.news\/fr\/actualite-nfl\/le-nouveau-centre-de-formation-des-chargers-devrait-ouvrir-au-printemps-2024\/#primaryimage","url":"https:\/\/theplayoffs.news\/fr\/wp-content\/uploads\/2023\/05\/telechargement.jpeg","contentUrl":"https:\/\/theplayoffs.news\/fr\/wp-content\/uploads\/2023\/05\/telechargement.jpeg","width":1486,"height":908,"caption":"Chargers"},{"@type":"BreadcrumbList","@id":"https:\/\/theplayoffs.news\/fr\/actualite-nfl\/le-nouveau-centre-de-formation-des-chargers-devrait-ouvrir-au-printemps-2024\/#breadcrumb","itemListElement":[{"@type":"ListItem","position":1,"name":"Accueil","item":"https:\/\/theplayoffs.news\/fr\/"},{"@type":"ListItem","position":2,"name":"Le nouveau centre de formation des Chargers devrait ouvrir au printemps 2024"}]},{"@type":"WebSite","@id":"https:\/\/theplayoffs.news\/fr\/#website","url":"https:\/\/theplayoffs.news\/fr\/","name":"The Playoffs FR","description":"NBA-NFL-NHL-MLB","potentialAction":[{"@type":"SearchAction","target":{"@type":"EntryPoint","urlTemplate":"https:\/\/theplayoffs.news\/fr\/?s={search_term_string}"},"query-input":{"@type":"PropertyValueSpecification","valueRequired":true,"valueName":"search_term_string"}}],"inLanguage":"fr-FR"},{"@type":"Person","@id":"https:\/\/theplayoffs.news\/fr\/#\/schema\/person\/b6b04a451dab03a5ab75cec8912e8942","name":"Arthur Berlemont","image":{"@type":"ImageObject","inLanguage":"fr-FR","@id":"https:\/\/theplayoffs.news\/fr\/#\/schema\/person\/image\/","url":"https:\/\/secure.gravatar.com\/avatar\/19ddab1d62ab0a19b186b86cee130432b120dd6f085625a6a6757dd1aa90a5f3?s=96&d=mm&r=g","contentUrl":"https:\/\/secure.gravatar.com\/avatar\/19ddab1d62ab0a19b186b86cee130432b120dd6f085625a6a6757dd1aa90a5f3?s=96&d=mm&r=g","caption":"Arthur Berlemont"},"description":"Etudiant passionn\u00e9 de sport, avant tout m\u00e9caniques, j\\'ai d\u00e9couvert les sports US il y a quelques ann\u00e9es. J\\'ai tout de suite accroch\u00e9 pour la ville de Cincinnati et ses franchises de NFL et MLB. Aujourd\\'hui, je suis l\u00e0 par passion dans la r\u00e9daction d\\'articles sur divers sports que j\\'affectionne.","url":"https:\/\/theplayoffs.news\/fr\/author\/arthur-berlemontgmail-com\/"}]}},"_links":{"self":[{"href":"https:\/\/theplayoffs.news\/fr\/wp-json\/wp\/v2\/posts\/590841","targetHints":{"allow":["GET"]}}],"collection":[{"href":"https:\/\/theplayoffs.news\/fr\/wp-json\/wp\/v2\/posts"}],"about":[{"href":"https:\/\/theplayoffs.news\/fr\/wp-json\/wp\/v2\/types\/post"}],"author":[{"embeddable":true,"href":"https:\/\/theplayoffs.news\/fr\/wp-json\/wp\/v2\/users\/180310178"}],"replies":[{"embeddable":true,"href":"https:\/\/theplayoffs.news\/fr\/wp-json\/wp\/v2\/comments?post=590841"}],"version-history":[{"count":2,"href":"https:\/\/theplayoffs.news\/fr\/wp-json\/wp\/v2\/posts\/590841\/revisions"}],"predecessor-version":[{"id":590845,"href":"https:\/\/theplayoffs.news\/fr\/wp-json\/wp\/v2\/posts\/590841\/revisions\/590845"}],"wp:featuredmedia":[{"embeddable":true,"href":"https:\/\/theplayoffs.news\/fr\/wp-json\/wp\/v2\/media\/590842"}],"wp:attachment":[{"href":"https:\/\/theplayoffs.news\/fr\/wp-json\/wp\/v2\/media?parent=590841"}],"wp:term":[{"taxonomy":"category","embeddable":true,"href":"https:\/\/theplayoffs.news\/fr\/wp-json\/wp\/v2\/categories?post=590841"},{"taxonomy":"post_tag","embeddable":true,"href":"https:\/\/theplayoffs.news\/fr\/wp-json\/wp\/v2\/tags?post=590841"},{"taxonomy":"sport","embeddable":true,"href":"https:\/\/theplayoffs.news\/fr\/wp-json\/wp\/v2\/sport?post=590841"},{"taxonomy":"saison","embeddable":true,"href":"https:\/\/theplayoffs.news\/fr\/wp-json\/wp\/v2\/saison?post=590841"}],"curies":[{"name":"wp","href":"https:\/\/api.w.org\/{rel}","templated":true}]}}