{"id":590838,"date":"2023-05-20T09:00:21","date_gmt":"2023-05-20T07:00:21","guid":{"rendered":"https:\/\/theplayoffs.news\/fr\/?p=590838"},"modified":"2023-05-23T09:33:28","modified_gmt":"2023-05-23T07:33:28","slug":"elf-2023-les-dates-cles-de-la-saison","status":"publish","type":"post","link":"https:\/\/theplayoffs.news\/fr\/elf\/elf-2023-les-dates-cles-de-la-saison\/","title":{"rendered":"ELF 2023: Les dates cl\u00e9s de la saison"},"content":{"rendered":"<h2>La nouvelle saison d&rsquo;European League of Football (ELF) d&eacute;butera au d&eacute;but de ce mois de juin. L&rsquo;occasion pour la r&eacute;daction de TFA de vous donner les dates importantes de la saison.<\/h2><p>Tr&egrave;s attendue en France en raison de l&rsquo;arriv&eacute;e dans la ligue des Mousquetaires de Paris, la saison d&rsquo;ELF 2023 va bient&ocirc;t commencer nous permettant ainsi de nous enthousiasmer sur le football am&eacute;ricain m&ecirc;me pendant les mois d&rsquo;&eacute;t&eacute;. Petit tour d&rsquo;horizon des dates importantes de cette prochaine saison de la grande ligue europ&eacute;enne.<\/p><h3>L&rsquo;organisation de la saison d&rsquo;ELF 2023<\/h3><p>Chaque ann&eacute;e, l&rsquo;European League of Football est dans l&rsquo;obligation de revoir certaines de ses r&egrave;gles en raison notamment de l&rsquo;expansion toujours plus grande dans la ligue sur de nombreux pays europ&eacute;en. Ainsi, lors des deux premi&egrave;res saisons, en 2021 et en 2022, la ligue ne comptait respectivement que 8 puis 12 franchises. Bien loin donc des 17 &eacute;quipes qui seront sur la ligne de d&eacute;part lors du coup d&rsquo;envoi de cette saison d&rsquo;ELF 2023.<\/p><p>Lors de la saison r&eacute;guli&egrave;re de l&rsquo;ELF 2023, les 17 &eacute;quipes seront r&eacute;parties dans 3 conf&eacute;rences: la Conf&eacute;rence Est et Centrale compteront 6 &eacute;quipes chacune alors que la Conf&eacute;rence Ouest comptera de son c&ocirc;t&eacute; 5 &eacute;quipes dont les <a href=\"https:\/\/theplayoffs.news\/fr\/nfl\/equipe-elf-mousquetaires-de-paris\/\" class=\"trk-cta-link\" data-cta-trk='{\"ctaType\":\"Link\",\"ctaSubType\":\"main\"}'>Mousquetaires de Paris<\/a>. Chaque &eacute;quipe disputera 12 matchs dans la saison r&eacute;guli&egrave;re avec deux rencontres face &agrave; chacun de leurs adversaires de conf&eacute;rence auxquels il faut ajouter deux (ou quatre pour la conf&eacute;rence Ouest) matchs contre une (ou deux pour la conf&eacute;rence Ouest) &eacute;quipe d&rsquo;une autre conf&eacute;rence.<\/p><p>Pour se qualifier en playoffs de cette saison d&rsquo;ELF 2023, les &eacute;quipes doivent soit remporter leur Conf&eacute;rence soit faire partie des 3 meilleurs bilans restants &agrave; l&rsquo;&eacute;chelle de la ligue. Les champions de conf&eacute;rence seront class&eacute;es t&ecirc;te de s&eacute;rie num&eacute;ro 1 &agrave; 3 selon leur bilan, les trois autres qualifi&eacute;s seront class&eacute;s t&ecirc;te de s&eacute;rie 4 &agrave; 6 eux aussi selon leur bilan. Les deux premi&egrave;res t&ecirc;tes de s&eacute;rie seront qualifi&eacute;s directement pour les demi-finales alors que les 4 autres &eacute;quipes se disputeront un tour de wild card (3e &eacute;quipe contre l&rsquo;&eacute;quipe class&eacute;e 6e et 4e &eacute;quipe contre celle class&eacute;e t&ecirc;te de s&eacute;rie num&eacute;ro 5).<\/p><p>L&rsquo;&eacute;quipe class&eacute;e t&ecirc;te de s&eacute;rie num&eacute;ro 1 recevra la demi-finale de l&rsquo;ELF 2023 face &agrave; la plus faible t&ecirc;te de s&eacute;rie restante en comp&eacute;tition. Les deux autres &eacute;quipes s&rsquo;affronteront avec l&rsquo;avantage du terrain pour la t&ecirc;te de s&eacute;rie num&eacute;ro 2. Les deux vainqueurs des demi-finales se rencontreront lors de la grande finale de l&rsquo;ELF qui se d&eacute;roulera &agrave; la <a href=\"https:\/\/fr.wikipedia.org\/wiki\/Schauinsland-Reisen-Arena\" class=\"trk-cta-link\" data-cta-trk='{\"ctaType\":\"Link\",\"ctaSubType\":\"main\"}'>Schauinsland-Reisen-Arena<\/a> de Duisbourg en Allemagne.<\/p><p>En ce qui concerne les joueurs &laquo;&nbsp;imports&nbsp;&raquo;, chaque &eacute;quipe aura le droit &agrave; 4 joueurs non europ&eacute;ens en sachant que les joueurs br&eacute;siliens ne sont pas comptabilis&eacute;s dans les joueurs import&eacute;s. 2 joueurs non europ&eacute;ens au maximum pourront &ecirc;tre sur le terrain en m&ecirc;me temps dans une &eacute;quipe. De plus, les joueurs europ&eacute;ens venant d&rsquo;un autre pays que celui du lieu d&rsquo;implantation de la franchise sont limit&eacute;s &agrave; 6 par &eacute;quipe. Au total, chaque effectif comprendra 53 joueurs actifs au maximum (46 le jour du match).<\/p><h3>Les dates cl&eacute;s de la saison d&rsquo;ELF 2023<\/h3><ul>\n<li><strong>3 juin 2023:&nbsp;<\/strong>D&eacute;but de la premi&egrave;re semaine de comp&eacute;tition avec notamment le match des Mousquetaires de Paris qui se d&eacute;placeront chez les Centurions de Cologne &agrave; 17h00.<\/li>\n<li><strong>2 septembre 2023:<\/strong> 14e et derni&egrave;re journ&eacute;e de la saison r&eacute;guli&egrave;re. A l&rsquo;issue de celle-ci, l&rsquo;ensemble des affiches de playoffs seront connues.<\/li>\n<li><strong>9 et 10 septembre 2023:&nbsp;<\/strong>D&eacute;but du tour des playoffs avec le tour de wildcard<\/li>\n<li><strong>16 et 17 septembre 2023:&nbsp;<\/strong>Demi-finales du championnat ELF 2023<\/li>\n<li><strong>24 septembre 2024:&nbsp;<\/strong>Grande finale de l&rsquo;European League of Football &agrave; la Schauinsland-Reisen-Arena de Duisbourg.<\/li>\n<\/ul><p>Que la f&ecirc;te commence!<\/p>\n","protected":false},"excerpt":{"rendered":"","protected":false},"author":180309964,"featured_media":590843,"comment_status":"open","ping_status":"closed","sticky":false,"template":"","format":"standard","meta":{"inline_featured_image":false,"kia_subtitle":"","_mux_skip_reasons":[],"proofreadBy":0,"footnotes":""},"categories":[5964],"tags":[5958],"sport":[2785],"saison":[3453],"class_list":["post-590838","post","type-post","status-publish","format-standard","has-post-thumbnail","hentry","category-elf","tag-european-league-of-football","sport-nfl","saison-3453"],"acf":[],"yoast_head":"<!-- This site is optimized with the Yoast SEO plugin v24.2 - https:\/\/yoast.com\/wordpress\/plugins\/seo\/ -->\n<title>ELF 2023: Les dates cl&eacute;s de la saison - The Playoffs FR<\/title>\n<meta name=\"robots\" content=\"index, follow, max-snippet:-1, max-image-preview:large, max-video-preview:-1\" \/>\n<link rel=\"canonical\" href=\"https:\/\/theplayoffs.news\/fr\/elf\/elf-2023-les-dates-cles-de-la-saison\/\" \/>\n<meta property=\"og:locale\" content=\"fr_FR\" \/>\n<meta property=\"og:type\" content=\"article\" \/>\n<meta property=\"og:title\" content=\"ELF 2023: Les dates cl&eacute;s de la saison - The Playoffs FR\" \/>\n<meta property=\"og:url\" content=\"https:\/\/theplayoffs.news\/fr\/elf\/elf-2023-les-dates-cles-de-la-saison\/\" \/>\n<meta property=\"og:site_name\" content=\"The Playoffs FR\" \/>\n<meta property=\"article:publisher\" content=\"https:\/\/www.facebook.com\/TheFreeAgentFR\/\" \/>\n<meta property=\"article:modified_time\" content=\"2023-05-23T09:33:28+02:00\" \/>\n<meta property=\"og:image\" content=\"https:\/\/theplayoffs.news\/fr\/wp-content\/uploads\/2023\/05\/European-League-of-Football-Logo.jpg\" \/>\n\t<meta property=\"og:image:width\" content=\"1920\" \/>\n\t<meta property=\"og:image:height\" content=\"786\" \/>\n\t<meta property=\"og:image:type\" content=\"image\/jpeg\" \/>\n<meta name=\"author\" content=\"Flavien Jumeau\" \/>\n<meta name=\"twitter:card\" content=\"summary_large_image\" \/>\n<meta name=\"twitter:creator\" content=\"@TheFreeAgentFR\" \/>\n<meta name=\"twitter:site\" content=\"@TheFreeAgentFR\" \/>\n<meta name=\"twitter:label1\" content=\"\u00c9crit par\" \/>\n\t<meta name=\"twitter:data1\" content=\"Flavien Jumeau\" \/>\n\t<meta name=\"twitter:label2\" content=\"Dur\u00e9e de lecture estim\u00e9e\" \/>\n\t<meta name=\"twitter:data2\" content=\"3 minutes\" \/>\n<script type=\"application\/ld+json\" class=\"yoast-schema-graph\">{\"@context\":\"https:\/\/schema.org\",\"@graph\":[{\"@type\":\"WebPage\",\"@id\":\"https:\/\/theplayoffs.news\/fr\/elf\/elf-2023-les-dates-cles-de-la-saison\/\",\"url\":\"https:\/\/theplayoffs.news\/fr\/elf\/elf-2023-les-dates-cles-de-la-saison\/\",\"name\":\"ELF 2023: Les dates cl\u00e9s de la saison - The Playoffs FR\",\"isPartOf\":{\"@id\":\"https:\/\/theplayoffs.news\/fr\/#website\"},\"primaryImageOfPage\":{\"@id\":\"https:\/\/theplayoffs.news\/fr\/elf\/elf-2023-les-dates-cles-de-la-saison\/#primaryimage\"},\"image\":{\"@id\":\"https:\/\/theplayoffs.news\/fr\/elf\/elf-2023-les-dates-cles-de-la-saison\/#primaryimage\"},\"thumbnailUrl\":\"https:\/\/theplayoffs.news\/fr\/wp-content\/uploads\/2023\/05\/European-League-of-Football-Logo.jpg\",\"datePublished\":\"2023-05-20T07:00:21+00:00\",\"dateModified\":\"2023-05-23T07:33:28+00:00\",\"author\":{\"@id\":\"https:\/\/theplayoffs.news\/fr\/#\/schema\/person\/def63bc6746dc5957469b75feb99e66d\"},\"breadcrumb\":{\"@id\":\"https:\/\/theplayoffs.news\/fr\/elf\/elf-2023-les-dates-cles-de-la-saison\/#breadcrumb\"},\"inLanguage\":\"fr-FR\",\"potentialAction\":[{\"@type\":\"ReadAction\",\"target\":[\"https:\/\/theplayoffs.news\/fr\/elf\/elf-2023-les-dates-cles-de-la-saison\/\"]}]},{\"@type\":\"ImageObject\",\"inLanguage\":\"fr-FR\",\"@id\":\"https:\/\/theplayoffs.news\/fr\/elf\/elf-2023-les-dates-cles-de-la-saison\/#primaryimage\",\"url\":\"https:\/\/theplayoffs.news\/fr\/wp-content\/uploads\/2023\/05\/European-League-of-Football-Logo.jpg\",\"contentUrl\":\"https:\/\/theplayoffs.news\/fr\/wp-content\/uploads\/2023\/05\/European-League-of-Football-Logo.jpg\",\"width\":1920,\"height\":786,\"caption\":\"elf 2023\"},{\"@type\":\"BreadcrumbList\",\"@id\":\"https:\/\/theplayoffs.news\/fr\/elf\/elf-2023-les-dates-cles-de-la-saison\/#breadcrumb\",\"itemListElement\":[{\"@type\":\"ListItem\",\"position\":1,\"name\":\"Accueil\",\"item\":\"https:\/\/theplayoffs.news\/fr\/\"},{\"@type\":\"ListItem\",\"position\":2,\"name\":\"ELF 2023: Les dates cl\u00e9s de la saison\"}]},{\"@type\":\"WebSite\",\"@id\":\"https:\/\/theplayoffs.news\/fr\/#website\",\"url\":\"https:\/\/theplayoffs.news\/fr\/\",\"name\":\"The Playoffs FR\",\"description\":\"NBA-NFL-NHL-MLB\",\"potentialAction\":[{\"@type\":\"SearchAction\",\"target\":{\"@type\":\"EntryPoint\",\"urlTemplate\":\"https:\/\/theplayoffs.news\/fr\/?s={search_term_string}\"},\"query-input\":{\"@type\":\"PropertyValueSpecification\",\"valueRequired\":true,\"valueName\":\"search_term_string\"}}],\"inLanguage\":\"fr-FR\"},{\"@type\":\"Person\",\"@id\":\"https:\/\/theplayoffs.news\/fr\/#\/schema\/person\/def63bc6746dc5957469b75feb99e66d\",\"name\":\"Flavien Jumeau\",\"image\":{\"@type\":\"ImageObject\",\"inLanguage\":\"fr-FR\",\"@id\":\"https:\/\/theplayoffs.news\/fr\/#\/schema\/person\/image\/\",\"url\":\"https:\/\/secure.gravatar.com\/avatar\/e7fa8ba5a4b7e4ce35fe152f083f352db28ad0acce692004ed88a7a7d78893f7?s=96&d=mm&r=g\",\"contentUrl\":\"https:\/\/secure.gravatar.com\/avatar\/e7fa8ba5a4b7e4ce35fe152f083f352db28ad0acce692004ed88a7a7d78893f7?s=96&d=mm&r=g\",\"caption\":\"Flavien Jumeau\"},\"description\":\"Amoureux du sport (et de vraiment tous les sports) depuis mon plus jeune \u00e2ge, j\u2019ai longtemps h\u00e9site entre le snooker et le curling. Finalement c\u2019est le foot US que j\u2019ai d\u00e9cid\u00e9 de choisir! Responsable foot US sur TPO et animateur du podcast Tailgate j\u2019ai pour mission de vous faire d\u00e9couvrir ce sport passionnant si ce n\u2019est pas encore fait et de vous donner les derni\u00e8res actus. Le tout dans la bonne humeur et avec toujours un jeu de mots ou deux savamment distill\u00e9s! Fan des Saints, pour moi Drew Brees est le vrai GOAT!\",\"url\":\"https:\/\/theplayoffs.news\/fr\/author\/flavien-jumeaugmail-com\/\"}]}<\/script>\n<!-- \/ Yoast SEO plugin. -->","yoast_head_json":{"title":"ELF 2023: Les dates cl&eacute;s de la saison - The Playoffs FR","robots":{"index":"index","follow":"follow","max-snippet":"max-snippet:-1","max-image-preview":"max-image-preview:large","max-video-preview":"max-video-preview:-1"},"canonical":"https:\/\/theplayoffs.news\/fr\/elf\/elf-2023-les-dates-cles-de-la-saison\/","og_locale":"fr_FR","og_type":"article","og_title":"ELF 2023: Les dates cl&eacute;s de la saison - The Playoffs FR","og_url":"https:\/\/theplayoffs.news\/fr\/elf\/elf-2023-les-dates-cles-de-la-saison\/","og_site_name":"The Playoffs FR","article_publisher":"https:\/\/www.facebook.com\/TheFreeAgentFR\/","article_modified_time":"2023-05-23T07:33:28+00:00","og_image":[{"width":1920,"height":786,"url":"https:\/\/theplayoffs.news\/fr\/wp-content\/uploads\/2023\/05\/European-League-of-Football-Logo.jpg","type":"image\/jpeg"}],"author":"Flavien Jumeau","twitter_card":"summary_large_image","twitter_creator":"@TheFreeAgentFR","twitter_site":"@TheFreeAgentFR","twitter_misc":{"\u00c9crit par":"Flavien Jumeau","Dur\u00e9e de lecture estim\u00e9e":"3 minutes"},"schema":{"@context":"https:\/\/schema.org","@graph":[{"@type":"WebPage","@id":"https:\/\/theplayoffs.news\/fr\/elf\/elf-2023-les-dates-cles-de-la-saison\/","url":"https:\/\/theplayoffs.news\/fr\/elf\/elf-2023-les-dates-cles-de-la-saison\/","name":"ELF 2023: Les dates cl\u00e9s de la saison - The Playoffs FR","isPartOf":{"@id":"https:\/\/theplayoffs.news\/fr\/#website"},"primaryImageOfPage":{"@id":"https:\/\/theplayoffs.news\/fr\/elf\/elf-2023-les-dates-cles-de-la-saison\/#primaryimage"},"image":{"@id":"https:\/\/theplayoffs.news\/fr\/elf\/elf-2023-les-dates-cles-de-la-saison\/#primaryimage"},"thumbnailUrl":"https:\/\/theplayoffs.news\/fr\/wp-content\/uploads\/2023\/05\/European-League-of-Football-Logo.jpg","datePublished":"2023-05-20T07:00:21+00:00","dateModified":"2023-05-23T07:33:28+00:00","author":{"@id":"https:\/\/theplayoffs.news\/fr\/#\/schema\/person\/def63bc6746dc5957469b75feb99e66d"},"breadcrumb":{"@id":"https:\/\/theplayoffs.news\/fr\/elf\/elf-2023-les-dates-cles-de-la-saison\/#breadcrumb"},"inLanguage":"fr-FR","potentialAction":[{"@type":"ReadAction","target":["https:\/\/theplayoffs.news\/fr\/elf\/elf-2023-les-dates-cles-de-la-saison\/"]}]},{"@type":"ImageObject","inLanguage":"fr-FR","@id":"https:\/\/theplayoffs.news\/fr\/elf\/elf-2023-les-dates-cles-de-la-saison\/#primaryimage","url":"https:\/\/theplayoffs.news\/fr\/wp-content\/uploads\/2023\/05\/European-League-of-Football-Logo.jpg","contentUrl":"https:\/\/theplayoffs.news\/fr\/wp-content\/uploads\/2023\/05\/European-League-of-Football-Logo.jpg","width":1920,"height":786,"caption":"elf 2023"},{"@type":"BreadcrumbList","@id":"https:\/\/theplayoffs.news\/fr\/elf\/elf-2023-les-dates-cles-de-la-saison\/#breadcrumb","itemListElement":[{"@type":"ListItem","position":1,"name":"Accueil","item":"https:\/\/theplayoffs.news\/fr\/"},{"@type":"ListItem","position":2,"name":"ELF 2023: Les dates cl\u00e9s de la saison"}]},{"@type":"WebSite","@id":"https:\/\/theplayoffs.news\/fr\/#website","url":"https:\/\/theplayoffs.news\/fr\/","name":"The Playoffs FR","description":"NBA-NFL-NHL-MLB","potentialAction":[{"@type":"SearchAction","target":{"@type":"EntryPoint","urlTemplate":"https:\/\/theplayoffs.news\/fr\/?s={search_term_string}"},"query-input":{"@type":"PropertyValueSpecification","valueRequired":true,"valueName":"search_term_string"}}],"inLanguage":"fr-FR"},{"@type":"Person","@id":"https:\/\/theplayoffs.news\/fr\/#\/schema\/person\/def63bc6746dc5957469b75feb99e66d","name":"Flavien Jumeau","image":{"@type":"ImageObject","inLanguage":"fr-FR","@id":"https:\/\/theplayoffs.news\/fr\/#\/schema\/person\/image\/","url":"https:\/\/secure.gravatar.com\/avatar\/e7fa8ba5a4b7e4ce35fe152f083f352db28ad0acce692004ed88a7a7d78893f7?s=96&d=mm&r=g","contentUrl":"https:\/\/secure.gravatar.com\/avatar\/e7fa8ba5a4b7e4ce35fe152f083f352db28ad0acce692004ed88a7a7d78893f7?s=96&d=mm&r=g","caption":"Flavien Jumeau"},"description":"Amoureux du sport (et de vraiment tous les sports) depuis mon plus jeune \u00e2ge, j\u2019ai longtemps h\u00e9site entre le snooker et le curling. Finalement c\u2019est le foot US que j\u2019ai d\u00e9cid\u00e9 de choisir! Responsable foot US sur TPO et animateur du podcast Tailgate j\u2019ai pour mission de vous faire d\u00e9couvrir ce sport passionnant si ce n\u2019est pas encore fait et de vous donner les derni\u00e8res actus. Le tout dans la bonne humeur et avec toujours un jeu de mots ou deux savamment distill\u00e9s! Fan des Saints, pour moi Drew Brees est le vrai GOAT!","url":"https:\/\/theplayoffs.news\/fr\/author\/flavien-jumeaugmail-com\/"}]}},"_links":{"self":[{"href":"https:\/\/theplayoffs.news\/fr\/wp-json\/wp\/v2\/posts\/590838","targetHints":{"allow":["GET"]}}],"collection":[{"href":"https:\/\/theplayoffs.news\/fr\/wp-json\/wp\/v2\/posts"}],"about":[{"href":"https:\/\/theplayoffs.news\/fr\/wp-json\/wp\/v2\/types\/post"}],"author":[{"embeddable":true,"href":"https:\/\/theplayoffs.news\/fr\/wp-json\/wp\/v2\/users\/180309964"}],"replies":[{"embeddable":true,"href":"https:\/\/theplayoffs.news\/fr\/wp-json\/wp\/v2\/comments?post=590838"}],"version-history":[{"count":3,"href":"https:\/\/theplayoffs.news\/fr\/wp-json\/wp\/v2\/posts\/590838\/revisions"}],"predecessor-version":[{"id":590892,"href":"https:\/\/theplayoffs.news\/fr\/wp-json\/wp\/v2\/posts\/590838\/revisions\/590892"}],"wp:featuredmedia":[{"embeddable":true,"href":"https:\/\/theplayoffs.news\/fr\/wp-json\/wp\/v2\/media\/590843"}],"wp:attachment":[{"href":"https:\/\/theplayoffs.news\/fr\/wp-json\/wp\/v2\/media?parent=590838"}],"wp:term":[{"taxonomy":"category","embeddable":true,"href":"https:\/\/theplayoffs.news\/fr\/wp-json\/wp\/v2\/categories?post=590838"},{"taxonomy":"post_tag","embeddable":true,"href":"https:\/\/theplayoffs.news\/fr\/wp-json\/wp\/v2\/tags?post=590838"},{"taxonomy":"sport","embeddable":true,"href":"https:\/\/theplayoffs.news\/fr\/wp-json\/wp\/v2\/sport?post=590838"},{"taxonomy":"saison","embeddable":true,"href":"https:\/\/theplayoffs.news\/fr\/wp-json\/wp\/v2\/saison?post=590838"}],"curies":[{"name":"wp","href":"https:\/\/api.w.org\/{rel}","templated":true}]}}