{"id":590474,"date":"2023-05-17T15:14:16","date_gmt":"2023-05-17T13:14:16","guid":{"rendered":"https:\/\/theplayoffs.news\/fr\/?p=590474"},"modified":"2023-05-17T15:14:17","modified_gmt":"2023-05-17T13:14:17","slug":"davante-adams-ne-cache-pas-ses-inquietudes-a-propos-des-raiders","status":"publish","type":"post","link":"https:\/\/theplayoffs.news\/fr\/actualite-nfl\/davante-adams-ne-cache-pas-ses-inquietudes-a-propos-des-raiders\/","title":{"rendered":"Davante Adams ne cache pas ses inqui\u00e9tudes \u00e0 propos des Raiders"},"content":{"rendered":"<h2 class=\"s3\"><span class=\"s4\"><span class=\"bumpedFont15\">Davante Adam, receveur exp&eacute;riment&eacute; des Raiders ne cachait pas son envie d&rsquo;accueillir l&rsquo;ex quarterback des Packers Aaron Rodgers durant l&rsquo;off season.<br>\n<\/span><\/span><\/h2><p class=\"s3\"><span class=\"s4\"><span class=\"bumpedFont15\">En effet, Davante Adams ne se sent pas &agrave; sa place depuis le trade qui a eu lieu entre les Packers et les Raiders en &eacute;change des deux premiers pick de draft des Packers.<br>\n<\/span><\/span><\/p><p class=\"s3\"><span class=\"s4\"><span class=\"bumpedFont15\">De plus, durant l&rsquo;off season, les Raiders ont d&eacute;cid&eacute;s de lib&eacute;rer le quarterback Derek Carr qui joue d&eacute;sormais pour les Saints. Adams et Carr sont de tr&egrave;s proches amis mais &eacute;galement anciens co&eacute;quipiers universitaires. Les Raiders ont <\/span><\/span><span class=\"s4\"><span class=\"bumpedFont15\">privil&eacute;gi&eacute; Jimmy Garoppolo des 49ers pour remplacer Derek Carr.<\/span><\/span><\/p><p><span class=\"s4\"><span class=\"bumpedFont15\">Adams a r&eacute;cemment d&eacute;clar&eacute; qu&rsquo;il allait &laquo;<\/span><\/span><span class=\"s5\"><span class=\"bumpedFont15\">&nbsp;<\/span><\/span><span class=\"s6\"><span class=\"bumpedFont15\">devoir accepter cela et essayer d&rsquo;&ecirc;tre aussi optimiste que possible<\/span><\/span><span class=\"s7\"><span class=\"bumpedFont15\">&nbsp;<\/span><\/span><span class=\"s6\"><span class=\"bumpedFont15\">&raquo;<\/span><\/span><span class=\"s6\"><span class=\"bumpedFont15\"> &agrave; la suite de l&rsquo;arriv&eacute;e de Garoppolo &agrave; Vegas. Adams esp&egrave;re cependant ne pas faire de g&acirc;chis avec en esp&eacute;rant amener Garoppolo &laquo;<\/span><\/span><span class=\"s7\"><span class=\"bumpedFont15\">&nbsp;<\/span><\/span><span class=\"s6\"><span class=\"bumpedFont15\">&agrave; se conformer &agrave; n&rsquo;importe quoi<\/span><\/span><span class=\"s7\"><span class=\"bumpedFont15\">&nbsp;<\/span><\/span><span class=\"s6\"><span class=\"bumpedFont15\">&raquo;<\/span><\/span><span class=\"s6\"><span class=\"bumpedFont15\"> a-t-il d&eacute;clar&eacute;. Le receveur a toujours l&rsquo;envie de s&rsquo;engager &agrave; gagner un Super Bowl. C&rsquo;est pourquoi celui-ci a d&eacute;clar&eacute; qu&rsquo;il &laquo;<\/span><\/span><span class=\"s7\"><span class=\"bumpedFont15\">&nbsp;<\/span><\/span><span class=\"s6\"><span class=\"bumpedFont15\">s&rsquo;agit vraiment d&rsquo;essayer d&rsquo;avoir une chance et de changer cette organisation<\/span><\/span><span class=\"s7\"><span class=\"bumpedFont15\">&nbsp;<\/span><\/span><span class=\"s6\"><span class=\"bumpedFont15\">&raquo;<\/span><\/span><span class=\"s6\"><span class=\"bumpedFont15\">. <\/span><\/span><\/p><p>&nbsp;<\/p><p><span class=\"s6\"><span class=\"bumpedFont15\">Il reste maintenant &agrave; savoir si Davante Adams<a href=\"https:\/\/theplayoffs.news\/fr\/joueur\/davante-adams-las-vegas-raiders-nfl\/\" class=\"trk-cta-link\" data-cta-trk='{\"ctaType\":\"Link\",\"ctaSubType\":\"main\"}'>Davante Adams<\/a> et les Raiders arriveront &agrave; concr&eacute;tiser un changement majeur dans leur jeu &eacute;tant donn&eacute; leurs faibles r&eacute;sultats la saison derni&egrave;re (6 victoires pour 11 d&eacute;faites). Nous pouvons &eacute;galement nous demander si Davante Adams <\/span><\/span><span class=\"s6\"><span class=\"bumpedFont15\">a un avenir <\/span><\/span><span class=\"s6\"><span class=\"bumpedFont15\">chez les Raiders sachant que des rumeurs &agrave; propos d&rsquo;un possible trade de celui-ci circulent.<\/span><\/span><\/p>\n","protected":false},"excerpt":{"rendered":"","protected":false},"author":180310178,"featured_media":519690,"comment_status":"open","ping_status":"closed","sticky":false,"template":"","format":"standard","meta":{"inline_featured_image":false,"kia_subtitle":"","_mux_skip_reasons":[],"proofreadBy":0,"footnotes":""},"categories":[118,40],"tags":[1289,796],"sport":[],"saison":[],"class_list":["post-590474","post","type-post","status-publish","format-standard","has-post-thumbnail","hentry","category-actualite-nfl","category-nfl","tag-davante-adams","tag-las-vegas-raiders"],"acf":[],"yoast_head":"<!-- This site is optimized with the Yoast SEO plugin v24.2 - https:\/\/yoast.com\/wordpress\/plugins\/seo\/ -->\n<title>Davante Adams ne cache pas ses inqui&eacute;tudes &agrave; propos des Raiders - The Playoffs FR<\/title>\n<meta name=\"robots\" content=\"index, follow, max-snippet:-1, max-image-preview:large, max-video-preview:-1\" \/>\n<link rel=\"canonical\" href=\"https:\/\/theplayoffs.news\/fr\/actualite-nfl\/davante-adams-ne-cache-pas-ses-inquietudes-a-propos-des-raiders\/\" \/>\n<meta property=\"og:locale\" content=\"fr_FR\" \/>\n<meta property=\"og:type\" content=\"article\" \/>\n<meta property=\"og:title\" content=\"Davante Adams ne cache pas ses inqui&eacute;tudes &agrave; propos des Raiders - The Playoffs FR\" \/>\n<meta property=\"og:url\" content=\"https:\/\/theplayoffs.news\/fr\/actualite-nfl\/davante-adams-ne-cache-pas-ses-inquietudes-a-propos-des-raiders\/\" \/>\n<meta property=\"og:site_name\" content=\"The Playoffs FR\" \/>\n<meta property=\"article:publisher\" content=\"https:\/\/www.facebook.com\/TheFreeAgentFR\/\" \/>\n<meta property=\"article:modified_time\" content=\"2023-05-17T15:14:17+02:00\" \/>\n<meta property=\"og:image\" content=\"https:\/\/theplayoffs.news\/fr\/wp-content\/uploads\/2023\/01\/davante-adams.jpg\" \/>\n\t<meta property=\"og:image:width\" content=\"1201\" \/>\n\t<meta property=\"og:image:height\" content=\"800\" \/>\n\t<meta property=\"og:image:type\" content=\"image\/jpeg\" \/>\n<meta name=\"author\" content=\"Arthur Berlemont\" \/>\n<meta name=\"twitter:card\" content=\"summary_large_image\" \/>\n<meta name=\"twitter:creator\" content=\"@TheFreeAgentFR\" \/>\n<meta name=\"twitter:site\" content=\"@TheFreeAgentFR\" \/>\n<meta name=\"twitter:label1\" content=\"\u00c9crit par\" \/>\n\t<meta name=\"twitter:data1\" content=\"Arthur Berlemont\" \/>\n\t<meta name=\"twitter:label2\" content=\"Dur\u00e9e de lecture estim\u00e9e\" \/>\n\t<meta name=\"twitter:data2\" content=\"1 minute\" \/>\n<script type=\"application\/ld+json\" class=\"yoast-schema-graph\">{\"@context\":\"https:\/\/schema.org\",\"@graph\":[{\"@type\":\"WebPage\",\"@id\":\"https:\/\/theplayoffs.news\/fr\/actualite-nfl\/davante-adams-ne-cache-pas-ses-inquietudes-a-propos-des-raiders\/\",\"url\":\"https:\/\/theplayoffs.news\/fr\/actualite-nfl\/davante-adams-ne-cache-pas-ses-inquietudes-a-propos-des-raiders\/\",\"name\":\"Davante Adams ne cache pas ses inqui\u00e9tudes \u00e0 propos des Raiders - The Playoffs FR\",\"isPartOf\":{\"@id\":\"https:\/\/theplayoffs.news\/fr\/#website\"},\"primaryImageOfPage\":{\"@id\":\"https:\/\/theplayoffs.news\/fr\/actualite-nfl\/davante-adams-ne-cache-pas-ses-inquietudes-a-propos-des-raiders\/#primaryimage\"},\"image\":{\"@id\":\"https:\/\/theplayoffs.news\/fr\/actualite-nfl\/davante-adams-ne-cache-pas-ses-inquietudes-a-propos-des-raiders\/#primaryimage\"},\"thumbnailUrl\":\"https:\/\/theplayoffs.news\/fr\/wp-content\/uploads\/2023\/01\/davante-adams.jpg\",\"datePublished\":\"2023-05-17T13:14:16+00:00\",\"dateModified\":\"2023-05-17T13:14:17+00:00\",\"author\":{\"@id\":\"https:\/\/theplayoffs.news\/fr\/#\/schema\/person\/b6b04a451dab03a5ab75cec8912e8942\"},\"breadcrumb\":{\"@id\":\"https:\/\/theplayoffs.news\/fr\/actualite-nfl\/davante-adams-ne-cache-pas-ses-inquietudes-a-propos-des-raiders\/#breadcrumb\"},\"inLanguage\":\"fr-FR\",\"potentialAction\":[{\"@type\":\"ReadAction\",\"target\":[\"https:\/\/theplayoffs.news\/fr\/actualite-nfl\/davante-adams-ne-cache-pas-ses-inquietudes-a-propos-des-raiders\/\"]}]},{\"@type\":\"ImageObject\",\"inLanguage\":\"fr-FR\",\"@id\":\"https:\/\/theplayoffs.news\/fr\/actualite-nfl\/davante-adams-ne-cache-pas-ses-inquietudes-a-propos-des-raiders\/#primaryimage\",\"url\":\"https:\/\/theplayoffs.news\/fr\/wp-content\/uploads\/2023\/01\/davante-adams.jpg\",\"contentUrl\":\"https:\/\/theplayoffs.news\/fr\/wp-content\/uploads\/2023\/01\/davante-adams.jpg\",\"width\":1201,\"height\":800},{\"@type\":\"BreadcrumbList\",\"@id\":\"https:\/\/theplayoffs.news\/fr\/actualite-nfl\/davante-adams-ne-cache-pas-ses-inquietudes-a-propos-des-raiders\/#breadcrumb\",\"itemListElement\":[{\"@type\":\"ListItem\",\"position\":1,\"name\":\"Accueil\",\"item\":\"https:\/\/theplayoffs.news\/fr\/\"},{\"@type\":\"ListItem\",\"position\":2,\"name\":\"Davante Adams ne cache pas ses inqui\u00e9tudes \u00e0 propos des Raiders\"}]},{\"@type\":\"WebSite\",\"@id\":\"https:\/\/theplayoffs.news\/fr\/#website\",\"url\":\"https:\/\/theplayoffs.news\/fr\/\",\"name\":\"The Playoffs FR\",\"description\":\"NBA-NFL-NHL-MLB\",\"potentialAction\":[{\"@type\":\"SearchAction\",\"target\":{\"@type\":\"EntryPoint\",\"urlTemplate\":\"https:\/\/theplayoffs.news\/fr\/?s={search_term_string}\"},\"query-input\":{\"@type\":\"PropertyValueSpecification\",\"valueRequired\":true,\"valueName\":\"search_term_string\"}}],\"inLanguage\":\"fr-FR\"},{\"@type\":\"Person\",\"@id\":\"https:\/\/theplayoffs.news\/fr\/#\/schema\/person\/b6b04a451dab03a5ab75cec8912e8942\",\"name\":\"Arthur Berlemont\",\"image\":{\"@type\":\"ImageObject\",\"inLanguage\":\"fr-FR\",\"@id\":\"https:\/\/theplayoffs.news\/fr\/#\/schema\/person\/image\/\",\"url\":\"https:\/\/secure.gravatar.com\/avatar\/19ddab1d62ab0a19b186b86cee130432b120dd6f085625a6a6757dd1aa90a5f3?s=96&d=mm&r=g\",\"contentUrl\":\"https:\/\/secure.gravatar.com\/avatar\/19ddab1d62ab0a19b186b86cee130432b120dd6f085625a6a6757dd1aa90a5f3?s=96&d=mm&r=g\",\"caption\":\"Arthur Berlemont\"},\"description\":\"Etudiant passionn\u00e9 de sport, avant tout m\u00e9caniques, j\\\\'ai d\u00e9couvert les sports US il y a quelques ann\u00e9es. J\\\\'ai tout de suite accroch\u00e9 pour la ville de Cincinnati et ses franchises de NFL et MLB. Aujourd\\\\'hui, je suis l\u00e0 par passion dans la r\u00e9daction d\\\\'articles sur divers sports que j\\\\'affectionne.\",\"url\":\"https:\/\/theplayoffs.news\/fr\/author\/arthur-berlemontgmail-com\/\"}]}<\/script>\n<!-- \/ Yoast SEO plugin. -->","yoast_head_json":{"title":"Davante Adams ne cache pas ses inqui&eacute;tudes &agrave; propos des Raiders - The Playoffs FR","robots":{"index":"index","follow":"follow","max-snippet":"max-snippet:-1","max-image-preview":"max-image-preview:large","max-video-preview":"max-video-preview:-1"},"canonical":"https:\/\/theplayoffs.news\/fr\/actualite-nfl\/davante-adams-ne-cache-pas-ses-inquietudes-a-propos-des-raiders\/","og_locale":"fr_FR","og_type":"article","og_title":"Davante Adams ne cache pas ses inqui&eacute;tudes &agrave; propos des Raiders - The Playoffs FR","og_url":"https:\/\/theplayoffs.news\/fr\/actualite-nfl\/davante-adams-ne-cache-pas-ses-inquietudes-a-propos-des-raiders\/","og_site_name":"The Playoffs FR","article_publisher":"https:\/\/www.facebook.com\/TheFreeAgentFR\/","article_modified_time":"2023-05-17T13:14:17+00:00","og_image":[{"width":1201,"height":800,"url":"https:\/\/theplayoffs.news\/fr\/wp-content\/uploads\/2023\/01\/davante-adams.jpg","type":"image\/jpeg"}],"author":"Arthur Berlemont","twitter_card":"summary_large_image","twitter_creator":"@TheFreeAgentFR","twitter_site":"@TheFreeAgentFR","twitter_misc":{"\u00c9crit par":"Arthur Berlemont","Dur\u00e9e de lecture estim\u00e9e":"1 minute"},"schema":{"@context":"https:\/\/schema.org","@graph":[{"@type":"WebPage","@id":"https:\/\/theplayoffs.news\/fr\/actualite-nfl\/davante-adams-ne-cache-pas-ses-inquietudes-a-propos-des-raiders\/","url":"https:\/\/theplayoffs.news\/fr\/actualite-nfl\/davante-adams-ne-cache-pas-ses-inquietudes-a-propos-des-raiders\/","name":"Davante Adams ne cache pas ses inqui\u00e9tudes \u00e0 propos des Raiders - The Playoffs FR","isPartOf":{"@id":"https:\/\/theplayoffs.news\/fr\/#website"},"primaryImageOfPage":{"@id":"https:\/\/theplayoffs.news\/fr\/actualite-nfl\/davante-adams-ne-cache-pas-ses-inquietudes-a-propos-des-raiders\/#primaryimage"},"image":{"@id":"https:\/\/theplayoffs.news\/fr\/actualite-nfl\/davante-adams-ne-cache-pas-ses-inquietudes-a-propos-des-raiders\/#primaryimage"},"thumbnailUrl":"https:\/\/theplayoffs.news\/fr\/wp-content\/uploads\/2023\/01\/davante-adams.jpg","datePublished":"2023-05-17T13:14:16+00:00","dateModified":"2023-05-17T13:14:17+00:00","author":{"@id":"https:\/\/theplayoffs.news\/fr\/#\/schema\/person\/b6b04a451dab03a5ab75cec8912e8942"},"breadcrumb":{"@id":"https:\/\/theplayoffs.news\/fr\/actualite-nfl\/davante-adams-ne-cache-pas-ses-inquietudes-a-propos-des-raiders\/#breadcrumb"},"inLanguage":"fr-FR","potentialAction":[{"@type":"ReadAction","target":["https:\/\/theplayoffs.news\/fr\/actualite-nfl\/davante-adams-ne-cache-pas-ses-inquietudes-a-propos-des-raiders\/"]}]},{"@type":"ImageObject","inLanguage":"fr-FR","@id":"https:\/\/theplayoffs.news\/fr\/actualite-nfl\/davante-adams-ne-cache-pas-ses-inquietudes-a-propos-des-raiders\/#primaryimage","url":"https:\/\/theplayoffs.news\/fr\/wp-content\/uploads\/2023\/01\/davante-adams.jpg","contentUrl":"https:\/\/theplayoffs.news\/fr\/wp-content\/uploads\/2023\/01\/davante-adams.jpg","width":1201,"height":800},{"@type":"BreadcrumbList","@id":"https:\/\/theplayoffs.news\/fr\/actualite-nfl\/davante-adams-ne-cache-pas-ses-inquietudes-a-propos-des-raiders\/#breadcrumb","itemListElement":[{"@type":"ListItem","position":1,"name":"Accueil","item":"https:\/\/theplayoffs.news\/fr\/"},{"@type":"ListItem","position":2,"name":"Davante Adams ne cache pas ses inqui\u00e9tudes \u00e0 propos des Raiders"}]},{"@type":"WebSite","@id":"https:\/\/theplayoffs.news\/fr\/#website","url":"https:\/\/theplayoffs.news\/fr\/","name":"The Playoffs FR","description":"NBA-NFL-NHL-MLB","potentialAction":[{"@type":"SearchAction","target":{"@type":"EntryPoint","urlTemplate":"https:\/\/theplayoffs.news\/fr\/?s={search_term_string}"},"query-input":{"@type":"PropertyValueSpecification","valueRequired":true,"valueName":"search_term_string"}}],"inLanguage":"fr-FR"},{"@type":"Person","@id":"https:\/\/theplayoffs.news\/fr\/#\/schema\/person\/b6b04a451dab03a5ab75cec8912e8942","name":"Arthur Berlemont","image":{"@type":"ImageObject","inLanguage":"fr-FR","@id":"https:\/\/theplayoffs.news\/fr\/#\/schema\/person\/image\/","url":"https:\/\/secure.gravatar.com\/avatar\/19ddab1d62ab0a19b186b86cee130432b120dd6f085625a6a6757dd1aa90a5f3?s=96&d=mm&r=g","contentUrl":"https:\/\/secure.gravatar.com\/avatar\/19ddab1d62ab0a19b186b86cee130432b120dd6f085625a6a6757dd1aa90a5f3?s=96&d=mm&r=g","caption":"Arthur Berlemont"},"description":"Etudiant passionn\u00e9 de sport, avant tout m\u00e9caniques, j\\'ai d\u00e9couvert les sports US il y a quelques ann\u00e9es. J\\'ai tout de suite accroch\u00e9 pour la ville de Cincinnati et ses franchises de NFL et MLB. Aujourd\\'hui, je suis l\u00e0 par passion dans la r\u00e9daction d\\'articles sur divers sports que j\\'affectionne.","url":"https:\/\/theplayoffs.news\/fr\/author\/arthur-berlemontgmail-com\/"}]}},"_links":{"self":[{"href":"https:\/\/theplayoffs.news\/fr\/wp-json\/wp\/v2\/posts\/590474","targetHints":{"allow":["GET"]}}],"collection":[{"href":"https:\/\/theplayoffs.news\/fr\/wp-json\/wp\/v2\/posts"}],"about":[{"href":"https:\/\/theplayoffs.news\/fr\/wp-json\/wp\/v2\/types\/post"}],"author":[{"embeddable":true,"href":"https:\/\/theplayoffs.news\/fr\/wp-json\/wp\/v2\/users\/180310178"}],"replies":[{"embeddable":true,"href":"https:\/\/theplayoffs.news\/fr\/wp-json\/wp\/v2\/comments?post=590474"}],"version-history":[{"count":2,"href":"https:\/\/theplayoffs.news\/fr\/wp-json\/wp\/v2\/posts\/590474\/revisions"}],"predecessor-version":[{"id":590870,"href":"https:\/\/theplayoffs.news\/fr\/wp-json\/wp\/v2\/posts\/590474\/revisions\/590870"}],"wp:featuredmedia":[{"embeddable":true,"href":"https:\/\/theplayoffs.news\/fr\/wp-json\/wp\/v2\/media\/519690"}],"wp:attachment":[{"href":"https:\/\/theplayoffs.news\/fr\/wp-json\/wp\/v2\/media?parent=590474"}],"wp:term":[{"taxonomy":"category","embeddable":true,"href":"https:\/\/theplayoffs.news\/fr\/wp-json\/wp\/v2\/categories?post=590474"},{"taxonomy":"post_tag","embeddable":true,"href":"https:\/\/theplayoffs.news\/fr\/wp-json\/wp\/v2\/tags?post=590474"},{"taxonomy":"sport","embeddable":true,"href":"https:\/\/theplayoffs.news\/fr\/wp-json\/wp\/v2\/sport?post=590474"},{"taxonomy":"saison","embeddable":true,"href":"https:\/\/theplayoffs.news\/fr\/wp-json\/wp\/v2\/saison?post=590474"}],"curies":[{"name":"wp","href":"https:\/\/api.w.org\/{rel}","templated":true}]}}