{"id":589410,"date":"2023-05-12T16:56:13","date_gmt":"2023-05-12T14:56:13","guid":{"rendered":"https:\/\/theplayoffs.news\/fr\/?p=589410"},"modified":"2023-05-12T16:56:14","modified_gmt":"2023-05-12T14:56:14","slug":"embiid-game-sixers-ameliorer","status":"publish","type":"post","link":"https:\/\/theplayoffs.news\/fr\/actualite-nba\/embiid-game-sixers-ameliorer\/","title":{"rendered":"Joel Embiid \u00e0 propos du Game 7 : \u00ab\u00a0Tout le monde doit s&rsquo;am\u00e9liorer, \u00e0 commencer par moi\u00a0\u00bb"},"content":{"rendered":"<h2>Joel Embiid a bien compris que les Sixers devront montrer un tout autre visage lors du Game 7 pour conserver leurs chances de remporter le titre cette saison.<\/h2><p>&nbsp;<\/p><p>S&rsquo;adressant aux journalistes apr&egrave;s la d&eacute;faite 95-86 de jeudi, <a href=\"https:\/\/theplayoffs.news\/fr\/joueur\/joel-embiid-philadelphia-76ers-nba\/\" class=\"trk-cta-link\" data-cta-trk='{\"ctaType\":\"Link\",\"ctaSubType\":\"main\"}'>Joel Embiid<\/a> a d&eacute;clar&eacute; :<\/p><blockquote><p>&nbsp;&raquo; Au prochain match, tout le monde doit faire un pas en avant, &agrave; commencer par moi. Je dois &ecirc;tre plus agressif dans mes tirs. Tout le monde doit faire son travail et se montrer &agrave; la hauteur. C&rsquo;est le match d&eacute;cisif, il faut tout donner&nbsp;&raquo;<\/p><\/blockquote><p>&nbsp;<\/p><p>Le MVP 2023 a r&eacute;alis&eacute; un double-double pour la troisi&egrave;me fois en quatre matches <a href=\"https:\/\/twitter.com\/sixers\/status\/1656837613951545345?ref_src=twsrc%5Etfw%7Ctwcamp%5Etweetembed%7Ctwterm%5E1656837613951545345%7Ctwgr%5E8548a6d14de977fd81ae178a4e9f83b0569e534f%7Ctwcon%5Es1_c10&amp;ref_url=https%3A%2F%2Fthefreeagent.fr%2Fwp-admin%2Fpost-new.php\" class=\"trk-cta-link\" data-cta-trk='{\"ctaType\":\"Link\",\"ctaSubType\":\"main\"}'>avec 26 points<\/a> et 10 rebonds, mais il a de nouveau eu des probl&egrave;mes d&rsquo;efficacit&eacute;. La star des Sixers a termin&eacute; la partie avec un bilan de 9\/19&nbsp; au tir et n&rsquo;a pas encore r&eacute;ussi &agrave; rentrer au moins 50 % de ses tentatives dans un match depuis le d&eacute;but de la s&eacute;rie.<\/p><p>&nbsp;<\/p><blockquote class=\"twitter-tweet\" data-width=\"500\" data-dnt=\"true\">\n<p lang=\"und\" dir=\"ltr\">2&#65039;&#8419;6&#65039;&#8419; for <a href=\"https:\/\/twitter.com\/JoelEmbiid?ref_src=twsrc%5Etfw\" class=\"trk-cta-link\" data-cta-trk='{\"ctaType\":\"Link\",\"ctaSubType\":\"main\"}'>@JoelEmbiid<\/a>. <a href=\"https:\/\/t.co\/u4Y8sT1E0n\" class=\"trk-cta-link\" data-cta-trk='{\"ctaType\":\"Link\",\"ctaSubType\":\"main\"}'>pic.twitter.com\/u4Y8sT1E0n<\/a><\/p>\n<p>&mdash; Philadelphia 76ers (@sixers) <a href=\"https:\/\/twitter.com\/sixers\/status\/1656837613951545345?ref_src=twsrc%5Etfw\" class=\"trk-cta-link\" data-cta-trk='{\"ctaType\":\"Link\",\"ctaSubType\":\"main\"}'>May 12, 2023<\/a><\/p><\/blockquote><p><script async src=\"https:\/\/platform.twitter.com\/widgets.js\" charset=\"utf-8\"><\/script><\/p><p>James Harden a &eacute;galement &eacute;prouv&eacute; des difficult&eacute;s face &agrave; la d&eacute;fense des Celtics. Il a marqu&eacute; seulement 13 points pour un maigre bilan de 4\/16 au tir, mais il a d&eacute;livr&eacute; neuf passes d&eacute;cisives et effectu&eacute; trois interceptions.<\/p><p>Pour battre Boston dimanche lors du game 7, Philly aura besoin d&rsquo;un duo Harden-Embiid &agrave; leur meilleur niveau, surtout si le duo d&rsquo;en face (<a href=\"https:\/\/theplayoffs.news\/fr\/joueur\/jayson-tatum-nba-8131296\/\" class=\"trk-cta-link\" data-cta-trk='{\"ctaType\":\"Link\",\"ctaSubType\":\"main\"}'>Tatum<\/a>&ndash;<a href=\"https:\/\/theplayoffs.news\/fr\/joueur\/jaylen-brown-boston-celtics-nba\/\" class=\"trk-cta-link\" data-cta-trk='{\"ctaType\":\"Link\",\"ctaSubType\":\"main\"}'>Brown<\/a>) r&eacute;pond aussi pr&eacute;sent.<\/p><p>Embiid et les Sixers se sont d&eacute;j&agrave; retrouv&eacute;s dans cette situation, mais les r&eacute;sultats n&rsquo;ont pas &eacute;t&eacute; en leur faveur. La derni&egrave;re fois qu&rsquo;ils ont disput&eacute; un match 7 &agrave; l&rsquo;ext&eacute;rieur, c&rsquo;&eacute;tait il y a quatre ans, lorsque <a href=\"https:\/\/theplayoffs.news\/fr\/joueur\/kawhi-leonard-nba-12900\/\" class=\"trk-cta-link\" data-cta-trk='{\"ctaType\":\"Link\",\"ctaSubType\":\"main\"}'>Kawhi Leonard<\/a> avait envoy&eacute; les Toronto Raptors en finale de la Conf&eacute;rence Est gr&acirc;ce &agrave; un tir au buzzer. Une victoire sur leur plus grand rival au TD Garden permettrait aux Sixers d&rsquo;effacer ce douloureux souvenir.<\/p>\n","protected":false},"excerpt":{"rendered":"","protected":false},"author":180310144,"featured_media":380914,"comment_status":"open","ping_status":"closed","sticky":false,"template":"","format":"standard","meta":{"inline_featured_image":false,"kia_subtitle":"","_mux_skip_reasons":[],"proofreadBy":0,"footnotes":""},"categories":[110,10],"tags":[742,23,5522,5271],"sport":[],"saison":[],"class_list":["post-589410","post","type-post","status-publish","format-standard","has-post-thumbnail","hentry","category-actualite-nba","category-nba","tag-joel-embiid","tag-nba-tag","tag-philadelphia-sixers","tag-playoffs-2023"],"acf":[],"yoast_head":"<!-- This site is optimized with the Yoast SEO plugin v24.2 - https:\/\/yoast.com\/wordpress\/plugins\/seo\/ -->\n<title>Joel Embiid &agrave; propos du Game 7 : &quot;Tout le monde doit s&#039;am&eacute;liorer, &agrave; commencer par moi&quot; - The Playoffs FR<\/title>\n<meta name=\"robots\" content=\"index, follow, max-snippet:-1, max-image-preview:large, max-video-preview:-1\" \/>\n<link rel=\"canonical\" href=\"https:\/\/theplayoffs.news\/fr\/actualite-nba\/embiid-game-sixers-ameliorer\/\" \/>\n<meta property=\"og:locale\" content=\"fr_FR\" \/>\n<meta property=\"og:type\" content=\"article\" \/>\n<meta property=\"og:title\" content=\"Joel Embiid &agrave; propos du Game 7 : &quot;Tout le monde doit s&#039;am&eacute;liorer, &agrave; commencer par moi&quot; - The Playoffs FR\" \/>\n<meta property=\"og:url\" content=\"https:\/\/theplayoffs.news\/fr\/actualite-nba\/embiid-game-sixers-ameliorer\/\" \/>\n<meta property=\"og:site_name\" content=\"The Playoffs FR\" \/>\n<meta property=\"article:publisher\" content=\"https:\/\/www.facebook.com\/TheFreeAgentFR\/\" \/>\n<meta property=\"article:modified_time\" content=\"2023-05-12T16:56:14+02:00\" \/>\n<meta property=\"og:image\" content=\"https:\/\/theplayoffs.news\/fr\/wp-content\/uploads\/2022\/08\/FY6-342X0AER8du.jpeg\" \/>\n\t<meta property=\"og:image:width\" content=\"1091\" \/>\n\t<meta property=\"og:image:height\" content=\"617\" \/>\n\t<meta property=\"og:image:type\" content=\"image\/jpeg\" \/>\n<meta name=\"author\" content=\"Evan Glomot\" \/>\n<meta name=\"twitter:card\" content=\"summary_large_image\" \/>\n<meta name=\"twitter:creator\" content=\"@TheFreeAgentFR\" \/>\n<meta name=\"twitter:site\" content=\"@TheFreeAgentFR\" \/>\n<meta name=\"twitter:label1\" content=\"\u00c9crit par\" \/>\n\t<meta name=\"twitter:data1\" content=\"Evan Glomot\" \/>\n\t<meta name=\"twitter:label2\" content=\"Dur\u00e9e de lecture estim\u00e9e\" \/>\n\t<meta name=\"twitter:data2\" content=\"2 minutes\" \/>\n<script type=\"application\/ld+json\" class=\"yoast-schema-graph\">{\"@context\":\"https:\/\/schema.org\",\"@graph\":[{\"@type\":\"WebPage\",\"@id\":\"https:\/\/theplayoffs.news\/fr\/actualite-nba\/embiid-game-sixers-ameliorer\/\",\"url\":\"https:\/\/theplayoffs.news\/fr\/actualite-nba\/embiid-game-sixers-ameliorer\/\",\"name\":\"Joel Embiid \u00e0 propos du Game 7 : \\\\\\\"Tout le monde doit s\\\\'am\u00e9liorer, \u00e0 commencer par moi\\\\\\\" - The Playoffs FR\",\"isPartOf\":{\"@id\":\"https:\/\/theplayoffs.news\/fr\/#website\"},\"primaryImageOfPage\":{\"@id\":\"https:\/\/theplayoffs.news\/fr\/actualite-nba\/embiid-game-sixers-ameliorer\/#primaryimage\"},\"image\":{\"@id\":\"https:\/\/theplayoffs.news\/fr\/actualite-nba\/embiid-game-sixers-ameliorer\/#primaryimage\"},\"thumbnailUrl\":\"https:\/\/theplayoffs.news\/fr\/wp-content\/uploads\/2022\/08\/FY6-342X0AER8du.jpeg\",\"datePublished\":\"2023-05-12T14:56:13+00:00\",\"dateModified\":\"2023-05-12T14:56:14+00:00\",\"author\":{\"@id\":\"https:\/\/theplayoffs.news\/fr\/#\/schema\/person\/efcb1404f7c790a161fdc0aa29e81646\"},\"breadcrumb\":{\"@id\":\"https:\/\/theplayoffs.news\/fr\/actualite-nba\/embiid-game-sixers-ameliorer\/#breadcrumb\"},\"inLanguage\":\"fr-FR\",\"potentialAction\":[{\"@type\":\"ReadAction\",\"target\":[\"https:\/\/theplayoffs.news\/fr\/actualite-nba\/embiid-game-sixers-ameliorer\/\"]}]},{\"@type\":\"ImageObject\",\"inLanguage\":\"fr-FR\",\"@id\":\"https:\/\/theplayoffs.news\/fr\/actualite-nba\/embiid-game-sixers-ameliorer\/#primaryimage\",\"url\":\"https:\/\/theplayoffs.news\/fr\/wp-content\/uploads\/2022\/08\/FY6-342X0AER8du.jpeg\",\"contentUrl\":\"https:\/\/theplayoffs.news\/fr\/wp-content\/uploads\/2022\/08\/FY6-342X0AER8du.jpeg\",\"width\":1091,\"height\":617,\"caption\":\"Embiid\"},{\"@type\":\"BreadcrumbList\",\"@id\":\"https:\/\/theplayoffs.news\/fr\/actualite-nba\/embiid-game-sixers-ameliorer\/#breadcrumb\",\"itemListElement\":[{\"@type\":\"ListItem\",\"position\":1,\"name\":\"Accueil\",\"item\":\"https:\/\/theplayoffs.news\/fr\/\"},{\"@type\":\"ListItem\",\"position\":2,\"name\":\"Joel Embiid \u00e0 propos du Game 7 : \u00ab\u00a0Tout le monde doit s&rsquo;am\u00e9liorer, \u00e0 commencer par moi\u00a0\u00bb\"}]},{\"@type\":\"WebSite\",\"@id\":\"https:\/\/theplayoffs.news\/fr\/#website\",\"url\":\"https:\/\/theplayoffs.news\/fr\/\",\"name\":\"The Playoffs FR\",\"description\":\"NBA-NFL-NHL-MLB\",\"potentialAction\":[{\"@type\":\"SearchAction\",\"target\":{\"@type\":\"EntryPoint\",\"urlTemplate\":\"https:\/\/theplayoffs.news\/fr\/?s={search_term_string}\"},\"query-input\":{\"@type\":\"PropertyValueSpecification\",\"valueRequired\":true,\"valueName\":\"search_term_string\"}}],\"inLanguage\":\"fr-FR\"},{\"@type\":\"Person\",\"@id\":\"https:\/\/theplayoffs.news\/fr\/#\/schema\/person\/efcb1404f7c790a161fdc0aa29e81646\",\"name\":\"Evan Glomot\",\"image\":{\"@type\":\"ImageObject\",\"inLanguage\":\"fr-FR\",\"@id\":\"https:\/\/theplayoffs.news\/fr\/#\/schema\/person\/image\/\",\"url\":\"https:\/\/secure.gravatar.com\/avatar\/93e18dce985a4dfed140ef5ef5ecc82be40a165cbb4838e421f46abb52b7c315?s=96&d=mm&r=g\",\"contentUrl\":\"https:\/\/secure.gravatar.com\/avatar\/93e18dce985a4dfed140ef5ef5ecc82be40a165cbb4838e421f46abb52b7c315?s=96&d=mm&r=g\",\"caption\":\"Evan Glomot\"},\"url\":\"https:\/\/theplayoffs.news\/fr\/author\/evanglomotgmail-com\/\"}]}<\/script>\n<!-- \/ Yoast SEO plugin. -->","yoast_head_json":{"title":"Joel Embiid &agrave; propos du Game 7 : &quot;Tout le monde doit s&#039;am&eacute;liorer, &agrave; commencer par moi&quot; - The Playoffs FR","robots":{"index":"index","follow":"follow","max-snippet":"max-snippet:-1","max-image-preview":"max-image-preview:large","max-video-preview":"max-video-preview:-1"},"canonical":"https:\/\/theplayoffs.news\/fr\/actualite-nba\/embiid-game-sixers-ameliorer\/","og_locale":"fr_FR","og_type":"article","og_title":"Joel Embiid &agrave; propos du Game 7 : &quot;Tout le monde doit s&#039;am&eacute;liorer, &agrave; commencer par moi&quot; - The Playoffs FR","og_url":"https:\/\/theplayoffs.news\/fr\/actualite-nba\/embiid-game-sixers-ameliorer\/","og_site_name":"The Playoffs FR","article_publisher":"https:\/\/www.facebook.com\/TheFreeAgentFR\/","article_modified_time":"2023-05-12T14:56:14+00:00","og_image":[{"width":1091,"height":617,"url":"https:\/\/theplayoffs.news\/fr\/wp-content\/uploads\/2022\/08\/FY6-342X0AER8du.jpeg","type":"image\/jpeg"}],"author":"Evan Glomot","twitter_card":"summary_large_image","twitter_creator":"@TheFreeAgentFR","twitter_site":"@TheFreeAgentFR","twitter_misc":{"\u00c9crit par":"Evan Glomot","Dur\u00e9e de lecture estim\u00e9e":"2 minutes"},"schema":{"@context":"https:\/\/schema.org","@graph":[{"@type":"WebPage","@id":"https:\/\/theplayoffs.news\/fr\/actualite-nba\/embiid-game-sixers-ameliorer\/","url":"https:\/\/theplayoffs.news\/fr\/actualite-nba\/embiid-game-sixers-ameliorer\/","name":"Joel Embiid \u00e0 propos du Game 7 : \\\"Tout le monde doit s\\'am\u00e9liorer, \u00e0 commencer par moi\\\" - The Playoffs FR","isPartOf":{"@id":"https:\/\/theplayoffs.news\/fr\/#website"},"primaryImageOfPage":{"@id":"https:\/\/theplayoffs.news\/fr\/actualite-nba\/embiid-game-sixers-ameliorer\/#primaryimage"},"image":{"@id":"https:\/\/theplayoffs.news\/fr\/actualite-nba\/embiid-game-sixers-ameliorer\/#primaryimage"},"thumbnailUrl":"https:\/\/theplayoffs.news\/fr\/wp-content\/uploads\/2022\/08\/FY6-342X0AER8du.jpeg","datePublished":"2023-05-12T14:56:13+00:00","dateModified":"2023-05-12T14:56:14+00:00","author":{"@id":"https:\/\/theplayoffs.news\/fr\/#\/schema\/person\/efcb1404f7c790a161fdc0aa29e81646"},"breadcrumb":{"@id":"https:\/\/theplayoffs.news\/fr\/actualite-nba\/embiid-game-sixers-ameliorer\/#breadcrumb"},"inLanguage":"fr-FR","potentialAction":[{"@type":"ReadAction","target":["https:\/\/theplayoffs.news\/fr\/actualite-nba\/embiid-game-sixers-ameliorer\/"]}]},{"@type":"ImageObject","inLanguage":"fr-FR","@id":"https:\/\/theplayoffs.news\/fr\/actualite-nba\/embiid-game-sixers-ameliorer\/#primaryimage","url":"https:\/\/theplayoffs.news\/fr\/wp-content\/uploads\/2022\/08\/FY6-342X0AER8du.jpeg","contentUrl":"https:\/\/theplayoffs.news\/fr\/wp-content\/uploads\/2022\/08\/FY6-342X0AER8du.jpeg","width":1091,"height":617,"caption":"Embiid"},{"@type":"BreadcrumbList","@id":"https:\/\/theplayoffs.news\/fr\/actualite-nba\/embiid-game-sixers-ameliorer\/#breadcrumb","itemListElement":[{"@type":"ListItem","position":1,"name":"Accueil","item":"https:\/\/theplayoffs.news\/fr\/"},{"@type":"ListItem","position":2,"name":"Joel Embiid \u00e0 propos du Game 7 : \u00ab\u00a0Tout le monde doit s&rsquo;am\u00e9liorer, \u00e0 commencer par moi\u00a0\u00bb"}]},{"@type":"WebSite","@id":"https:\/\/theplayoffs.news\/fr\/#website","url":"https:\/\/theplayoffs.news\/fr\/","name":"The Playoffs FR","description":"NBA-NFL-NHL-MLB","potentialAction":[{"@type":"SearchAction","target":{"@type":"EntryPoint","urlTemplate":"https:\/\/theplayoffs.news\/fr\/?s={search_term_string}"},"query-input":{"@type":"PropertyValueSpecification","valueRequired":true,"valueName":"search_term_string"}}],"inLanguage":"fr-FR"},{"@type":"Person","@id":"https:\/\/theplayoffs.news\/fr\/#\/schema\/person\/efcb1404f7c790a161fdc0aa29e81646","name":"Evan Glomot","image":{"@type":"ImageObject","inLanguage":"fr-FR","@id":"https:\/\/theplayoffs.news\/fr\/#\/schema\/person\/image\/","url":"https:\/\/secure.gravatar.com\/avatar\/93e18dce985a4dfed140ef5ef5ecc82be40a165cbb4838e421f46abb52b7c315?s=96&d=mm&r=g","contentUrl":"https:\/\/secure.gravatar.com\/avatar\/93e18dce985a4dfed140ef5ef5ecc82be40a165cbb4838e421f46abb52b7c315?s=96&d=mm&r=g","caption":"Evan Glomot"},"url":"https:\/\/theplayoffs.news\/fr\/author\/evanglomotgmail-com\/"}]}},"_links":{"self":[{"href":"https:\/\/theplayoffs.news\/fr\/wp-json\/wp\/v2\/posts\/589410","targetHints":{"allow":["GET"]}}],"collection":[{"href":"https:\/\/theplayoffs.news\/fr\/wp-json\/wp\/v2\/posts"}],"about":[{"href":"https:\/\/theplayoffs.news\/fr\/wp-json\/wp\/v2\/types\/post"}],"author":[{"embeddable":true,"href":"https:\/\/theplayoffs.news\/fr\/wp-json\/wp\/v2\/users\/180310144"}],"replies":[{"embeddable":true,"href":"https:\/\/theplayoffs.news\/fr\/wp-json\/wp\/v2\/comments?post=589410"}],"version-history":[{"count":2,"href":"https:\/\/theplayoffs.news\/fr\/wp-json\/wp\/v2\/posts\/589410\/revisions"}],"predecessor-version":[{"id":589416,"href":"https:\/\/theplayoffs.news\/fr\/wp-json\/wp\/v2\/posts\/589410\/revisions\/589416"}],"wp:featuredmedia":[{"embeddable":true,"href":"https:\/\/theplayoffs.news\/fr\/wp-json\/wp\/v2\/media\/380914"}],"wp:attachment":[{"href":"https:\/\/theplayoffs.news\/fr\/wp-json\/wp\/v2\/media?parent=589410"}],"wp:term":[{"taxonomy":"category","embeddable":true,"href":"https:\/\/theplayoffs.news\/fr\/wp-json\/wp\/v2\/categories?post=589410"},{"taxonomy":"post_tag","embeddable":true,"href":"https:\/\/theplayoffs.news\/fr\/wp-json\/wp\/v2\/tags?post=589410"},{"taxonomy":"sport","embeddable":true,"href":"https:\/\/theplayoffs.news\/fr\/wp-json\/wp\/v2\/sport?post=589410"},{"taxonomy":"saison","embeddable":true,"href":"https:\/\/theplayoffs.news\/fr\/wp-json\/wp\/v2\/saison?post=589410"}],"curies":[{"name":"wp","href":"https:\/\/api.w.org\/{rel}","templated":true}]}}