{"id":589393,"date":"2023-05-12T15:32:39","date_gmt":"2023-05-12T13:32:39","guid":{"rendered":"https:\/\/theplayoffs.news\/fr\/?p=589393"},"modified":"2023-05-12T15:36:46","modified_gmt":"2023-05-12T13:36:46","slug":"anthony-davis-disponible-warriors","status":"publish","type":"post","link":"https:\/\/theplayoffs.news\/fr\/actualite-nba\/anthony-davis-disponible-warriors\/","title":{"rendered":"Anthony Davis disponible pour le match 6 contre les Warriors"},"content":{"rendered":"<h2>Anthony Davis pourra tenir sa place cette nuit pour le Game 6 opposant les Lakers aux Warriors.<\/h2><p>&nbsp;<\/p><p>Lors de la d&eacute;faite de L.A face &agrave; Golden State lors du match 5, <a href=\"https:\/\/theplayoffs.news\/fr\/joueur\/anthony-davis-nba-13166\/\" class=\"trk-cta-link\" data-cta-trk='{\"ctaType\":\"Link\",\"ctaSubType\":\"main\"}'>Anthony Davis<\/a> avait d&ucirc; quitter le terrain apr&egrave;s avoir subi un choc &agrave; la t&ecirc;te suite &agrave; un coup de coude involontaire de Kevon Looney. Mais ce n&rsquo;est finalement rien de grave pour le pr&eacute;cieux joueur des Purple and Gold.<\/p><p>Darvin Ham a d&eacute;clar&eacute; que Davis n&rsquo;avait pas &eacute;t&eacute; soumis au protocole de commotion c&eacute;r&eacute;brale et qu&rsquo;il devrait jouer le sixi&egrave;me match contre les Golden State Warriors, vendredi.<\/p><p>L&rsquo;entra&icirc;neur des Lakers a pr&eacute;cis&eacute; lors d&rsquo;une vid&eacute;oconf&eacute;rence jeudi :<\/p><p>&nbsp;<\/p><blockquote><p>&laquo;&nbsp;Il se sent tr&egrave;s bien. Notre &eacute;quipe m&eacute;dicale nous a donn&eacute; d&rsquo;excellentes informations. Il ne pr&eacute;sente aucun sympt&ocirc;me et n&rsquo;est donc pas soumis au protocole commotion.<\/p><\/blockquote><p>&nbsp;<\/p><p>Voil&agrave; une <a href=\"https:\/\/twitter.com\/LADEig\/status\/1656687793274503168?ref_src=twsrc%5Etfw%7Ctwcamp%5Etweetembed%7Ctwterm%5E1656687793274503168%7Ctwgr%5E12788e64f243e3f8dba86cf97802a02d791642f4%7Ctwcon%5Es1_c10&amp;ref_url=https%3A%2F%2Fthefreeagent.fr%2Fwp-admin%2Fpost-new.php\" class=\"trk-cta-link\" data-cta-trk='{\"ctaType\":\"Link\",\"ctaSubType\":\"main\"}'>tr&egrave;s bonne nouvelle pour sa franchise<\/a>, qui pourra donc compter sur le meilleur rebondeur (13,5 rebonds) et le meilleur contreur (3,4 contres) de ces playoffs. Il a &eacute;galement pes&eacute; offensivement en inscrivant 21,5 points de moyenne.<\/p><blockquote class=\"twitter-tweet\" data-width=\"500\" data-dnt=\"true\">\n<p lang=\"en\" dir=\"ltr\">BREAKING: Anthony Davis will play in Game 6. <a href=\"https:\/\/t.co\/W6l6hANSwE\" class=\"trk-cta-link\" data-cta-trk='{\"ctaType\":\"Link\",\"ctaSubType\":\"main\"}'>pic.twitter.com\/W6l6hANSwE<\/a><\/p>\n<p>&mdash; Lakers All Day Everyday (@LADEig) <a href=\"https:\/\/twitter.com\/LADEig\/status\/1656687793274503168?ref_src=twsrc%5Etfw\" class=\"trk-cta-link\" data-cta-trk='{\"ctaType\":\"Link\",\"ctaSubType\":\"main\"}'>May 11, 2023<\/a><\/p><\/blockquote><p><script async src=\"https:\/\/platform.twitter.com\/widgets.js\" charset=\"utf-8\"><\/script><\/p><p>Les Lakers peuvent se qualifier pour la finale de Conf&eacute;rence cette nuit lors du match 6 d&rsquo;une s&eacute;rie qu&rsquo;ils m&egrave;nent actuellement 3 &agrave; 2. Du c&ocirc;t&eacute; des Warriors, <a href=\"https:\/\/theplayoffs.news\/fr\/joueur\/andrew-wiggins-nba-6118638\/\" class=\"trk-cta-link\" data-cta-trk='{\"ctaType\":\"Link\",\"ctaSubType\":\"main\"}'>Andrew Wiggins<\/a> est incertain apr&egrave;s <a href=\"https:\/\/theplayoffs.news\/fr\/nba-basketball\/andrew-wiggins-blesse-incertain-lakers\/\" class=\"trk-cta-link\" data-cta-trk='{\"ctaType\":\"Link\",\"ctaSubType\":\"main\"}'>une blessure aux c&ocirc;tes survenues lors du match 5<\/a>.<\/p>\n","protected":false},"excerpt":{"rendered":"","protected":false},"author":180310144,"featured_media":583925,"comment_status":"open","ping_status":"closed","sticky":false,"template":"","format":"standard","meta":{"inline_featured_image":false,"kia_subtitle":"","_mux_skip_reasons":[],"proofreadBy":0,"footnotes":""},"categories":[110,10],"tags":[763,117,23],"sport":[],"saison":[],"class_list":["post-589393","post","type-post","status-publish","format-standard","has-post-thumbnail","hentry","category-actualite-nba","category-nba","tag-anthony-davis","tag-los-angeles-lakers","tag-nba-tag"],"acf":[],"yoast_head":"<!-- This site is optimized with the Yoast SEO plugin v24.2 - https:\/\/yoast.com\/wordpress\/plugins\/seo\/ -->\n<title>Anthony Davis disponible pour le match 6 contre les Warriors - The Playoffs FR<\/title>\n<meta name=\"robots\" content=\"index, follow, max-snippet:-1, max-image-preview:large, max-video-preview:-1\" \/>\n<link rel=\"canonical\" href=\"https:\/\/theplayoffs.news\/fr\/actualite-nba\/anthony-davis-disponible-warriors\/\" \/>\n<meta property=\"og:locale\" content=\"fr_FR\" \/>\n<meta property=\"og:type\" content=\"article\" \/>\n<meta property=\"og:title\" content=\"Anthony Davis disponible pour le match 6 contre les Warriors - The Playoffs FR\" \/>\n<meta property=\"og:url\" content=\"https:\/\/theplayoffs.news\/fr\/actualite-nba\/anthony-davis-disponible-warriors\/\" \/>\n<meta property=\"og:site_name\" content=\"The Playoffs FR\" \/>\n<meta property=\"article:publisher\" content=\"https:\/\/www.facebook.com\/TheFreeAgentFR\/\" \/>\n<meta property=\"article:modified_time\" content=\"2023-05-12T15:36:46+02:00\" \/>\n<meta property=\"og:image\" content=\"https:\/\/theplayoffs.news\/fr\/wp-content\/uploads\/2023\/04\/davis-anthony.jpg\" \/>\n\t<meta property=\"og:image:width\" content=\"680\" \/>\n\t<meta property=\"og:image:height\" content=\"680\" \/>\n\t<meta property=\"og:image:type\" content=\"image\/jpeg\" \/>\n<meta name=\"author\" content=\"Evan Glomot\" \/>\n<meta name=\"twitter:card\" content=\"summary_large_image\" \/>\n<meta name=\"twitter:creator\" content=\"@TheFreeAgentFR\" \/>\n<meta name=\"twitter:site\" content=\"@TheFreeAgentFR\" \/>\n<meta name=\"twitter:label1\" content=\"\u00c9crit par\" \/>\n\t<meta name=\"twitter:data1\" content=\"Evan Glomot\" \/>\n\t<meta name=\"twitter:label2\" content=\"Dur\u00e9e de lecture estim\u00e9e\" \/>\n\t<meta name=\"twitter:data2\" content=\"1 minute\" \/>\n<script type=\"application\/ld+json\" class=\"yoast-schema-graph\">{\"@context\":\"https:\/\/schema.org\",\"@graph\":[{\"@type\":\"WebPage\",\"@id\":\"https:\/\/theplayoffs.news\/fr\/actualite-nba\/anthony-davis-disponible-warriors\/\",\"url\":\"https:\/\/theplayoffs.news\/fr\/actualite-nba\/anthony-davis-disponible-warriors\/\",\"name\":\"Anthony Davis disponible pour le match 6 contre les Warriors - The Playoffs FR\",\"isPartOf\":{\"@id\":\"https:\/\/theplayoffs.news\/fr\/#website\"},\"primaryImageOfPage\":{\"@id\":\"https:\/\/theplayoffs.news\/fr\/actualite-nba\/anthony-davis-disponible-warriors\/#primaryimage\"},\"image\":{\"@id\":\"https:\/\/theplayoffs.news\/fr\/actualite-nba\/anthony-davis-disponible-warriors\/#primaryimage\"},\"thumbnailUrl\":\"https:\/\/theplayoffs.news\/fr\/wp-content\/uploads\/2023\/04\/davis-anthony.jpg\",\"datePublished\":\"2023-05-12T13:32:39+00:00\",\"dateModified\":\"2023-05-12T13:36:46+00:00\",\"author\":{\"@id\":\"https:\/\/theplayoffs.news\/fr\/#\/schema\/person\/efcb1404f7c790a161fdc0aa29e81646\"},\"breadcrumb\":{\"@id\":\"https:\/\/theplayoffs.news\/fr\/actualite-nba\/anthony-davis-disponible-warriors\/#breadcrumb\"},\"inLanguage\":\"fr-FR\",\"potentialAction\":[{\"@type\":\"ReadAction\",\"target\":[\"https:\/\/theplayoffs.news\/fr\/actualite-nba\/anthony-davis-disponible-warriors\/\"]}]},{\"@type\":\"ImageObject\",\"inLanguage\":\"fr-FR\",\"@id\":\"https:\/\/theplayoffs.news\/fr\/actualite-nba\/anthony-davis-disponible-warriors\/#primaryimage\",\"url\":\"https:\/\/theplayoffs.news\/fr\/wp-content\/uploads\/2023\/04\/davis-anthony.jpg\",\"contentUrl\":\"https:\/\/theplayoffs.news\/fr\/wp-content\/uploads\/2023\/04\/davis-anthony.jpg\",\"width\":680,\"height\":680,\"caption\":\"davis\"},{\"@type\":\"BreadcrumbList\",\"@id\":\"https:\/\/theplayoffs.news\/fr\/actualite-nba\/anthony-davis-disponible-warriors\/#breadcrumb\",\"itemListElement\":[{\"@type\":\"ListItem\",\"position\":1,\"name\":\"Accueil\",\"item\":\"https:\/\/theplayoffs.news\/fr\/\"},{\"@type\":\"ListItem\",\"position\":2,\"name\":\"Anthony Davis disponible pour le match 6 contre les Warriors\"}]},{\"@type\":\"WebSite\",\"@id\":\"https:\/\/theplayoffs.news\/fr\/#website\",\"url\":\"https:\/\/theplayoffs.news\/fr\/\",\"name\":\"The Playoffs FR\",\"description\":\"NBA-NFL-NHL-MLB\",\"potentialAction\":[{\"@type\":\"SearchAction\",\"target\":{\"@type\":\"EntryPoint\",\"urlTemplate\":\"https:\/\/theplayoffs.news\/fr\/?s={search_term_string}\"},\"query-input\":{\"@type\":\"PropertyValueSpecification\",\"valueRequired\":true,\"valueName\":\"search_term_string\"}}],\"inLanguage\":\"fr-FR\"},{\"@type\":\"Person\",\"@id\":\"https:\/\/theplayoffs.news\/fr\/#\/schema\/person\/efcb1404f7c790a161fdc0aa29e81646\",\"name\":\"Evan Glomot\",\"image\":{\"@type\":\"ImageObject\",\"inLanguage\":\"fr-FR\",\"@id\":\"https:\/\/theplayoffs.news\/fr\/#\/schema\/person\/image\/\",\"url\":\"https:\/\/secure.gravatar.com\/avatar\/93e18dce985a4dfed140ef5ef5ecc82be40a165cbb4838e421f46abb52b7c315?s=96&d=mm&r=g\",\"contentUrl\":\"https:\/\/secure.gravatar.com\/avatar\/93e18dce985a4dfed140ef5ef5ecc82be40a165cbb4838e421f46abb52b7c315?s=96&d=mm&r=g\",\"caption\":\"Evan Glomot\"},\"url\":\"https:\/\/theplayoffs.news\/fr\/author\/evanglomotgmail-com\/\"}]}<\/script>\n<!-- \/ Yoast SEO plugin. -->","yoast_head_json":{"title":"Anthony Davis disponible pour le match 6 contre les Warriors - The Playoffs FR","robots":{"index":"index","follow":"follow","max-snippet":"max-snippet:-1","max-image-preview":"max-image-preview:large","max-video-preview":"max-video-preview:-1"},"canonical":"https:\/\/theplayoffs.news\/fr\/actualite-nba\/anthony-davis-disponible-warriors\/","og_locale":"fr_FR","og_type":"article","og_title":"Anthony Davis disponible pour le match 6 contre les Warriors - The Playoffs FR","og_url":"https:\/\/theplayoffs.news\/fr\/actualite-nba\/anthony-davis-disponible-warriors\/","og_site_name":"The Playoffs FR","article_publisher":"https:\/\/www.facebook.com\/TheFreeAgentFR\/","article_modified_time":"2023-05-12T13:36:46+00:00","og_image":[{"width":680,"height":680,"url":"https:\/\/theplayoffs.news\/fr\/wp-content\/uploads\/2023\/04\/davis-anthony.jpg","type":"image\/jpeg"}],"author":"Evan Glomot","twitter_card":"summary_large_image","twitter_creator":"@TheFreeAgentFR","twitter_site":"@TheFreeAgentFR","twitter_misc":{"\u00c9crit par":"Evan Glomot","Dur\u00e9e de lecture estim\u00e9e":"1 minute"},"schema":{"@context":"https:\/\/schema.org","@graph":[{"@type":"WebPage","@id":"https:\/\/theplayoffs.news\/fr\/actualite-nba\/anthony-davis-disponible-warriors\/","url":"https:\/\/theplayoffs.news\/fr\/actualite-nba\/anthony-davis-disponible-warriors\/","name":"Anthony Davis disponible pour le match 6 contre les Warriors - The Playoffs FR","isPartOf":{"@id":"https:\/\/theplayoffs.news\/fr\/#website"},"primaryImageOfPage":{"@id":"https:\/\/theplayoffs.news\/fr\/actualite-nba\/anthony-davis-disponible-warriors\/#primaryimage"},"image":{"@id":"https:\/\/theplayoffs.news\/fr\/actualite-nba\/anthony-davis-disponible-warriors\/#primaryimage"},"thumbnailUrl":"https:\/\/theplayoffs.news\/fr\/wp-content\/uploads\/2023\/04\/davis-anthony.jpg","datePublished":"2023-05-12T13:32:39+00:00","dateModified":"2023-05-12T13:36:46+00:00","author":{"@id":"https:\/\/theplayoffs.news\/fr\/#\/schema\/person\/efcb1404f7c790a161fdc0aa29e81646"},"breadcrumb":{"@id":"https:\/\/theplayoffs.news\/fr\/actualite-nba\/anthony-davis-disponible-warriors\/#breadcrumb"},"inLanguage":"fr-FR","potentialAction":[{"@type":"ReadAction","target":["https:\/\/theplayoffs.news\/fr\/actualite-nba\/anthony-davis-disponible-warriors\/"]}]},{"@type":"ImageObject","inLanguage":"fr-FR","@id":"https:\/\/theplayoffs.news\/fr\/actualite-nba\/anthony-davis-disponible-warriors\/#primaryimage","url":"https:\/\/theplayoffs.news\/fr\/wp-content\/uploads\/2023\/04\/davis-anthony.jpg","contentUrl":"https:\/\/theplayoffs.news\/fr\/wp-content\/uploads\/2023\/04\/davis-anthony.jpg","width":680,"height":680,"caption":"davis"},{"@type":"BreadcrumbList","@id":"https:\/\/theplayoffs.news\/fr\/actualite-nba\/anthony-davis-disponible-warriors\/#breadcrumb","itemListElement":[{"@type":"ListItem","position":1,"name":"Accueil","item":"https:\/\/theplayoffs.news\/fr\/"},{"@type":"ListItem","position":2,"name":"Anthony Davis disponible pour le match 6 contre les Warriors"}]},{"@type":"WebSite","@id":"https:\/\/theplayoffs.news\/fr\/#website","url":"https:\/\/theplayoffs.news\/fr\/","name":"The Playoffs FR","description":"NBA-NFL-NHL-MLB","potentialAction":[{"@type":"SearchAction","target":{"@type":"EntryPoint","urlTemplate":"https:\/\/theplayoffs.news\/fr\/?s={search_term_string}"},"query-input":{"@type":"PropertyValueSpecification","valueRequired":true,"valueName":"search_term_string"}}],"inLanguage":"fr-FR"},{"@type":"Person","@id":"https:\/\/theplayoffs.news\/fr\/#\/schema\/person\/efcb1404f7c790a161fdc0aa29e81646","name":"Evan Glomot","image":{"@type":"ImageObject","inLanguage":"fr-FR","@id":"https:\/\/theplayoffs.news\/fr\/#\/schema\/person\/image\/","url":"https:\/\/secure.gravatar.com\/avatar\/93e18dce985a4dfed140ef5ef5ecc82be40a165cbb4838e421f46abb52b7c315?s=96&d=mm&r=g","contentUrl":"https:\/\/secure.gravatar.com\/avatar\/93e18dce985a4dfed140ef5ef5ecc82be40a165cbb4838e421f46abb52b7c315?s=96&d=mm&r=g","caption":"Evan Glomot"},"url":"https:\/\/theplayoffs.news\/fr\/author\/evanglomotgmail-com\/"}]}},"_links":{"self":[{"href":"https:\/\/theplayoffs.news\/fr\/wp-json\/wp\/v2\/posts\/589393","targetHints":{"allow":["GET"]}}],"collection":[{"href":"https:\/\/theplayoffs.news\/fr\/wp-json\/wp\/v2\/posts"}],"about":[{"href":"https:\/\/theplayoffs.news\/fr\/wp-json\/wp\/v2\/types\/post"}],"author":[{"embeddable":true,"href":"https:\/\/theplayoffs.news\/fr\/wp-json\/wp\/v2\/users\/180310144"}],"replies":[{"embeddable":true,"href":"https:\/\/theplayoffs.news\/fr\/wp-json\/wp\/v2\/comments?post=589393"}],"version-history":[{"count":3,"href":"https:\/\/theplayoffs.news\/fr\/wp-json\/wp\/v2\/posts\/589393\/revisions"}],"predecessor-version":[{"id":589399,"href":"https:\/\/theplayoffs.news\/fr\/wp-json\/wp\/v2\/posts\/589393\/revisions\/589399"}],"wp:featuredmedia":[{"embeddable":true,"href":"https:\/\/theplayoffs.news\/fr\/wp-json\/wp\/v2\/media\/583925"}],"wp:attachment":[{"href":"https:\/\/theplayoffs.news\/fr\/wp-json\/wp\/v2\/media?parent=589393"}],"wp:term":[{"taxonomy":"category","embeddable":true,"href":"https:\/\/theplayoffs.news\/fr\/wp-json\/wp\/v2\/categories?post=589393"},{"taxonomy":"post_tag","embeddable":true,"href":"https:\/\/theplayoffs.news\/fr\/wp-json\/wp\/v2\/tags?post=589393"},{"taxonomy":"sport","embeddable":true,"href":"https:\/\/theplayoffs.news\/fr\/wp-json\/wp\/v2\/sport?post=589393"},{"taxonomy":"saison","embeddable":true,"href":"https:\/\/theplayoffs.news\/fr\/wp-json\/wp\/v2\/saison?post=589393"}],"curies":[{"name":"wp","href":"https:\/\/api.w.org\/{rel}","templated":true}]}}