{"id":589360,"date":"2023-05-12T11:39:48","date_gmt":"2023-05-12T09:39:48","guid":{"rendered":"https:\/\/theplayoffs.news\/fr\/?p=589360"},"modified":"2023-05-12T11:40:07","modified_gmt":"2023-05-12T09:40:07","slug":"bob-melvin-appelle-au-reveil-des-padres","status":"publish","type":"post","link":"https:\/\/theplayoffs.news\/fr\/actualite-mlb\/bob-melvin-appelle-au-reveil-des-padres\/","title":{"rendered":"Bob Melvin\u00a0appelle au r\u00e9veil des Padres"},"content":{"rendered":"<h2>&Agrave; la suite d&rsquo;une d&eacute;faite d&eacute;cevante en s&eacute;rie contre les Twins du Minnesota et d&rsquo;une d&eacute;faite 5-3 jeudi, le manager des San Diego Padres, Bob Melvin, a eu des mots forts pour son &eacute;quipe.<\/h2><p>La d&eacute;faite la plus r&eacute;cente a marqu&eacute; la quatri&egrave;me d&eacute;faite de l&rsquo;&eacute;quipe au cours des cinq derniers matchs, portant son record de la saison &agrave; un 19-19 d&eacute;cevant. Bob Melvin, clairement frustr&eacute; par la performance de l&rsquo;&eacute;quipe, en a profit&eacute; pour interpeller publiquement ses joueurs.<\/p><blockquote class=\"twitter-tweet\" data-width=\"500\" data-dnt=\"true\">\n<p lang=\"en\" dir=\"ltr\">Bob Melvin speaks with the media following today's game against the Twins&#127897;<a href=\"https:\/\/twitter.com\/Padres?ref_src=twsrc%5Etfw\" class=\"trk-cta-link\" data-cta-trk='{\"ctaType\":\"Link\",\"ctaSubType\":\"main\"}'>@Padres<\/a> | <a href=\"https:\/\/twitter.com\/hashtag\/PadresLive?src=hash&amp;ref_src=twsrc%5Etfw\" class=\"trk-cta-link\" data-cta-trk='{\"ctaType\":\"Link\",\"ctaSubType\":\"main\"}'>#PadresLive<\/a> <a href=\"https:\/\/t.co\/O09t5cVbTG\" class=\"trk-cta-link\" data-cta-trk='{\"ctaType\":\"Link\",\"ctaSubType\":\"main\"}'>pic.twitter.com\/O09t5cVbTG<\/a><\/p>\n<p>&mdash; Local Sports San Diego (@BallySportsSD) <a href=\"https:\/\/twitter.com\/BallySportsSD\/status\/1656755192337952780?ref_src=twsrc%5Etfw\" class=\"trk-cta-link\" data-cta-trk='{\"ctaType\":\"Link\",\"ctaSubType\":\"main\"}'>May 11, 2023<\/a><\/p><\/blockquote><p><script async src=\"https:\/\/platform.twitter.com\/widgets.js\" charset=\"utf-8\"><\/script><\/p><p>Melvin <a href=\"https:\/\/twitter.com\/BallySportsSD\/status\/1656755192337952780?ref_src=twsrc%5Etfw%7Ctwcamp%5Etweetembed%7Ctwterm%5E1656755192337952780%7Ctwgr%5Eec57b3b599a7a83cfa3aa9d9bf06a470fd95e4a4%7Ctwcon%5Es1_c10&amp;ref_url=https%3A%2F%2Fthefreeagent.fr%2Fwp-admin%2Fpost-new.php\" class=\"trk-cta-link\" data-cta-trk='{\"ctaType\":\"Link\",\"ctaSubType\":\"main\"}'>n&rsquo;a pas m&acirc;ch&eacute; ses mots<\/a> pour exprimer son m&eacute;contentement.<\/p><blockquote><p>&laquo;&nbsp;Nous devons mieux performer, c&rsquo;est ce que nous devons faire&nbsp;&raquo;, a-t-il d&eacute;clar&eacute; aux journalistes. Sa critique ne se limitait pas aux performances de l&rsquo;&eacute;quipe sur le terrain, mais s&rsquo;&eacute;tendait &eacute;galement &agrave; leur approche mentale. &laquo;&nbsp;Je ne pense pas qu&rsquo;il y ait assez de t&eacute;nacit&eacute; tout au long du match&nbsp;&raquo;, a-t-il d&eacute;clar&eacute;, faisant &eacute;cho &agrave; un sentiment qui s&rsquo;est d&eacute;velopp&eacute; &agrave; mesure que les luttes des Padres se poursuivent.<\/p><\/blockquote><p>La mauvaise forme r&eacute;cente des <a href=\"https:\/\/theplayoffs.news\/fr\/equipe\/san-diego-padres-mlb\/\" class=\"trk-cta-link\" data-cta-trk='{\"ctaType\":\"Link\",\"ctaSubType\":\"main\"}'>Padres<\/a> contraste fortement avec leurs attentes &eacute;lev&eacute;es en pr&eacute;-saison. Suite &agrave; des d&eacute;penses importantes pendant l&rsquo;intersaison, les Padres devaient &ecirc;tre de s&eacute;rieux pr&eacute;tendants aux World Series. Mais avec pr&egrave;s d&rsquo;un quart de la saison &eacute;coul&eacute;e, ils se retrouvent &agrave; languir &agrave; un pourcentage de victoires de 0,500, bien en de&ccedil;&agrave; de ce qui &eacute;tait envisag&eacute;.<\/p><p>Melvin a &eacute;galement soulign&eacute; la pression excessive que les luttes offensives de l&rsquo;&eacute;quipe exercent sur son &eacute;quipe de lanceurs. Bien qu&rsquo;ils aient frapp&eacute; fort certaines balles, les Padres ont constamment eu du mal &agrave; construire et &agrave; maintenir des avances, ce qui a entra&icirc;n&eacute; une pression accrue sur leurs lanceurs. Le besoin d&rsquo;une meilleure production offensive est palpable et est devenu un th&egrave;me r&eacute;current de la saison 2023 des Padres.<\/p><p>L&rsquo;appel public de Melvin est un message clair &agrave; ses joueurs et, compte tenu de la sous-performance de l&rsquo;&eacute;quipe, un message justifi&eacute;. Lorsqu&rsquo;un manager est pr&ecirc;t &agrave; &ecirc;tre aussi franc avec les m&eacute;dias, c&rsquo;est un signe clair qu&rsquo;un changement est n&eacute;cessaire.<\/p><h3>Mais quelle est la cause profonde de cette sous-performance ?<\/h3><p>Bien que Melvin n&rsquo;ait pas sp&eacute;cifiquement signal&eacute; un probl&egrave;me en particulier, il a fait allusion &agrave; un possible effet de gueule de bois de la saison derni&egrave;re. Que cela soit d&ucirc; &agrave; des probl&egrave;mes internes non r&eacute;solus, &agrave; un manque d&rsquo; alchimie d&rsquo;&eacute;quipe ou au fardeau mental de r&eacute;pondre &agrave; des attentes &eacute;lev&eacute;es n&rsquo;est pas clair. Mais ce qui est clair, c&rsquo;est que Melvin attend plus de son &eacute;quipe, et il n&rsquo;a pas peur de le dire publiquement.<\/p><p>Le coup de pression de Melvin est une d&eacute;cision audacieuse, mais c&rsquo;est peut-&ecirc;tre exactement ce dont les Padres ont besoin. Alors qu&rsquo;ils cherchent &agrave; raviver leurs ambitions en mati&egrave;re de World Series, l&rsquo;&eacute;quipe doit relever le d&eacute;fi et montrer la t&eacute;nacit&eacute; que leur manager appelle. S&rsquo;ils peuvent le faire, les Padres ont encore beaucoup de temps pour changer leur saison.<\/p>\n","protected":false},"excerpt":{"rendered":"","protected":false},"author":13,"featured_media":589361,"comment_status":"open","ping_status":"closed","sticky":false,"template":"","format":"standard","meta":{"inline_featured_image":false,"kia_subtitle":"","_mux_skip_reasons":[],"proofreadBy":0,"footnotes":""},"categories":[188,9],"tags":[2935,465],"sport":[],"saison":[],"class_list":["post-589360","post","type-post","status-publish","format-standard","has-post-thumbnail","hentry","category-actualite-mlb","category-mlb","tag-bob-melvin","tag-san-diego-padres"],"acf":[],"yoast_head":"<!-- This site is optimized with the Yoast SEO plugin v24.2 - https:\/\/yoast.com\/wordpress\/plugins\/seo\/ -->\n<title>Bob Melvin&nbsp;appelle au r&eacute;veil des Padres - The Playoffs FR<\/title>\n<meta name=\"robots\" content=\"index, follow, max-snippet:-1, max-image-preview:large, max-video-preview:-1\" \/>\n<link rel=\"canonical\" href=\"https:\/\/theplayoffs.news\/fr\/actualite-mlb\/bob-melvin-appelle-au-reveil-des-padres\/\" \/>\n<meta property=\"og:locale\" content=\"fr_FR\" \/>\n<meta property=\"og:type\" content=\"article\" \/>\n<meta property=\"og:title\" content=\"Bob Melvin&nbsp;appelle au r&eacute;veil des Padres - The Playoffs FR\" \/>\n<meta property=\"og:url\" content=\"https:\/\/theplayoffs.news\/fr\/actualite-mlb\/bob-melvin-appelle-au-reveil-des-padres\/\" \/>\n<meta property=\"og:site_name\" content=\"The Playoffs FR\" \/>\n<meta property=\"article:publisher\" content=\"https:\/\/www.facebook.com\/TheFreeAgentFR\/\" \/>\n<meta property=\"article:modified_time\" content=\"2023-05-12T11:40:07+02:00\" \/>\n<meta property=\"og:image\" content=\"https:\/\/theplayoffs.news\/fr\/wp-content\/uploads\/2023\/05\/Capture-decran-2023-05-12-a-11.18.13.jpg\" \/>\n\t<meta property=\"og:image:width\" content=\"1101\" \/>\n\t<meta property=\"og:image:height\" content=\"606\" \/>\n\t<meta property=\"og:image:type\" content=\"image\/jpeg\" \/>\n<meta name=\"author\" content=\"Charles Taudin\" \/>\n<meta name=\"twitter:card\" content=\"summary_large_image\" \/>\n<meta name=\"twitter:creator\" content=\"@TheFreeAgentFR\" \/>\n<meta name=\"twitter:site\" content=\"@TheFreeAgentFR\" \/>\n<meta name=\"twitter:label1\" content=\"\u00c9crit par\" \/>\n\t<meta name=\"twitter:data1\" content=\"Charles Taudin\" \/>\n\t<meta name=\"twitter:label2\" content=\"Dur\u00e9e de lecture estim\u00e9e\" \/>\n\t<meta name=\"twitter:data2\" content=\"3 minutes\" \/>\n<script type=\"application\/ld+json\" class=\"yoast-schema-graph\">{\"@context\":\"https:\/\/schema.org\",\"@graph\":[{\"@type\":\"WebPage\",\"@id\":\"https:\/\/theplayoffs.news\/fr\/actualite-mlb\/bob-melvin-appelle-au-reveil-des-padres\/\",\"url\":\"https:\/\/theplayoffs.news\/fr\/actualite-mlb\/bob-melvin-appelle-au-reveil-des-padres\/\",\"name\":\"Bob Melvin\u00a0appelle au r\u00e9veil des Padres - The Playoffs FR\",\"isPartOf\":{\"@id\":\"https:\/\/theplayoffs.news\/fr\/#website\"},\"primaryImageOfPage\":{\"@id\":\"https:\/\/theplayoffs.news\/fr\/actualite-mlb\/bob-melvin-appelle-au-reveil-des-padres\/#primaryimage\"},\"image\":{\"@id\":\"https:\/\/theplayoffs.news\/fr\/actualite-mlb\/bob-melvin-appelle-au-reveil-des-padres\/#primaryimage\"},\"thumbnailUrl\":\"https:\/\/theplayoffs.news\/fr\/wp-content\/uploads\/2023\/05\/Capture-decran-2023-05-12-a-11.18.13.jpg\",\"datePublished\":\"2023-05-12T09:39:48+00:00\",\"dateModified\":\"2023-05-12T09:40:07+00:00\",\"author\":{\"@id\":\"https:\/\/theplayoffs.news\/fr\/#\/schema\/person\/eee5b69ad5d3c51cabe881c839dbe133\"},\"breadcrumb\":{\"@id\":\"https:\/\/theplayoffs.news\/fr\/actualite-mlb\/bob-melvin-appelle-au-reveil-des-padres\/#breadcrumb\"},\"inLanguage\":\"fr-FR\",\"potentialAction\":[{\"@type\":\"ReadAction\",\"target\":[\"https:\/\/theplayoffs.news\/fr\/actualite-mlb\/bob-melvin-appelle-au-reveil-des-padres\/\"]}]},{\"@type\":\"ImageObject\",\"inLanguage\":\"fr-FR\",\"@id\":\"https:\/\/theplayoffs.news\/fr\/actualite-mlb\/bob-melvin-appelle-au-reveil-des-padres\/#primaryimage\",\"url\":\"https:\/\/theplayoffs.news\/fr\/wp-content\/uploads\/2023\/05\/Capture-decran-2023-05-12-a-11.18.13.jpg\",\"contentUrl\":\"https:\/\/theplayoffs.news\/fr\/wp-content\/uploads\/2023\/05\/Capture-decran-2023-05-12-a-11.18.13.jpg\",\"width\":1101,\"height\":606,\"caption\":\"Bob Melvin Padres\"},{\"@type\":\"BreadcrumbList\",\"@id\":\"https:\/\/theplayoffs.news\/fr\/actualite-mlb\/bob-melvin-appelle-au-reveil-des-padres\/#breadcrumb\",\"itemListElement\":[{\"@type\":\"ListItem\",\"position\":1,\"name\":\"Accueil\",\"item\":\"https:\/\/theplayoffs.news\/fr\/\"},{\"@type\":\"ListItem\",\"position\":2,\"name\":\"Bob Melvin\u00a0appelle au r\u00e9veil des Padres\"}]},{\"@type\":\"WebSite\",\"@id\":\"https:\/\/theplayoffs.news\/fr\/#website\",\"url\":\"https:\/\/theplayoffs.news\/fr\/\",\"name\":\"The Playoffs FR\",\"description\":\"NBA-NFL-NHL-MLB\",\"potentialAction\":[{\"@type\":\"SearchAction\",\"target\":{\"@type\":\"EntryPoint\",\"urlTemplate\":\"https:\/\/theplayoffs.news\/fr\/?s={search_term_string}\"},\"query-input\":{\"@type\":\"PropertyValueSpecification\",\"valueRequired\":true,\"valueName\":\"search_term_string\"}}],\"inLanguage\":\"fr-FR\"},{\"@type\":\"Person\",\"@id\":\"https:\/\/theplayoffs.news\/fr\/#\/schema\/person\/eee5b69ad5d3c51cabe881c839dbe133\",\"name\":\"Charles Taudin\",\"image\":{\"@type\":\"ImageObject\",\"inLanguage\":\"fr-FR\",\"@id\":\"https:\/\/theplayoffs.news\/fr\/#\/schema\/person\/image\/\",\"url\":\"https:\/\/secure.gravatar.com\/avatar\/59a1e772205ce9fd255edfcafc93013736822e20261f294c5753b20c41ede9f2?s=96&d=mm&r=g\",\"contentUrl\":\"https:\/\/secure.gravatar.com\/avatar\/59a1e772205ce9fd255edfcafc93013736822e20261f294c5753b20c41ede9f2?s=96&d=mm&r=g\",\"caption\":\"Charles Taudin\"},\"description\":\"R\u00e9dacteur en chef global de The Playoffs, j\u2019ai cr\u00e9\u00e9 The Free Agent, devenu The Playoffs FR, en 2020 durant la pand\u00e9mie. Amoureux depuis des ann\u00e9es des 4 sports majeurs am\u00e9ricains, j\u2019organise maintenant la strat\u00e9gie \u00e9ditoriale et les r\u00e9seaux sociaux de l\u2019ensemble des versions de The Playoffs. Il m\u2019arrive encore d\u2019\u00e9crire sur certains sports que j\u2019affectionne particuli\u00e8rement comme la NFL ou la MLB. Si vous devez retenir qu\u2019une chose : Eli Manning est le vrai GOAT pour avoir battu deux fois Tom Brady.\",\"sameAs\":[\"https:\/\/www.instagram.com\/ctaudin_\/\"],\"url\":\"https:\/\/theplayoffs.news\/fr\/author\/charles-taudin\/\"}]}<\/script>\n<!-- \/ Yoast SEO plugin. -->","yoast_head_json":{"title":"Bob Melvin&nbsp;appelle au r&eacute;veil des Padres - The Playoffs FR","robots":{"index":"index","follow":"follow","max-snippet":"max-snippet:-1","max-image-preview":"max-image-preview:large","max-video-preview":"max-video-preview:-1"},"canonical":"https:\/\/theplayoffs.news\/fr\/actualite-mlb\/bob-melvin-appelle-au-reveil-des-padres\/","og_locale":"fr_FR","og_type":"article","og_title":"Bob Melvin&nbsp;appelle au r&eacute;veil des Padres - The Playoffs FR","og_url":"https:\/\/theplayoffs.news\/fr\/actualite-mlb\/bob-melvin-appelle-au-reveil-des-padres\/","og_site_name":"The Playoffs FR","article_publisher":"https:\/\/www.facebook.com\/TheFreeAgentFR\/","article_modified_time":"2023-05-12T09:40:07+00:00","og_image":[{"width":1101,"height":606,"url":"https:\/\/theplayoffs.news\/fr\/wp-content\/uploads\/2023\/05\/Capture-decran-2023-05-12-a-11.18.13.jpg","type":"image\/jpeg"}],"author":"Charles Taudin","twitter_card":"summary_large_image","twitter_creator":"@TheFreeAgentFR","twitter_site":"@TheFreeAgentFR","twitter_misc":{"\u00c9crit par":"Charles Taudin","Dur\u00e9e de lecture estim\u00e9e":"3 minutes"},"schema":{"@context":"https:\/\/schema.org","@graph":[{"@type":"WebPage","@id":"https:\/\/theplayoffs.news\/fr\/actualite-mlb\/bob-melvin-appelle-au-reveil-des-padres\/","url":"https:\/\/theplayoffs.news\/fr\/actualite-mlb\/bob-melvin-appelle-au-reveil-des-padres\/","name":"Bob Melvin\u00a0appelle au r\u00e9veil des Padres - The Playoffs FR","isPartOf":{"@id":"https:\/\/theplayoffs.news\/fr\/#website"},"primaryImageOfPage":{"@id":"https:\/\/theplayoffs.news\/fr\/actualite-mlb\/bob-melvin-appelle-au-reveil-des-padres\/#primaryimage"},"image":{"@id":"https:\/\/theplayoffs.news\/fr\/actualite-mlb\/bob-melvin-appelle-au-reveil-des-padres\/#primaryimage"},"thumbnailUrl":"https:\/\/theplayoffs.news\/fr\/wp-content\/uploads\/2023\/05\/Capture-decran-2023-05-12-a-11.18.13.jpg","datePublished":"2023-05-12T09:39:48+00:00","dateModified":"2023-05-12T09:40:07+00:00","author":{"@id":"https:\/\/theplayoffs.news\/fr\/#\/schema\/person\/eee5b69ad5d3c51cabe881c839dbe133"},"breadcrumb":{"@id":"https:\/\/theplayoffs.news\/fr\/actualite-mlb\/bob-melvin-appelle-au-reveil-des-padres\/#breadcrumb"},"inLanguage":"fr-FR","potentialAction":[{"@type":"ReadAction","target":["https:\/\/theplayoffs.news\/fr\/actualite-mlb\/bob-melvin-appelle-au-reveil-des-padres\/"]}]},{"@type":"ImageObject","inLanguage":"fr-FR","@id":"https:\/\/theplayoffs.news\/fr\/actualite-mlb\/bob-melvin-appelle-au-reveil-des-padres\/#primaryimage","url":"https:\/\/theplayoffs.news\/fr\/wp-content\/uploads\/2023\/05\/Capture-decran-2023-05-12-a-11.18.13.jpg","contentUrl":"https:\/\/theplayoffs.news\/fr\/wp-content\/uploads\/2023\/05\/Capture-decran-2023-05-12-a-11.18.13.jpg","width":1101,"height":606,"caption":"Bob Melvin Padres"},{"@type":"BreadcrumbList","@id":"https:\/\/theplayoffs.news\/fr\/actualite-mlb\/bob-melvin-appelle-au-reveil-des-padres\/#breadcrumb","itemListElement":[{"@type":"ListItem","position":1,"name":"Accueil","item":"https:\/\/theplayoffs.news\/fr\/"},{"@type":"ListItem","position":2,"name":"Bob Melvin\u00a0appelle au r\u00e9veil des Padres"}]},{"@type":"WebSite","@id":"https:\/\/theplayoffs.news\/fr\/#website","url":"https:\/\/theplayoffs.news\/fr\/","name":"The Playoffs FR","description":"NBA-NFL-NHL-MLB","potentialAction":[{"@type":"SearchAction","target":{"@type":"EntryPoint","urlTemplate":"https:\/\/theplayoffs.news\/fr\/?s={search_term_string}"},"query-input":{"@type":"PropertyValueSpecification","valueRequired":true,"valueName":"search_term_string"}}],"inLanguage":"fr-FR"},{"@type":"Person","@id":"https:\/\/theplayoffs.news\/fr\/#\/schema\/person\/eee5b69ad5d3c51cabe881c839dbe133","name":"Charles Taudin","image":{"@type":"ImageObject","inLanguage":"fr-FR","@id":"https:\/\/theplayoffs.news\/fr\/#\/schema\/person\/image\/","url":"https:\/\/secure.gravatar.com\/avatar\/59a1e772205ce9fd255edfcafc93013736822e20261f294c5753b20c41ede9f2?s=96&d=mm&r=g","contentUrl":"https:\/\/secure.gravatar.com\/avatar\/59a1e772205ce9fd255edfcafc93013736822e20261f294c5753b20c41ede9f2?s=96&d=mm&r=g","caption":"Charles Taudin"},"description":"R\u00e9dacteur en chef global de The Playoffs, j\u2019ai cr\u00e9\u00e9 The Free Agent, devenu The Playoffs FR, en 2020 durant la pand\u00e9mie. Amoureux depuis des ann\u00e9es des 4 sports majeurs am\u00e9ricains, j\u2019organise maintenant la strat\u00e9gie \u00e9ditoriale et les r\u00e9seaux sociaux de l\u2019ensemble des versions de The Playoffs. Il m\u2019arrive encore d\u2019\u00e9crire sur certains sports que j\u2019affectionne particuli\u00e8rement comme la NFL ou la MLB. Si vous devez retenir qu\u2019une chose : Eli Manning est le vrai GOAT pour avoir battu deux fois Tom Brady.","sameAs":["https:\/\/www.instagram.com\/ctaudin_\/"],"url":"https:\/\/theplayoffs.news\/fr\/author\/charles-taudin\/"}]}},"_links":{"self":[{"href":"https:\/\/theplayoffs.news\/fr\/wp-json\/wp\/v2\/posts\/589360","targetHints":{"allow":["GET"]}}],"collection":[{"href":"https:\/\/theplayoffs.news\/fr\/wp-json\/wp\/v2\/posts"}],"about":[{"href":"https:\/\/theplayoffs.news\/fr\/wp-json\/wp\/v2\/types\/post"}],"author":[{"embeddable":true,"href":"https:\/\/theplayoffs.news\/fr\/wp-json\/wp\/v2\/users\/13"}],"replies":[{"embeddable":true,"href":"https:\/\/theplayoffs.news\/fr\/wp-json\/wp\/v2\/comments?post=589360"}],"version-history":[{"count":2,"href":"https:\/\/theplayoffs.news\/fr\/wp-json\/wp\/v2\/posts\/589360\/revisions"}],"predecessor-version":[{"id":589364,"href":"https:\/\/theplayoffs.news\/fr\/wp-json\/wp\/v2\/posts\/589360\/revisions\/589364"}],"wp:featuredmedia":[{"embeddable":true,"href":"https:\/\/theplayoffs.news\/fr\/wp-json\/wp\/v2\/media\/589361"}],"wp:attachment":[{"href":"https:\/\/theplayoffs.news\/fr\/wp-json\/wp\/v2\/media?parent=589360"}],"wp:term":[{"taxonomy":"category","embeddable":true,"href":"https:\/\/theplayoffs.news\/fr\/wp-json\/wp\/v2\/categories?post=589360"},{"taxonomy":"post_tag","embeddable":true,"href":"https:\/\/theplayoffs.news\/fr\/wp-json\/wp\/v2\/tags?post=589360"},{"taxonomy":"sport","embeddable":true,"href":"https:\/\/theplayoffs.news\/fr\/wp-json\/wp\/v2\/sport?post=589360"},{"taxonomy":"saison","embeddable":true,"href":"https:\/\/theplayoffs.news\/fr\/wp-json\/wp\/v2\/saison?post=589360"}],"curies":[{"name":"wp","href":"https:\/\/api.w.org\/{rel}","templated":true}]}}