{"id":589339,"date":"2023-05-12T08:23:56","date_gmt":"2023-05-12T06:23:56","guid":{"rendered":"https:\/\/theplayoffs.news\/fr\/?p=589339"},"modified":"2023-05-12T08:23:57","modified_gmt":"2023-05-12T06:23:57","slug":"absence-potentielle-von-miller-coup-dur-bills","status":"publish","type":"post","link":"https:\/\/theplayoffs.news\/fr\/actualite-nfl\/absence-potentielle-von-miller-coup-dur-bills\/","title":{"rendered":"L&rsquo;absence potentielle de Von Miller : un coup dur pour les Buffalo Bills"},"content":{"rendered":"<h2>Les pires craintes des Buffalo Bills ont &eacute;t&eacute; confirm&eacute;es, car le joueur vedette Von Miller, 34 ans, risque de manquer une partie importante de la saison 2023.<\/h2><p>Le rusher, qui a &eacute;t&eacute; sign&eacute; par les Bills en 2022, pourrait &ecirc;tre mis &agrave; l&rsquo;&eacute;cart en raison d&rsquo;une blessure au genou subie lors d&rsquo;un match contre les Lions de Detroit l&rsquo;ann&eacute;e derni&egrave;re. La nouvelle est un coup dur pour les Bills, qui esp&eacute;raient que Von Miller les aiderait dans leur poursuite du troph&eacute;e Lombardi insaisissable.<\/p><p>Maintenant, non seulement les Bills n&rsquo;ont toujours pas gagn&eacute; le Super Bowl, mais ils sont &eacute;galement confront&eacute;s &agrave; la perspective de commencer la saison 2023 sans leur joueur vedette.<\/p><p><a href=\"https:\/\/theplayoffs.news\/fr\/joueur\/von-miller-nfl-27952\/\" class=\"trk-cta-link\" data-cta-trk='{\"ctaType\":\"Link\",\"ctaSubType\":\"main\"}'><strong>Von Miller<\/strong><\/a>, l&rsquo;un des joueurs les plus influents de la NFL, a subi une op&eacute;ration au genou en d&eacute;cembre apr&egrave;s avoir re&ccedil;u un diagnostic de d&eacute;chirure du LCA. Compte tenu de son &acirc;ge et de la chirurgie retard&eacute;e, son temps de r&eacute;cup&eacute;ration est incertain. S&rsquo;il est bien plac&eacute; sur la liste Physiquement incapable de performer (PUP), il manquera au moins les quatre premiers matchs de la saison.<\/p><p><a href=\"https:\/\/theathletic.com\/4499406\/2023\/05\/09\/buffalo-bills-roster-projection\/\" class=\"trk-cta-link\" data-cta-trk='{\"ctaType\":\"Link\",\"ctaSubType\":\"main\"}'>Joe Buscaglia de The Athletic<\/a> sugg&egrave;re que la d&eacute;cision d&eacute;montrerait l&rsquo;engagement des Bills envers une strat&eacute;gie &agrave; long terme, donnant la priorit&eacute; &agrave; la sant&eacute; de Miller et &agrave; son impact potentiel en fin de saison plut&ocirc;t que de le pr&eacute;cipiter vers un retour. L&rsquo;absence de Miller pourrait cependant avoir un impact significatif sur la performance d&eacute;fensive des Bills.<\/p><p>Les donn&eacute;es de la saison derni&egrave;re illustrent &agrave; quel point Miller &eacute;tait vital pour l&rsquo;&eacute;quipe. Avant la blessure de Miller, les adversaires avaient en moyenne une note de QB de 75,7 avec un ratio TD-INT de 9-13 et un pourcentage de compl&eacute;tion de 64,3 %. Apr&egrave;s son absence, la note moyenne des QB est pass&eacute;e &agrave; 81,8, indiquant une baisse notable des prouesses d&eacute;fensives des Bills.<\/p><p>Pourtant, l&rsquo;absence potentielle de Miller n&rsquo;affecterait pas seulement les Bills; cela pourrait &eacute;galement entraver son ascension dans les leaders de sack en carri&egrave;re de la NFL. Actuellement class&eacute; 19e, Miller est tout proche de surpasser les l&eacute;gendes de la NFL comme Dwight Freeney, Derrick Thomas et Rickey Jackson. Sa mise &agrave; l&rsquo;&eacute;cart pourrait consid&eacute;rablement diminuer ses chances de d&eacute;passer &eacute;ventuellement Lawrence Taylor et Michael Strahan, affectant ainsi sa position parmi les grands du jeu.<\/p><p>Au-del&agrave; de la fortune des Bills et des jalons personnels de Miller, le concours plus large de l&rsquo;AFC East pourrait &eacute;galement &ecirc;tre affect&eacute; par son absence. Les Dolphins de Miami sont en train de devenir un concurrent du Super Bowl et les Jets de New York viennent d&rsquo;acqu&eacute;rir Aaron Rodgers. L&rsquo;AFC Est se r&eacute;v&eacute;lant plus comp&eacute;titive, l&rsquo;absence de Miller pourrait laisser la porte ouverte &agrave; ces &eacute;quipes pour d&eacute;passer Buffalo au d&eacute;but de la saison.<\/p>\n","protected":false},"excerpt":{"rendered":"","protected":false},"author":13,"featured_media":589340,"comment_status":"open","ping_status":"closed","sticky":false,"template":"","format":"standard","meta":{"inline_featured_image":false,"kia_subtitle":"","_mux_skip_reasons":[],"proofreadBy":0,"footnotes":""},"categories":[118,40],"tags":[133,165],"sport":[],"saison":[],"class_list":["post-589339","post","type-post","status-publish","format-standard","has-post-thumbnail","hentry","category-actualite-nfl","category-nfl","tag-buffalo-bills","tag-von-miller"],"acf":[],"yoast_head":"<!-- This site is optimized with the Yoast SEO plugin v24.2 - https:\/\/yoast.com\/wordpress\/plugins\/seo\/ -->\n<title>L&#039;absence potentielle de Von Miller : un coup dur pour les Buffalo Bills - The Playoffs FR<\/title>\n<meta name=\"robots\" content=\"index, follow, max-snippet:-1, max-image-preview:large, max-video-preview:-1\" \/>\n<link rel=\"canonical\" href=\"https:\/\/theplayoffs.news\/fr\/actualite-nfl\/absence-potentielle-von-miller-coup-dur-bills\/\" \/>\n<meta property=\"og:locale\" content=\"fr_FR\" \/>\n<meta property=\"og:type\" content=\"article\" \/>\n<meta property=\"og:title\" content=\"L&#039;absence potentielle de Von Miller : un coup dur pour les Buffalo Bills - The Playoffs FR\" \/>\n<meta property=\"og:url\" content=\"https:\/\/theplayoffs.news\/fr\/actualite-nfl\/absence-potentielle-von-miller-coup-dur-bills\/\" \/>\n<meta property=\"og:site_name\" content=\"The Playoffs FR\" \/>\n<meta property=\"article:publisher\" content=\"https:\/\/www.facebook.com\/TheFreeAgentFR\/\" \/>\n<meta property=\"article:modified_time\" content=\"2023-05-12T08:23:57+02:00\" \/>\n<meta property=\"og:image\" content=\"https:\/\/theplayoffs.news\/fr\/wp-content\/uploads\/2023\/05\/tinywow_6233c4a5d3caa_23100936.jpg\" \/>\n\t<meta property=\"og:image:width\" content=\"1200\" \/>\n\t<meta property=\"og:image:height\" content=\"798\" \/>\n\t<meta property=\"og:image:type\" content=\"image\/jpeg\" \/>\n<meta name=\"author\" content=\"Charles Taudin\" \/>\n<meta name=\"twitter:card\" content=\"summary_large_image\" \/>\n<meta name=\"twitter:creator\" content=\"@TheFreeAgentFR\" \/>\n<meta name=\"twitter:site\" content=\"@TheFreeAgentFR\" \/>\n<meta name=\"twitter:label1\" content=\"\u00c9crit par\" \/>\n\t<meta name=\"twitter:data1\" content=\"Charles Taudin\" \/>\n\t<meta name=\"twitter:label2\" content=\"Dur\u00e9e de lecture estim\u00e9e\" \/>\n\t<meta name=\"twitter:data2\" content=\"2 minutes\" \/>\n<script type=\"application\/ld+json\" class=\"yoast-schema-graph\">{\"@context\":\"https:\/\/schema.org\",\"@graph\":[{\"@type\":\"WebPage\",\"@id\":\"https:\/\/theplayoffs.news\/fr\/actualite-nfl\/absence-potentielle-von-miller-coup-dur-bills\/\",\"url\":\"https:\/\/theplayoffs.news\/fr\/actualite-nfl\/absence-potentielle-von-miller-coup-dur-bills\/\",\"name\":\"L\\\\'absence potentielle de Von Miller : un coup dur pour les Buffalo Bills - The Playoffs FR\",\"isPartOf\":{\"@id\":\"https:\/\/theplayoffs.news\/fr\/#website\"},\"primaryImageOfPage\":{\"@id\":\"https:\/\/theplayoffs.news\/fr\/actualite-nfl\/absence-potentielle-von-miller-coup-dur-bills\/#primaryimage\"},\"image\":{\"@id\":\"https:\/\/theplayoffs.news\/fr\/actualite-nfl\/absence-potentielle-von-miller-coup-dur-bills\/#primaryimage\"},\"thumbnailUrl\":\"https:\/\/theplayoffs.news\/fr\/wp-content\/uploads\/2023\/05\/tinywow_6233c4a5d3caa_23100936.jpg\",\"datePublished\":\"2023-05-12T06:23:56+00:00\",\"dateModified\":\"2023-05-12T06:23:57+00:00\",\"author\":{\"@id\":\"https:\/\/theplayoffs.news\/fr\/#\/schema\/person\/eee5b69ad5d3c51cabe881c839dbe133\"},\"breadcrumb\":{\"@id\":\"https:\/\/theplayoffs.news\/fr\/actualite-nfl\/absence-potentielle-von-miller-coup-dur-bills\/#breadcrumb\"},\"inLanguage\":\"fr-FR\",\"potentialAction\":[{\"@type\":\"ReadAction\",\"target\":[\"https:\/\/theplayoffs.news\/fr\/actualite-nfl\/absence-potentielle-von-miller-coup-dur-bills\/\"]}]},{\"@type\":\"ImageObject\",\"inLanguage\":\"fr-FR\",\"@id\":\"https:\/\/theplayoffs.news\/fr\/actualite-nfl\/absence-potentielle-von-miller-coup-dur-bills\/#primaryimage\",\"url\":\"https:\/\/theplayoffs.news\/fr\/wp-content\/uploads\/2023\/05\/tinywow_6233c4a5d3caa_23100936.jpg\",\"contentUrl\":\"https:\/\/theplayoffs.news\/fr\/wp-content\/uploads\/2023\/05\/tinywow_6233c4a5d3caa_23100936.jpg\",\"width\":1200,\"height\":798,\"caption\":\"Von Miller\"},{\"@type\":\"BreadcrumbList\",\"@id\":\"https:\/\/theplayoffs.news\/fr\/actualite-nfl\/absence-potentielle-von-miller-coup-dur-bills\/#breadcrumb\",\"itemListElement\":[{\"@type\":\"ListItem\",\"position\":1,\"name\":\"Accueil\",\"item\":\"https:\/\/theplayoffs.news\/fr\/\"},{\"@type\":\"ListItem\",\"position\":2,\"name\":\"L&rsquo;absence potentielle de Von Miller : un coup dur pour les Buffalo Bills\"}]},{\"@type\":\"WebSite\",\"@id\":\"https:\/\/theplayoffs.news\/fr\/#website\",\"url\":\"https:\/\/theplayoffs.news\/fr\/\",\"name\":\"The Playoffs FR\",\"description\":\"NBA-NFL-NHL-MLB\",\"potentialAction\":[{\"@type\":\"SearchAction\",\"target\":{\"@type\":\"EntryPoint\",\"urlTemplate\":\"https:\/\/theplayoffs.news\/fr\/?s={search_term_string}\"},\"query-input\":{\"@type\":\"PropertyValueSpecification\",\"valueRequired\":true,\"valueName\":\"search_term_string\"}}],\"inLanguage\":\"fr-FR\"},{\"@type\":\"Person\",\"@id\":\"https:\/\/theplayoffs.news\/fr\/#\/schema\/person\/eee5b69ad5d3c51cabe881c839dbe133\",\"name\":\"Charles Taudin\",\"image\":{\"@type\":\"ImageObject\",\"inLanguage\":\"fr-FR\",\"@id\":\"https:\/\/theplayoffs.news\/fr\/#\/schema\/person\/image\/\",\"url\":\"https:\/\/secure.gravatar.com\/avatar\/59a1e772205ce9fd255edfcafc93013736822e20261f294c5753b20c41ede9f2?s=96&d=mm&r=g\",\"contentUrl\":\"https:\/\/secure.gravatar.com\/avatar\/59a1e772205ce9fd255edfcafc93013736822e20261f294c5753b20c41ede9f2?s=96&d=mm&r=g\",\"caption\":\"Charles Taudin\"},\"description\":\"R\u00e9dacteur en chef global de The Playoffs, j\u2019ai cr\u00e9\u00e9 The Free Agent, devenu The Playoffs FR, en 2020 durant la pand\u00e9mie. Amoureux depuis des ann\u00e9es des 4 sports majeurs am\u00e9ricains, j\u2019organise maintenant la strat\u00e9gie \u00e9ditoriale et les r\u00e9seaux sociaux de l\u2019ensemble des versions de The Playoffs. Il m\u2019arrive encore d\u2019\u00e9crire sur certains sports que j\u2019affectionne particuli\u00e8rement comme la NFL ou la MLB. Si vous devez retenir qu\u2019une chose : Eli Manning est le vrai GOAT pour avoir battu deux fois Tom Brady.\",\"sameAs\":[\"https:\/\/www.instagram.com\/ctaudin_\/\"],\"url\":\"https:\/\/theplayoffs.news\/fr\/author\/charles-taudin\/\"}]}<\/script>\n<!-- \/ Yoast SEO plugin. -->","yoast_head_json":{"title":"L&#039;absence potentielle de Von Miller : un coup dur pour les Buffalo Bills - The Playoffs FR","robots":{"index":"index","follow":"follow","max-snippet":"max-snippet:-1","max-image-preview":"max-image-preview:large","max-video-preview":"max-video-preview:-1"},"canonical":"https:\/\/theplayoffs.news\/fr\/actualite-nfl\/absence-potentielle-von-miller-coup-dur-bills\/","og_locale":"fr_FR","og_type":"article","og_title":"L&#039;absence potentielle de Von Miller : un coup dur pour les Buffalo Bills - The Playoffs FR","og_url":"https:\/\/theplayoffs.news\/fr\/actualite-nfl\/absence-potentielle-von-miller-coup-dur-bills\/","og_site_name":"The Playoffs FR","article_publisher":"https:\/\/www.facebook.com\/TheFreeAgentFR\/","article_modified_time":"2023-05-12T06:23:57+00:00","og_image":[{"width":1200,"height":798,"url":"https:\/\/theplayoffs.news\/fr\/wp-content\/uploads\/2023\/05\/tinywow_6233c4a5d3caa_23100936.jpg","type":"image\/jpeg"}],"author":"Charles Taudin","twitter_card":"summary_large_image","twitter_creator":"@TheFreeAgentFR","twitter_site":"@TheFreeAgentFR","twitter_misc":{"\u00c9crit par":"Charles Taudin","Dur\u00e9e de lecture estim\u00e9e":"2 minutes"},"schema":{"@context":"https:\/\/schema.org","@graph":[{"@type":"WebPage","@id":"https:\/\/theplayoffs.news\/fr\/actualite-nfl\/absence-potentielle-von-miller-coup-dur-bills\/","url":"https:\/\/theplayoffs.news\/fr\/actualite-nfl\/absence-potentielle-von-miller-coup-dur-bills\/","name":"L\\'absence potentielle de Von Miller : un coup dur pour les Buffalo Bills - The Playoffs FR","isPartOf":{"@id":"https:\/\/theplayoffs.news\/fr\/#website"},"primaryImageOfPage":{"@id":"https:\/\/theplayoffs.news\/fr\/actualite-nfl\/absence-potentielle-von-miller-coup-dur-bills\/#primaryimage"},"image":{"@id":"https:\/\/theplayoffs.news\/fr\/actualite-nfl\/absence-potentielle-von-miller-coup-dur-bills\/#primaryimage"},"thumbnailUrl":"https:\/\/theplayoffs.news\/fr\/wp-content\/uploads\/2023\/05\/tinywow_6233c4a5d3caa_23100936.jpg","datePublished":"2023-05-12T06:23:56+00:00","dateModified":"2023-05-12T06:23:57+00:00","author":{"@id":"https:\/\/theplayoffs.news\/fr\/#\/schema\/person\/eee5b69ad5d3c51cabe881c839dbe133"},"breadcrumb":{"@id":"https:\/\/theplayoffs.news\/fr\/actualite-nfl\/absence-potentielle-von-miller-coup-dur-bills\/#breadcrumb"},"inLanguage":"fr-FR","potentialAction":[{"@type":"ReadAction","target":["https:\/\/theplayoffs.news\/fr\/actualite-nfl\/absence-potentielle-von-miller-coup-dur-bills\/"]}]},{"@type":"ImageObject","inLanguage":"fr-FR","@id":"https:\/\/theplayoffs.news\/fr\/actualite-nfl\/absence-potentielle-von-miller-coup-dur-bills\/#primaryimage","url":"https:\/\/theplayoffs.news\/fr\/wp-content\/uploads\/2023\/05\/tinywow_6233c4a5d3caa_23100936.jpg","contentUrl":"https:\/\/theplayoffs.news\/fr\/wp-content\/uploads\/2023\/05\/tinywow_6233c4a5d3caa_23100936.jpg","width":1200,"height":798,"caption":"Von Miller"},{"@type":"BreadcrumbList","@id":"https:\/\/theplayoffs.news\/fr\/actualite-nfl\/absence-potentielle-von-miller-coup-dur-bills\/#breadcrumb","itemListElement":[{"@type":"ListItem","position":1,"name":"Accueil","item":"https:\/\/theplayoffs.news\/fr\/"},{"@type":"ListItem","position":2,"name":"L&rsquo;absence potentielle de Von Miller : un coup dur pour les Buffalo Bills"}]},{"@type":"WebSite","@id":"https:\/\/theplayoffs.news\/fr\/#website","url":"https:\/\/theplayoffs.news\/fr\/","name":"The Playoffs FR","description":"NBA-NFL-NHL-MLB","potentialAction":[{"@type":"SearchAction","target":{"@type":"EntryPoint","urlTemplate":"https:\/\/theplayoffs.news\/fr\/?s={search_term_string}"},"query-input":{"@type":"PropertyValueSpecification","valueRequired":true,"valueName":"search_term_string"}}],"inLanguage":"fr-FR"},{"@type":"Person","@id":"https:\/\/theplayoffs.news\/fr\/#\/schema\/person\/eee5b69ad5d3c51cabe881c839dbe133","name":"Charles Taudin","image":{"@type":"ImageObject","inLanguage":"fr-FR","@id":"https:\/\/theplayoffs.news\/fr\/#\/schema\/person\/image\/","url":"https:\/\/secure.gravatar.com\/avatar\/59a1e772205ce9fd255edfcafc93013736822e20261f294c5753b20c41ede9f2?s=96&d=mm&r=g","contentUrl":"https:\/\/secure.gravatar.com\/avatar\/59a1e772205ce9fd255edfcafc93013736822e20261f294c5753b20c41ede9f2?s=96&d=mm&r=g","caption":"Charles Taudin"},"description":"R\u00e9dacteur en chef global de The Playoffs, j\u2019ai cr\u00e9\u00e9 The Free Agent, devenu The Playoffs FR, en 2020 durant la pand\u00e9mie. Amoureux depuis des ann\u00e9es des 4 sports majeurs am\u00e9ricains, j\u2019organise maintenant la strat\u00e9gie \u00e9ditoriale et les r\u00e9seaux sociaux de l\u2019ensemble des versions de The Playoffs. Il m\u2019arrive encore d\u2019\u00e9crire sur certains sports que j\u2019affectionne particuli\u00e8rement comme la NFL ou la MLB. Si vous devez retenir qu\u2019une chose : Eli Manning est le vrai GOAT pour avoir battu deux fois Tom Brady.","sameAs":["https:\/\/www.instagram.com\/ctaudin_\/"],"url":"https:\/\/theplayoffs.news\/fr\/author\/charles-taudin\/"}]}},"_links":{"self":[{"href":"https:\/\/theplayoffs.news\/fr\/wp-json\/wp\/v2\/posts\/589339","targetHints":{"allow":["GET"]}}],"collection":[{"href":"https:\/\/theplayoffs.news\/fr\/wp-json\/wp\/v2\/posts"}],"about":[{"href":"https:\/\/theplayoffs.news\/fr\/wp-json\/wp\/v2\/types\/post"}],"author":[{"embeddable":true,"href":"https:\/\/theplayoffs.news\/fr\/wp-json\/wp\/v2\/users\/13"}],"replies":[{"embeddable":true,"href":"https:\/\/theplayoffs.news\/fr\/wp-json\/wp\/v2\/comments?post=589339"}],"version-history":[{"count":3,"href":"https:\/\/theplayoffs.news\/fr\/wp-json\/wp\/v2\/posts\/589339\/revisions"}],"predecessor-version":[{"id":589343,"href":"https:\/\/theplayoffs.news\/fr\/wp-json\/wp\/v2\/posts\/589339\/revisions\/589343"}],"wp:featuredmedia":[{"embeddable":true,"href":"https:\/\/theplayoffs.news\/fr\/wp-json\/wp\/v2\/media\/589340"}],"wp:attachment":[{"href":"https:\/\/theplayoffs.news\/fr\/wp-json\/wp\/v2\/media?parent=589339"}],"wp:term":[{"taxonomy":"category","embeddable":true,"href":"https:\/\/theplayoffs.news\/fr\/wp-json\/wp\/v2\/categories?post=589339"},{"taxonomy":"post_tag","embeddable":true,"href":"https:\/\/theplayoffs.news\/fr\/wp-json\/wp\/v2\/tags?post=589339"},{"taxonomy":"sport","embeddable":true,"href":"https:\/\/theplayoffs.news\/fr\/wp-json\/wp\/v2\/sport?post=589339"},{"taxonomy":"saison","embeddable":true,"href":"https:\/\/theplayoffs.news\/fr\/wp-json\/wp\/v2\/saison?post=589339"}],"curies":[{"name":"wp","href":"https:\/\/api.w.org\/{rel}","templated":true}]}}