{"id":589330,"date":"2023-05-12T07:03:56","date_gmt":"2023-05-12T05:03:56","guid":{"rendered":"https:\/\/theplayoffs.news\/fr\/?p=589330"},"modified":"2023-05-12T07:03:57","modified_gmt":"2023-05-12T05:03:57","slug":"denver-nuggets-accedent-finale-conference-ouest","status":"publish","type":"post","link":"https:\/\/theplayoffs.news\/fr\/actualite-nba\/denver-nuggets-accedent-finale-conference-ouest\/","title":{"rendered":"Les Denver Nuggets acc\u00e8dent \u00e0 la finale de la Conf\u00e9rence Ouest"},"content":{"rendered":"<h2>Apr&egrave;s une saison de r&eacute;silience et de d&eacute;termination, les Denver Nuggets ont prouv&eacute; qu&rsquo;ils ne sont pas simplement une autre &eacute;quipe de la NBA, mais une force formidable avec laquelle il faut compter.<\/h2><p>Ils ont battu les Phoenix Suns 125-100 dans le match 6, se qualifiant pour la finale de la Conf&eacute;rence Ouest pour la premi&egrave;re fois depuis 2020.<\/p><p>Au c&oelig;ur de cette marche triomphale se trouve <a href=\"https:\/\/theplayoffs.news\/fr\/joueur\/nikola-jokic-nba-6224670\/\" class=\"trk-cta-link\" data-cta-trk='{\"ctaType\":\"Link\",\"ctaSubType\":\"main\"}'><strong>Nikola Jokic<\/strong><\/a>, qui a une fois de plus montr&eacute; ses prouesses extraordinaires avec un triple-double, marquant 32 points, et affichant son talent pour faciliter et aux rebonds avec 12 passes et 10 rebonds. Jamal Murray a ajout&eacute; 26 points, d&eacute;montrant la profondeur des Nuggets et l&rsquo;efficacit&eacute; de leur duo. Une pouss&eacute;e inattendue de Kentavious Caldwell-Pope, qui affiche g&eacute;n&eacute;ralement une moyenne de 9,5 points, a encore stimul&eacute; les Nuggets. Caldwell-Pope a inscrit 17 points au premier quart, terminant finalement avec 21.<\/p><p>C&rsquo;est une douce victoire pour les Nuggets, surtout compte tenu de leur histoire avec les Suns. Il y a deux saisons, les Suns ont balay&eacute; les Nuggets au deuxi&egrave;me tour des s&eacute;ries &eacute;liminatoires, une d&eacute;faite qui a aliment&eacute; la poursuite de la r&eacute;demption des Nuggets. Cette victoire montre clairement que les Nuggets sont devenus une unit&eacute; beaucoup plus forte, capable de renverser la vapeur m&ecirc;me sur leur propre terrain.<\/p><p>Le match &eacute;tait ma&icirc;tris&eacute; par les Nuggets, qui ont men&eacute; 23-2 au premier quart, menant 44-26, et n&rsquo;ont pas regard&eacute; en arri&egrave;re. Ils ont continu&eacute; &agrave; dominer au deuxi&egrave;me quart, &eacute;tendant leur avance &agrave; 30 points, 81-51, &agrave; la mi-temps. La deuxi&egrave;me mi-temps n&rsquo;&eacute;tait qu&rsquo;une simple formalit&eacute;, les Nuggets conservant leur mainmise sur le match.<\/p><p>La d&eacute;faite de Phoenix a &eacute;t&eacute; exacerb&eacute;e par l&rsquo;absence des partants Deandre Ayton et Chris Paul en raison de blessures. Un vaillant effort de Cameron Payne, qui a marqu&eacute; 31 points avec une pr&eacute;cision de 7 sur 9 &agrave; 3 points, et la contribution de Kevin Durant de 23 points n&rsquo;ont pas suffi &agrave; combler le vide laiss&eacute; par leurs co&eacute;quipiers manquants.<\/p><p>La grosse d&eacute;ception aura &eacute;t&eacute; Devin Booker auteur de seulement 12 points, lui qui a &eacute;t&eacute; si dominant tout au long des playoffs.<\/p><p>Les Nuggets attendent donc &agrave; pr&eacute;sent leur adversaire : les Lakers ou les Warriors.<\/p>\n","protected":false},"excerpt":{"rendered":"","protected":false},"author":13,"featured_media":589331,"comment_status":"open","ping_status":"closed","sticky":false,"template":"","format":"standard","meta":{"inline_featured_image":false,"kia_subtitle":"","_mux_skip_reasons":[],"proofreadBy":0,"footnotes":""},"categories":[110,10],"tags":[620,804],"sport":[],"saison":[],"class_list":["post-589330","post","type-post","status-publish","format-standard","has-post-thumbnail","hentry","category-actualite-nba","category-nba","tag-denver-nuggets","tag-phoenix-suns"],"acf":[],"yoast_head":"<!-- This site is optimized with the Yoast SEO plugin v24.2 - https:\/\/yoast.com\/wordpress\/plugins\/seo\/ -->\n<title>Les Denver Nuggets acc&egrave;dent &agrave; la finale de la Conf&eacute;rence Ouest - The Playoffs FR<\/title>\n<meta name=\"robots\" content=\"index, follow, max-snippet:-1, max-image-preview:large, max-video-preview:-1\" \/>\n<link rel=\"canonical\" href=\"https:\/\/theplayoffs.news\/fr\/actualite-nba\/denver-nuggets-accedent-finale-conference-ouest\/\" \/>\n<meta property=\"og:locale\" content=\"fr_FR\" \/>\n<meta property=\"og:type\" content=\"article\" \/>\n<meta property=\"og:title\" content=\"Les Denver Nuggets acc&egrave;dent &agrave; la finale de la Conf&eacute;rence Ouest - The Playoffs FR\" \/>\n<meta property=\"og:url\" content=\"https:\/\/theplayoffs.news\/fr\/actualite-nba\/denver-nuggets-accedent-finale-conference-ouest\/\" \/>\n<meta property=\"og:site_name\" content=\"The Playoffs FR\" \/>\n<meta property=\"article:publisher\" content=\"https:\/\/www.facebook.com\/TheFreeAgentFR\/\" \/>\n<meta property=\"article:modified_time\" content=\"2023-05-12T07:03:57+02:00\" \/>\n<meta property=\"og:image\" content=\"https:\/\/theplayoffs.news\/fr\/wp-content\/uploads\/2023\/05\/tinywow_NUGGETS-SUNS-GAME-6_23095052.jpg\" \/>\n\t<meta property=\"og:image:width\" content=\"1280\" \/>\n\t<meta property=\"og:image:height\" content=\"720\" \/>\n\t<meta property=\"og:image:type\" content=\"image\/jpeg\" \/>\n<meta name=\"author\" content=\"Charles Taudin\" \/>\n<meta name=\"twitter:card\" content=\"summary_large_image\" \/>\n<meta name=\"twitter:creator\" content=\"@TheFreeAgentFR\" \/>\n<meta name=\"twitter:site\" content=\"@TheFreeAgentFR\" \/>\n<meta name=\"twitter:label1\" content=\"\u00c9crit par\" \/>\n\t<meta name=\"twitter:data1\" content=\"Charles Taudin\" \/>\n\t<meta name=\"twitter:label2\" content=\"Dur\u00e9e de lecture estim\u00e9e\" \/>\n\t<meta name=\"twitter:data2\" content=\"2 minutes\" \/>\n<script type=\"application\/ld+json\" class=\"yoast-schema-graph\">{\"@context\":\"https:\/\/schema.org\",\"@graph\":[{\"@type\":\"WebPage\",\"@id\":\"https:\/\/theplayoffs.news\/fr\/actualite-nba\/denver-nuggets-accedent-finale-conference-ouest\/\",\"url\":\"https:\/\/theplayoffs.news\/fr\/actualite-nba\/denver-nuggets-accedent-finale-conference-ouest\/\",\"name\":\"Les Denver Nuggets acc\u00e8dent \u00e0 la finale de la Conf\u00e9rence Ouest - The Playoffs FR\",\"isPartOf\":{\"@id\":\"https:\/\/theplayoffs.news\/fr\/#website\"},\"primaryImageOfPage\":{\"@id\":\"https:\/\/theplayoffs.news\/fr\/actualite-nba\/denver-nuggets-accedent-finale-conference-ouest\/#primaryimage\"},\"image\":{\"@id\":\"https:\/\/theplayoffs.news\/fr\/actualite-nba\/denver-nuggets-accedent-finale-conference-ouest\/#primaryimage\"},\"thumbnailUrl\":\"https:\/\/theplayoffs.news\/fr\/wp-content\/uploads\/2023\/05\/tinywow_NUGGETS-SUNS-GAME-6_23095052.jpg\",\"datePublished\":\"2023-05-12T05:03:56+00:00\",\"dateModified\":\"2023-05-12T05:03:57+00:00\",\"author\":{\"@id\":\"https:\/\/theplayoffs.news\/fr\/#\/schema\/person\/eee5b69ad5d3c51cabe881c839dbe133\"},\"breadcrumb\":{\"@id\":\"https:\/\/theplayoffs.news\/fr\/actualite-nba\/denver-nuggets-accedent-finale-conference-ouest\/#breadcrumb\"},\"inLanguage\":\"fr-FR\",\"potentialAction\":[{\"@type\":\"ReadAction\",\"target\":[\"https:\/\/theplayoffs.news\/fr\/actualite-nba\/denver-nuggets-accedent-finale-conference-ouest\/\"]}]},{\"@type\":\"ImageObject\",\"inLanguage\":\"fr-FR\",\"@id\":\"https:\/\/theplayoffs.news\/fr\/actualite-nba\/denver-nuggets-accedent-finale-conference-ouest\/#primaryimage\",\"url\":\"https:\/\/theplayoffs.news\/fr\/wp-content\/uploads\/2023\/05\/tinywow_NUGGETS-SUNS-GAME-6_23095052.jpg\",\"contentUrl\":\"https:\/\/theplayoffs.news\/fr\/wp-content\/uploads\/2023\/05\/tinywow_NUGGETS-SUNS-GAME-6_23095052.jpg\",\"width\":1280,\"height\":720,\"caption\":\"Denver Nuggets\"},{\"@type\":\"BreadcrumbList\",\"@id\":\"https:\/\/theplayoffs.news\/fr\/actualite-nba\/denver-nuggets-accedent-finale-conference-ouest\/#breadcrumb\",\"itemListElement\":[{\"@type\":\"ListItem\",\"position\":1,\"name\":\"Accueil\",\"item\":\"https:\/\/theplayoffs.news\/fr\/\"},{\"@type\":\"ListItem\",\"position\":2,\"name\":\"Les Denver Nuggets acc\u00e8dent \u00e0 la finale de la Conf\u00e9rence Ouest\"}]},{\"@type\":\"WebSite\",\"@id\":\"https:\/\/theplayoffs.news\/fr\/#website\",\"url\":\"https:\/\/theplayoffs.news\/fr\/\",\"name\":\"The Playoffs FR\",\"description\":\"NBA-NFL-NHL-MLB\",\"potentialAction\":[{\"@type\":\"SearchAction\",\"target\":{\"@type\":\"EntryPoint\",\"urlTemplate\":\"https:\/\/theplayoffs.news\/fr\/?s={search_term_string}\"},\"query-input\":{\"@type\":\"PropertyValueSpecification\",\"valueRequired\":true,\"valueName\":\"search_term_string\"}}],\"inLanguage\":\"fr-FR\"},{\"@type\":\"Person\",\"@id\":\"https:\/\/theplayoffs.news\/fr\/#\/schema\/person\/eee5b69ad5d3c51cabe881c839dbe133\",\"name\":\"Charles Taudin\",\"image\":{\"@type\":\"ImageObject\",\"inLanguage\":\"fr-FR\",\"@id\":\"https:\/\/theplayoffs.news\/fr\/#\/schema\/person\/image\/\",\"url\":\"https:\/\/secure.gravatar.com\/avatar\/59a1e772205ce9fd255edfcafc93013736822e20261f294c5753b20c41ede9f2?s=96&d=mm&r=g\",\"contentUrl\":\"https:\/\/secure.gravatar.com\/avatar\/59a1e772205ce9fd255edfcafc93013736822e20261f294c5753b20c41ede9f2?s=96&d=mm&r=g\",\"caption\":\"Charles Taudin\"},\"description\":\"R\u00e9dacteur en chef global de The Playoffs, j\u2019ai cr\u00e9\u00e9 The Free Agent, devenu The Playoffs FR, en 2020 durant la pand\u00e9mie. Amoureux depuis des ann\u00e9es des 4 sports majeurs am\u00e9ricains, j\u2019organise maintenant la strat\u00e9gie \u00e9ditoriale et les r\u00e9seaux sociaux de l\u2019ensemble des versions de The Playoffs. Il m\u2019arrive encore d\u2019\u00e9crire sur certains sports que j\u2019affectionne particuli\u00e8rement comme la NFL ou la MLB. Si vous devez retenir qu\u2019une chose : Eli Manning est le vrai GOAT pour avoir battu deux fois Tom Brady.\",\"sameAs\":[\"https:\/\/www.instagram.com\/ctaudin_\/\"],\"url\":\"https:\/\/theplayoffs.news\/fr\/author\/charles-taudin\/\"}]}<\/script>\n<!-- \/ Yoast SEO plugin. -->","yoast_head_json":{"title":"Les Denver Nuggets acc&egrave;dent &agrave; la finale de la Conf&eacute;rence Ouest - The Playoffs FR","robots":{"index":"index","follow":"follow","max-snippet":"max-snippet:-1","max-image-preview":"max-image-preview:large","max-video-preview":"max-video-preview:-1"},"canonical":"https:\/\/theplayoffs.news\/fr\/actualite-nba\/denver-nuggets-accedent-finale-conference-ouest\/","og_locale":"fr_FR","og_type":"article","og_title":"Les Denver Nuggets acc&egrave;dent &agrave; la finale de la Conf&eacute;rence Ouest - The Playoffs FR","og_url":"https:\/\/theplayoffs.news\/fr\/actualite-nba\/denver-nuggets-accedent-finale-conference-ouest\/","og_site_name":"The Playoffs FR","article_publisher":"https:\/\/www.facebook.com\/TheFreeAgentFR\/","article_modified_time":"2023-05-12T05:03:57+00:00","og_image":[{"width":1280,"height":720,"url":"https:\/\/theplayoffs.news\/fr\/wp-content\/uploads\/2023\/05\/tinywow_NUGGETS-SUNS-GAME-6_23095052.jpg","type":"image\/jpeg"}],"author":"Charles Taudin","twitter_card":"summary_large_image","twitter_creator":"@TheFreeAgentFR","twitter_site":"@TheFreeAgentFR","twitter_misc":{"\u00c9crit par":"Charles Taudin","Dur\u00e9e de lecture estim\u00e9e":"2 minutes"},"schema":{"@context":"https:\/\/schema.org","@graph":[{"@type":"WebPage","@id":"https:\/\/theplayoffs.news\/fr\/actualite-nba\/denver-nuggets-accedent-finale-conference-ouest\/","url":"https:\/\/theplayoffs.news\/fr\/actualite-nba\/denver-nuggets-accedent-finale-conference-ouest\/","name":"Les Denver Nuggets acc\u00e8dent \u00e0 la finale de la Conf\u00e9rence Ouest - The Playoffs FR","isPartOf":{"@id":"https:\/\/theplayoffs.news\/fr\/#website"},"primaryImageOfPage":{"@id":"https:\/\/theplayoffs.news\/fr\/actualite-nba\/denver-nuggets-accedent-finale-conference-ouest\/#primaryimage"},"image":{"@id":"https:\/\/theplayoffs.news\/fr\/actualite-nba\/denver-nuggets-accedent-finale-conference-ouest\/#primaryimage"},"thumbnailUrl":"https:\/\/theplayoffs.news\/fr\/wp-content\/uploads\/2023\/05\/tinywow_NUGGETS-SUNS-GAME-6_23095052.jpg","datePublished":"2023-05-12T05:03:56+00:00","dateModified":"2023-05-12T05:03:57+00:00","author":{"@id":"https:\/\/theplayoffs.news\/fr\/#\/schema\/person\/eee5b69ad5d3c51cabe881c839dbe133"},"breadcrumb":{"@id":"https:\/\/theplayoffs.news\/fr\/actualite-nba\/denver-nuggets-accedent-finale-conference-ouest\/#breadcrumb"},"inLanguage":"fr-FR","potentialAction":[{"@type":"ReadAction","target":["https:\/\/theplayoffs.news\/fr\/actualite-nba\/denver-nuggets-accedent-finale-conference-ouest\/"]}]},{"@type":"ImageObject","inLanguage":"fr-FR","@id":"https:\/\/theplayoffs.news\/fr\/actualite-nba\/denver-nuggets-accedent-finale-conference-ouest\/#primaryimage","url":"https:\/\/theplayoffs.news\/fr\/wp-content\/uploads\/2023\/05\/tinywow_NUGGETS-SUNS-GAME-6_23095052.jpg","contentUrl":"https:\/\/theplayoffs.news\/fr\/wp-content\/uploads\/2023\/05\/tinywow_NUGGETS-SUNS-GAME-6_23095052.jpg","width":1280,"height":720,"caption":"Denver Nuggets"},{"@type":"BreadcrumbList","@id":"https:\/\/theplayoffs.news\/fr\/actualite-nba\/denver-nuggets-accedent-finale-conference-ouest\/#breadcrumb","itemListElement":[{"@type":"ListItem","position":1,"name":"Accueil","item":"https:\/\/theplayoffs.news\/fr\/"},{"@type":"ListItem","position":2,"name":"Les Denver Nuggets acc\u00e8dent \u00e0 la finale de la Conf\u00e9rence Ouest"}]},{"@type":"WebSite","@id":"https:\/\/theplayoffs.news\/fr\/#website","url":"https:\/\/theplayoffs.news\/fr\/","name":"The Playoffs FR","description":"NBA-NFL-NHL-MLB","potentialAction":[{"@type":"SearchAction","target":{"@type":"EntryPoint","urlTemplate":"https:\/\/theplayoffs.news\/fr\/?s={search_term_string}"},"query-input":{"@type":"PropertyValueSpecification","valueRequired":true,"valueName":"search_term_string"}}],"inLanguage":"fr-FR"},{"@type":"Person","@id":"https:\/\/theplayoffs.news\/fr\/#\/schema\/person\/eee5b69ad5d3c51cabe881c839dbe133","name":"Charles Taudin","image":{"@type":"ImageObject","inLanguage":"fr-FR","@id":"https:\/\/theplayoffs.news\/fr\/#\/schema\/person\/image\/","url":"https:\/\/secure.gravatar.com\/avatar\/59a1e772205ce9fd255edfcafc93013736822e20261f294c5753b20c41ede9f2?s=96&d=mm&r=g","contentUrl":"https:\/\/secure.gravatar.com\/avatar\/59a1e772205ce9fd255edfcafc93013736822e20261f294c5753b20c41ede9f2?s=96&d=mm&r=g","caption":"Charles Taudin"},"description":"R\u00e9dacteur en chef global de The Playoffs, j\u2019ai cr\u00e9\u00e9 The Free Agent, devenu The Playoffs FR, en 2020 durant la pand\u00e9mie. Amoureux depuis des ann\u00e9es des 4 sports majeurs am\u00e9ricains, j\u2019organise maintenant la strat\u00e9gie \u00e9ditoriale et les r\u00e9seaux sociaux de l\u2019ensemble des versions de The Playoffs. Il m\u2019arrive encore d\u2019\u00e9crire sur certains sports que j\u2019affectionne particuli\u00e8rement comme la NFL ou la MLB. Si vous devez retenir qu\u2019une chose : Eli Manning est le vrai GOAT pour avoir battu deux fois Tom Brady.","sameAs":["https:\/\/www.instagram.com\/ctaudin_\/"],"url":"https:\/\/theplayoffs.news\/fr\/author\/charles-taudin\/"}]}},"_links":{"self":[{"href":"https:\/\/theplayoffs.news\/fr\/wp-json\/wp\/v2\/posts\/589330","targetHints":{"allow":["GET"]}}],"collection":[{"href":"https:\/\/theplayoffs.news\/fr\/wp-json\/wp\/v2\/posts"}],"about":[{"href":"https:\/\/theplayoffs.news\/fr\/wp-json\/wp\/v2\/types\/post"}],"author":[{"embeddable":true,"href":"https:\/\/theplayoffs.news\/fr\/wp-json\/wp\/v2\/users\/13"}],"replies":[{"embeddable":true,"href":"https:\/\/theplayoffs.news\/fr\/wp-json\/wp\/v2\/comments?post=589330"}],"version-history":[{"count":3,"href":"https:\/\/theplayoffs.news\/fr\/wp-json\/wp\/v2\/posts\/589330\/revisions"}],"predecessor-version":[{"id":589334,"href":"https:\/\/theplayoffs.news\/fr\/wp-json\/wp\/v2\/posts\/589330\/revisions\/589334"}],"wp:featuredmedia":[{"embeddable":true,"href":"https:\/\/theplayoffs.news\/fr\/wp-json\/wp\/v2\/media\/589331"}],"wp:attachment":[{"href":"https:\/\/theplayoffs.news\/fr\/wp-json\/wp\/v2\/media?parent=589330"}],"wp:term":[{"taxonomy":"category","embeddable":true,"href":"https:\/\/theplayoffs.news\/fr\/wp-json\/wp\/v2\/categories?post=589330"},{"taxonomy":"post_tag","embeddable":true,"href":"https:\/\/theplayoffs.news\/fr\/wp-json\/wp\/v2\/tags?post=589330"},{"taxonomy":"sport","embeddable":true,"href":"https:\/\/theplayoffs.news\/fr\/wp-json\/wp\/v2\/sport?post=589330"},{"taxonomy":"saison","embeddable":true,"href":"https:\/\/theplayoffs.news\/fr\/wp-json\/wp\/v2\/saison?post=589330"}],"curies":[{"name":"wp","href":"https:\/\/api.w.org\/{rel}","templated":true}]}}