{"id":589222,"date":"2023-05-11T17:44:54","date_gmt":"2023-05-11T15:44:54","guid":{"rendered":"https:\/\/theplayoffs.news\/fr\/?p=589222"},"modified":"2023-05-11T17:44:55","modified_gmt":"2023-05-11T15:44:55","slug":"all-nba-teams-les-principaux-absents","status":"publish","type":"post","link":"https:\/\/theplayoffs.news\/fr\/actualite-nba\/all-nba-teams-les-principaux-absents\/","title":{"rendered":"All-NBA Teams : les principaux absents"},"content":{"rendered":"<h2>Alors que les All-NBA Teams ont &eacute;t&eacute; d&eacute;voil&eacute;es, il est temps de faire le point sur les absents majeurs de 2023.<\/h2><p>&nbsp;<\/p><p>&nbsp;<\/p><p><strong>Devin Booker<\/strong><\/p><p>L&rsquo;an dernier, <a href=\"https:\/\/theplayoffs.news\/fr\/joueur\/devin-booker-nba-6272386\/\" class=\"trk-cta-link\" data-cta-trk='{\"ctaType\":\"Link\",\"ctaSubType\":\"main\"}'>Devin Booker<\/a> a fait partie de la premi&egrave;re &eacute;quipe All-NBA pour la premi&egrave;re fois de sa carri&egrave;re, lui qui avait men&eacute; les Suns au meilleur bilan de la saison r&eacute;guli&egrave;re. Il &eacute;tait d&rsquo;ailleurs le premier joueur de Phoenix &agrave; faire partie de la First Team depuis 2007. Cette saison, il n&rsquo;a particip&eacute; qu&rsquo;&agrave; 53 matchs apr&egrave;s avoir &eacute;t&eacute; absent pendant plus d&rsquo;un mois en raison d&rsquo;une blessure &agrave; l&rsquo;aine. Lorsqu&rsquo;il &eacute;tait disponible, Booker a marqu&eacute; 27,8 points par match avec 49,4 % de r&eacute;ussite aux tirs. Malheureusement pour lui, ses nombreux matchs loup&eacute;s en saison r&eacute;guli&egrave;re lui ont co&ucirc;t&eacute; sa place dans l&rsquo;une des &eacute;quipes All-NBA cette ann&eacute;e.<\/p><p>&nbsp;<\/p><p><strong>James Harden<\/strong><\/p><p>D&eacute;j&agrave; snob&eacute; lors du All-Star Game, The Beard l&rsquo;a aussi &eacute;t&eacute; des All NBA-Teams. <a href=\"https:\/\/theplayoffs.news\/fr\/joueur\/james-harden-philadelphia-76ers-nba\/\" class=\"trk-cta-link\" data-cta-trk='{\"ctaType\":\"Link\",\"ctaSubType\":\"main\"}'>James Harden<\/a> est pourtant le meilleur passeur de la saison avec 10,7 passes d&eacute;cisives en moyenne par match et r&eacute;alise une excellente saison dans un r&ocirc;le de lieutenant de Joel Embiid. Une mission diff&eacute;rente de celle qu&rsquo;il effectuait aux Houston Rockets mais qui ne l&rsquo;a pas d&eacute;rang&eacute; tant ses prestations se sont montr&eacute;es solides et efficaces. Certains observateurs et fans de la NBA ne comprennent pas son absence <a href=\"https:\/\/twitter.com\/NBA\/status\/1656446966727884803?ref_src=twsrc%5Etfw%7Ctwcamp%5Etweetembed%7Ctwterm%5E1656446966727884803%7Ctwgr%5E56d57a7437ca4dcd0c45ec75cd5f6e08930b3e01%7Ctwcon%5Es1_c10&amp;ref_url=https%3A%2F%2Fthefreeagent.fr%2Fwp-admin%2Fpost-new.php\" class=\"trk-cta-link\" data-cta-trk='{\"ctaType\":\"Link\",\"ctaSubType\":\"main\"}'>au d&eacute;triment de Damian Lillard<\/a>, qui n&rsquo;a cependant pas vol&eacute; sa place non plus, lui qui a port&eacute; une faible &eacute;quipe des Blazers sur son dos durant toute la saison r&eacute;guli&egrave;re.<\/p><blockquote class=\"twitter-tweet\" data-width=\"500\" data-dnt=\"true\">\n<p lang=\"en\" dir=\"ltr\">The 2022-23 Kia All-NBA Third Team:<\/p>\n<p>&#9642;&#65039; De'Aaron Fox<br>&#9642;&#65039; LeBron James<br>&#9642;&#65039; Damian Lillard<br>&#9642;&#65039; Julius Randle<br>&#9642;&#65039; Domantas Sabonis<a href=\"https:\/\/twitter.com\/Kia?ref_src=twsrc%5Etfw\" class=\"trk-cta-link\" data-cta-trk='{\"ctaType\":\"Link\",\"ctaSubType\":\"main\"}'>@Kia<\/a> | <a href=\"https:\/\/twitter.com\/hashtag\/NBAAwards?src=hash&amp;ref_src=twsrc%5Etfw\" class=\"trk-cta-link\" data-cta-trk='{\"ctaType\":\"Link\",\"ctaSubType\":\"main\"}'>#NBAAwards<\/a> <a href=\"https:\/\/t.co\/kFBOMTNMdk\" class=\"trk-cta-link\" data-cta-trk='{\"ctaType\":\"Link\",\"ctaSubType\":\"main\"}'>pic.twitter.com\/kFBOMTNMdk<\/a><\/p>\n<p>&mdash; NBA (@NBA) <a href=\"https:\/\/twitter.com\/NBA\/status\/1656446966727884803?ref_src=twsrc%5Etfw\" class=\"trk-cta-link\" data-cta-trk='{\"ctaType\":\"Link\",\"ctaSubType\":\"main\"}'>May 10, 2023<\/a><\/p><\/blockquote><p><script async src=\"https:\/\/platform.twitter.com\/widgets.js\" charset=\"utf-8\"><\/script><\/p><p>&nbsp;<\/p><p><strong>Kevin Durant<\/strong><\/p><p>Pour la troisi&egrave;me fois en quatre ans, <a href=\"https:\/\/theplayoffs.news\/fr\/joueur\/kevin-durant-nba-6404\/\" class=\"trk-cta-link\" data-cta-trk='{\"ctaType\":\"Link\",\"ctaSubType\":\"main\"}'>Kevin Durant<\/a> ne fait pas partie des All-NBA Teams. Des absences souvent li&eacute;es &agrave; un principal facteur : ses r&eacute;currentes blessures. Il ne fait aucun doute que les prestations du 13 fois All-Star et ses fiches de stats lui auraient garanti une place dans une des All-NBA Teams car KD totalise 29,1 points, 6,7 rebonds et 5 passes en moyenne par match cette saison. Probl&egrave;me, ses blessures l&rsquo;ont limit&eacute;es &agrave; seulement 47 matchs avec les Nets et les Suns cette saison.<\/p><p>&nbsp;<\/p><p><strong>Ja Morant<\/strong><\/p><p>Malgr&eacute; une saison de haute vol&eacute;e sur le plan statistique (26,2 points et 8,1 passes en moyenne), la f&eacute;roce concurrence au poste de meneur explique l&rsquo;absence du joueur des Grizzlies dans les All-NBA Teams. Ses 9 matchs manqu&eacute;s &agrave; la fin de la saison r&eacute;guli&egrave;re et sa suspension de 8 matchs par la ligue ont probablement aussi jou&eacute; un r&ocirc;le dans la non-pr&eacute;sence de <a href=\"https:\/\/theplayoffs.news\/fr\/joueur\/ja-morant-nba-8559776\/\" class=\"trk-cta-link\" data-cta-trk='{\"ctaType\":\"Link\",\"ctaSubType\":\"main\"}'>Ja Morant<\/a> dans ces &eacute;quipes.<\/p><p>&nbsp;<\/p><p><strong>Anthony Davis<\/strong><\/p><p><a href=\"https:\/\/theplayoffs.news\/fr\/joueur\/anthony-davis-nba-13166\/\" class=\"trk-cta-link\" data-cta-trk='{\"ctaType\":\"Link\",\"ctaSubType\":\"main\"}'>Anthony Davis<\/a>, &eacute;tincelant durant les playoffs, paye sa saison r&eacute;guli&egrave;re qui n&rsquo;a pas &eacute;t&eacute; du m&ecirc;me acabit. Si les performances de AD face aux Warriors en demi-finale de Conf&eacute;rence ont impressionn&eacute;, ses prestations en saison r&eacute;guli&egrave;re ont &eacute;t&eacute; en dents de scie et le joueur n&rsquo;a pas souvent montr&eacute; son meilleur niveau. Ses nombreuses absences sur blessure ne l&rsquo;ont pas aid&eacute; non plus. Des raisons suffisantes pour ne pas voir Davis dans les All-NBA Teams 2023.<\/p><p>&nbsp;<\/p><p><strong>Jalen Brunson<\/strong><\/p><p>L&rsquo;ancien joueur de Dallas, en grande forme actuellement dans la demi-finale de Conf&eacute;rence qui oppose les Knicks au Heat, a disput&eacute; 68 matchs cette saison, pour une moyenne de 24 points, 6,2 passes et 3,5 rebonds par match. Si <a href=\"https:\/\/theplayoffs.news\/fr\/joueur\/jalen-brunson-nba-7869344\/\" class=\"trk-cta-link\" data-cta-trk='{\"ctaType\":\"Link\",\"ctaSubType\":\"main\"}'>Jalen Brunson<\/a> r&eacute;alise la meilleure saison de sa carri&egrave;re dans une franchise toujours en lice pour atteindre une place en finale de Conf&eacute;rence, la concurrence au poste de meneur de jeu prive le joueur de 26 ans d&rsquo;une nomination aux All-NBA Teams<\/p><p>&nbsp;<\/p><p>&nbsp;<\/p><p><strong>Les autres absents majeurs :<\/strong><\/p><p>&nbsp;<\/p><p><a href=\"https:\/\/theplayoffs.news\/fr\/joueur\/bam-adebayo-nba-8132522\/\" class=\"trk-cta-link\" data-cta-trk='{\"ctaType\":\"Link\",\"ctaSubType\":\"main\"}'>Bam Adebayo<\/a> (Miami Heat)<\/p><p><a href=\"https:\/\/theplayoffs.news\/fr\/joueur\/lauri-markkanen-nba-8132672\/\" class=\"trk-cta-link\" data-cta-trk='{\"ctaType\":\"Link\",\"ctaSubType\":\"main\"}'>Lauri Markkanen<\/a> (Utah Jazz)<\/p><p><a href=\"https:\/\/theplayoffs.news\/fr\/joueur\/anthony-edwards-nba-9188536\/\" class=\"trk-cta-link\" data-cta-trk='{\"ctaType\":\"Link\",\"ctaSubType\":\"main\"}'>Anthony Edwards<\/a> (Minnesota Timberwolves)<\/p><p><a href=\"https:\/\/theplayoffs.news\/fr\/joueur\/pascal-siakam-nba-6299346\/\" class=\"trk-cta-link\" data-cta-trk='{\"ctaType\":\"Link\",\"ctaSubType\":\"main\"}'>Pascal Siakam<\/a> (Toronto Raptors)<\/p><p><a href=\"https:\/\/theplayoffs.news\/fr\/joueur\/paul-george-nba-8502\/\" class=\"trk-cta-link\" data-cta-trk='{\"ctaType\":\"Link\",\"ctaSubType\":\"main\"}'>Paul George<\/a> (Los Angeles Clippers)<\/p>\n","protected":false},"excerpt":{"rendered":"","protected":false},"author":180310144,"featured_media":583587,"comment_status":"open","ping_status":"closed","sticky":false,"template":"","format":"standard","meta":{"inline_featured_image":false,"kia_subtitle":"","_mux_skip_reasons":[],"proofreadBy":0,"footnotes":""},"categories":[110,10],"tags":[5933,23],"sport":[],"saison":[],"class_list":["post-589222","post","type-post","status-publish","format-standard","has-post-thumbnail","hentry","category-actualite-nba","category-nba","tag-all-nba-teams-2023","tag-nba-tag"],"acf":[],"yoast_head":"<!-- This site is optimized with the Yoast SEO plugin v24.2 - https:\/\/yoast.com\/wordpress\/plugins\/seo\/ -->\n<title>All-NBA Teams : les principaux absents - The Playoffs FR<\/title>\n<meta name=\"robots\" content=\"index, follow, max-snippet:-1, max-image-preview:large, max-video-preview:-1\" \/>\n<link rel=\"canonical\" href=\"https:\/\/theplayoffs.news\/fr\/actualite-nba\/all-nba-teams-les-principaux-absents\/\" \/>\n<meta property=\"og:locale\" content=\"fr_FR\" \/>\n<meta property=\"og:type\" content=\"article\" \/>\n<meta property=\"og:title\" content=\"All-NBA Teams : les principaux absents - The Playoffs FR\" \/>\n<meta property=\"og:url\" content=\"https:\/\/theplayoffs.news\/fr\/actualite-nba\/all-nba-teams-les-principaux-absents\/\" \/>\n<meta property=\"og:site_name\" content=\"The Playoffs FR\" \/>\n<meta property=\"article:publisher\" content=\"https:\/\/www.facebook.com\/TheFreeAgentFR\/\" \/>\n<meta property=\"article:modified_time\" content=\"2023-05-11T17:44:55+02:00\" \/>\n<meta property=\"og:image\" content=\"https:\/\/theplayoffs.news\/fr\/wp-content\/uploads\/2023\/04\/FuDOG3KX0AATQE4-1.jpg\" \/>\n\t<meta property=\"og:image:width\" content=\"680\" \/>\n\t<meta property=\"og:image:height\" content=\"454\" \/>\n\t<meta property=\"og:image:type\" content=\"image\/jpeg\" \/>\n<meta name=\"author\" content=\"Evan Glomot\" \/>\n<meta name=\"twitter:card\" content=\"summary_large_image\" \/>\n<meta name=\"twitter:creator\" content=\"@TheFreeAgentFR\" \/>\n<meta name=\"twitter:site\" content=\"@TheFreeAgentFR\" \/>\n<meta name=\"twitter:label1\" content=\"\u00c9crit par\" \/>\n\t<meta name=\"twitter:data1\" content=\"Evan Glomot\" \/>\n\t<meta name=\"twitter:label2\" content=\"Dur\u00e9e de lecture estim\u00e9e\" \/>\n\t<meta name=\"twitter:data2\" content=\"3 minutes\" \/>\n<script type=\"application\/ld+json\" class=\"yoast-schema-graph\">{\"@context\":\"https:\/\/schema.org\",\"@graph\":[{\"@type\":\"WebPage\",\"@id\":\"https:\/\/theplayoffs.news\/fr\/actualite-nba\/all-nba-teams-les-principaux-absents\/\",\"url\":\"https:\/\/theplayoffs.news\/fr\/actualite-nba\/all-nba-teams-les-principaux-absents\/\",\"name\":\"All-NBA Teams : les principaux absents - The Playoffs FR\",\"isPartOf\":{\"@id\":\"https:\/\/theplayoffs.news\/fr\/#website\"},\"primaryImageOfPage\":{\"@id\":\"https:\/\/theplayoffs.news\/fr\/actualite-nba\/all-nba-teams-les-principaux-absents\/#primaryimage\"},\"image\":{\"@id\":\"https:\/\/theplayoffs.news\/fr\/actualite-nba\/all-nba-teams-les-principaux-absents\/#primaryimage\"},\"thumbnailUrl\":\"https:\/\/theplayoffs.news\/fr\/wp-content\/uploads\/2023\/04\/FuDOG3KX0AATQE4-1.jpg\",\"datePublished\":\"2023-05-11T15:44:54+00:00\",\"dateModified\":\"2023-05-11T15:44:55+00:00\",\"author\":{\"@id\":\"https:\/\/theplayoffs.news\/fr\/#\/schema\/person\/efcb1404f7c790a161fdc0aa29e81646\"},\"breadcrumb\":{\"@id\":\"https:\/\/theplayoffs.news\/fr\/actualite-nba\/all-nba-teams-les-principaux-absents\/#breadcrumb\"},\"inLanguage\":\"fr-FR\",\"potentialAction\":[{\"@type\":\"ReadAction\",\"target\":[\"https:\/\/theplayoffs.news\/fr\/actualite-nba\/all-nba-teams-les-principaux-absents\/\"]}]},{\"@type\":\"ImageObject\",\"inLanguage\":\"fr-FR\",\"@id\":\"https:\/\/theplayoffs.news\/fr\/actualite-nba\/all-nba-teams-les-principaux-absents\/#primaryimage\",\"url\":\"https:\/\/theplayoffs.news\/fr\/wp-content\/uploads\/2023\/04\/FuDOG3KX0AATQE4-1.jpg\",\"contentUrl\":\"https:\/\/theplayoffs.news\/fr\/wp-content\/uploads\/2023\/04\/FuDOG3KX0AATQE4-1.jpg\",\"width\":680,\"height\":454,\"caption\":\"all-nba teams phoenix suns\"},{\"@type\":\"BreadcrumbList\",\"@id\":\"https:\/\/theplayoffs.news\/fr\/actualite-nba\/all-nba-teams-les-principaux-absents\/#breadcrumb\",\"itemListElement\":[{\"@type\":\"ListItem\",\"position\":1,\"name\":\"Accueil\",\"item\":\"https:\/\/theplayoffs.news\/fr\/\"},{\"@type\":\"ListItem\",\"position\":2,\"name\":\"All-NBA Teams : les principaux absents\"}]},{\"@type\":\"WebSite\",\"@id\":\"https:\/\/theplayoffs.news\/fr\/#website\",\"url\":\"https:\/\/theplayoffs.news\/fr\/\",\"name\":\"The Playoffs FR\",\"description\":\"NBA-NFL-NHL-MLB\",\"potentialAction\":[{\"@type\":\"SearchAction\",\"target\":{\"@type\":\"EntryPoint\",\"urlTemplate\":\"https:\/\/theplayoffs.news\/fr\/?s={search_term_string}\"},\"query-input\":{\"@type\":\"PropertyValueSpecification\",\"valueRequired\":true,\"valueName\":\"search_term_string\"}}],\"inLanguage\":\"fr-FR\"},{\"@type\":\"Person\",\"@id\":\"https:\/\/theplayoffs.news\/fr\/#\/schema\/person\/efcb1404f7c790a161fdc0aa29e81646\",\"name\":\"Evan Glomot\",\"image\":{\"@type\":\"ImageObject\",\"inLanguage\":\"fr-FR\",\"@id\":\"https:\/\/theplayoffs.news\/fr\/#\/schema\/person\/image\/\",\"url\":\"https:\/\/secure.gravatar.com\/avatar\/93e18dce985a4dfed140ef5ef5ecc82be40a165cbb4838e421f46abb52b7c315?s=96&d=mm&r=g\",\"contentUrl\":\"https:\/\/secure.gravatar.com\/avatar\/93e18dce985a4dfed140ef5ef5ecc82be40a165cbb4838e421f46abb52b7c315?s=96&d=mm&r=g\",\"caption\":\"Evan Glomot\"},\"url\":\"https:\/\/theplayoffs.news\/fr\/author\/evanglomotgmail-com\/\"}]}<\/script>\n<!-- \/ Yoast SEO plugin. -->","yoast_head_json":{"title":"All-NBA Teams : les principaux absents - The Playoffs FR","robots":{"index":"index","follow":"follow","max-snippet":"max-snippet:-1","max-image-preview":"max-image-preview:large","max-video-preview":"max-video-preview:-1"},"canonical":"https:\/\/theplayoffs.news\/fr\/actualite-nba\/all-nba-teams-les-principaux-absents\/","og_locale":"fr_FR","og_type":"article","og_title":"All-NBA Teams : les principaux absents - The Playoffs FR","og_url":"https:\/\/theplayoffs.news\/fr\/actualite-nba\/all-nba-teams-les-principaux-absents\/","og_site_name":"The Playoffs FR","article_publisher":"https:\/\/www.facebook.com\/TheFreeAgentFR\/","article_modified_time":"2023-05-11T15:44:55+00:00","og_image":[{"width":680,"height":454,"url":"https:\/\/theplayoffs.news\/fr\/wp-content\/uploads\/2023\/04\/FuDOG3KX0AATQE4-1.jpg","type":"image\/jpeg"}],"author":"Evan Glomot","twitter_card":"summary_large_image","twitter_creator":"@TheFreeAgentFR","twitter_site":"@TheFreeAgentFR","twitter_misc":{"\u00c9crit par":"Evan Glomot","Dur\u00e9e de lecture estim\u00e9e":"3 minutes"},"schema":{"@context":"https:\/\/schema.org","@graph":[{"@type":"WebPage","@id":"https:\/\/theplayoffs.news\/fr\/actualite-nba\/all-nba-teams-les-principaux-absents\/","url":"https:\/\/theplayoffs.news\/fr\/actualite-nba\/all-nba-teams-les-principaux-absents\/","name":"All-NBA Teams : les principaux absents - The Playoffs FR","isPartOf":{"@id":"https:\/\/theplayoffs.news\/fr\/#website"},"primaryImageOfPage":{"@id":"https:\/\/theplayoffs.news\/fr\/actualite-nba\/all-nba-teams-les-principaux-absents\/#primaryimage"},"image":{"@id":"https:\/\/theplayoffs.news\/fr\/actualite-nba\/all-nba-teams-les-principaux-absents\/#primaryimage"},"thumbnailUrl":"https:\/\/theplayoffs.news\/fr\/wp-content\/uploads\/2023\/04\/FuDOG3KX0AATQE4-1.jpg","datePublished":"2023-05-11T15:44:54+00:00","dateModified":"2023-05-11T15:44:55+00:00","author":{"@id":"https:\/\/theplayoffs.news\/fr\/#\/schema\/person\/efcb1404f7c790a161fdc0aa29e81646"},"breadcrumb":{"@id":"https:\/\/theplayoffs.news\/fr\/actualite-nba\/all-nba-teams-les-principaux-absents\/#breadcrumb"},"inLanguage":"fr-FR","potentialAction":[{"@type":"ReadAction","target":["https:\/\/theplayoffs.news\/fr\/actualite-nba\/all-nba-teams-les-principaux-absents\/"]}]},{"@type":"ImageObject","inLanguage":"fr-FR","@id":"https:\/\/theplayoffs.news\/fr\/actualite-nba\/all-nba-teams-les-principaux-absents\/#primaryimage","url":"https:\/\/theplayoffs.news\/fr\/wp-content\/uploads\/2023\/04\/FuDOG3KX0AATQE4-1.jpg","contentUrl":"https:\/\/theplayoffs.news\/fr\/wp-content\/uploads\/2023\/04\/FuDOG3KX0AATQE4-1.jpg","width":680,"height":454,"caption":"all-nba teams phoenix suns"},{"@type":"BreadcrumbList","@id":"https:\/\/theplayoffs.news\/fr\/actualite-nba\/all-nba-teams-les-principaux-absents\/#breadcrumb","itemListElement":[{"@type":"ListItem","position":1,"name":"Accueil","item":"https:\/\/theplayoffs.news\/fr\/"},{"@type":"ListItem","position":2,"name":"All-NBA Teams : les principaux absents"}]},{"@type":"WebSite","@id":"https:\/\/theplayoffs.news\/fr\/#website","url":"https:\/\/theplayoffs.news\/fr\/","name":"The Playoffs FR","description":"NBA-NFL-NHL-MLB","potentialAction":[{"@type":"SearchAction","target":{"@type":"EntryPoint","urlTemplate":"https:\/\/theplayoffs.news\/fr\/?s={search_term_string}"},"query-input":{"@type":"PropertyValueSpecification","valueRequired":true,"valueName":"search_term_string"}}],"inLanguage":"fr-FR"},{"@type":"Person","@id":"https:\/\/theplayoffs.news\/fr\/#\/schema\/person\/efcb1404f7c790a161fdc0aa29e81646","name":"Evan Glomot","image":{"@type":"ImageObject","inLanguage":"fr-FR","@id":"https:\/\/theplayoffs.news\/fr\/#\/schema\/person\/image\/","url":"https:\/\/secure.gravatar.com\/avatar\/93e18dce985a4dfed140ef5ef5ecc82be40a165cbb4838e421f46abb52b7c315?s=96&d=mm&r=g","contentUrl":"https:\/\/secure.gravatar.com\/avatar\/93e18dce985a4dfed140ef5ef5ecc82be40a165cbb4838e421f46abb52b7c315?s=96&d=mm&r=g","caption":"Evan Glomot"},"url":"https:\/\/theplayoffs.news\/fr\/author\/evanglomotgmail-com\/"}]}},"_links":{"self":[{"href":"https:\/\/theplayoffs.news\/fr\/wp-json\/wp\/v2\/posts\/589222","targetHints":{"allow":["GET"]}}],"collection":[{"href":"https:\/\/theplayoffs.news\/fr\/wp-json\/wp\/v2\/posts"}],"about":[{"href":"https:\/\/theplayoffs.news\/fr\/wp-json\/wp\/v2\/types\/post"}],"author":[{"embeddable":true,"href":"https:\/\/theplayoffs.news\/fr\/wp-json\/wp\/v2\/users\/180310144"}],"replies":[{"embeddable":true,"href":"https:\/\/theplayoffs.news\/fr\/wp-json\/wp\/v2\/comments?post=589222"}],"version-history":[{"count":3,"href":"https:\/\/theplayoffs.news\/fr\/wp-json\/wp\/v2\/posts\/589222\/revisions"}],"predecessor-version":[{"id":592502,"href":"https:\/\/theplayoffs.news\/fr\/wp-json\/wp\/v2\/posts\/589222\/revisions\/592502"}],"wp:featuredmedia":[{"embeddable":true,"href":"https:\/\/theplayoffs.news\/fr\/wp-json\/wp\/v2\/media\/583587"}],"wp:attachment":[{"href":"https:\/\/theplayoffs.news\/fr\/wp-json\/wp\/v2\/media?parent=589222"}],"wp:term":[{"taxonomy":"category","embeddable":true,"href":"https:\/\/theplayoffs.news\/fr\/wp-json\/wp\/v2\/categories?post=589222"},{"taxonomy":"post_tag","embeddable":true,"href":"https:\/\/theplayoffs.news\/fr\/wp-json\/wp\/v2\/tags?post=589222"},{"taxonomy":"sport","embeddable":true,"href":"https:\/\/theplayoffs.news\/fr\/wp-json\/wp\/v2\/sport?post=589222"},{"taxonomy":"saison","embeddable":true,"href":"https:\/\/theplayoffs.news\/fr\/wp-json\/wp\/v2\/saison?post=589222"}],"curies":[{"name":"wp","href":"https:\/\/api.w.org\/{rel}","templated":true}]}}