{"id":588958,"date":"2023-05-10T17:48:50","date_gmt":"2023-05-10T15:48:50","guid":{"rendered":"https:\/\/theplayoffs.news\/fr\/?p=588958"},"modified":"2023-05-10T17:52:05","modified_gmt":"2023-05-10T15:52:05","slug":"avenir-austin-ekeler-chargers-statu-quo","status":"publish","type":"post","link":"https:\/\/theplayoffs.news\/fr\/actualite-nfl\/avenir-austin-ekeler-chargers-statu-quo\/","title":{"rendered":"L&rsquo;avenir d&rsquo;Austin Ekeler avec les Chargers\u00a0: un statu quo d&rsquo;incertitude et de patience"},"content":{"rendered":"<h2>Alors que nous entrons dans la phase post-draft de la saison NFL, la situation entourant le running back des Chargers de Los Angeles Austin Ekeler reste inchang&eacute;e.<\/h2><p>Bien qu&rsquo;il ait re&ccedil;u l&rsquo;autorisation de l&rsquo;&eacute;quipe d&rsquo;explorer les opportunit&eacute;s commerciales potentielles en mars, Austin Ekeler se retrouve dans un &eacute;tat d&rsquo;incertitude, sans aucune mise &agrave; jour imminente de trade ou de contrat &agrave; l&rsquo;horizon.<\/p><p>Le directeur g&eacute;n&eacute;ral des Chargers, Tom Telesco, interrog&eacute; sur le statut d&rsquo;Ekeler lors d&rsquo;une interview sur <a href=\"https:\/\/www.youtube.com\/watch?v=KIbNcJO2lgQ\" class=\"trk-cta-link\" data-cta-trk='{\"ctaType\":\"Link\",\"ctaSubType\":\"main\"}'>The Rich Eisen Show<\/a>, a confirm&eacute; la situation stagnante en d&eacute;clarant: &laquo;Rien n&rsquo;a chang&eacute;. Sa situation est unique.&nbsp;&raquo;<\/p><p>Les Chargers n&rsquo;avaient aucune intention initiale d&rsquo;&eacute;changer <a href=\"https:\/\/theplayoffs.news\/fr\/joueur\/austin-ekeler-nfl-6136534\/\" class=\"trk-cta-link\" data-cta-trk='{\"ctaType\":\"Link\",\"ctaSubType\":\"main\"}'><strong>Austin Ekeler<\/strong><\/a>, mais Telesco a compris sa situation difficile et a permis au porteur de ballon la libert&eacute; d&rsquo;explorer des opportunit&eacute;s externes.<\/p><p>Telesco a poursuivi en disant qu &lsquo;&nbsp;&raquo;il y a certainement un moment dans la carri&egrave;re de chacun o&ugrave; vous sentez que vous n&rsquo;&ecirc;tes pas r&eacute;mun&eacute;r&eacute; de mani&egrave;re appropri&eacute;e&nbsp;&raquo;. Il a rappel&eacute; sa propre exp&eacute;rience avec les Colts d&rsquo;Indianapolis, o&ugrave; il se sentait sous-pay&eacute;, et a not&eacute; la complexit&eacute; de la d&eacute;termination des salaires dans la NFL.<\/p><p>Bien que ces mots puissent apporter un certain r&eacute;confort &agrave; Ekeler, ils soulignent &eacute;galement la dure r&eacute;alit&eacute; d&rsquo;une NFL ax&eacute;e sur les affaires, o&ugrave; l&rsquo;&eacute;valuation des joueurs n&rsquo;&eacute;quivaut souvent pas &agrave; la performance personnelle ou &agrave; l&rsquo;estime de soi.<\/p><p>Entamant sa septi&egrave;me saison dans la NFL, Austin Ekeler est dans une position pr&eacute;caire. Les running back, connus pour leur courte dur&eacute;e de carri&egrave;re, visent g&eacute;n&eacute;ralement &agrave; obtenir des contrats substantiels pendant leurs ann&eacute;es de pic. En l&rsquo;absence de progr&egrave;s sur un &eacute;change ou sur un nouveau contrat, Austin Ekeler pourrait faire face &agrave; une autre saison sans la s&eacute;curit&eacute; financi&egrave;re qu&rsquo;il recherche.<\/p><p>Les Chargers, malgr&eacute; leur reconnaissance publique de la situation unique d&rsquo;Ekeler, n&rsquo;ont pas montr&eacute; d&rsquo;urgence &agrave; proposer un nouveau contrat. Cela pourrait &ecirc;tre d&ucirc; &agrave; une vari&eacute;t&eacute; de facteurs, y compris des contraintes de plafond salarial, des doutes potentiels sur la durabilit&eacute; &agrave; long terme d&rsquo;Ekeler ou simplement une d&eacute;cision strat&eacute;gique de n&eacute;gocier un meilleur accord plus tard.<\/p><p>Bien que la situation de Austin Ekeler puisse sembler intimidante, elle n&rsquo;est pas enti&egrave;rement sombre. Il reste l&rsquo;un des running back les plus polyvalents de la NFL, combinant &agrave; la fois puissance et agilit&eacute; dans sa course, et faisant preuve de capacit&eacute;s de r&eacute;ception exceptionnelles. Ces attributs font sans aucun doute de lui un atout pr&eacute;cieux pour toute &eacute;quipe.<\/p>\n","protected":false},"excerpt":{"rendered":"","protected":false},"author":13,"featured_media":588962,"comment_status":"open","ping_status":"closed","sticky":false,"template":"","format":"standard","meta":{"inline_featured_image":false,"kia_subtitle":"","_mux_skip_reasons":[],"proofreadBy":0,"footnotes":""},"categories":[118,40],"tags":[2836,759],"sport":[],"saison":[],"class_list":["post-588958","post","type-post","status-publish","format-standard","has-post-thumbnail","hentry","category-actualite-nfl","category-nfl","tag-austin-ekeler","tag-los-angeles-chargers"],"acf":[],"yoast_head":"<!-- This site is optimized with the Yoast SEO plugin v24.2 - https:\/\/yoast.com\/wordpress\/plugins\/seo\/ -->\n<title>L&#039;avenir d&#039;Austin Ekeler avec les Chargers&nbsp;: un statu quo d&#039;incertitude et de patience - The Playoffs FR<\/title>\n<meta name=\"robots\" content=\"index, follow, max-snippet:-1, max-image-preview:large, max-video-preview:-1\" \/>\n<link rel=\"canonical\" href=\"https:\/\/theplayoffs.news\/fr\/actualite-nfl\/avenir-austin-ekeler-chargers-statu-quo\/\" \/>\n<meta property=\"og:locale\" content=\"fr_FR\" \/>\n<meta property=\"og:type\" content=\"article\" \/>\n<meta property=\"og:title\" content=\"L&#039;avenir d&#039;Austin Ekeler avec les Chargers&nbsp;: un statu quo d&#039;incertitude et de patience - The Playoffs FR\" \/>\n<meta property=\"og:url\" content=\"https:\/\/theplayoffs.news\/fr\/actualite-nfl\/avenir-austin-ekeler-chargers-statu-quo\/\" \/>\n<meta property=\"og:site_name\" content=\"The Playoffs FR\" \/>\n<meta property=\"article:publisher\" content=\"https:\/\/www.facebook.com\/TheFreeAgentFR\/\" \/>\n<meta property=\"article:modified_time\" content=\"2023-05-10T17:52:05+02:00\" \/>\n<meta property=\"og:image\" content=\"https:\/\/theplayoffs.news\/fr\/wp-content\/uploads\/2023\/05\/tinywow_getty-austin-ekeler_22889313.jpg\" \/>\n\t<meta property=\"og:image:width\" content=\"1200\" \/>\n\t<meta property=\"og:image:height\" content=\"675\" \/>\n\t<meta property=\"og:image:type\" content=\"image\/jpeg\" \/>\n<meta name=\"author\" content=\"Charles Taudin\" \/>\n<meta name=\"twitter:card\" content=\"summary_large_image\" \/>\n<meta name=\"twitter:creator\" content=\"@TheFreeAgentFR\" \/>\n<meta name=\"twitter:site\" content=\"@TheFreeAgentFR\" \/>\n<meta name=\"twitter:label1\" content=\"\u00c9crit par\" \/>\n\t<meta name=\"twitter:data1\" content=\"Charles Taudin\" \/>\n\t<meta name=\"twitter:label2\" content=\"Dur\u00e9e de lecture estim\u00e9e\" \/>\n\t<meta name=\"twitter:data2\" content=\"2 minutes\" \/>\n<script type=\"application\/ld+json\" class=\"yoast-schema-graph\">{\"@context\":\"https:\/\/schema.org\",\"@graph\":[{\"@type\":\"WebPage\",\"@id\":\"https:\/\/theplayoffs.news\/fr\/actualite-nfl\/avenir-austin-ekeler-chargers-statu-quo\/\",\"url\":\"https:\/\/theplayoffs.news\/fr\/actualite-nfl\/avenir-austin-ekeler-chargers-statu-quo\/\",\"name\":\"L\\\\'avenir d\\\\'Austin Ekeler avec les Chargers\u00a0: un statu quo d\\\\'incertitude et de patience - The Playoffs FR\",\"isPartOf\":{\"@id\":\"https:\/\/theplayoffs.news\/fr\/#website\"},\"primaryImageOfPage\":{\"@id\":\"https:\/\/theplayoffs.news\/fr\/actualite-nfl\/avenir-austin-ekeler-chargers-statu-quo\/#primaryimage\"},\"image\":{\"@id\":\"https:\/\/theplayoffs.news\/fr\/actualite-nfl\/avenir-austin-ekeler-chargers-statu-quo\/#primaryimage\"},\"thumbnailUrl\":\"https:\/\/theplayoffs.news\/fr\/wp-content\/uploads\/2023\/05\/tinywow_getty-austin-ekeler_22889313.jpg\",\"datePublished\":\"2023-05-10T15:48:50+00:00\",\"dateModified\":\"2023-05-10T15:52:05+00:00\",\"author\":{\"@id\":\"https:\/\/theplayoffs.news\/fr\/#\/schema\/person\/eee5b69ad5d3c51cabe881c839dbe133\"},\"breadcrumb\":{\"@id\":\"https:\/\/theplayoffs.news\/fr\/actualite-nfl\/avenir-austin-ekeler-chargers-statu-quo\/#breadcrumb\"},\"inLanguage\":\"fr-FR\",\"potentialAction\":[{\"@type\":\"ReadAction\",\"target\":[\"https:\/\/theplayoffs.news\/fr\/actualite-nfl\/avenir-austin-ekeler-chargers-statu-quo\/\"]}]},{\"@type\":\"ImageObject\",\"inLanguage\":\"fr-FR\",\"@id\":\"https:\/\/theplayoffs.news\/fr\/actualite-nfl\/avenir-austin-ekeler-chargers-statu-quo\/#primaryimage\",\"url\":\"https:\/\/theplayoffs.news\/fr\/wp-content\/uploads\/2023\/05\/tinywow_getty-austin-ekeler_22889313.jpg\",\"contentUrl\":\"https:\/\/theplayoffs.news\/fr\/wp-content\/uploads\/2023\/05\/tinywow_getty-austin-ekeler_22889313.jpg\",\"width\":1200,\"height\":675,\"caption\":\"Austin Ekeler\"},{\"@type\":\"BreadcrumbList\",\"@id\":\"https:\/\/theplayoffs.news\/fr\/actualite-nfl\/avenir-austin-ekeler-chargers-statu-quo\/#breadcrumb\",\"itemListElement\":[{\"@type\":\"ListItem\",\"position\":1,\"name\":\"Accueil\",\"item\":\"https:\/\/theplayoffs.news\/fr\/\"},{\"@type\":\"ListItem\",\"position\":2,\"name\":\"L&rsquo;avenir d&rsquo;Austin Ekeler avec les Chargers\u00a0: un statu quo d&rsquo;incertitude et de patience\"}]},{\"@type\":\"WebSite\",\"@id\":\"https:\/\/theplayoffs.news\/fr\/#website\",\"url\":\"https:\/\/theplayoffs.news\/fr\/\",\"name\":\"The Playoffs FR\",\"description\":\"NBA-NFL-NHL-MLB\",\"potentialAction\":[{\"@type\":\"SearchAction\",\"target\":{\"@type\":\"EntryPoint\",\"urlTemplate\":\"https:\/\/theplayoffs.news\/fr\/?s={search_term_string}\"},\"query-input\":{\"@type\":\"PropertyValueSpecification\",\"valueRequired\":true,\"valueName\":\"search_term_string\"}}],\"inLanguage\":\"fr-FR\"},{\"@type\":\"Person\",\"@id\":\"https:\/\/theplayoffs.news\/fr\/#\/schema\/person\/eee5b69ad5d3c51cabe881c839dbe133\",\"name\":\"Charles Taudin\",\"image\":{\"@type\":\"ImageObject\",\"inLanguage\":\"fr-FR\",\"@id\":\"https:\/\/theplayoffs.news\/fr\/#\/schema\/person\/image\/\",\"url\":\"https:\/\/secure.gravatar.com\/avatar\/59a1e772205ce9fd255edfcafc93013736822e20261f294c5753b20c41ede9f2?s=96&d=mm&r=g\",\"contentUrl\":\"https:\/\/secure.gravatar.com\/avatar\/59a1e772205ce9fd255edfcafc93013736822e20261f294c5753b20c41ede9f2?s=96&d=mm&r=g\",\"caption\":\"Charles Taudin\"},\"description\":\"R\u00e9dacteur en chef global de The Playoffs, j\u2019ai cr\u00e9\u00e9 The Free Agent, devenu The Playoffs FR, en 2020 durant la pand\u00e9mie. Amoureux depuis des ann\u00e9es des 4 sports majeurs am\u00e9ricains, j\u2019organise maintenant la strat\u00e9gie \u00e9ditoriale et les r\u00e9seaux sociaux de l\u2019ensemble des versions de The Playoffs. Il m\u2019arrive encore d\u2019\u00e9crire sur certains sports que j\u2019affectionne particuli\u00e8rement comme la NFL ou la MLB. Si vous devez retenir qu\u2019une chose : Eli Manning est le vrai GOAT pour avoir battu deux fois Tom Brady.\",\"sameAs\":[\"https:\/\/www.instagram.com\/ctaudin_\/\"],\"url\":\"https:\/\/theplayoffs.news\/fr\/author\/charles-taudin\/\"}]}<\/script>\n<!-- \/ Yoast SEO plugin. -->","yoast_head_json":{"title":"L&#039;avenir d&#039;Austin Ekeler avec les Chargers&nbsp;: un statu quo d&#039;incertitude et de patience - The Playoffs FR","robots":{"index":"index","follow":"follow","max-snippet":"max-snippet:-1","max-image-preview":"max-image-preview:large","max-video-preview":"max-video-preview:-1"},"canonical":"https:\/\/theplayoffs.news\/fr\/actualite-nfl\/avenir-austin-ekeler-chargers-statu-quo\/","og_locale":"fr_FR","og_type":"article","og_title":"L&#039;avenir d&#039;Austin Ekeler avec les Chargers&nbsp;: un statu quo d&#039;incertitude et de patience - The Playoffs FR","og_url":"https:\/\/theplayoffs.news\/fr\/actualite-nfl\/avenir-austin-ekeler-chargers-statu-quo\/","og_site_name":"The Playoffs FR","article_publisher":"https:\/\/www.facebook.com\/TheFreeAgentFR\/","article_modified_time":"2023-05-10T15:52:05+00:00","og_image":[{"width":1200,"height":675,"url":"https:\/\/theplayoffs.news\/fr\/wp-content\/uploads\/2023\/05\/tinywow_getty-austin-ekeler_22889313.jpg","type":"image\/jpeg"}],"author":"Charles Taudin","twitter_card":"summary_large_image","twitter_creator":"@TheFreeAgentFR","twitter_site":"@TheFreeAgentFR","twitter_misc":{"\u00c9crit par":"Charles Taudin","Dur\u00e9e de lecture estim\u00e9e":"2 minutes"},"schema":{"@context":"https:\/\/schema.org","@graph":[{"@type":"WebPage","@id":"https:\/\/theplayoffs.news\/fr\/actualite-nfl\/avenir-austin-ekeler-chargers-statu-quo\/","url":"https:\/\/theplayoffs.news\/fr\/actualite-nfl\/avenir-austin-ekeler-chargers-statu-quo\/","name":"L\\'avenir d\\'Austin Ekeler avec les Chargers\u00a0: un statu quo d\\'incertitude et de patience - The Playoffs FR","isPartOf":{"@id":"https:\/\/theplayoffs.news\/fr\/#website"},"primaryImageOfPage":{"@id":"https:\/\/theplayoffs.news\/fr\/actualite-nfl\/avenir-austin-ekeler-chargers-statu-quo\/#primaryimage"},"image":{"@id":"https:\/\/theplayoffs.news\/fr\/actualite-nfl\/avenir-austin-ekeler-chargers-statu-quo\/#primaryimage"},"thumbnailUrl":"https:\/\/theplayoffs.news\/fr\/wp-content\/uploads\/2023\/05\/tinywow_getty-austin-ekeler_22889313.jpg","datePublished":"2023-05-10T15:48:50+00:00","dateModified":"2023-05-10T15:52:05+00:00","author":{"@id":"https:\/\/theplayoffs.news\/fr\/#\/schema\/person\/eee5b69ad5d3c51cabe881c839dbe133"},"breadcrumb":{"@id":"https:\/\/theplayoffs.news\/fr\/actualite-nfl\/avenir-austin-ekeler-chargers-statu-quo\/#breadcrumb"},"inLanguage":"fr-FR","potentialAction":[{"@type":"ReadAction","target":["https:\/\/theplayoffs.news\/fr\/actualite-nfl\/avenir-austin-ekeler-chargers-statu-quo\/"]}]},{"@type":"ImageObject","inLanguage":"fr-FR","@id":"https:\/\/theplayoffs.news\/fr\/actualite-nfl\/avenir-austin-ekeler-chargers-statu-quo\/#primaryimage","url":"https:\/\/theplayoffs.news\/fr\/wp-content\/uploads\/2023\/05\/tinywow_getty-austin-ekeler_22889313.jpg","contentUrl":"https:\/\/theplayoffs.news\/fr\/wp-content\/uploads\/2023\/05\/tinywow_getty-austin-ekeler_22889313.jpg","width":1200,"height":675,"caption":"Austin Ekeler"},{"@type":"BreadcrumbList","@id":"https:\/\/theplayoffs.news\/fr\/actualite-nfl\/avenir-austin-ekeler-chargers-statu-quo\/#breadcrumb","itemListElement":[{"@type":"ListItem","position":1,"name":"Accueil","item":"https:\/\/theplayoffs.news\/fr\/"},{"@type":"ListItem","position":2,"name":"L&rsquo;avenir d&rsquo;Austin Ekeler avec les Chargers\u00a0: un statu quo d&rsquo;incertitude et de patience"}]},{"@type":"WebSite","@id":"https:\/\/theplayoffs.news\/fr\/#website","url":"https:\/\/theplayoffs.news\/fr\/","name":"The Playoffs FR","description":"NBA-NFL-NHL-MLB","potentialAction":[{"@type":"SearchAction","target":{"@type":"EntryPoint","urlTemplate":"https:\/\/theplayoffs.news\/fr\/?s={search_term_string}"},"query-input":{"@type":"PropertyValueSpecification","valueRequired":true,"valueName":"search_term_string"}}],"inLanguage":"fr-FR"},{"@type":"Person","@id":"https:\/\/theplayoffs.news\/fr\/#\/schema\/person\/eee5b69ad5d3c51cabe881c839dbe133","name":"Charles Taudin","image":{"@type":"ImageObject","inLanguage":"fr-FR","@id":"https:\/\/theplayoffs.news\/fr\/#\/schema\/person\/image\/","url":"https:\/\/secure.gravatar.com\/avatar\/59a1e772205ce9fd255edfcafc93013736822e20261f294c5753b20c41ede9f2?s=96&d=mm&r=g","contentUrl":"https:\/\/secure.gravatar.com\/avatar\/59a1e772205ce9fd255edfcafc93013736822e20261f294c5753b20c41ede9f2?s=96&d=mm&r=g","caption":"Charles Taudin"},"description":"R\u00e9dacteur en chef global de The Playoffs, j\u2019ai cr\u00e9\u00e9 The Free Agent, devenu The Playoffs FR, en 2020 durant la pand\u00e9mie. Amoureux depuis des ann\u00e9es des 4 sports majeurs am\u00e9ricains, j\u2019organise maintenant la strat\u00e9gie \u00e9ditoriale et les r\u00e9seaux sociaux de l\u2019ensemble des versions de The Playoffs. Il m\u2019arrive encore d\u2019\u00e9crire sur certains sports que j\u2019affectionne particuli\u00e8rement comme la NFL ou la MLB. Si vous devez retenir qu\u2019une chose : Eli Manning est le vrai GOAT pour avoir battu deux fois Tom Brady.","sameAs":["https:\/\/www.instagram.com\/ctaudin_\/"],"url":"https:\/\/theplayoffs.news\/fr\/author\/charles-taudin\/"}]}},"_links":{"self":[{"href":"https:\/\/theplayoffs.news\/fr\/wp-json\/wp\/v2\/posts\/588958","targetHints":{"allow":["GET"]}}],"collection":[{"href":"https:\/\/theplayoffs.news\/fr\/wp-json\/wp\/v2\/posts"}],"about":[{"href":"https:\/\/theplayoffs.news\/fr\/wp-json\/wp\/v2\/types\/post"}],"author":[{"embeddable":true,"href":"https:\/\/theplayoffs.news\/fr\/wp-json\/wp\/v2\/users\/13"}],"replies":[{"embeddable":true,"href":"https:\/\/theplayoffs.news\/fr\/wp-json\/wp\/v2\/comments?post=588958"}],"version-history":[{"count":2,"href":"https:\/\/theplayoffs.news\/fr\/wp-json\/wp\/v2\/posts\/588958\/revisions"}],"predecessor-version":[{"id":588964,"href":"https:\/\/theplayoffs.news\/fr\/wp-json\/wp\/v2\/posts\/588958\/revisions\/588964"}],"wp:featuredmedia":[{"embeddable":true,"href":"https:\/\/theplayoffs.news\/fr\/wp-json\/wp\/v2\/media\/588962"}],"wp:attachment":[{"href":"https:\/\/theplayoffs.news\/fr\/wp-json\/wp\/v2\/media?parent=588958"}],"wp:term":[{"taxonomy":"category","embeddable":true,"href":"https:\/\/theplayoffs.news\/fr\/wp-json\/wp\/v2\/categories?post=588958"},{"taxonomy":"post_tag","embeddable":true,"href":"https:\/\/theplayoffs.news\/fr\/wp-json\/wp\/v2\/tags?post=588958"},{"taxonomy":"sport","embeddable":true,"href":"https:\/\/theplayoffs.news\/fr\/wp-json\/wp\/v2\/sport?post=588958"},{"taxonomy":"saison","embeddable":true,"href":"https:\/\/theplayoffs.news\/fr\/wp-json\/wp\/v2\/saison?post=588958"}],"curies":[{"name":"wp","href":"https:\/\/api.w.org\/{rel}","templated":true}]}}