{"id":588936,"date":"2023-05-10T15:52:00","date_gmt":"2023-05-10T13:52:00","guid":{"rendered":"https:\/\/theplayoffs.news\/fr\/?p=588936"},"modified":"2023-05-10T15:52:01","modified_gmt":"2023-05-10T13:52:01","slug":"giannis-absent-all-defensive-team","status":"publish","type":"post","link":"https:\/\/theplayoffs.news\/fr\/actualite-nba\/giannis-absent-all-defensive-team\/","title":{"rendered":"Giannis absent des all-defensive team\u00a0: \u00ab\u00a0Je suis fatigu\u00e9 de cet irrespect\u00a0\u00bb"},"content":{"rendered":"<h2>Apr&egrave;s l&rsquo;&eacute;limination face au Heat et le d&eacute;part de Mike Budenholzer, les mauvaises nouvelles s&rsquo;encha&icirc;nent pour les Bucks avec l&rsquo;absence de Giannis Antetokounmpo des all-defensive team. Un &laquo;&nbsp;manque de respect&nbsp;&raquo; selon le joueur.<\/h2><p>&nbsp;<\/p><blockquote class=\"twitter-tweet\" data-width=\"500\" data-dnt=\"true\">\n<p lang=\"en\" dir=\"ltr\">I&rsquo;m tired of the disrespect. I&rsquo;m coming. <a href=\"https:\/\/t.co\/eMRPb6kbLJ\" class=\"trk-cta-link\" data-cta-trk='{\"ctaType\":\"Link\",\"ctaSubType\":\"main\"}'>pic.twitter.com\/eMRPb6kbLJ<\/a><\/p>\n<p>&mdash; Giannis Antetokounmpo (@Giannis_An34) <a href=\"https:\/\/twitter.com\/Giannis_An34\/status\/1656031986731941889?ref_src=twsrc%5Etfw\" class=\"trk-cta-link\" data-cta-trk='{\"ctaType\":\"Link\",\"ctaSubType\":\"main\"}'>May 9, 2023<\/a><\/p><\/blockquote><p><script async src=\"https:\/\/platform.twitter.com\/widgets.js\" charset=\"utf-8\"><\/script><\/p><p>&nbsp;<\/p><p>Les votants en voudraient ils &agrave; <a href=\"https:\/\/theplayoffs.news\/fr\/joueur\/giannis-antetokounmpo-milwaukee-bucks-nba\/\" class=\"trk-cta-link\" data-cta-trk='{\"ctaType\":\"Link\",\"ctaSubType\":\"main\"}'>Giannis Antetokounmpo<\/a>&nbsp;? C&rsquo;est ce que le joueur a laiss&eacute; transpara&icirc;tre sur Twitter cette nuit apr&egrave;s l&rsquo;officialisation des all-defensive teams. Class&eacute;es en deux cat&eacute;gories (first et second) elles r&eacute;compenses chaque ann&eacute;e les 10 meilleurs d&eacute;fenseurs de NBA. Malgr&eacute; une nouvelle saison de haut standing en d&eacute;fense, <a href=\"https:\/\/bleacherreport.com\/articles\/10075500-bucks-giannis-says-hes-tired-of-the-disrespect-after-all-defensive-team-snub\" class=\"trk-cta-link\" data-cta-trk='{\"ctaType\":\"Link\",\"ctaSubType\":\"main\"}'>le Greek Freak n&rsquo;a pas &eacute;t&eacute; retenu dans la liste<\/a>.<\/p><p>&nbsp;<\/p><blockquote><p>&laquo;&nbsp;Je suis fatigu&eacute; de cet irrespect. J&rsquo;arrive.&nbsp;&raquo; a post&eacute; Giannis sur Twitter<\/p><\/blockquote><p>&nbsp;<\/p><p>Parmi les dix joueurs on retrouve deux de ses co&eacute;quipiers : Jrue Holiday et Brook Lopez. Les all-defensive teams comptent &agrave; chaque fois deux guards, deux forwards et un pivot. Etant class&eacute; dans les forwards, les votants consid&egrave;rent donc sa saison en dessous de&nbsp; celles de Jaren Jackson Jr., Evan Mobley, OG Anunoby et Draymond Green.<\/p><p>&nbsp;<\/p><blockquote class=\"twitter-tweet\" data-width=\"500\" data-dnt=\"true\">\n<p lang=\"en\" dir=\"ltr\">Voting results for the 2022-23 Kia NBA All-Defensive Team &#11015;&#65039;<\/p>\n<p>Complete voting results available here: <a href=\"https:\/\/t.co\/GC585WosCJ\" class=\"trk-cta-link\" data-cta-trk='{\"ctaType\":\"Link\",\"ctaSubType\":\"main\"}'>https:\/\/t.co\/GC585WosCJ<\/a> <a href=\"https:\/\/t.co\/2arHAPScWx\" class=\"trk-cta-link\" data-cta-trk='{\"ctaType\":\"Link\",\"ctaSubType\":\"main\"}'>pic.twitter.com\/2arHAPScWx<\/a><\/p>\n<p>&mdash; NBA Communications (@NBAPR) <a href=\"https:\/\/twitter.com\/NBAPR\/status\/1655996269074972713?ref_src=twsrc%5Etfw\" class=\"trk-cta-link\" data-cta-trk='{\"ctaType\":\"Link\",\"ctaSubType\":\"main\"}'>May 9, 2023<\/a><\/p><\/blockquote><p><script async src=\"https:\/\/platform.twitter.com\/widgets.js\" charset=\"utf-8\"><\/script><\/p><p>&nbsp;<\/p><p>Le Grec est pour l&rsquo;instant en vacances, on peut imaginer une r&eacute;action d&rsquo;orgueil du joueur d&egrave;s la saison prochaine.<\/p>\n","protected":false},"excerpt":{"rendered":"","protected":false},"author":180310163,"featured_media":588939,"comment_status":"open","ping_status":"closed","sticky":false,"template":"","format":"standard","meta":{"inline_featured_image":false,"kia_subtitle":"","_mux_skip_reasons":[],"proofreadBy":0,"footnotes":""},"categories":[110,10],"tags":[2109,489],"sport":[2783],"saison":[3453],"class_list":["post-588936","post","type-post","status-publish","format-standard","has-post-thumbnail","hentry","category-actualite-nba","category-nba","tag-giannis-antetokounmpo","tag-milwaukee-bucks","sport-nba","saison-3453"],"acf":[],"yoast_head":"<!-- This site is optimized with the Yoast SEO plugin v24.2 - https:\/\/yoast.com\/wordpress\/plugins\/seo\/ -->\n<title>Giannis absent des all-defensive team&nbsp;: &laquo;&nbsp;Je suis fatigu&eacute; de cet irrespect&nbsp;&raquo; - The Playoffs FR<\/title>\n<meta name=\"robots\" content=\"index, follow, max-snippet:-1, max-image-preview:large, max-video-preview:-1\" \/>\n<link rel=\"canonical\" href=\"https:\/\/theplayoffs.news\/fr\/actualite-nba\/giannis-absent-all-defensive-team\/\" \/>\n<meta property=\"og:locale\" content=\"fr_FR\" \/>\n<meta property=\"og:type\" content=\"article\" \/>\n<meta property=\"og:title\" content=\"Giannis absent des all-defensive team&nbsp;: &laquo;&nbsp;Je suis fatigu&eacute; de cet irrespect&nbsp;&raquo; - The Playoffs FR\" \/>\n<meta property=\"og:url\" content=\"https:\/\/theplayoffs.news\/fr\/actualite-nba\/giannis-absent-all-defensive-team\/\" \/>\n<meta property=\"og:site_name\" content=\"The Playoffs FR\" \/>\n<meta property=\"article:publisher\" content=\"https:\/\/www.facebook.com\/TheFreeAgentFR\/\" \/>\n<meta property=\"article:modified_time\" content=\"2023-05-10T15:52:01+02:00\" \/>\n<meta property=\"og:image\" content=\"https:\/\/theplayoffs.news\/fr\/wp-content\/uploads\/2023\/05\/FvtYZ7EXoAAlUYA.jpg\" \/>\n\t<meta property=\"og:image:width\" content=\"625\" \/>\n\t<meta property=\"og:image:height\" content=\"375\" \/>\n\t<meta property=\"og:image:type\" content=\"image\/jpeg\" \/>\n<meta name=\"author\" content=\"Vincent Roume\" \/>\n<meta name=\"twitter:card\" content=\"summary_large_image\" \/>\n<meta name=\"twitter:creator\" content=\"@TheFreeAgentFR\" \/>\n<meta name=\"twitter:site\" content=\"@TheFreeAgentFR\" \/>\n<meta name=\"twitter:label1\" content=\"\u00c9crit par\" \/>\n\t<meta name=\"twitter:data1\" content=\"Vincent Roume\" \/>\n\t<meta name=\"twitter:label2\" content=\"Dur\u00e9e de lecture estim\u00e9e\" \/>\n\t<meta name=\"twitter:data2\" content=\"1 minute\" \/>\n<script type=\"application\/ld+json\" class=\"yoast-schema-graph\">{\"@context\":\"https:\/\/schema.org\",\"@graph\":[{\"@type\":\"WebPage\",\"@id\":\"https:\/\/theplayoffs.news\/fr\/actualite-nba\/giannis-absent-all-defensive-team\/\",\"url\":\"https:\/\/theplayoffs.news\/fr\/actualite-nba\/giannis-absent-all-defensive-team\/\",\"name\":\"Giannis absent des all-defensive team\u00a0: \u00ab\u00a0Je suis fatigu\u00e9 de cet irrespect\u00a0\u00bb - The Playoffs FR\",\"isPartOf\":{\"@id\":\"https:\/\/theplayoffs.news\/fr\/#website\"},\"primaryImageOfPage\":{\"@id\":\"https:\/\/theplayoffs.news\/fr\/actualite-nba\/giannis-absent-all-defensive-team\/#primaryimage\"},\"image\":{\"@id\":\"https:\/\/theplayoffs.news\/fr\/actualite-nba\/giannis-absent-all-defensive-team\/#primaryimage\"},\"thumbnailUrl\":\"https:\/\/theplayoffs.news\/fr\/wp-content\/uploads\/2023\/05\/FvtYZ7EXoAAlUYA.jpg\",\"datePublished\":\"2023-05-10T13:52:00+00:00\",\"dateModified\":\"2023-05-10T13:52:01+00:00\",\"author\":{\"@id\":\"https:\/\/theplayoffs.news\/fr\/#\/schema\/person\/e1eb37e783b47f37f6df5a709b09eae2\"},\"breadcrumb\":{\"@id\":\"https:\/\/theplayoffs.news\/fr\/actualite-nba\/giannis-absent-all-defensive-team\/#breadcrumb\"},\"inLanguage\":\"fr-FR\",\"potentialAction\":[{\"@type\":\"ReadAction\",\"target\":[\"https:\/\/theplayoffs.news\/fr\/actualite-nba\/giannis-absent-all-defensive-team\/\"]}]},{\"@type\":\"ImageObject\",\"inLanguage\":\"fr-FR\",\"@id\":\"https:\/\/theplayoffs.news\/fr\/actualite-nba\/giannis-absent-all-defensive-team\/#primaryimage\",\"url\":\"https:\/\/theplayoffs.news\/fr\/wp-content\/uploads\/2023\/05\/FvtYZ7EXoAAlUYA.jpg\",\"contentUrl\":\"https:\/\/theplayoffs.news\/fr\/wp-content\/uploads\/2023\/05\/FvtYZ7EXoAAlUYA.jpg\",\"width\":625,\"height\":375,\"caption\":\"Giannis Antetokounmpo, Milwaukee Bucks\"},{\"@type\":\"BreadcrumbList\",\"@id\":\"https:\/\/theplayoffs.news\/fr\/actualite-nba\/giannis-absent-all-defensive-team\/#breadcrumb\",\"itemListElement\":[{\"@type\":\"ListItem\",\"position\":1,\"name\":\"Accueil\",\"item\":\"https:\/\/theplayoffs.news\/fr\/\"},{\"@type\":\"ListItem\",\"position\":2,\"name\":\"Giannis absent des all-defensive team\u00a0: \u00ab\u00a0Je suis fatigu\u00e9 de cet irrespect\u00a0\u00bb\"}]},{\"@type\":\"WebSite\",\"@id\":\"https:\/\/theplayoffs.news\/fr\/#website\",\"url\":\"https:\/\/theplayoffs.news\/fr\/\",\"name\":\"The Playoffs FR\",\"description\":\"NBA-NFL-NHL-MLB\",\"potentialAction\":[{\"@type\":\"SearchAction\",\"target\":{\"@type\":\"EntryPoint\",\"urlTemplate\":\"https:\/\/theplayoffs.news\/fr\/?s={search_term_string}\"},\"query-input\":{\"@type\":\"PropertyValueSpecification\",\"valueRequired\":true,\"valueName\":\"search_term_string\"}}],\"inLanguage\":\"fr-FR\"},{\"@type\":\"Person\",\"@id\":\"https:\/\/theplayoffs.news\/fr\/#\/schema\/person\/e1eb37e783b47f37f6df5a709b09eae2\",\"name\":\"Vincent Roume\",\"image\":{\"@type\":\"ImageObject\",\"inLanguage\":\"fr-FR\",\"@id\":\"https:\/\/theplayoffs.news\/fr\/#\/schema\/person\/image\/\",\"url\":\"https:\/\/secure.gravatar.com\/avatar\/369ea9e86b8e0b97c7028ca828abb59d958ea6f5a23ce2eb8c04af3eb2dbd218?s=96&d=mm&r=g\",\"contentUrl\":\"https:\/\/secure.gravatar.com\/avatar\/369ea9e86b8e0b97c7028ca828abb59d958ea6f5a23ce2eb8c04af3eb2dbd218?s=96&d=mm&r=g\",\"caption\":\"Vincent Roume\"},\"url\":\"https:\/\/theplayoffs.news\/fr\/author\/vincent-roumegmail-com\/\"}]}<\/script>\n<!-- \/ Yoast SEO plugin. -->","yoast_head_json":{"title":"Giannis absent des all-defensive team&nbsp;: &laquo;&nbsp;Je suis fatigu&eacute; de cet irrespect&nbsp;&raquo; - The Playoffs FR","robots":{"index":"index","follow":"follow","max-snippet":"max-snippet:-1","max-image-preview":"max-image-preview:large","max-video-preview":"max-video-preview:-1"},"canonical":"https:\/\/theplayoffs.news\/fr\/actualite-nba\/giannis-absent-all-defensive-team\/","og_locale":"fr_FR","og_type":"article","og_title":"Giannis absent des all-defensive team&nbsp;: &laquo;&nbsp;Je suis fatigu&eacute; de cet irrespect&nbsp;&raquo; - The Playoffs FR","og_url":"https:\/\/theplayoffs.news\/fr\/actualite-nba\/giannis-absent-all-defensive-team\/","og_site_name":"The Playoffs FR","article_publisher":"https:\/\/www.facebook.com\/TheFreeAgentFR\/","article_modified_time":"2023-05-10T13:52:01+00:00","og_image":[{"width":625,"height":375,"url":"https:\/\/theplayoffs.news\/fr\/wp-content\/uploads\/2023\/05\/FvtYZ7EXoAAlUYA.jpg","type":"image\/jpeg"}],"author":"Vincent Roume","twitter_card":"summary_large_image","twitter_creator":"@TheFreeAgentFR","twitter_site":"@TheFreeAgentFR","twitter_misc":{"\u00c9crit par":"Vincent Roume","Dur\u00e9e de lecture estim\u00e9e":"1 minute"},"schema":{"@context":"https:\/\/schema.org","@graph":[{"@type":"WebPage","@id":"https:\/\/theplayoffs.news\/fr\/actualite-nba\/giannis-absent-all-defensive-team\/","url":"https:\/\/theplayoffs.news\/fr\/actualite-nba\/giannis-absent-all-defensive-team\/","name":"Giannis absent des all-defensive team\u00a0: \u00ab\u00a0Je suis fatigu\u00e9 de cet irrespect\u00a0\u00bb - The Playoffs FR","isPartOf":{"@id":"https:\/\/theplayoffs.news\/fr\/#website"},"primaryImageOfPage":{"@id":"https:\/\/theplayoffs.news\/fr\/actualite-nba\/giannis-absent-all-defensive-team\/#primaryimage"},"image":{"@id":"https:\/\/theplayoffs.news\/fr\/actualite-nba\/giannis-absent-all-defensive-team\/#primaryimage"},"thumbnailUrl":"https:\/\/theplayoffs.news\/fr\/wp-content\/uploads\/2023\/05\/FvtYZ7EXoAAlUYA.jpg","datePublished":"2023-05-10T13:52:00+00:00","dateModified":"2023-05-10T13:52:01+00:00","author":{"@id":"https:\/\/theplayoffs.news\/fr\/#\/schema\/person\/e1eb37e783b47f37f6df5a709b09eae2"},"breadcrumb":{"@id":"https:\/\/theplayoffs.news\/fr\/actualite-nba\/giannis-absent-all-defensive-team\/#breadcrumb"},"inLanguage":"fr-FR","potentialAction":[{"@type":"ReadAction","target":["https:\/\/theplayoffs.news\/fr\/actualite-nba\/giannis-absent-all-defensive-team\/"]}]},{"@type":"ImageObject","inLanguage":"fr-FR","@id":"https:\/\/theplayoffs.news\/fr\/actualite-nba\/giannis-absent-all-defensive-team\/#primaryimage","url":"https:\/\/theplayoffs.news\/fr\/wp-content\/uploads\/2023\/05\/FvtYZ7EXoAAlUYA.jpg","contentUrl":"https:\/\/theplayoffs.news\/fr\/wp-content\/uploads\/2023\/05\/FvtYZ7EXoAAlUYA.jpg","width":625,"height":375,"caption":"Giannis Antetokounmpo, Milwaukee Bucks"},{"@type":"BreadcrumbList","@id":"https:\/\/theplayoffs.news\/fr\/actualite-nba\/giannis-absent-all-defensive-team\/#breadcrumb","itemListElement":[{"@type":"ListItem","position":1,"name":"Accueil","item":"https:\/\/theplayoffs.news\/fr\/"},{"@type":"ListItem","position":2,"name":"Giannis absent des all-defensive team\u00a0: \u00ab\u00a0Je suis fatigu\u00e9 de cet irrespect\u00a0\u00bb"}]},{"@type":"WebSite","@id":"https:\/\/theplayoffs.news\/fr\/#website","url":"https:\/\/theplayoffs.news\/fr\/","name":"The Playoffs FR","description":"NBA-NFL-NHL-MLB","potentialAction":[{"@type":"SearchAction","target":{"@type":"EntryPoint","urlTemplate":"https:\/\/theplayoffs.news\/fr\/?s={search_term_string}"},"query-input":{"@type":"PropertyValueSpecification","valueRequired":true,"valueName":"search_term_string"}}],"inLanguage":"fr-FR"},{"@type":"Person","@id":"https:\/\/theplayoffs.news\/fr\/#\/schema\/person\/e1eb37e783b47f37f6df5a709b09eae2","name":"Vincent Roume","image":{"@type":"ImageObject","inLanguage":"fr-FR","@id":"https:\/\/theplayoffs.news\/fr\/#\/schema\/person\/image\/","url":"https:\/\/secure.gravatar.com\/avatar\/369ea9e86b8e0b97c7028ca828abb59d958ea6f5a23ce2eb8c04af3eb2dbd218?s=96&d=mm&r=g","contentUrl":"https:\/\/secure.gravatar.com\/avatar\/369ea9e86b8e0b97c7028ca828abb59d958ea6f5a23ce2eb8c04af3eb2dbd218?s=96&d=mm&r=g","caption":"Vincent Roume"},"url":"https:\/\/theplayoffs.news\/fr\/author\/vincent-roumegmail-com\/"}]}},"_links":{"self":[{"href":"https:\/\/theplayoffs.news\/fr\/wp-json\/wp\/v2\/posts\/588936","targetHints":{"allow":["GET"]}}],"collection":[{"href":"https:\/\/theplayoffs.news\/fr\/wp-json\/wp\/v2\/posts"}],"about":[{"href":"https:\/\/theplayoffs.news\/fr\/wp-json\/wp\/v2\/types\/post"}],"author":[{"embeddable":true,"href":"https:\/\/theplayoffs.news\/fr\/wp-json\/wp\/v2\/users\/180310163"}],"replies":[{"embeddable":true,"href":"https:\/\/theplayoffs.news\/fr\/wp-json\/wp\/v2\/comments?post=588936"}],"version-history":[{"count":2,"href":"https:\/\/theplayoffs.news\/fr\/wp-json\/wp\/v2\/posts\/588936\/revisions"}],"predecessor-version":[{"id":588941,"href":"https:\/\/theplayoffs.news\/fr\/wp-json\/wp\/v2\/posts\/588936\/revisions\/588941"}],"wp:featuredmedia":[{"embeddable":true,"href":"https:\/\/theplayoffs.news\/fr\/wp-json\/wp\/v2\/media\/588939"}],"wp:attachment":[{"href":"https:\/\/theplayoffs.news\/fr\/wp-json\/wp\/v2\/media?parent=588936"}],"wp:term":[{"taxonomy":"category","embeddable":true,"href":"https:\/\/theplayoffs.news\/fr\/wp-json\/wp\/v2\/categories?post=588936"},{"taxonomy":"post_tag","embeddable":true,"href":"https:\/\/theplayoffs.news\/fr\/wp-json\/wp\/v2\/tags?post=588936"},{"taxonomy":"sport","embeddable":true,"href":"https:\/\/theplayoffs.news\/fr\/wp-json\/wp\/v2\/sport?post=588936"},{"taxonomy":"saison","embeddable":true,"href":"https:\/\/theplayoffs.news\/fr\/wp-json\/wp\/v2\/saison?post=588936"}],"curies":[{"name":"wp","href":"https:\/\/api.w.org\/{rel}","templated":true}]}}