{"id":588651,"date":"2023-05-09T18:33:52","date_gmt":"2023-05-09T16:33:52","guid":{"rendered":"https:\/\/theplayoffs.news\/fr\/?p=588651"},"modified":"2023-05-09T18:36:05","modified_gmt":"2023-05-09T16:36:05","slug":"blessure-max-fried-coup-dur-rotation-braves","status":"publish","type":"post","link":"https:\/\/theplayoffs.news\/fr\/actualite-mlb\/blessure-max-fried-coup-dur-rotation-braves\/","title":{"rendered":"La blessure de l&rsquo;avant-bras de Max Fried : un coup dur pour la rotation des Braves"},"content":{"rendered":"<h2>Les Braves d&rsquo;Atlanta, qui d&eacute;tiennent actuellement le meilleur record de la Ligue nationale, ont subi un revers important avec le lanceur vedette Max Fried plac&eacute; sur la liste des bless&eacute;s en raison d&rsquo;une entorse &agrave; l&rsquo;avant-bras gauche.<\/h2><p>Cette blessure, qui mettra Max Fried &agrave; l&rsquo;&eacute;cart pendant une longue p&eacute;riode, est un coup dur pour une &eacute;quipe qui a d&eacute;j&agrave; perdu le vainqueur de 20 matchs <a href=\"https:\/\/theplayoffs.news\/fr\/joueur\/kyle-wright-mlb-79304\/\" class=\"trk-cta-link\" data-cta-trk='{\"ctaType\":\"Link\",\"ctaSubType\":\"main\"}'><strong>Kyle Wright<\/strong><\/a> &agrave; cause d&rsquo;une inflammation de l&rsquo;&eacute;paule droite.<\/p><p><a href=\"https:\/\/theplayoffs.news\/fr\/joueur\/max-fried-mlb-65370\/\" class=\"trk-cta-link\" data-cta-trk='{\"ctaType\":\"Link\",\"ctaSubType\":\"main\"}'><strong>Max Fried<\/strong><\/a>, qui a termin&eacute; deuxi&egrave;me de la course au prix Cy Young de la Ligue nationale l&rsquo;an dernier, a eu une sortie d&eacute;cevante contre les Orioles de Baltimore vendredi. Le gagnant du Gold Glove Award a accord&eacute; huit coups s&ucirc;rs et sept points, a commis deux erreurs et a ensuite signal&eacute; au personnel m&eacute;dical des Braves que &laquo;&nbsp;quelque chose n&rsquo;allait pas&nbsp;&raquo;.<\/p><p>Une IRM lundi a confirm&eacute; la tension de l&rsquo;avant-bras mais, heureusement, n&rsquo;a montr&eacute; aucun signe de blessure au coude, un soulagement &eacute;tant donn&eacute; l&rsquo;histoire de Fried de la chirurgie de Tommy John en 2014.<\/p><p>Avant le match de vendredi, Max Fried &eacute;tait en excellente forme, ne conc&eacute;dant qu&rsquo;un seul point et 14 coups s&ucirc;rs lors de ses 20 premi&egrave;res manches de la saison. Cependant, le gaucher sera d&eacute;sormais interdit de lancer pendant au moins deux semaines, et avec un calendrier de r&eacute;cup&eacute;ration qui comprend une p&eacute;riode de retour progressif d&rsquo;un mois apr&egrave;s l&rsquo;autorisation, le retour de Max Fried dans la rotation des Braves reste incertain.<\/p><p>Les blessures de Fried et Wright r&eacute;v&egrave;lent des trous dans la rotation de d&eacute;part des Braves, qui comprend actuellement Spencer Strider, Charlie Morton et Bryce Elder. Avec deux postes vacants &agrave; pourvoir, les Braves ont des options dans les perspectives Triple-A Gwinnett Jared Shuster, Dylan Dodd et Michael Soroka.<\/p><p>Shuster, le meilleur espoir d&rsquo;Atlanta selon MLB Pipeline, est le candidat probable pour le match de mercredi contre les Red Sox de Boston. Malgr&eacute; un d&eacute;but de saison fragile qui l&rsquo;a vu r&eacute;trograd&eacute; &agrave; Gwinnett apr&egrave;s avoir affich&eacute; une ERA de 8,31, Shuster s&rsquo;est rachet&eacute; avec six manches sans but et sans coup s&ucirc;r contre Charlotte vendredi.<\/p><p>Pendant ce temps, Dodd s&rsquo;est montr&eacute; prometteur lors de ses trois d&eacute;parts pour Atlanta cette ann&eacute;e, limitant les Marlins &agrave; trois points en six manches jeudi. Soroka, de retour apr&egrave;s deux blessures au tendon d&rsquo;Achille, a eu du mal lors de ses cinq premiers d&eacute;parts pour Gwinnett avec une ERA de 5,23, mais pr&eacute;sente toujours une option viable.<\/p><p>Les mois &agrave; venir seront en effet int&eacute;ressants pour les Braves. Ils pourraient m&eacute;langer leurs partants, repoussant &eacute;ventuellement Morton d&rsquo;un jour pour &eacute;viter d&rsquo;avoir &agrave; commencer une combinaison de Shuster\/Dodd\/Soroka lors des deux premiers matchs de la s&eacute;rie sur route de la semaine prochaine contre les Rangers.<\/p>\n","protected":false},"excerpt":{"rendered":"","protected":false},"author":13,"featured_media":588652,"comment_status":"open","ping_status":"closed","sticky":false,"template":"","format":"standard","meta":{"inline_featured_image":false,"kia_subtitle":"","_mux_skip_reasons":[],"proofreadBy":0,"footnotes":""},"categories":[188,9],"tags":[442,2931],"sport":[],"saison":[],"class_list":["post-588651","post","type-post","status-publish","format-standard","has-post-thumbnail","hentry","category-actualite-mlb","category-mlb","tag-atlanta-braves","tag-max-fried"],"acf":[],"yoast_head":"<!-- This site is optimized with the Yoast SEO plugin v24.2 - https:\/\/yoast.com\/wordpress\/plugins\/seo\/ -->\n<title>La blessure de l&#039;avant-bras de Max Fried : un coup dur pour la rotation des Braves - The Playoffs FR<\/title>\n<meta name=\"robots\" content=\"index, follow, max-snippet:-1, max-image-preview:large, max-video-preview:-1\" \/>\n<link rel=\"canonical\" href=\"https:\/\/theplayoffs.news\/fr\/actualite-mlb\/blessure-max-fried-coup-dur-rotation-braves\/\" \/>\n<meta property=\"og:locale\" content=\"fr_FR\" \/>\n<meta property=\"og:type\" content=\"article\" \/>\n<meta property=\"og:title\" content=\"La blessure de l&#039;avant-bras de Max Fried : un coup dur pour la rotation des Braves - The Playoffs FR\" \/>\n<meta property=\"og:url\" content=\"https:\/\/theplayoffs.news\/fr\/actualite-mlb\/blessure-max-fried-coup-dur-rotation-braves\/\" \/>\n<meta property=\"og:site_name\" content=\"The Playoffs FR\" \/>\n<meta property=\"article:publisher\" content=\"https:\/\/www.facebook.com\/TheFreeAgentFR\/\" \/>\n<meta property=\"article:modified_time\" content=\"2023-05-09T18:36:05+02:00\" \/>\n<meta property=\"og:image\" content=\"https:\/\/theplayoffs.news\/fr\/wp-content\/uploads\/2023\/05\/usa_today_20603083.0.jpg\" \/>\n\t<meta property=\"og:image:width\" content=\"1200\" \/>\n\t<meta property=\"og:image:height\" content=\"800\" \/>\n\t<meta property=\"og:image:type\" content=\"image\/jpeg\" \/>\n<meta name=\"author\" content=\"Charles Taudin\" \/>\n<meta name=\"twitter:card\" content=\"summary_large_image\" \/>\n<meta name=\"twitter:creator\" content=\"@TheFreeAgentFR\" \/>\n<meta name=\"twitter:site\" content=\"@TheFreeAgentFR\" \/>\n<meta name=\"twitter:label1\" content=\"\u00c9crit par\" \/>\n\t<meta name=\"twitter:data1\" content=\"Charles Taudin\" \/>\n\t<meta name=\"twitter:label2\" content=\"Dur\u00e9e de lecture estim\u00e9e\" \/>\n\t<meta name=\"twitter:data2\" content=\"2 minutes\" \/>\n<script type=\"application\/ld+json\" class=\"yoast-schema-graph\">{\"@context\":\"https:\/\/schema.org\",\"@graph\":[{\"@type\":\"WebPage\",\"@id\":\"https:\/\/theplayoffs.news\/fr\/actualite-mlb\/blessure-max-fried-coup-dur-rotation-braves\/\",\"url\":\"https:\/\/theplayoffs.news\/fr\/actualite-mlb\/blessure-max-fried-coup-dur-rotation-braves\/\",\"name\":\"La blessure de l\\\\'avant-bras de Max Fried : un coup dur pour la rotation des Braves - The Playoffs FR\",\"isPartOf\":{\"@id\":\"https:\/\/theplayoffs.news\/fr\/#website\"},\"primaryImageOfPage\":{\"@id\":\"https:\/\/theplayoffs.news\/fr\/actualite-mlb\/blessure-max-fried-coup-dur-rotation-braves\/#primaryimage\"},\"image\":{\"@id\":\"https:\/\/theplayoffs.news\/fr\/actualite-mlb\/blessure-max-fried-coup-dur-rotation-braves\/#primaryimage\"},\"thumbnailUrl\":\"https:\/\/theplayoffs.news\/fr\/wp-content\/uploads\/2023\/05\/usa_today_20603083.0.jpg\",\"datePublished\":\"2023-05-09T16:33:52+00:00\",\"dateModified\":\"2023-05-09T16:36:05+00:00\",\"author\":{\"@id\":\"https:\/\/theplayoffs.news\/fr\/#\/schema\/person\/eee5b69ad5d3c51cabe881c839dbe133\"},\"breadcrumb\":{\"@id\":\"https:\/\/theplayoffs.news\/fr\/actualite-mlb\/blessure-max-fried-coup-dur-rotation-braves\/#breadcrumb\"},\"inLanguage\":\"fr-FR\",\"potentialAction\":[{\"@type\":\"ReadAction\",\"target\":[\"https:\/\/theplayoffs.news\/fr\/actualite-mlb\/blessure-max-fried-coup-dur-rotation-braves\/\"]}]},{\"@type\":\"ImageObject\",\"inLanguage\":\"fr-FR\",\"@id\":\"https:\/\/theplayoffs.news\/fr\/actualite-mlb\/blessure-max-fried-coup-dur-rotation-braves\/#primaryimage\",\"url\":\"https:\/\/theplayoffs.news\/fr\/wp-content\/uploads\/2023\/05\/usa_today_20603083.0.jpg\",\"contentUrl\":\"https:\/\/theplayoffs.news\/fr\/wp-content\/uploads\/2023\/05\/usa_today_20603083.0.jpg\",\"width\":1200,\"height\":800,\"caption\":\"Max Fried\"},{\"@type\":\"BreadcrumbList\",\"@id\":\"https:\/\/theplayoffs.news\/fr\/actualite-mlb\/blessure-max-fried-coup-dur-rotation-braves\/#breadcrumb\",\"itemListElement\":[{\"@type\":\"ListItem\",\"position\":1,\"name\":\"Accueil\",\"item\":\"https:\/\/theplayoffs.news\/fr\/\"},{\"@type\":\"ListItem\",\"position\":2,\"name\":\"La blessure de l&rsquo;avant-bras de Max Fried : un coup dur pour la rotation des Braves\"}]},{\"@type\":\"WebSite\",\"@id\":\"https:\/\/theplayoffs.news\/fr\/#website\",\"url\":\"https:\/\/theplayoffs.news\/fr\/\",\"name\":\"The Playoffs FR\",\"description\":\"NBA-NFL-NHL-MLB\",\"potentialAction\":[{\"@type\":\"SearchAction\",\"target\":{\"@type\":\"EntryPoint\",\"urlTemplate\":\"https:\/\/theplayoffs.news\/fr\/?s={search_term_string}\"},\"query-input\":{\"@type\":\"PropertyValueSpecification\",\"valueRequired\":true,\"valueName\":\"search_term_string\"}}],\"inLanguage\":\"fr-FR\"},{\"@type\":\"Person\",\"@id\":\"https:\/\/theplayoffs.news\/fr\/#\/schema\/person\/eee5b69ad5d3c51cabe881c839dbe133\",\"name\":\"Charles Taudin\",\"image\":{\"@type\":\"ImageObject\",\"inLanguage\":\"fr-FR\",\"@id\":\"https:\/\/theplayoffs.news\/fr\/#\/schema\/person\/image\/\",\"url\":\"https:\/\/secure.gravatar.com\/avatar\/59a1e772205ce9fd255edfcafc93013736822e20261f294c5753b20c41ede9f2?s=96&d=mm&r=g\",\"contentUrl\":\"https:\/\/secure.gravatar.com\/avatar\/59a1e772205ce9fd255edfcafc93013736822e20261f294c5753b20c41ede9f2?s=96&d=mm&r=g\",\"caption\":\"Charles Taudin\"},\"description\":\"R\u00e9dacteur en chef global de The Playoffs, j\u2019ai cr\u00e9\u00e9 The Free Agent, devenu The Playoffs FR, en 2020 durant la pand\u00e9mie. Amoureux depuis des ann\u00e9es des 4 sports majeurs am\u00e9ricains, j\u2019organise maintenant la strat\u00e9gie \u00e9ditoriale et les r\u00e9seaux sociaux de l\u2019ensemble des versions de The Playoffs. Il m\u2019arrive encore d\u2019\u00e9crire sur certains sports que j\u2019affectionne particuli\u00e8rement comme la NFL ou la MLB. Si vous devez retenir qu\u2019une chose : Eli Manning est le vrai GOAT pour avoir battu deux fois Tom Brady.\",\"sameAs\":[\"https:\/\/www.instagram.com\/ctaudin_\/\"],\"url\":\"https:\/\/theplayoffs.news\/fr\/author\/charles-taudin\/\"}]}<\/script>\n<!-- \/ Yoast SEO plugin. -->","yoast_head_json":{"title":"La blessure de l&#039;avant-bras de Max Fried : un coup dur pour la rotation des Braves - The Playoffs FR","robots":{"index":"index","follow":"follow","max-snippet":"max-snippet:-1","max-image-preview":"max-image-preview:large","max-video-preview":"max-video-preview:-1"},"canonical":"https:\/\/theplayoffs.news\/fr\/actualite-mlb\/blessure-max-fried-coup-dur-rotation-braves\/","og_locale":"fr_FR","og_type":"article","og_title":"La blessure de l&#039;avant-bras de Max Fried : un coup dur pour la rotation des Braves - The Playoffs FR","og_url":"https:\/\/theplayoffs.news\/fr\/actualite-mlb\/blessure-max-fried-coup-dur-rotation-braves\/","og_site_name":"The Playoffs FR","article_publisher":"https:\/\/www.facebook.com\/TheFreeAgentFR\/","article_modified_time":"2023-05-09T16:36:05+00:00","og_image":[{"width":1200,"height":800,"url":"https:\/\/theplayoffs.news\/fr\/wp-content\/uploads\/2023\/05\/usa_today_20603083.0.jpg","type":"image\/jpeg"}],"author":"Charles Taudin","twitter_card":"summary_large_image","twitter_creator":"@TheFreeAgentFR","twitter_site":"@TheFreeAgentFR","twitter_misc":{"\u00c9crit par":"Charles Taudin","Dur\u00e9e de lecture estim\u00e9e":"2 minutes"},"schema":{"@context":"https:\/\/schema.org","@graph":[{"@type":"WebPage","@id":"https:\/\/theplayoffs.news\/fr\/actualite-mlb\/blessure-max-fried-coup-dur-rotation-braves\/","url":"https:\/\/theplayoffs.news\/fr\/actualite-mlb\/blessure-max-fried-coup-dur-rotation-braves\/","name":"La blessure de l\\'avant-bras de Max Fried : un coup dur pour la rotation des Braves - The Playoffs FR","isPartOf":{"@id":"https:\/\/theplayoffs.news\/fr\/#website"},"primaryImageOfPage":{"@id":"https:\/\/theplayoffs.news\/fr\/actualite-mlb\/blessure-max-fried-coup-dur-rotation-braves\/#primaryimage"},"image":{"@id":"https:\/\/theplayoffs.news\/fr\/actualite-mlb\/blessure-max-fried-coup-dur-rotation-braves\/#primaryimage"},"thumbnailUrl":"https:\/\/theplayoffs.news\/fr\/wp-content\/uploads\/2023\/05\/usa_today_20603083.0.jpg","datePublished":"2023-05-09T16:33:52+00:00","dateModified":"2023-05-09T16:36:05+00:00","author":{"@id":"https:\/\/theplayoffs.news\/fr\/#\/schema\/person\/eee5b69ad5d3c51cabe881c839dbe133"},"breadcrumb":{"@id":"https:\/\/theplayoffs.news\/fr\/actualite-mlb\/blessure-max-fried-coup-dur-rotation-braves\/#breadcrumb"},"inLanguage":"fr-FR","potentialAction":[{"@type":"ReadAction","target":["https:\/\/theplayoffs.news\/fr\/actualite-mlb\/blessure-max-fried-coup-dur-rotation-braves\/"]}]},{"@type":"ImageObject","inLanguage":"fr-FR","@id":"https:\/\/theplayoffs.news\/fr\/actualite-mlb\/blessure-max-fried-coup-dur-rotation-braves\/#primaryimage","url":"https:\/\/theplayoffs.news\/fr\/wp-content\/uploads\/2023\/05\/usa_today_20603083.0.jpg","contentUrl":"https:\/\/theplayoffs.news\/fr\/wp-content\/uploads\/2023\/05\/usa_today_20603083.0.jpg","width":1200,"height":800,"caption":"Max Fried"},{"@type":"BreadcrumbList","@id":"https:\/\/theplayoffs.news\/fr\/actualite-mlb\/blessure-max-fried-coup-dur-rotation-braves\/#breadcrumb","itemListElement":[{"@type":"ListItem","position":1,"name":"Accueil","item":"https:\/\/theplayoffs.news\/fr\/"},{"@type":"ListItem","position":2,"name":"La blessure de l&rsquo;avant-bras de Max Fried : un coup dur pour la rotation des Braves"}]},{"@type":"WebSite","@id":"https:\/\/theplayoffs.news\/fr\/#website","url":"https:\/\/theplayoffs.news\/fr\/","name":"The Playoffs FR","description":"NBA-NFL-NHL-MLB","potentialAction":[{"@type":"SearchAction","target":{"@type":"EntryPoint","urlTemplate":"https:\/\/theplayoffs.news\/fr\/?s={search_term_string}"},"query-input":{"@type":"PropertyValueSpecification","valueRequired":true,"valueName":"search_term_string"}}],"inLanguage":"fr-FR"},{"@type":"Person","@id":"https:\/\/theplayoffs.news\/fr\/#\/schema\/person\/eee5b69ad5d3c51cabe881c839dbe133","name":"Charles Taudin","image":{"@type":"ImageObject","inLanguage":"fr-FR","@id":"https:\/\/theplayoffs.news\/fr\/#\/schema\/person\/image\/","url":"https:\/\/secure.gravatar.com\/avatar\/59a1e772205ce9fd255edfcafc93013736822e20261f294c5753b20c41ede9f2?s=96&d=mm&r=g","contentUrl":"https:\/\/secure.gravatar.com\/avatar\/59a1e772205ce9fd255edfcafc93013736822e20261f294c5753b20c41ede9f2?s=96&d=mm&r=g","caption":"Charles Taudin"},"description":"R\u00e9dacteur en chef global de The Playoffs, j\u2019ai cr\u00e9\u00e9 The Free Agent, devenu The Playoffs FR, en 2020 durant la pand\u00e9mie. Amoureux depuis des ann\u00e9es des 4 sports majeurs am\u00e9ricains, j\u2019organise maintenant la strat\u00e9gie \u00e9ditoriale et les r\u00e9seaux sociaux de l\u2019ensemble des versions de The Playoffs. Il m\u2019arrive encore d\u2019\u00e9crire sur certains sports que j\u2019affectionne particuli\u00e8rement comme la NFL ou la MLB. Si vous devez retenir qu\u2019une chose : Eli Manning est le vrai GOAT pour avoir battu deux fois Tom Brady.","sameAs":["https:\/\/www.instagram.com\/ctaudin_\/"],"url":"https:\/\/theplayoffs.news\/fr\/author\/charles-taudin\/"}]}},"_links":{"self":[{"href":"https:\/\/theplayoffs.news\/fr\/wp-json\/wp\/v2\/posts\/588651","targetHints":{"allow":["GET"]}}],"collection":[{"href":"https:\/\/theplayoffs.news\/fr\/wp-json\/wp\/v2\/posts"}],"about":[{"href":"https:\/\/theplayoffs.news\/fr\/wp-json\/wp\/v2\/types\/post"}],"author":[{"embeddable":true,"href":"https:\/\/theplayoffs.news\/fr\/wp-json\/wp\/v2\/users\/13"}],"replies":[{"embeddable":true,"href":"https:\/\/theplayoffs.news\/fr\/wp-json\/wp\/v2\/comments?post=588651"}],"version-history":[{"count":3,"href":"https:\/\/theplayoffs.news\/fr\/wp-json\/wp\/v2\/posts\/588651\/revisions"}],"predecessor-version":[{"id":588656,"href":"https:\/\/theplayoffs.news\/fr\/wp-json\/wp\/v2\/posts\/588651\/revisions\/588656"}],"wp:featuredmedia":[{"embeddable":true,"href":"https:\/\/theplayoffs.news\/fr\/wp-json\/wp\/v2\/media\/588652"}],"wp:attachment":[{"href":"https:\/\/theplayoffs.news\/fr\/wp-json\/wp\/v2\/media?parent=588651"}],"wp:term":[{"taxonomy":"category","embeddable":true,"href":"https:\/\/theplayoffs.news\/fr\/wp-json\/wp\/v2\/categories?post=588651"},{"taxonomy":"post_tag","embeddable":true,"href":"https:\/\/theplayoffs.news\/fr\/wp-json\/wp\/v2\/tags?post=588651"},{"taxonomy":"sport","embeddable":true,"href":"https:\/\/theplayoffs.news\/fr\/wp-json\/wp\/v2\/sport?post=588651"},{"taxonomy":"saison","embeddable":true,"href":"https:\/\/theplayoffs.news\/fr\/wp-json\/wp\/v2\/saison?post=588651"}],"curies":[{"name":"wp","href":"https:\/\/api.w.org\/{rel}","templated":true}]}}