{"id":588182,"date":"2023-05-07T18:58:39","date_gmt":"2023-05-07T16:58:39","guid":{"rendered":"https:\/\/theplayoffs.news\/fr\/?p=588182"},"modified":"2023-05-07T19:01:26","modified_gmt":"2023-05-07T17:01:26","slug":"mlb-perte-du-lanceur-legendaire-vida-blue","status":"publish","type":"post","link":"https:\/\/theplayoffs.news\/fr\/actualite-mlb\/mlb-perte-du-lanceur-legendaire-vida-blue\/","title":{"rendered":"Le monde du baseball pleure la perte du lanceur l\u00e9gendaire Vida Blue"},"content":{"rendered":"<h2>La communaut&eacute; du baseball est en deuil apr&egrave;s que l&rsquo;Oakland Athletics a confirm&eacute; la mort du l&eacute;gendaire lanceur Vida Blue samedi soir.<\/h2><p>Il avait 73 ans. La cause de sa mort n&rsquo;a pas &eacute;t&eacute; pr&eacute;cis&eacute;e. L&rsquo;incroyable carri&egrave;re de Vida Blue et son impact sur le jeu resteront dans les m&eacute;moires comme l&rsquo;un des plus embl&eacute;matiques de l&rsquo;histoire des ligues majeures.<\/p><p>Vida Blue, un gaucher, est devenu un nom familier au cours de sa remarquable saison 1971 lorsqu&rsquo;il a lanc&eacute; 24 matchs complets, huit blanchissages et a men&eacute; la Ligue am&eacute;ricaine avec une ERA de 1,82 en 312 manches lanc&eacute;es. Cette ann&eacute;e-l&agrave;, il a remport&eacute; le titre de MVP de l&rsquo;AL, le titre de lanceur et le prix Cy Young, faisant sa premi&egrave;re apparition dans le All-Star Game.<\/p><p>Le match des &eacute;toiles de 1971 a &eacute;t&eacute; un &eacute;v&eacute;nement historique puisque Vida Blue et Dock Ellis des Pirates de Pittsburgh sont devenus les deux premiers lanceurs afro-am&eacute;ricains &agrave; commencer la Midsummer Classic. Blue a rappel&eacute; plus tard l&rsquo;importance du match pour la communaut&eacute; noire, exprimant sa fiert&eacute; et son incr&eacute;dulit&eacute; que des grands comme Bob Gibson, Fergie Jenkins et Don Newcombe n&rsquo;avaient pas commenc&eacute; un All-Star Game avant lui.<\/p><p>Au cours de sa carri&egrave;re de 17 ans, Blue a jou&eacute; pour les A&rsquo;s, les Giants de San Francisco et les Royals de Kansas City, apparaissant dans six All-Star Games. Rep&ecirc;ch&eacute; par les <a href=\"https:\/\/theplayoffs.news\/fr\/equipe\/oakland-athletics-mlb\/\" class=\"trk-cta-link\" data-cta-trk='{\"ctaType\":\"Link\",\"ctaSubType\":\"main\"}'>A&rsquo;s<\/a> en 1967, il faisait partie int&eacute;grante de leur dynastie des ann&eacute;es 1970, contribuant &agrave; trois titres cons&eacute;cutifs de la S&eacute;rie mondiale en 1972, 1973 et 1974.<\/p><p>L&rsquo;impact de Blue sur les Oakland Athletics et les Giants de San Francisco est &eacute;vident dans les hommages qui affluent des deux organisations. Le directeur g&eacute;n&eacute;ral adjoint de A, Billy Owens, a d&eacute;clar&eacute; via <a href=\"https:\/\/theathletic.com\/4496191\/2023\/05\/07\/vida-blue-dead-oakland-athletics\/\" class=\"trk-cta-link\" data-cta-trk='{\"ctaType\":\"Link\",\"ctaSubType\":\"main\"}'>The Athletic<\/a>:<\/p><blockquote><p>&laquo;&nbsp;Son nom personnifiait le pouvoir et l&rsquo;&eacute;lectricit&eacute; des stars&nbsp;&raquo; et l&rsquo;a appel&eacute; &laquo;&nbsp;l&rsquo;une des premi&egrave;res grandes superstars du baseball d&rsquo;Oakland Athletics&nbsp;&raquo;.<\/p><\/blockquote><p>Le pr&eacute;sident et chef de la direction des Giants, Larry Baer, a qualifi&eacute; Blue d &lsquo;&nbsp;&raquo;ic&ocirc;ne de la r&eacute;gion de la baie depuis plus de 50 ans&nbsp;&raquo;, soulignant son implication dans le programme Junior Giants.<\/p><p>Vida Blue a pris sa retraite en 1986 avec une ERA de 3,27 en carri&egrave;re, 2 175 retraits au b&acirc;ton et 37 blanchissages en 502 apparitions. Avec trois saisons de plus de 20 victoires (1971, 1973 et 1975) et un bilan en carri&egrave;re de 209-161, l&rsquo;h&eacute;ritage de Blue en tant que l&rsquo;un des grands du jeu est assur&eacute;. Il reste un membre ch&eacute;ri du Giants Wall of Fame et du A&rsquo;s Hall of Fame.<\/p>\n","protected":false},"excerpt":{"rendered":"","protected":false},"author":13,"featured_media":588183,"comment_status":"open","ping_status":"closed","sticky":false,"template":"","format":"standard","meta":{"inline_featured_image":false,"kia_subtitle":"","_mux_skip_reasons":[],"proofreadBy":0,"footnotes":""},"categories":[188,9],"tags":[2497,466,5913],"sport":[],"saison":[],"class_list":["post-588182","post","type-post","status-publish","format-standard","has-post-thumbnail","hentry","category-actualite-mlb","category-mlb","tag-oakland-as","tag-san-francisco-giants","tag-vida-blue"],"acf":[],"yoast_head":"<!-- This site is optimized with the Yoast SEO plugin v24.2 - https:\/\/yoast.com\/wordpress\/plugins\/seo\/ -->\n<title>Le monde du baseball pleure la perte du lanceur l&eacute;gendaire Vida Blue - The Playoffs FR<\/title>\n<meta name=\"robots\" content=\"index, follow, max-snippet:-1, max-image-preview:large, max-video-preview:-1\" \/>\n<link rel=\"canonical\" href=\"https:\/\/theplayoffs.news\/fr\/actualite-mlb\/mlb-perte-du-lanceur-legendaire-vida-blue\/\" \/>\n<meta property=\"og:locale\" content=\"fr_FR\" \/>\n<meta property=\"og:type\" content=\"article\" \/>\n<meta property=\"og:title\" content=\"Le monde du baseball pleure la perte du lanceur l&eacute;gendaire Vida Blue - The Playoffs FR\" \/>\n<meta property=\"og:url\" content=\"https:\/\/theplayoffs.news\/fr\/actualite-mlb\/mlb-perte-du-lanceur-legendaire-vida-blue\/\" \/>\n<meta property=\"og:site_name\" content=\"The Playoffs FR\" \/>\n<meta property=\"article:publisher\" content=\"https:\/\/www.facebook.com\/TheFreeAgentFR\/\" \/>\n<meta property=\"article:modified_time\" content=\"2023-05-07T19:01:26+02:00\" \/>\n<meta property=\"og:image\" content=\"https:\/\/theplayoffs.news\/fr\/wp-content\/uploads\/2023\/05\/tinywow_6457cf6ed6c738.82586472_22492649.jpg\" \/>\n\t<meta property=\"og:image:width\" content=\"1920\" \/>\n\t<meta property=\"og:image:height\" content=\"1624\" \/>\n\t<meta property=\"og:image:type\" content=\"image\/jpeg\" \/>\n<meta name=\"author\" content=\"Charles Taudin\" \/>\n<meta name=\"twitter:card\" content=\"summary_large_image\" \/>\n<meta name=\"twitter:creator\" content=\"@TheFreeAgentFR\" \/>\n<meta name=\"twitter:site\" content=\"@TheFreeAgentFR\" \/>\n<meta name=\"twitter:label1\" content=\"\u00c9crit par\" \/>\n\t<meta name=\"twitter:data1\" content=\"Charles Taudin\" \/>\n\t<meta name=\"twitter:label2\" content=\"Dur\u00e9e de lecture estim\u00e9e\" \/>\n\t<meta name=\"twitter:data2\" content=\"2 minutes\" \/>\n<script type=\"application\/ld+json\" class=\"yoast-schema-graph\">{\"@context\":\"https:\/\/schema.org\",\"@graph\":[{\"@type\":\"WebPage\",\"@id\":\"https:\/\/theplayoffs.news\/fr\/actualite-mlb\/mlb-perte-du-lanceur-legendaire-vida-blue\/\",\"url\":\"https:\/\/theplayoffs.news\/fr\/actualite-mlb\/mlb-perte-du-lanceur-legendaire-vida-blue\/\",\"name\":\"Le monde du baseball pleure la perte du lanceur l\u00e9gendaire Vida Blue - The Playoffs FR\",\"isPartOf\":{\"@id\":\"https:\/\/theplayoffs.news\/fr\/#website\"},\"primaryImageOfPage\":{\"@id\":\"https:\/\/theplayoffs.news\/fr\/actualite-mlb\/mlb-perte-du-lanceur-legendaire-vida-blue\/#primaryimage\"},\"image\":{\"@id\":\"https:\/\/theplayoffs.news\/fr\/actualite-mlb\/mlb-perte-du-lanceur-legendaire-vida-blue\/#primaryimage\"},\"thumbnailUrl\":\"https:\/\/theplayoffs.news\/fr\/wp-content\/uploads\/2023\/05\/tinywow_6457cf6ed6c738.82586472_22492649.jpg\",\"datePublished\":\"2023-05-07T16:58:39+00:00\",\"dateModified\":\"2023-05-07T17:01:26+00:00\",\"author\":{\"@id\":\"https:\/\/theplayoffs.news\/fr\/#\/schema\/person\/eee5b69ad5d3c51cabe881c839dbe133\"},\"breadcrumb\":{\"@id\":\"https:\/\/theplayoffs.news\/fr\/actualite-mlb\/mlb-perte-du-lanceur-legendaire-vida-blue\/#breadcrumb\"},\"inLanguage\":\"fr-FR\",\"potentialAction\":[{\"@type\":\"ReadAction\",\"target\":[\"https:\/\/theplayoffs.news\/fr\/actualite-mlb\/mlb-perte-du-lanceur-legendaire-vida-blue\/\"]}]},{\"@type\":\"ImageObject\",\"inLanguage\":\"fr-FR\",\"@id\":\"https:\/\/theplayoffs.news\/fr\/actualite-mlb\/mlb-perte-du-lanceur-legendaire-vida-blue\/#primaryimage\",\"url\":\"https:\/\/theplayoffs.news\/fr\/wp-content\/uploads\/2023\/05\/tinywow_6457cf6ed6c738.82586472_22492649.jpg\",\"contentUrl\":\"https:\/\/theplayoffs.news\/fr\/wp-content\/uploads\/2023\/05\/tinywow_6457cf6ed6c738.82586472_22492649.jpg\",\"width\":1920,\"height\":1624,\"caption\":\"Vida Blue\"},{\"@type\":\"BreadcrumbList\",\"@id\":\"https:\/\/theplayoffs.news\/fr\/actualite-mlb\/mlb-perte-du-lanceur-legendaire-vida-blue\/#breadcrumb\",\"itemListElement\":[{\"@type\":\"ListItem\",\"position\":1,\"name\":\"Accueil\",\"item\":\"https:\/\/theplayoffs.news\/fr\/\"},{\"@type\":\"ListItem\",\"position\":2,\"name\":\"Le monde du baseball pleure la perte du lanceur l\u00e9gendaire Vida Blue\"}]},{\"@type\":\"WebSite\",\"@id\":\"https:\/\/theplayoffs.news\/fr\/#website\",\"url\":\"https:\/\/theplayoffs.news\/fr\/\",\"name\":\"The Playoffs FR\",\"description\":\"NBA-NFL-NHL-MLB\",\"potentialAction\":[{\"@type\":\"SearchAction\",\"target\":{\"@type\":\"EntryPoint\",\"urlTemplate\":\"https:\/\/theplayoffs.news\/fr\/?s={search_term_string}\"},\"query-input\":{\"@type\":\"PropertyValueSpecification\",\"valueRequired\":true,\"valueName\":\"search_term_string\"}}],\"inLanguage\":\"fr-FR\"},{\"@type\":\"Person\",\"@id\":\"https:\/\/theplayoffs.news\/fr\/#\/schema\/person\/eee5b69ad5d3c51cabe881c839dbe133\",\"name\":\"Charles Taudin\",\"image\":{\"@type\":\"ImageObject\",\"inLanguage\":\"fr-FR\",\"@id\":\"https:\/\/theplayoffs.news\/fr\/#\/schema\/person\/image\/\",\"url\":\"https:\/\/secure.gravatar.com\/avatar\/59a1e772205ce9fd255edfcafc93013736822e20261f294c5753b20c41ede9f2?s=96&d=mm&r=g\",\"contentUrl\":\"https:\/\/secure.gravatar.com\/avatar\/59a1e772205ce9fd255edfcafc93013736822e20261f294c5753b20c41ede9f2?s=96&d=mm&r=g\",\"caption\":\"Charles Taudin\"},\"description\":\"R\u00e9dacteur en chef global de The Playoffs, j\u2019ai cr\u00e9\u00e9 The Free Agent, devenu The Playoffs FR, en 2020 durant la pand\u00e9mie. Amoureux depuis des ann\u00e9es des 4 sports majeurs am\u00e9ricains, j\u2019organise maintenant la strat\u00e9gie \u00e9ditoriale et les r\u00e9seaux sociaux de l\u2019ensemble des versions de The Playoffs. Il m\u2019arrive encore d\u2019\u00e9crire sur certains sports que j\u2019affectionne particuli\u00e8rement comme la NFL ou la MLB. Si vous devez retenir qu\u2019une chose : Eli Manning est le vrai GOAT pour avoir battu deux fois Tom Brady.\",\"sameAs\":[\"https:\/\/www.instagram.com\/ctaudin_\/\"],\"url\":\"https:\/\/theplayoffs.news\/fr\/author\/charles-taudin\/\"}]}<\/script>\n<!-- \/ Yoast SEO plugin. -->","yoast_head_json":{"title":"Le monde du baseball pleure la perte du lanceur l&eacute;gendaire Vida Blue - The Playoffs FR","robots":{"index":"index","follow":"follow","max-snippet":"max-snippet:-1","max-image-preview":"max-image-preview:large","max-video-preview":"max-video-preview:-1"},"canonical":"https:\/\/theplayoffs.news\/fr\/actualite-mlb\/mlb-perte-du-lanceur-legendaire-vida-blue\/","og_locale":"fr_FR","og_type":"article","og_title":"Le monde du baseball pleure la perte du lanceur l&eacute;gendaire Vida Blue - The Playoffs FR","og_url":"https:\/\/theplayoffs.news\/fr\/actualite-mlb\/mlb-perte-du-lanceur-legendaire-vida-blue\/","og_site_name":"The Playoffs FR","article_publisher":"https:\/\/www.facebook.com\/TheFreeAgentFR\/","article_modified_time":"2023-05-07T17:01:26+00:00","og_image":[{"width":1920,"height":1624,"url":"https:\/\/theplayoffs.news\/fr\/wp-content\/uploads\/2023\/05\/tinywow_6457cf6ed6c738.82586472_22492649.jpg","type":"image\/jpeg"}],"author":"Charles Taudin","twitter_card":"summary_large_image","twitter_creator":"@TheFreeAgentFR","twitter_site":"@TheFreeAgentFR","twitter_misc":{"\u00c9crit par":"Charles Taudin","Dur\u00e9e de lecture estim\u00e9e":"2 minutes"},"schema":{"@context":"https:\/\/schema.org","@graph":[{"@type":"WebPage","@id":"https:\/\/theplayoffs.news\/fr\/actualite-mlb\/mlb-perte-du-lanceur-legendaire-vida-blue\/","url":"https:\/\/theplayoffs.news\/fr\/actualite-mlb\/mlb-perte-du-lanceur-legendaire-vida-blue\/","name":"Le monde du baseball pleure la perte du lanceur l\u00e9gendaire Vida Blue - The Playoffs FR","isPartOf":{"@id":"https:\/\/theplayoffs.news\/fr\/#website"},"primaryImageOfPage":{"@id":"https:\/\/theplayoffs.news\/fr\/actualite-mlb\/mlb-perte-du-lanceur-legendaire-vida-blue\/#primaryimage"},"image":{"@id":"https:\/\/theplayoffs.news\/fr\/actualite-mlb\/mlb-perte-du-lanceur-legendaire-vida-blue\/#primaryimage"},"thumbnailUrl":"https:\/\/theplayoffs.news\/fr\/wp-content\/uploads\/2023\/05\/tinywow_6457cf6ed6c738.82586472_22492649.jpg","datePublished":"2023-05-07T16:58:39+00:00","dateModified":"2023-05-07T17:01:26+00:00","author":{"@id":"https:\/\/theplayoffs.news\/fr\/#\/schema\/person\/eee5b69ad5d3c51cabe881c839dbe133"},"breadcrumb":{"@id":"https:\/\/theplayoffs.news\/fr\/actualite-mlb\/mlb-perte-du-lanceur-legendaire-vida-blue\/#breadcrumb"},"inLanguage":"fr-FR","potentialAction":[{"@type":"ReadAction","target":["https:\/\/theplayoffs.news\/fr\/actualite-mlb\/mlb-perte-du-lanceur-legendaire-vida-blue\/"]}]},{"@type":"ImageObject","inLanguage":"fr-FR","@id":"https:\/\/theplayoffs.news\/fr\/actualite-mlb\/mlb-perte-du-lanceur-legendaire-vida-blue\/#primaryimage","url":"https:\/\/theplayoffs.news\/fr\/wp-content\/uploads\/2023\/05\/tinywow_6457cf6ed6c738.82586472_22492649.jpg","contentUrl":"https:\/\/theplayoffs.news\/fr\/wp-content\/uploads\/2023\/05\/tinywow_6457cf6ed6c738.82586472_22492649.jpg","width":1920,"height":1624,"caption":"Vida Blue"},{"@type":"BreadcrumbList","@id":"https:\/\/theplayoffs.news\/fr\/actualite-mlb\/mlb-perte-du-lanceur-legendaire-vida-blue\/#breadcrumb","itemListElement":[{"@type":"ListItem","position":1,"name":"Accueil","item":"https:\/\/theplayoffs.news\/fr\/"},{"@type":"ListItem","position":2,"name":"Le monde du baseball pleure la perte du lanceur l\u00e9gendaire Vida Blue"}]},{"@type":"WebSite","@id":"https:\/\/theplayoffs.news\/fr\/#website","url":"https:\/\/theplayoffs.news\/fr\/","name":"The Playoffs FR","description":"NBA-NFL-NHL-MLB","potentialAction":[{"@type":"SearchAction","target":{"@type":"EntryPoint","urlTemplate":"https:\/\/theplayoffs.news\/fr\/?s={search_term_string}"},"query-input":{"@type":"PropertyValueSpecification","valueRequired":true,"valueName":"search_term_string"}}],"inLanguage":"fr-FR"},{"@type":"Person","@id":"https:\/\/theplayoffs.news\/fr\/#\/schema\/person\/eee5b69ad5d3c51cabe881c839dbe133","name":"Charles Taudin","image":{"@type":"ImageObject","inLanguage":"fr-FR","@id":"https:\/\/theplayoffs.news\/fr\/#\/schema\/person\/image\/","url":"https:\/\/secure.gravatar.com\/avatar\/59a1e772205ce9fd255edfcafc93013736822e20261f294c5753b20c41ede9f2?s=96&d=mm&r=g","contentUrl":"https:\/\/secure.gravatar.com\/avatar\/59a1e772205ce9fd255edfcafc93013736822e20261f294c5753b20c41ede9f2?s=96&d=mm&r=g","caption":"Charles Taudin"},"description":"R\u00e9dacteur en chef global de The Playoffs, j\u2019ai cr\u00e9\u00e9 The Free Agent, devenu The Playoffs FR, en 2020 durant la pand\u00e9mie. Amoureux depuis des ann\u00e9es des 4 sports majeurs am\u00e9ricains, j\u2019organise maintenant la strat\u00e9gie \u00e9ditoriale et les r\u00e9seaux sociaux de l\u2019ensemble des versions de The Playoffs. Il m\u2019arrive encore d\u2019\u00e9crire sur certains sports que j\u2019affectionne particuli\u00e8rement comme la NFL ou la MLB. Si vous devez retenir qu\u2019une chose : Eli Manning est le vrai GOAT pour avoir battu deux fois Tom Brady.","sameAs":["https:\/\/www.instagram.com\/ctaudin_\/"],"url":"https:\/\/theplayoffs.news\/fr\/author\/charles-taudin\/"}]}},"_links":{"self":[{"href":"https:\/\/theplayoffs.news\/fr\/wp-json\/wp\/v2\/posts\/588182","targetHints":{"allow":["GET"]}}],"collection":[{"href":"https:\/\/theplayoffs.news\/fr\/wp-json\/wp\/v2\/posts"}],"about":[{"href":"https:\/\/theplayoffs.news\/fr\/wp-json\/wp\/v2\/types\/post"}],"author":[{"embeddable":true,"href":"https:\/\/theplayoffs.news\/fr\/wp-json\/wp\/v2\/users\/13"}],"replies":[{"embeddable":true,"href":"https:\/\/theplayoffs.news\/fr\/wp-json\/wp\/v2\/comments?post=588182"}],"version-history":[{"count":4,"href":"https:\/\/theplayoffs.news\/fr\/wp-json\/wp\/v2\/posts\/588182\/revisions"}],"predecessor-version":[{"id":588320,"href":"https:\/\/theplayoffs.news\/fr\/wp-json\/wp\/v2\/posts\/588182\/revisions\/588320"}],"wp:featuredmedia":[{"embeddable":true,"href":"https:\/\/theplayoffs.news\/fr\/wp-json\/wp\/v2\/media\/588183"}],"wp:attachment":[{"href":"https:\/\/theplayoffs.news\/fr\/wp-json\/wp\/v2\/media?parent=588182"}],"wp:term":[{"taxonomy":"category","embeddable":true,"href":"https:\/\/theplayoffs.news\/fr\/wp-json\/wp\/v2\/categories?post=588182"},{"taxonomy":"post_tag","embeddable":true,"href":"https:\/\/theplayoffs.news\/fr\/wp-json\/wp\/v2\/tags?post=588182"},{"taxonomy":"sport","embeddable":true,"href":"https:\/\/theplayoffs.news\/fr\/wp-json\/wp\/v2\/sport?post=588182"},{"taxonomy":"saison","embeddable":true,"href":"https:\/\/theplayoffs.news\/fr\/wp-json\/wp\/v2\/saison?post=588182"}],"curies":[{"name":"wp","href":"https:\/\/api.w.org\/{rel}","templated":true}]}}