{"id":588150,"date":"2023-05-07T10:07:33","date_gmt":"2023-05-07T08:07:33","guid":{"rendered":"https:\/\/theplayoffs.news\/fr\/?p=588150"},"modified":"2023-05-07T10:08:05","modified_gmt":"2023-05-07T08:08:05","slug":"ajustements-potentiels-warriors-match-4","status":"publish","type":"post","link":"https:\/\/theplayoffs.news\/fr\/actualite-nba\/ajustements-potentiels-warriors-match-4\/","title":{"rendered":"Les ajustements potentiels des Warriors pour le match 4 contre les Lakers"},"content":{"rendered":"<h2>Les Warriors chercheront &agrave; rebondir apr&egrave;s leur d&eacute;faite &eacute;crasante dans le match 3<\/h2><p>Apr&egrave;s une d&eacute;faite d&eacute;vastatrice face aux Lakers lors du match 3, les Warriors de Golden State doivent imp&eacute;rativement ajuster leur strat&eacute;gie pour esp&eacute;rer remporter le match 4 de cette demi-finale de conf&eacute;rence.<\/p><p>Plusieurs aspects du jeu des Warriors ont &eacute;t&eacute; probl&eacute;matiques lors du dernier match, notamment un deuxi&egrave;me quart-temps catastrophique avec neuf pertes de balle et seulement 18 points inscrits.<\/p><p>Voici quelques questions auxquelles les Warriors devront r&eacute;pondre avant ce match crucial :<\/p><h3><strong>Doivent-ils conserver JaMychal Green dans le cinq de d&eacute;part ?<\/strong><\/h3><p>JaMychal Green avait &eacute;t&eacute; efficace lors du match 2, mais les Lakers ont ajust&eacute; leurs marquages, rendant son apport moins significatif. Envisageront-ils de le remplacer par Jordan Poole, bien que ce dernier ne soit pas au sommet de sa forme, ou par Kevon Looney pour renforcer la d&eacute;fense et le rebond ?<\/p><h3>Comment am&eacute;liorer les performances des stars de l&rsquo;&eacute;quipe ?<\/h3><p>Draymond Green, <a href=\"https:\/\/theplayoffs.news\/fr\/joueur\/klay-thompson-golden-state-warriors-nba\/\" class=\"trk-cta-link\" data-cta-trk='{\"ctaType\":\"Link\",\"ctaSubType\":\"main\"}'><strong>Klay Thompson<\/strong><\/a> et <a href=\"https:\/\/theplayoffs.news\/fr\/joueur\/stephen-curry-nba-7950\/\" class=\"trk-cta-link\" data-cta-trk='{\"ctaType\":\"Link\",\"ctaSubType\":\"main\"}'><strong>Stephen Curry<\/strong><\/a> n&rsquo;ont pas &eacute;t&eacute; &agrave; la hauteur lors du match 3. Draymond a &eacute;t&eacute; limit&eacute; &agrave; 23 minutes de jeu en raison de ses fautes, Thompson a manqu&eacute; 9 de ses 14 tirs et Curry est rest&eacute; discret. Les Warriors auront besoin de performances bien meilleures de la part de leurs leaders pour esp&eacute;rer l&rsquo;emporter.<\/p><h3>Comment g&eacute;rer les probl&egrave;mes de fautes et de discipline ?<\/h3><p>Draymond Green et JaMychal Green ont tous deux &eacute;cop&eacute; de fautes techniques lors du match 3, tandis que Moses Moody a &eacute;t&eacute; sanctionn&eacute; d&rsquo;une faute flagrante. Les Warriors devront faire preuve de davantage de discipline et &eacute;viter de mettre en danger leur &eacute;quipe avec des fautes inutiles.<\/p><h3>Quels ajustements tactiques pourront &ecirc;tre faits par Steve Kerr ?<\/h3><p>L&rsquo;entra&icirc;neur des Warriors pourrait envisager de modifier son plan de jeu pour mieux contrer les Lakers et leurs stars, LeBron James, Anthony Davis et D&rsquo;Angelo Russell. Kerr devra &eacute;galement trouver des solutions pour am&eacute;liorer la circulation de la balle et r&eacute;duire les pertes de balle qui ont co&ucirc;t&eacute; cher lors du match 3.<\/p>\n","protected":false},"excerpt":{"rendered":"","protected":false},"author":13,"featured_media":588151,"comment_status":"open","ping_status":"closed","sticky":false,"template":"","format":"standard","meta":{"inline_featured_image":false,"kia_subtitle":"","_mux_skip_reasons":[],"proofreadBy":0,"footnotes":""},"categories":[110,10],"tags":[1097],"sport":[],"saison":[],"class_list":["post-588150","post","type-post","status-publish","format-standard","has-post-thumbnail","hentry","category-actualite-nba","category-nba","tag-golden-state-warriors"],"acf":[],"yoast_head":"<!-- This site is optimized with the Yoast SEO plugin v24.2 - https:\/\/yoast.com\/wordpress\/plugins\/seo\/ -->\n<title>Les ajustements potentiels des Warriors pour le match 4 contre les Lakers - The Playoffs FR<\/title>\n<meta name=\"robots\" content=\"index, follow, max-snippet:-1, max-image-preview:large, max-video-preview:-1\" \/>\n<link rel=\"canonical\" href=\"https:\/\/theplayoffs.news\/fr\/actualite-nba\/ajustements-potentiels-warriors-match-4\/\" \/>\n<meta property=\"og:locale\" content=\"fr_FR\" \/>\n<meta property=\"og:type\" content=\"article\" \/>\n<meta property=\"og:title\" content=\"Les ajustements potentiels des Warriors pour le match 4 contre les Lakers - The Playoffs FR\" \/>\n<meta property=\"og:url\" content=\"https:\/\/theplayoffs.news\/fr\/actualite-nba\/ajustements-potentiels-warriors-match-4\/\" \/>\n<meta property=\"og:site_name\" content=\"The Playoffs FR\" \/>\n<meta property=\"article:publisher\" content=\"https:\/\/www.facebook.com\/TheFreeAgentFR\/\" \/>\n<meta property=\"article:modified_time\" content=\"2023-05-07T10:08:05+02:00\" \/>\n<meta property=\"og:image\" content=\"https:\/\/theplayoffs.news\/fr\/wp-content\/uploads\/2023\/05\/645719dc7186c5.07832127.jpeg\" \/>\n\t<meta property=\"og:image:width\" content=\"1920\" \/>\n\t<meta property=\"og:image:height\" content=\"1080\" \/>\n\t<meta property=\"og:image:type\" content=\"image\/jpeg\" \/>\n<meta name=\"author\" content=\"Charles Taudin\" \/>\n<meta name=\"twitter:card\" content=\"summary_large_image\" \/>\n<meta name=\"twitter:creator\" content=\"@TheFreeAgentFR\" \/>\n<meta name=\"twitter:site\" content=\"@TheFreeAgentFR\" \/>\n<meta name=\"twitter:label1\" content=\"\u00c9crit par\" \/>\n\t<meta name=\"twitter:data1\" content=\"Charles Taudin\" \/>\n\t<meta name=\"twitter:label2\" content=\"Dur\u00e9e de lecture estim\u00e9e\" \/>\n\t<meta name=\"twitter:data2\" content=\"2 minutes\" \/>\n<script type=\"application\/ld+json\" class=\"yoast-schema-graph\">{\"@context\":\"https:\/\/schema.org\",\"@graph\":[{\"@type\":\"WebPage\",\"@id\":\"https:\/\/theplayoffs.news\/fr\/actualite-nba\/ajustements-potentiels-warriors-match-4\/\",\"url\":\"https:\/\/theplayoffs.news\/fr\/actualite-nba\/ajustements-potentiels-warriors-match-4\/\",\"name\":\"Les ajustements potentiels des Warriors pour le match 4 contre les Lakers - The Playoffs FR\",\"isPartOf\":{\"@id\":\"https:\/\/theplayoffs.news\/fr\/#website\"},\"primaryImageOfPage\":{\"@id\":\"https:\/\/theplayoffs.news\/fr\/actualite-nba\/ajustements-potentiels-warriors-match-4\/#primaryimage\"},\"image\":{\"@id\":\"https:\/\/theplayoffs.news\/fr\/actualite-nba\/ajustements-potentiels-warriors-match-4\/#primaryimage\"},\"thumbnailUrl\":\"https:\/\/theplayoffs.news\/fr\/wp-content\/uploads\/2023\/05\/645719dc7186c5.07832127.jpeg\",\"datePublished\":\"2023-05-07T08:07:33+00:00\",\"dateModified\":\"2023-05-07T08:08:05+00:00\",\"author\":{\"@id\":\"https:\/\/theplayoffs.news\/fr\/#\/schema\/person\/eee5b69ad5d3c51cabe881c839dbe133\"},\"breadcrumb\":{\"@id\":\"https:\/\/theplayoffs.news\/fr\/actualite-nba\/ajustements-potentiels-warriors-match-4\/#breadcrumb\"},\"inLanguage\":\"fr-FR\",\"potentialAction\":[{\"@type\":\"ReadAction\",\"target\":[\"https:\/\/theplayoffs.news\/fr\/actualite-nba\/ajustements-potentiels-warriors-match-4\/\"]}]},{\"@type\":\"ImageObject\",\"inLanguage\":\"fr-FR\",\"@id\":\"https:\/\/theplayoffs.news\/fr\/actualite-nba\/ajustements-potentiels-warriors-match-4\/#primaryimage\",\"url\":\"https:\/\/theplayoffs.news\/fr\/wp-content\/uploads\/2023\/05\/645719dc7186c5.07832127.jpeg\",\"contentUrl\":\"https:\/\/theplayoffs.news\/fr\/wp-content\/uploads\/2023\/05\/645719dc7186c5.07832127.jpeg\",\"width\":1920,\"height\":1080,\"caption\":\"Warriors\"},{\"@type\":\"BreadcrumbList\",\"@id\":\"https:\/\/theplayoffs.news\/fr\/actualite-nba\/ajustements-potentiels-warriors-match-4\/#breadcrumb\",\"itemListElement\":[{\"@type\":\"ListItem\",\"position\":1,\"name\":\"Accueil\",\"item\":\"https:\/\/theplayoffs.news\/fr\/\"},{\"@type\":\"ListItem\",\"position\":2,\"name\":\"Les ajustements potentiels des Warriors pour le match 4 contre les Lakers\"}]},{\"@type\":\"WebSite\",\"@id\":\"https:\/\/theplayoffs.news\/fr\/#website\",\"url\":\"https:\/\/theplayoffs.news\/fr\/\",\"name\":\"The Playoffs FR\",\"description\":\"NBA-NFL-NHL-MLB\",\"potentialAction\":[{\"@type\":\"SearchAction\",\"target\":{\"@type\":\"EntryPoint\",\"urlTemplate\":\"https:\/\/theplayoffs.news\/fr\/?s={search_term_string}\"},\"query-input\":{\"@type\":\"PropertyValueSpecification\",\"valueRequired\":true,\"valueName\":\"search_term_string\"}}],\"inLanguage\":\"fr-FR\"},{\"@type\":\"Person\",\"@id\":\"https:\/\/theplayoffs.news\/fr\/#\/schema\/person\/eee5b69ad5d3c51cabe881c839dbe133\",\"name\":\"Charles Taudin\",\"image\":{\"@type\":\"ImageObject\",\"inLanguage\":\"fr-FR\",\"@id\":\"https:\/\/theplayoffs.news\/fr\/#\/schema\/person\/image\/\",\"url\":\"https:\/\/secure.gravatar.com\/avatar\/59a1e772205ce9fd255edfcafc93013736822e20261f294c5753b20c41ede9f2?s=96&d=mm&r=g\",\"contentUrl\":\"https:\/\/secure.gravatar.com\/avatar\/59a1e772205ce9fd255edfcafc93013736822e20261f294c5753b20c41ede9f2?s=96&d=mm&r=g\",\"caption\":\"Charles Taudin\"},\"description\":\"R\u00e9dacteur en chef global de The Playoffs, j\u2019ai cr\u00e9\u00e9 The Free Agent, devenu The Playoffs FR, en 2020 durant la pand\u00e9mie. Amoureux depuis des ann\u00e9es des 4 sports majeurs am\u00e9ricains, j\u2019organise maintenant la strat\u00e9gie \u00e9ditoriale et les r\u00e9seaux sociaux de l\u2019ensemble des versions de The Playoffs. Il m\u2019arrive encore d\u2019\u00e9crire sur certains sports que j\u2019affectionne particuli\u00e8rement comme la NFL ou la MLB. Si vous devez retenir qu\u2019une chose : Eli Manning est le vrai GOAT pour avoir battu deux fois Tom Brady.\",\"sameAs\":[\"https:\/\/www.instagram.com\/ctaudin_\/\"],\"url\":\"https:\/\/theplayoffs.news\/fr\/author\/charles-taudin\/\"}]}<\/script>\n<!-- \/ Yoast SEO plugin. -->","yoast_head_json":{"title":"Les ajustements potentiels des Warriors pour le match 4 contre les Lakers - The Playoffs FR","robots":{"index":"index","follow":"follow","max-snippet":"max-snippet:-1","max-image-preview":"max-image-preview:large","max-video-preview":"max-video-preview:-1"},"canonical":"https:\/\/theplayoffs.news\/fr\/actualite-nba\/ajustements-potentiels-warriors-match-4\/","og_locale":"fr_FR","og_type":"article","og_title":"Les ajustements potentiels des Warriors pour le match 4 contre les Lakers - The Playoffs FR","og_url":"https:\/\/theplayoffs.news\/fr\/actualite-nba\/ajustements-potentiels-warriors-match-4\/","og_site_name":"The Playoffs FR","article_publisher":"https:\/\/www.facebook.com\/TheFreeAgentFR\/","article_modified_time":"2023-05-07T08:08:05+00:00","og_image":[{"width":1920,"height":1080,"url":"https:\/\/theplayoffs.news\/fr\/wp-content\/uploads\/2023\/05\/645719dc7186c5.07832127.jpeg","type":"image\/jpeg"}],"author":"Charles Taudin","twitter_card":"summary_large_image","twitter_creator":"@TheFreeAgentFR","twitter_site":"@TheFreeAgentFR","twitter_misc":{"\u00c9crit par":"Charles Taudin","Dur\u00e9e de lecture estim\u00e9e":"2 minutes"},"schema":{"@context":"https:\/\/schema.org","@graph":[{"@type":"WebPage","@id":"https:\/\/theplayoffs.news\/fr\/actualite-nba\/ajustements-potentiels-warriors-match-4\/","url":"https:\/\/theplayoffs.news\/fr\/actualite-nba\/ajustements-potentiels-warriors-match-4\/","name":"Les ajustements potentiels des Warriors pour le match 4 contre les Lakers - The Playoffs FR","isPartOf":{"@id":"https:\/\/theplayoffs.news\/fr\/#website"},"primaryImageOfPage":{"@id":"https:\/\/theplayoffs.news\/fr\/actualite-nba\/ajustements-potentiels-warriors-match-4\/#primaryimage"},"image":{"@id":"https:\/\/theplayoffs.news\/fr\/actualite-nba\/ajustements-potentiels-warriors-match-4\/#primaryimage"},"thumbnailUrl":"https:\/\/theplayoffs.news\/fr\/wp-content\/uploads\/2023\/05\/645719dc7186c5.07832127.jpeg","datePublished":"2023-05-07T08:07:33+00:00","dateModified":"2023-05-07T08:08:05+00:00","author":{"@id":"https:\/\/theplayoffs.news\/fr\/#\/schema\/person\/eee5b69ad5d3c51cabe881c839dbe133"},"breadcrumb":{"@id":"https:\/\/theplayoffs.news\/fr\/actualite-nba\/ajustements-potentiels-warriors-match-4\/#breadcrumb"},"inLanguage":"fr-FR","potentialAction":[{"@type":"ReadAction","target":["https:\/\/theplayoffs.news\/fr\/actualite-nba\/ajustements-potentiels-warriors-match-4\/"]}]},{"@type":"ImageObject","inLanguage":"fr-FR","@id":"https:\/\/theplayoffs.news\/fr\/actualite-nba\/ajustements-potentiels-warriors-match-4\/#primaryimage","url":"https:\/\/theplayoffs.news\/fr\/wp-content\/uploads\/2023\/05\/645719dc7186c5.07832127.jpeg","contentUrl":"https:\/\/theplayoffs.news\/fr\/wp-content\/uploads\/2023\/05\/645719dc7186c5.07832127.jpeg","width":1920,"height":1080,"caption":"Warriors"},{"@type":"BreadcrumbList","@id":"https:\/\/theplayoffs.news\/fr\/actualite-nba\/ajustements-potentiels-warriors-match-4\/#breadcrumb","itemListElement":[{"@type":"ListItem","position":1,"name":"Accueil","item":"https:\/\/theplayoffs.news\/fr\/"},{"@type":"ListItem","position":2,"name":"Les ajustements potentiels des Warriors pour le match 4 contre les Lakers"}]},{"@type":"WebSite","@id":"https:\/\/theplayoffs.news\/fr\/#website","url":"https:\/\/theplayoffs.news\/fr\/","name":"The Playoffs FR","description":"NBA-NFL-NHL-MLB","potentialAction":[{"@type":"SearchAction","target":{"@type":"EntryPoint","urlTemplate":"https:\/\/theplayoffs.news\/fr\/?s={search_term_string}"},"query-input":{"@type":"PropertyValueSpecification","valueRequired":true,"valueName":"search_term_string"}}],"inLanguage":"fr-FR"},{"@type":"Person","@id":"https:\/\/theplayoffs.news\/fr\/#\/schema\/person\/eee5b69ad5d3c51cabe881c839dbe133","name":"Charles Taudin","image":{"@type":"ImageObject","inLanguage":"fr-FR","@id":"https:\/\/theplayoffs.news\/fr\/#\/schema\/person\/image\/","url":"https:\/\/secure.gravatar.com\/avatar\/59a1e772205ce9fd255edfcafc93013736822e20261f294c5753b20c41ede9f2?s=96&d=mm&r=g","contentUrl":"https:\/\/secure.gravatar.com\/avatar\/59a1e772205ce9fd255edfcafc93013736822e20261f294c5753b20c41ede9f2?s=96&d=mm&r=g","caption":"Charles Taudin"},"description":"R\u00e9dacteur en chef global de The Playoffs, j\u2019ai cr\u00e9\u00e9 The Free Agent, devenu The Playoffs FR, en 2020 durant la pand\u00e9mie. Amoureux depuis des ann\u00e9es des 4 sports majeurs am\u00e9ricains, j\u2019organise maintenant la strat\u00e9gie \u00e9ditoriale et les r\u00e9seaux sociaux de l\u2019ensemble des versions de The Playoffs. Il m\u2019arrive encore d\u2019\u00e9crire sur certains sports que j\u2019affectionne particuli\u00e8rement comme la NFL ou la MLB. Si vous devez retenir qu\u2019une chose : Eli Manning est le vrai GOAT pour avoir battu deux fois Tom Brady.","sameAs":["https:\/\/www.instagram.com\/ctaudin_\/"],"url":"https:\/\/theplayoffs.news\/fr\/author\/charles-taudin\/"}]}},"_links":{"self":[{"href":"https:\/\/theplayoffs.news\/fr\/wp-json\/wp\/v2\/posts\/588150","targetHints":{"allow":["GET"]}}],"collection":[{"href":"https:\/\/theplayoffs.news\/fr\/wp-json\/wp\/v2\/posts"}],"about":[{"href":"https:\/\/theplayoffs.news\/fr\/wp-json\/wp\/v2\/types\/post"}],"author":[{"embeddable":true,"href":"https:\/\/theplayoffs.news\/fr\/wp-json\/wp\/v2\/users\/13"}],"replies":[{"embeddable":true,"href":"https:\/\/theplayoffs.news\/fr\/wp-json\/wp\/v2\/comments?post=588150"}],"version-history":[{"count":3,"href":"https:\/\/theplayoffs.news\/fr\/wp-json\/wp\/v2\/posts\/588150\/revisions"}],"predecessor-version":[{"id":588154,"href":"https:\/\/theplayoffs.news\/fr\/wp-json\/wp\/v2\/posts\/588150\/revisions\/588154"}],"wp:featuredmedia":[{"embeddable":true,"href":"https:\/\/theplayoffs.news\/fr\/wp-json\/wp\/v2\/media\/588151"}],"wp:attachment":[{"href":"https:\/\/theplayoffs.news\/fr\/wp-json\/wp\/v2\/media?parent=588150"}],"wp:term":[{"taxonomy":"category","embeddable":true,"href":"https:\/\/theplayoffs.news\/fr\/wp-json\/wp\/v2\/categories?post=588150"},{"taxonomy":"post_tag","embeddable":true,"href":"https:\/\/theplayoffs.news\/fr\/wp-json\/wp\/v2\/tags?post=588150"},{"taxonomy":"sport","embeddable":true,"href":"https:\/\/theplayoffs.news\/fr\/wp-json\/wp\/v2\/sport?post=588150"},{"taxonomy":"saison","embeddable":true,"href":"https:\/\/theplayoffs.news\/fr\/wp-json\/wp\/v2\/saison?post=588150"}],"curies":[{"name":"wp","href":"https:\/\/api.w.org\/{rel}","templated":true}]}}