{"id":587560,"date":"2023-05-04T19:45:48","date_gmt":"2023-05-04T17:45:48","guid":{"rendered":"https:\/\/theplayoffs.news\/fr\/?p=587560"},"modified":"2023-05-04T20:45:11","modified_gmt":"2023-05-04T18:45:11","slug":"lamar-jackson-vise-record-yards-a-la-passe","status":"publish","type":"post","link":"https:\/\/theplayoffs.news\/fr\/actualite-nfl\/lamar-jackson-vise-record-yards-a-la-passe\/","title":{"rendered":"Lamar Jackson vise le record de yards \u00e0 la passe sur une saison"},"content":{"rendered":"<h2>La conf&eacute;rence de presse de Lamar Jackson &eacute;tait tr&egrave;s attendue aujourd&rsquo;hui. Le quarterback des Ravens s&rsquo;est notamment exprim&eacute; sur le potentiel offensif de sa franchise.<\/h2><p>Le feuilleton de la prolongation de contrat de <a href=\"https:\/\/theplayoffs.news\/fr\/joueur\/lamar-jackson-nfl-7832774\/\" class=\"trk-cta-link\" data-cta-trk='{\"ctaType\":\"Link\",\"ctaSubType\":\"main\"}'>Lamar Jackson<\/a> a tenu en haleine les fans des Baltimore Ravens pendant de tr&egrave;s nombreux mois. Aujourd&rsquo;hui, le quarterback a sign&eacute; officiellement sa prolongation de contrat qui garantit sa pr&eacute;sence avec les Ravens pendant les cinq prochaines saisons. Il a &eacute;galement profiter de l&rsquo;occasion pour rassurer les fans sur son &eacute;tat de sant&eacute; affirmant que sa blessure au genou &eacute;tait totalement gu&eacute;rie et appartenait au pass&eacute;.<\/p><p>Mais bien s&ucirc;r, les questions principales se concentraient sur la saison prochaine pendant laquelle Lamar Jackson disposera d&rsquo;un corps de receveurs qui s&rsquo;est consid&eacute;rablement renforc&eacute; &agrave; l&rsquo;intersaison et lors de la draft NFL 2023. Ainsi, en plus de Mark Andrews et de Rashod Bateman, les Ravens accueilleront Odell Beckham Jr qui reviendra &agrave; la comp&eacute;tition apr&egrave;s une saison blanche ainsi que le rookie Zay Flowers qui faisait partie des meilleurs receveurs de la cuv&eacute;e 2023 de la draft.<\/p><p>Avec de telles possibilit&eacute;s, Lamar Jackson pourrait &ecirc;tre amen&eacute; &agrave; passer davantage par le jeu a&eacute;rien, lui qui fut souvent raill&eacute; comme &eacute;tant plus un running back qu&rsquo;un v&eacute;ritable quarterback. Et l&rsquo;objectif du quarterback de 26 ans est clair! Devenir le premier joueur de l&rsquo;histoire de la NFL a lanc&eacute; 6 000 yards ou plus dans une saison.<\/p><blockquote><p>Je ne suis pas un homme qui cherche n&eacute;cessairement les r&eacute;compenses individuelles ou qui s&rsquo;attarde sur les statistiques. Je veux juste parvenir &agrave; ce chiffre car personne n&rsquo;a r&eacute;ussi avant et que je pense en &ecirc;tre capable avec les armes offensives que j&rsquo;ai &agrave; ma disposition.<\/p><\/blockquote><p>Actuellement, le record sur une saison de yards &agrave; la passe est d&eacute;tenu par <a href=\"https:\/\/www.pro-football-reference.com\/players\/M\/MannPe00.htm\" class=\"trk-cta-link\" data-cta-trk='{\"ctaType\":\"Link\",\"ctaSubType\":\"main\"}'>Peyton Manning<\/a> en 2013, saison pendant laquelle il &eacute;tait parvenu &agrave; lancer 5 477 yards. Concernant Lamar Jackson, son record personnel est de 3 127 yards lors de sa saison 2019. Avec un match de saison r&eacute;guli&egrave;re de plus que Peyton Manning et un corps de receveurs plus int&eacute;ressant &agrave; sa disposition, Jackson pourra-t-il doubler son record en saison pour atteindre les 6 000 yards? Lui, en tout cas, en &agrave; l&rsquo;air convaincu!<\/p><p>&nbsp;<\/p>\n","protected":false},"excerpt":{"rendered":"","protected":false},"author":180309964,"featured_media":535347,"comment_status":"open","ping_status":"closed","sticky":false,"template":"","format":"standard","meta":{"inline_featured_image":false,"kia_subtitle":"","_mux_skip_reasons":[],"proofreadBy":0,"footnotes":""},"categories":[118,40],"tags":[868,474],"sport":[2785],"saison":[3453],"class_list":["post-587560","post","type-post","status-publish","format-standard","has-post-thumbnail","hentry","category-actualite-nfl","category-nfl","tag-baltimore-ravens","tag-lamar-jackson","sport-nfl","saison-3453"],"acf":[],"yoast_head":"<!-- This site is optimized with the Yoast SEO plugin v24.2 - https:\/\/yoast.com\/wordpress\/plugins\/seo\/ -->\n<title>Lamar Jackson vise le record de yards &agrave; la passe sur une saison - The Playoffs FR<\/title>\n<meta name=\"robots\" content=\"index, follow, max-snippet:-1, max-image-preview:large, max-video-preview:-1\" \/>\n<link rel=\"canonical\" href=\"https:\/\/theplayoffs.news\/fr\/actualite-nfl\/lamar-jackson-vise-record-yards-a-la-passe\/\" \/>\n<meta property=\"og:locale\" content=\"fr_FR\" \/>\n<meta property=\"og:type\" content=\"article\" \/>\n<meta property=\"og:title\" content=\"Lamar Jackson vise le record de yards &agrave; la passe sur une saison - The Playoffs FR\" \/>\n<meta property=\"og:url\" content=\"https:\/\/theplayoffs.news\/fr\/actualite-nfl\/lamar-jackson-vise-record-yards-a-la-passe\/\" \/>\n<meta property=\"og:site_name\" content=\"The Playoffs FR\" \/>\n<meta property=\"article:publisher\" content=\"https:\/\/www.facebook.com\/TheFreeAgentFR\/\" \/>\n<meta property=\"article:modified_time\" content=\"2023-05-04T20:45:11+02:00\" \/>\n<meta property=\"og:image\" content=\"https:\/\/theplayoffs.news\/fr\/wp-content\/uploads\/2023\/01\/Lamar-Jackson-100622-Getty-FTR.jpg\" \/>\n\t<meta property=\"og:image:width\" content=\"960\" \/>\n\t<meta property=\"og:image:height\" content=\"540\" \/>\n\t<meta property=\"og:image:type\" content=\"image\/jpeg\" \/>\n<meta name=\"author\" content=\"Flavien Jumeau\" \/>\n<meta name=\"twitter:card\" content=\"summary_large_image\" \/>\n<meta name=\"twitter:creator\" content=\"@TheFreeAgentFR\" \/>\n<meta name=\"twitter:site\" content=\"@TheFreeAgentFR\" \/>\n<meta name=\"twitter:label1\" content=\"\u00c9crit par\" \/>\n\t<meta name=\"twitter:data1\" content=\"Flavien Jumeau\" \/>\n\t<meta name=\"twitter:label2\" content=\"Dur\u00e9e de lecture estim\u00e9e\" \/>\n\t<meta name=\"twitter:data2\" content=\"2 minutes\" \/>\n<script type=\"application\/ld+json\" class=\"yoast-schema-graph\">{\"@context\":\"https:\/\/schema.org\",\"@graph\":[{\"@type\":\"WebPage\",\"@id\":\"https:\/\/theplayoffs.news\/fr\/actualite-nfl\/lamar-jackson-vise-record-yards-a-la-passe\/\",\"url\":\"https:\/\/theplayoffs.news\/fr\/actualite-nfl\/lamar-jackson-vise-record-yards-a-la-passe\/\",\"name\":\"Lamar Jackson vise le record de yards \u00e0 la passe sur une saison - The Playoffs FR\",\"isPartOf\":{\"@id\":\"https:\/\/theplayoffs.news\/fr\/#website\"},\"primaryImageOfPage\":{\"@id\":\"https:\/\/theplayoffs.news\/fr\/actualite-nfl\/lamar-jackson-vise-record-yards-a-la-passe\/#primaryimage\"},\"image\":{\"@id\":\"https:\/\/theplayoffs.news\/fr\/actualite-nfl\/lamar-jackson-vise-record-yards-a-la-passe\/#primaryimage\"},\"thumbnailUrl\":\"https:\/\/theplayoffs.news\/fr\/wp-content\/uploads\/2023\/01\/Lamar-Jackson-100622-Getty-FTR.jpg\",\"datePublished\":\"2023-05-04T17:45:48+00:00\",\"dateModified\":\"2023-05-04T18:45:11+00:00\",\"author\":{\"@id\":\"https:\/\/theplayoffs.news\/fr\/#\/schema\/person\/def63bc6746dc5957469b75feb99e66d\"},\"breadcrumb\":{\"@id\":\"https:\/\/theplayoffs.news\/fr\/actualite-nfl\/lamar-jackson-vise-record-yards-a-la-passe\/#breadcrumb\"},\"inLanguage\":\"fr-FR\",\"potentialAction\":[{\"@type\":\"ReadAction\",\"target\":[\"https:\/\/theplayoffs.news\/fr\/actualite-nfl\/lamar-jackson-vise-record-yards-a-la-passe\/\"]}]},{\"@type\":\"ImageObject\",\"inLanguage\":\"fr-FR\",\"@id\":\"https:\/\/theplayoffs.news\/fr\/actualite-nfl\/lamar-jackson-vise-record-yards-a-la-passe\/#primaryimage\",\"url\":\"https:\/\/theplayoffs.news\/fr\/wp-content\/uploads\/2023\/01\/Lamar-Jackson-100622-Getty-FTR.jpg\",\"contentUrl\":\"https:\/\/theplayoffs.news\/fr\/wp-content\/uploads\/2023\/01\/Lamar-Jackson-100622-Getty-FTR.jpg\",\"width\":960,\"height\":540,\"caption\":\"Lamar jackson\"},{\"@type\":\"BreadcrumbList\",\"@id\":\"https:\/\/theplayoffs.news\/fr\/actualite-nfl\/lamar-jackson-vise-record-yards-a-la-passe\/#breadcrumb\",\"itemListElement\":[{\"@type\":\"ListItem\",\"position\":1,\"name\":\"Accueil\",\"item\":\"https:\/\/theplayoffs.news\/fr\/\"},{\"@type\":\"ListItem\",\"position\":2,\"name\":\"Lamar Jackson vise le record de yards \u00e0 la passe sur une saison\"}]},{\"@type\":\"WebSite\",\"@id\":\"https:\/\/theplayoffs.news\/fr\/#website\",\"url\":\"https:\/\/theplayoffs.news\/fr\/\",\"name\":\"The Playoffs FR\",\"description\":\"NBA-NFL-NHL-MLB\",\"potentialAction\":[{\"@type\":\"SearchAction\",\"target\":{\"@type\":\"EntryPoint\",\"urlTemplate\":\"https:\/\/theplayoffs.news\/fr\/?s={search_term_string}\"},\"query-input\":{\"@type\":\"PropertyValueSpecification\",\"valueRequired\":true,\"valueName\":\"search_term_string\"}}],\"inLanguage\":\"fr-FR\"},{\"@type\":\"Person\",\"@id\":\"https:\/\/theplayoffs.news\/fr\/#\/schema\/person\/def63bc6746dc5957469b75feb99e66d\",\"name\":\"Flavien Jumeau\",\"image\":{\"@type\":\"ImageObject\",\"inLanguage\":\"fr-FR\",\"@id\":\"https:\/\/theplayoffs.news\/fr\/#\/schema\/person\/image\/\",\"url\":\"https:\/\/secure.gravatar.com\/avatar\/e7fa8ba5a4b7e4ce35fe152f083f352db28ad0acce692004ed88a7a7d78893f7?s=96&d=mm&r=g\",\"contentUrl\":\"https:\/\/secure.gravatar.com\/avatar\/e7fa8ba5a4b7e4ce35fe152f083f352db28ad0acce692004ed88a7a7d78893f7?s=96&d=mm&r=g\",\"caption\":\"Flavien Jumeau\"},\"description\":\"Amoureux du sport (et de vraiment tous les sports) depuis mon plus jeune \u00e2ge, j\u2019ai longtemps h\u00e9site entre le snooker et le curling. Finalement c\u2019est le foot US que j\u2019ai d\u00e9cid\u00e9 de choisir! Responsable foot US sur TPO et animateur du podcast Tailgate j\u2019ai pour mission de vous faire d\u00e9couvrir ce sport passionnant si ce n\u2019est pas encore fait et de vous donner les derni\u00e8res actus. Le tout dans la bonne humeur et avec toujours un jeu de mots ou deux savamment distill\u00e9s! Fan des Saints, pour moi Drew Brees est le vrai GOAT!\",\"url\":\"https:\/\/theplayoffs.news\/fr\/author\/flavien-jumeaugmail-com\/\"}]}<\/script>\n<!-- \/ Yoast SEO plugin. -->","yoast_head_json":{"title":"Lamar Jackson vise le record de yards &agrave; la passe sur une saison - The Playoffs FR","robots":{"index":"index","follow":"follow","max-snippet":"max-snippet:-1","max-image-preview":"max-image-preview:large","max-video-preview":"max-video-preview:-1"},"canonical":"https:\/\/theplayoffs.news\/fr\/actualite-nfl\/lamar-jackson-vise-record-yards-a-la-passe\/","og_locale":"fr_FR","og_type":"article","og_title":"Lamar Jackson vise le record de yards &agrave; la passe sur une saison - The Playoffs FR","og_url":"https:\/\/theplayoffs.news\/fr\/actualite-nfl\/lamar-jackson-vise-record-yards-a-la-passe\/","og_site_name":"The Playoffs FR","article_publisher":"https:\/\/www.facebook.com\/TheFreeAgentFR\/","article_modified_time":"2023-05-04T18:45:11+00:00","og_image":[{"width":960,"height":540,"url":"https:\/\/theplayoffs.news\/fr\/wp-content\/uploads\/2023\/01\/Lamar-Jackson-100622-Getty-FTR.jpg","type":"image\/jpeg"}],"author":"Flavien Jumeau","twitter_card":"summary_large_image","twitter_creator":"@TheFreeAgentFR","twitter_site":"@TheFreeAgentFR","twitter_misc":{"\u00c9crit par":"Flavien Jumeau","Dur\u00e9e de lecture estim\u00e9e":"2 minutes"},"schema":{"@context":"https:\/\/schema.org","@graph":[{"@type":"WebPage","@id":"https:\/\/theplayoffs.news\/fr\/actualite-nfl\/lamar-jackson-vise-record-yards-a-la-passe\/","url":"https:\/\/theplayoffs.news\/fr\/actualite-nfl\/lamar-jackson-vise-record-yards-a-la-passe\/","name":"Lamar Jackson vise le record de yards \u00e0 la passe sur une saison - The Playoffs FR","isPartOf":{"@id":"https:\/\/theplayoffs.news\/fr\/#website"},"primaryImageOfPage":{"@id":"https:\/\/theplayoffs.news\/fr\/actualite-nfl\/lamar-jackson-vise-record-yards-a-la-passe\/#primaryimage"},"image":{"@id":"https:\/\/theplayoffs.news\/fr\/actualite-nfl\/lamar-jackson-vise-record-yards-a-la-passe\/#primaryimage"},"thumbnailUrl":"https:\/\/theplayoffs.news\/fr\/wp-content\/uploads\/2023\/01\/Lamar-Jackson-100622-Getty-FTR.jpg","datePublished":"2023-05-04T17:45:48+00:00","dateModified":"2023-05-04T18:45:11+00:00","author":{"@id":"https:\/\/theplayoffs.news\/fr\/#\/schema\/person\/def63bc6746dc5957469b75feb99e66d"},"breadcrumb":{"@id":"https:\/\/theplayoffs.news\/fr\/actualite-nfl\/lamar-jackson-vise-record-yards-a-la-passe\/#breadcrumb"},"inLanguage":"fr-FR","potentialAction":[{"@type":"ReadAction","target":["https:\/\/theplayoffs.news\/fr\/actualite-nfl\/lamar-jackson-vise-record-yards-a-la-passe\/"]}]},{"@type":"ImageObject","inLanguage":"fr-FR","@id":"https:\/\/theplayoffs.news\/fr\/actualite-nfl\/lamar-jackson-vise-record-yards-a-la-passe\/#primaryimage","url":"https:\/\/theplayoffs.news\/fr\/wp-content\/uploads\/2023\/01\/Lamar-Jackson-100622-Getty-FTR.jpg","contentUrl":"https:\/\/theplayoffs.news\/fr\/wp-content\/uploads\/2023\/01\/Lamar-Jackson-100622-Getty-FTR.jpg","width":960,"height":540,"caption":"Lamar jackson"},{"@type":"BreadcrumbList","@id":"https:\/\/theplayoffs.news\/fr\/actualite-nfl\/lamar-jackson-vise-record-yards-a-la-passe\/#breadcrumb","itemListElement":[{"@type":"ListItem","position":1,"name":"Accueil","item":"https:\/\/theplayoffs.news\/fr\/"},{"@type":"ListItem","position":2,"name":"Lamar Jackson vise le record de yards \u00e0 la passe sur une saison"}]},{"@type":"WebSite","@id":"https:\/\/theplayoffs.news\/fr\/#website","url":"https:\/\/theplayoffs.news\/fr\/","name":"The Playoffs FR","description":"NBA-NFL-NHL-MLB","potentialAction":[{"@type":"SearchAction","target":{"@type":"EntryPoint","urlTemplate":"https:\/\/theplayoffs.news\/fr\/?s={search_term_string}"},"query-input":{"@type":"PropertyValueSpecification","valueRequired":true,"valueName":"search_term_string"}}],"inLanguage":"fr-FR"},{"@type":"Person","@id":"https:\/\/theplayoffs.news\/fr\/#\/schema\/person\/def63bc6746dc5957469b75feb99e66d","name":"Flavien Jumeau","image":{"@type":"ImageObject","inLanguage":"fr-FR","@id":"https:\/\/theplayoffs.news\/fr\/#\/schema\/person\/image\/","url":"https:\/\/secure.gravatar.com\/avatar\/e7fa8ba5a4b7e4ce35fe152f083f352db28ad0acce692004ed88a7a7d78893f7?s=96&d=mm&r=g","contentUrl":"https:\/\/secure.gravatar.com\/avatar\/e7fa8ba5a4b7e4ce35fe152f083f352db28ad0acce692004ed88a7a7d78893f7?s=96&d=mm&r=g","caption":"Flavien Jumeau"},"description":"Amoureux du sport (et de vraiment tous les sports) depuis mon plus jeune \u00e2ge, j\u2019ai longtemps h\u00e9site entre le snooker et le curling. Finalement c\u2019est le foot US que j\u2019ai d\u00e9cid\u00e9 de choisir! Responsable foot US sur TPO et animateur du podcast Tailgate j\u2019ai pour mission de vous faire d\u00e9couvrir ce sport passionnant si ce n\u2019est pas encore fait et de vous donner les derni\u00e8res actus. Le tout dans la bonne humeur et avec toujours un jeu de mots ou deux savamment distill\u00e9s! Fan des Saints, pour moi Drew Brees est le vrai GOAT!","url":"https:\/\/theplayoffs.news\/fr\/author\/flavien-jumeaugmail-com\/"}]}},"_links":{"self":[{"href":"https:\/\/theplayoffs.news\/fr\/wp-json\/wp\/v2\/posts\/587560","targetHints":{"allow":["GET"]}}],"collection":[{"href":"https:\/\/theplayoffs.news\/fr\/wp-json\/wp\/v2\/posts"}],"about":[{"href":"https:\/\/theplayoffs.news\/fr\/wp-json\/wp\/v2\/types\/post"}],"author":[{"embeddable":true,"href":"https:\/\/theplayoffs.news\/fr\/wp-json\/wp\/v2\/users\/180309964"}],"replies":[{"embeddable":true,"href":"https:\/\/theplayoffs.news\/fr\/wp-json\/wp\/v2\/comments?post=587560"}],"version-history":[{"count":4,"href":"https:\/\/theplayoffs.news\/fr\/wp-json\/wp\/v2\/posts\/587560\/revisions"}],"predecessor-version":[{"id":587571,"href":"https:\/\/theplayoffs.news\/fr\/wp-json\/wp\/v2\/posts\/587560\/revisions\/587571"}],"wp:featuredmedia":[{"embeddable":true,"href":"https:\/\/theplayoffs.news\/fr\/wp-json\/wp\/v2\/media\/535347"}],"wp:attachment":[{"href":"https:\/\/theplayoffs.news\/fr\/wp-json\/wp\/v2\/media?parent=587560"}],"wp:term":[{"taxonomy":"category","embeddable":true,"href":"https:\/\/theplayoffs.news\/fr\/wp-json\/wp\/v2\/categories?post=587560"},{"taxonomy":"post_tag","embeddable":true,"href":"https:\/\/theplayoffs.news\/fr\/wp-json\/wp\/v2\/tags?post=587560"},{"taxonomy":"sport","embeddable":true,"href":"https:\/\/theplayoffs.news\/fr\/wp-json\/wp\/v2\/sport?post=587560"},{"taxonomy":"saison","embeddable":true,"href":"https:\/\/theplayoffs.news\/fr\/wp-json\/wp\/v2\/saison?post=587560"}],"curies":[{"name":"wp","href":"https:\/\/api.w.org\/{rel}","templated":true}]}}