{"id":587455,"date":"2023-05-04T10:03:44","date_gmt":"2023-05-04T08:03:44","guid":{"rendered":"https:\/\/theplayoffs.news\/fr\/?p=587455"},"modified":"2023-05-04T10:03:45","modified_gmt":"2023-05-04T08:03:45","slug":"embiid-rassurant-sensations-blessure","status":"publish","type":"post","link":"https:\/\/theplayoffs.news\/fr\/actualite-nba\/embiid-rassurant-sensations-blessure\/","title":{"rendered":"Joel Embiid rassurant sur ses sensations apr\u00e8s son retour de blessure"},"content":{"rendered":"<h2>Joel Embiid a retrouv&eacute; le terrain apr&egrave;s une blessure au genou pour la premi&egrave;re fois depuis le 20 avril, et se veut rassurant sur son &eacute;tat de forme pour la suite de la s&eacute;rie face aux Celtics.<\/h2><p>&nbsp;<\/p><p>Apr&egrave;s la lourde d&eacute;faite des Sixers lors du Game 2 face aux Celtics cette nuit (<a href=\"https:\/\/theplayoffs.news\/fr\/nba-basketball\/nba-playoffs-celtics-egalisent-1-1-sixers\/\" class=\"trk-cta-link\" data-cta-trk='{\"ctaType\":\"Link\",\"ctaSubType\":\"main\"}'>121-87<\/a>), <a href=\"https:\/\/theplayoffs.news\/fr\/joueur\/joel-embiid-philadelphia-76ers-nba\/\" class=\"trk-cta-link\" data-cta-trk='{\"ctaType\":\"Link\",\"ctaSubType\":\"main\"}'>Joel Embiid<\/a> s&rsquo;est exprim&eacute; face &agrave; la presse sur ses sensations apr&egrave;s son retour de blessure :<\/p><blockquote><p>&laquo;&nbsp;Je pense que &ccedil;a va aller. J&rsquo;ai beaucoup jou&eacute;, j&rsquo;ai retrouv&eacute; le rythme. Nous avons une grande chance et nous devons en profiter&nbsp;&raquo;.<\/p><\/blockquote><p>&nbsp;<\/p><p><a href=\"https:\/\/theplayoffs.news\/fr\/nba-basketball\/joel-embiid-elu-mvp-2023\/\" class=\"trk-cta-link\" data-cta-trk='{\"ctaType\":\"Link\",\"ctaSubType\":\"main\"}'>Le r&eacute;cemment &eacute;lu MVP 2023<\/a> parle de &ldquo;chance&rdquo; car Philadelphie rentre du Massachusetts avec un succ&egrave;s &agrave; l&rsquo;ext&eacute;rieur face &agrave; Boston, apr&egrave;s avoir obtenu l&rsquo;avantage du terrain gr&acirc;ce &agrave; sa victoire dans le premier match. Mais les Celtics ont donc &eacute;galis&eacute; cette nuit avec une tr&egrave;s large victoire.<\/p><p>Du c&ocirc;t&eacute; des Sixers, <a href=\"https:\/\/theplayoffs.news\/fr\/joueur\/james-harden-philadelphia-76ers-nba\/\" class=\"trk-cta-link\" data-cta-trk='{\"ctaType\":\"Link\",\"ctaSubType\":\"main\"}'>James Harden<\/a>, qui avait &eacute;t&eacute; le meilleur joueur du match 1, s&rsquo;est content&eacute; de 12 petits points avec un maigre bilan de 2\/14 aux tirs. Mais sur le long terme, le plus important &eacute;tait de savoir comment Joel Embiid allait se remettre de sa blessure. Le pivot camerounais portait tout de m&ecirc;me une grosse attelle au genou qu&rsquo;il semble avoir eu du mal &agrave; porter, sans l&rsquo;emp&ecirc;cher toutefois d&rsquo;inscrire 15 points et de <a href=\"https:\/\/twitter.com\/sixers\/status\/1653932712657408000?ref_src=twsrc%5Etfw%7Ctwcamp%5Etweetembed%7Ctwterm%5E1653932712657408000%7Ctwgr%5E303ea1cc4e2981f15285f9fb9a81b2203ede5f6c%7Ctwcon%5Es1_c10&amp;ref_url=https%3A%2F%2Fthefreeagent.fr%2Fwp-admin%2Fpost-new.php\" class=\"trk-cta-link\" data-cta-trk='{\"ctaType\":\"Link\",\"ctaSubType\":\"main\"}'>contrer 5 tentatives adverses<\/a>.<\/p><blockquote class=\"twitter-tweet\" data-width=\"500\" data-dnt=\"true\">\n<p lang=\"en\" dir=\"ltr\">for your halftime viewing pleasure: all 5 of <a href=\"https:\/\/twitter.com\/JoelEmbiid?ref_src=twsrc%5Etfw\" class=\"trk-cta-link\" data-cta-trk='{\"ctaType\":\"Link\",\"ctaSubType\":\"main\"}'>@JoelEmbiid<\/a>'s blocks. <a href=\"https:\/\/t.co\/jdTmPatpdl\" class=\"trk-cta-link\" data-cta-trk='{\"ctaType\":\"Link\",\"ctaSubType\":\"main\"}'>pic.twitter.com\/jdTmPatpdl<\/a><\/p>\n<p>&mdash; Philadelphia 76ers (@sixers) <a href=\"https:\/\/twitter.com\/sixers\/status\/1653932712657408000?ref_src=twsrc%5Etfw\" class=\"trk-cta-link\" data-cta-trk='{\"ctaType\":\"Link\",\"ctaSubType\":\"main\"}'>May 4, 2023<\/a><\/p><\/blockquote><p><script async src=\"https:\/\/platform.twitter.com\/widgets.js\" charset=\"utf-8\"><\/script><\/p><p>&nbsp;<\/p><p>Philly aura besoin d&rsquo;un rendement offensif plus &eacute;lev&eacute; du meilleur joueur de la saison r&eacute;guli&egrave;re si elle veut vaincre les Celtics dans cette demi-finale de Conf&eacute;rence. La rencontre de cette nuit a surtout servi &agrave; Embiid de retrouver ses marques apr&egrave;s son absence, et sera donc particuli&egrave;rement attendu lors de la troisi&egrave;me manche vendredi, en Pennsylvanie. Les propos encourageants d&rsquo;Embiid sur son &eacute;tat de forme devraient rassurer les fans des Sixers et permettre &agrave; la franchise de partir confiant avant les deux prochaines rencontres &agrave; domicile.<\/p>\n","protected":false},"excerpt":{"rendered":"","protected":false},"author":180310144,"featured_media":523693,"comment_status":"open","ping_status":"closed","sticky":false,"template":"","format":"standard","meta":{"inline_featured_image":false,"kia_subtitle":"","_mux_skip_reasons":[],"proofreadBy":0,"footnotes":""},"categories":[110,10],"tags":[742,23,5522,5271],"sport":[],"saison":[],"class_list":["post-587455","post","type-post","status-publish","format-standard","has-post-thumbnail","hentry","category-actualite-nba","category-nba","tag-joel-embiid","tag-nba-tag","tag-philadelphia-sixers","tag-playoffs-2023"],"acf":[],"yoast_head":"<!-- This site is optimized with the Yoast SEO plugin v24.2 - https:\/\/yoast.com\/wordpress\/plugins\/seo\/ -->\n<title>Joel Embiid rassurant sur ses sensations apr&egrave;s son retour de blessure - The Playoffs FR<\/title>\n<meta name=\"robots\" content=\"index, follow, max-snippet:-1, max-image-preview:large, max-video-preview:-1\" \/>\n<link rel=\"canonical\" href=\"https:\/\/theplayoffs.news\/fr\/actualite-nba\/embiid-rassurant-sensations-blessure\/\" \/>\n<meta property=\"og:locale\" content=\"fr_FR\" \/>\n<meta property=\"og:type\" content=\"article\" \/>\n<meta property=\"og:title\" content=\"Joel Embiid rassurant sur ses sensations apr&egrave;s son retour de blessure - The Playoffs FR\" \/>\n<meta property=\"og:url\" content=\"https:\/\/theplayoffs.news\/fr\/actualite-nba\/embiid-rassurant-sensations-blessure\/\" \/>\n<meta property=\"og:site_name\" content=\"The Playoffs FR\" \/>\n<meta property=\"article:publisher\" content=\"https:\/\/www.facebook.com\/TheFreeAgentFR\/\" \/>\n<meta property=\"article:modified_time\" content=\"2023-05-04T10:03:45+02:00\" \/>\n<meta property=\"og:image\" content=\"https:\/\/theplayoffs.news\/fr\/wp-content\/uploads\/2023\/01\/harden-embiid.jpg\" \/>\n\t<meta property=\"og:image:width\" content=\"680\" \/>\n\t<meta property=\"og:image:height\" content=\"382\" \/>\n\t<meta property=\"og:image:type\" content=\"image\/jpeg\" \/>\n<meta name=\"author\" content=\"Evan Glomot\" \/>\n<meta name=\"twitter:card\" content=\"summary_large_image\" \/>\n<meta name=\"twitter:creator\" content=\"@TheFreeAgentFR\" \/>\n<meta name=\"twitter:site\" content=\"@TheFreeAgentFR\" \/>\n<meta name=\"twitter:label1\" content=\"\u00c9crit par\" \/>\n\t<meta name=\"twitter:data1\" content=\"Evan Glomot\" \/>\n\t<meta name=\"twitter:label2\" content=\"Dur\u00e9e de lecture estim\u00e9e\" \/>\n\t<meta name=\"twitter:data2\" content=\"2 minutes\" \/>\n<script type=\"application\/ld+json\" class=\"yoast-schema-graph\">{\"@context\":\"https:\/\/schema.org\",\"@graph\":[{\"@type\":\"WebPage\",\"@id\":\"https:\/\/theplayoffs.news\/fr\/actualite-nba\/embiid-rassurant-sensations-blessure\/\",\"url\":\"https:\/\/theplayoffs.news\/fr\/actualite-nba\/embiid-rassurant-sensations-blessure\/\",\"name\":\"Joel Embiid rassurant sur ses sensations apr\u00e8s son retour de blessure - The Playoffs FR\",\"isPartOf\":{\"@id\":\"https:\/\/theplayoffs.news\/fr\/#website\"},\"primaryImageOfPage\":{\"@id\":\"https:\/\/theplayoffs.news\/fr\/actualite-nba\/embiid-rassurant-sensations-blessure\/#primaryimage\"},\"image\":{\"@id\":\"https:\/\/theplayoffs.news\/fr\/actualite-nba\/embiid-rassurant-sensations-blessure\/#primaryimage\"},\"thumbnailUrl\":\"https:\/\/theplayoffs.news\/fr\/wp-content\/uploads\/2023\/01\/harden-embiid.jpg\",\"datePublished\":\"2023-05-04T08:03:44+00:00\",\"dateModified\":\"2023-05-04T08:03:45+00:00\",\"author\":{\"@id\":\"https:\/\/theplayoffs.news\/fr\/#\/schema\/person\/efcb1404f7c790a161fdc0aa29e81646\"},\"breadcrumb\":{\"@id\":\"https:\/\/theplayoffs.news\/fr\/actualite-nba\/embiid-rassurant-sensations-blessure\/#breadcrumb\"},\"inLanguage\":\"fr-FR\",\"potentialAction\":[{\"@type\":\"ReadAction\",\"target\":[\"https:\/\/theplayoffs.news\/fr\/actualite-nba\/embiid-rassurant-sensations-blessure\/\"]}]},{\"@type\":\"ImageObject\",\"inLanguage\":\"fr-FR\",\"@id\":\"https:\/\/theplayoffs.news\/fr\/actualite-nba\/embiid-rassurant-sensations-blessure\/#primaryimage\",\"url\":\"https:\/\/theplayoffs.news\/fr\/wp-content\/uploads\/2023\/01\/harden-embiid.jpg\",\"contentUrl\":\"https:\/\/theplayoffs.news\/fr\/wp-content\/uploads\/2023\/01\/harden-embiid.jpg\",\"width\":680,\"height\":382,\"caption\":\"embiid\"},{\"@type\":\"BreadcrumbList\",\"@id\":\"https:\/\/theplayoffs.news\/fr\/actualite-nba\/embiid-rassurant-sensations-blessure\/#breadcrumb\",\"itemListElement\":[{\"@type\":\"ListItem\",\"position\":1,\"name\":\"Accueil\",\"item\":\"https:\/\/theplayoffs.news\/fr\/\"},{\"@type\":\"ListItem\",\"position\":2,\"name\":\"Joel Embiid rassurant sur ses sensations apr\u00e8s son retour de blessure\"}]},{\"@type\":\"WebSite\",\"@id\":\"https:\/\/theplayoffs.news\/fr\/#website\",\"url\":\"https:\/\/theplayoffs.news\/fr\/\",\"name\":\"The Playoffs FR\",\"description\":\"NBA-NFL-NHL-MLB\",\"potentialAction\":[{\"@type\":\"SearchAction\",\"target\":{\"@type\":\"EntryPoint\",\"urlTemplate\":\"https:\/\/theplayoffs.news\/fr\/?s={search_term_string}\"},\"query-input\":{\"@type\":\"PropertyValueSpecification\",\"valueRequired\":true,\"valueName\":\"search_term_string\"}}],\"inLanguage\":\"fr-FR\"},{\"@type\":\"Person\",\"@id\":\"https:\/\/theplayoffs.news\/fr\/#\/schema\/person\/efcb1404f7c790a161fdc0aa29e81646\",\"name\":\"Evan Glomot\",\"image\":{\"@type\":\"ImageObject\",\"inLanguage\":\"fr-FR\",\"@id\":\"https:\/\/theplayoffs.news\/fr\/#\/schema\/person\/image\/\",\"url\":\"https:\/\/secure.gravatar.com\/avatar\/93e18dce985a4dfed140ef5ef5ecc82be40a165cbb4838e421f46abb52b7c315?s=96&d=mm&r=g\",\"contentUrl\":\"https:\/\/secure.gravatar.com\/avatar\/93e18dce985a4dfed140ef5ef5ecc82be40a165cbb4838e421f46abb52b7c315?s=96&d=mm&r=g\",\"caption\":\"Evan Glomot\"},\"url\":\"https:\/\/theplayoffs.news\/fr\/author\/evanglomotgmail-com\/\"}]}<\/script>\n<!-- \/ Yoast SEO plugin. -->","yoast_head_json":{"title":"Joel Embiid rassurant sur ses sensations apr&egrave;s son retour de blessure - The Playoffs FR","robots":{"index":"index","follow":"follow","max-snippet":"max-snippet:-1","max-image-preview":"max-image-preview:large","max-video-preview":"max-video-preview:-1"},"canonical":"https:\/\/theplayoffs.news\/fr\/actualite-nba\/embiid-rassurant-sensations-blessure\/","og_locale":"fr_FR","og_type":"article","og_title":"Joel Embiid rassurant sur ses sensations apr&egrave;s son retour de blessure - The Playoffs FR","og_url":"https:\/\/theplayoffs.news\/fr\/actualite-nba\/embiid-rassurant-sensations-blessure\/","og_site_name":"The Playoffs FR","article_publisher":"https:\/\/www.facebook.com\/TheFreeAgentFR\/","article_modified_time":"2023-05-04T08:03:45+00:00","og_image":[{"width":680,"height":382,"url":"https:\/\/theplayoffs.news\/fr\/wp-content\/uploads\/2023\/01\/harden-embiid.jpg","type":"image\/jpeg"}],"author":"Evan Glomot","twitter_card":"summary_large_image","twitter_creator":"@TheFreeAgentFR","twitter_site":"@TheFreeAgentFR","twitter_misc":{"\u00c9crit par":"Evan Glomot","Dur\u00e9e de lecture estim\u00e9e":"2 minutes"},"schema":{"@context":"https:\/\/schema.org","@graph":[{"@type":"WebPage","@id":"https:\/\/theplayoffs.news\/fr\/actualite-nba\/embiid-rassurant-sensations-blessure\/","url":"https:\/\/theplayoffs.news\/fr\/actualite-nba\/embiid-rassurant-sensations-blessure\/","name":"Joel Embiid rassurant sur ses sensations apr\u00e8s son retour de blessure - The Playoffs FR","isPartOf":{"@id":"https:\/\/theplayoffs.news\/fr\/#website"},"primaryImageOfPage":{"@id":"https:\/\/theplayoffs.news\/fr\/actualite-nba\/embiid-rassurant-sensations-blessure\/#primaryimage"},"image":{"@id":"https:\/\/theplayoffs.news\/fr\/actualite-nba\/embiid-rassurant-sensations-blessure\/#primaryimage"},"thumbnailUrl":"https:\/\/theplayoffs.news\/fr\/wp-content\/uploads\/2023\/01\/harden-embiid.jpg","datePublished":"2023-05-04T08:03:44+00:00","dateModified":"2023-05-04T08:03:45+00:00","author":{"@id":"https:\/\/theplayoffs.news\/fr\/#\/schema\/person\/efcb1404f7c790a161fdc0aa29e81646"},"breadcrumb":{"@id":"https:\/\/theplayoffs.news\/fr\/actualite-nba\/embiid-rassurant-sensations-blessure\/#breadcrumb"},"inLanguage":"fr-FR","potentialAction":[{"@type":"ReadAction","target":["https:\/\/theplayoffs.news\/fr\/actualite-nba\/embiid-rassurant-sensations-blessure\/"]}]},{"@type":"ImageObject","inLanguage":"fr-FR","@id":"https:\/\/theplayoffs.news\/fr\/actualite-nba\/embiid-rassurant-sensations-blessure\/#primaryimage","url":"https:\/\/theplayoffs.news\/fr\/wp-content\/uploads\/2023\/01\/harden-embiid.jpg","contentUrl":"https:\/\/theplayoffs.news\/fr\/wp-content\/uploads\/2023\/01\/harden-embiid.jpg","width":680,"height":382,"caption":"embiid"},{"@type":"BreadcrumbList","@id":"https:\/\/theplayoffs.news\/fr\/actualite-nba\/embiid-rassurant-sensations-blessure\/#breadcrumb","itemListElement":[{"@type":"ListItem","position":1,"name":"Accueil","item":"https:\/\/theplayoffs.news\/fr\/"},{"@type":"ListItem","position":2,"name":"Joel Embiid rassurant sur ses sensations apr\u00e8s son retour de blessure"}]},{"@type":"WebSite","@id":"https:\/\/theplayoffs.news\/fr\/#website","url":"https:\/\/theplayoffs.news\/fr\/","name":"The Playoffs FR","description":"NBA-NFL-NHL-MLB","potentialAction":[{"@type":"SearchAction","target":{"@type":"EntryPoint","urlTemplate":"https:\/\/theplayoffs.news\/fr\/?s={search_term_string}"},"query-input":{"@type":"PropertyValueSpecification","valueRequired":true,"valueName":"search_term_string"}}],"inLanguage":"fr-FR"},{"@type":"Person","@id":"https:\/\/theplayoffs.news\/fr\/#\/schema\/person\/efcb1404f7c790a161fdc0aa29e81646","name":"Evan Glomot","image":{"@type":"ImageObject","inLanguage":"fr-FR","@id":"https:\/\/theplayoffs.news\/fr\/#\/schema\/person\/image\/","url":"https:\/\/secure.gravatar.com\/avatar\/93e18dce985a4dfed140ef5ef5ecc82be40a165cbb4838e421f46abb52b7c315?s=96&d=mm&r=g","contentUrl":"https:\/\/secure.gravatar.com\/avatar\/93e18dce985a4dfed140ef5ef5ecc82be40a165cbb4838e421f46abb52b7c315?s=96&d=mm&r=g","caption":"Evan Glomot"},"url":"https:\/\/theplayoffs.news\/fr\/author\/evanglomotgmail-com\/"}]}},"_links":{"self":[{"href":"https:\/\/theplayoffs.news\/fr\/wp-json\/wp\/v2\/posts\/587455","targetHints":{"allow":["GET"]}}],"collection":[{"href":"https:\/\/theplayoffs.news\/fr\/wp-json\/wp\/v2\/posts"}],"about":[{"href":"https:\/\/theplayoffs.news\/fr\/wp-json\/wp\/v2\/types\/post"}],"author":[{"embeddable":true,"href":"https:\/\/theplayoffs.news\/fr\/wp-json\/wp\/v2\/users\/180310144"}],"replies":[{"embeddable":true,"href":"https:\/\/theplayoffs.news\/fr\/wp-json\/wp\/v2\/comments?post=587455"}],"version-history":[{"count":3,"href":"https:\/\/theplayoffs.news\/fr\/wp-json\/wp\/v2\/posts\/587455\/revisions"}],"predecessor-version":[{"id":587460,"href":"https:\/\/theplayoffs.news\/fr\/wp-json\/wp\/v2\/posts\/587455\/revisions\/587460"}],"wp:featuredmedia":[{"embeddable":true,"href":"https:\/\/theplayoffs.news\/fr\/wp-json\/wp\/v2\/media\/523693"}],"wp:attachment":[{"href":"https:\/\/theplayoffs.news\/fr\/wp-json\/wp\/v2\/media?parent=587455"}],"wp:term":[{"taxonomy":"category","embeddable":true,"href":"https:\/\/theplayoffs.news\/fr\/wp-json\/wp\/v2\/categories?post=587455"},{"taxonomy":"post_tag","embeddable":true,"href":"https:\/\/theplayoffs.news\/fr\/wp-json\/wp\/v2\/tags?post=587455"},{"taxonomy":"sport","embeddable":true,"href":"https:\/\/theplayoffs.news\/fr\/wp-json\/wp\/v2\/sport?post=587455"},{"taxonomy":"saison","embeddable":true,"href":"https:\/\/theplayoffs.news\/fr\/wp-json\/wp\/v2\/saison?post=587455"}],"curies":[{"name":"wp","href":"https:\/\/api.w.org\/{rel}","templated":true}]}}