{"id":587144,"date":"2023-05-03T10:34:59","date_gmt":"2023-05-03T08:34:59","guid":{"rendered":"https:\/\/theplayoffs.news\/fr\/?p=587144"},"modified":"2023-05-03T10:35:00","modified_gmt":"2023-05-03T08:35:00","slug":"chris-paul-absent-nuggets","status":"publish","type":"post","link":"https:\/\/theplayoffs.news\/fr\/actualite-nba\/chris-paul-absent-nuggets\/","title":{"rendered":"Chris Paul absent jusqu\u2019au match 5 de la s\u00e9rie face aux Nuggets"},"content":{"rendered":"<h2>Chris Paul va manquer les deux prochaines rencontres de la demi-finale de Conf&eacute;rence face aux Nuggets. Un &eacute;norme coup dur pour des Suns d&eacute;j&agrave; men&eacute;s 2-0 dans la s&eacute;rie.<\/h2><p>&nbsp;<\/p><p><a href=\"https:\/\/theplayoffs.news\/fr\/joueur\/chris-paul-nba-5558\/\" class=\"trk-cta-link\" data-cta-trk='{\"ctaType\":\"Link\",\"ctaSubType\":\"main\"}'>Chris Paul<\/a> devrait &ecirc;tre absent jusqu&rsquo;au cinqui&egrave;me match en raison d&rsquo;une blessure &agrave; l&rsquo;aine, a annonc&eacute; <a href=\"https:\/\/twitter.com\/ShamsCharania\/status\/1653537884266455041?ref_src=twsrc%5Etfw%7Ctwcamp%5Etweetembed%7Ctwterm%5E1653537884266455041%7Ctwgr%5E0c82e0210390505a5f31ac9e956ca4b7a0acb9a6%7Ctwcon%5Es1_c10&amp;ref_url=https%3A%2F%2Fthefreeagent.fr%2Fwp-admin%2Fpost-new.php\" class=\"trk-cta-link\" data-cta-trk='{\"ctaType\":\"Link\",\"ctaSubType\":\"main\"}'>Shams Charania, de The Athletic<\/a>.<\/p><blockquote><p>Le meneur des Phoenix Suns, Chris Paul, devrait &ecirc;tre r&eacute;&eacute;valu&eacute; dans une semaine apr&egrave;s avoir pass&eacute; une IRM sur sa blessure &agrave; l&rsquo;aine aujourd&rsquo;hui. Les Suns se pr&eacute;parent &agrave; &ecirc;tre priv&eacute;s de Paul pour les matchs 3 &agrave; 5.<\/p><\/blockquote><blockquote class=\"twitter-tweet\" data-width=\"500\" data-dnt=\"true\">\n<p lang=\"en\" dir=\"ltr\">Phoenix Suns guard Chris Paul is expected to be re-evaluated in one week after MRI on his groin injury today, sources tell <a href=\"https:\/\/twitter.com\/TheAthletic?ref_src=twsrc%5Etfw\" class=\"trk-cta-link\" data-cta-trk='{\"ctaType\":\"Link\",\"ctaSubType\":\"main\"}'>@TheAthletic<\/a> <a href=\"https:\/\/twitter.com\/Stadium?ref_src=twsrc%5Etfw\" class=\"trk-cta-link\" data-cta-trk='{\"ctaType\":\"Link\",\"ctaSubType\":\"main\"}'>@Stadium<\/a>. Suns are preparing to be without Paul through Games 3-5, sources said.<\/p>\n<p>&mdash; Shams Charania (@ShamsCharania) <a href=\"https:\/\/twitter.com\/ShamsCharania\/status\/1653537884266455041?ref_src=twsrc%5Etfw\" class=\"trk-cta-link\" data-cta-trk='{\"ctaType\":\"Link\",\"ctaSubType\":\"main\"}'>May 2, 2023<\/a><\/p><\/blockquote><p><script async src=\"https:\/\/platform.twitter.com\/widgets.js\" charset=\"utf-8\"><\/script><\/p><p>Le joueur de 37 ans s&rsquo;est bless&eacute; &agrave; moins de cinq minutes de la fin du match 2. Il a quitt&eacute; la partie peu apr&egrave;s pour ne plus revenir.<\/p><p>Apr&egrave;s le match, l&rsquo;entra&icirc;neur de Phoenix Monty Williams avait d&eacute;clar&eacute; :<\/p><blockquote><p>&laquo;&nbsp;Il a sembl&eacute; qu&rsquo;il &eacute;tait en train de boxer. Il n&rsquo;arrivait pas &agrave; se d&eacute;gager de la balle et ne pouvait pas pousser. Nous ne sommes pas s&ucirc;rs de ce que c&rsquo;est pour l&rsquo;instant, mais il semblerait que ce soit quelque chose au niveau de l&rsquo;aine&nbsp;&raquo;.<\/p><\/blockquote><p>Les probl&egrave;mes de profondeur ont pos&eacute; probl&egrave;me aux Suns tout au long des playoffs et cela s&rsquo;est vu lorsque Paul a d&ucirc; sortir &agrave; la fin du Game 2, les Suns &eacute;tant &agrave; -14 dans les derni&egrave;res minutes. <a href=\"https:\/\/theplayoffs.news\/fr\/joueur\/devin-booker-nba-6272386\/\" class=\"trk-cta-link\" data-cta-trk='{\"ctaType\":\"Link\",\"ctaSubType\":\"main\"}'>Devin Booker<\/a> et <a href=\"https:\/\/theplayoffs.news\/fr\/joueur\/kevin-durant-nba-6404\/\" class=\"trk-cta-link\" data-cta-trk='{\"ctaType\":\"Link\",\"ctaSubType\":\"main\"}'>Kevin Durant<\/a> devront assumer toutes les t&acirc;ches de meneur de jeu et le faire plus efficacement que lors des deux premi&egrave;res manches.<\/p><p>Pour &eacute;galiser dans la s&eacute;rie, la franchise de l&rsquo;Arizona devra remporter les deux prochaines affiches disput&eacute;es &agrave; domicile. Une mission &agrave; leur hauteur mais qui devient plus difficile en l&rsquo;absence de CP3.<\/p>\n","protected":false},"excerpt":{"rendered":"","protected":false},"author":180310144,"featured_media":306245,"comment_status":"open","ping_status":"closed","sticky":false,"template":"","format":"standard","meta":{"inline_featured_image":false,"kia_subtitle":"","_mux_skip_reasons":[],"proofreadBy":0,"footnotes":""},"categories":[110,10],"tags":[237,23,804,5271],"sport":[],"saison":[],"class_list":["post-587144","post","type-post","status-publish","format-standard","has-post-thumbnail","hentry","category-actualite-nba","category-nba","tag-chris-paul","tag-nba-tag","tag-phoenix-suns","tag-playoffs-2023"],"acf":[],"yoast_head":"<!-- This site is optimized with the Yoast SEO plugin v24.2 - https:\/\/yoast.com\/wordpress\/plugins\/seo\/ -->\n<title>Chris Paul absent jusqu&rsquo;au match 5 de la s&eacute;rie face aux Nuggets - The Playoffs FR<\/title>\n<meta name=\"robots\" content=\"index, follow, max-snippet:-1, max-image-preview:large, max-video-preview:-1\" \/>\n<link rel=\"canonical\" href=\"https:\/\/theplayoffs.news\/fr\/actualite-nba\/chris-paul-absent-nuggets\/\" \/>\n<meta property=\"og:locale\" content=\"fr_FR\" \/>\n<meta property=\"og:type\" content=\"article\" \/>\n<meta property=\"og:title\" content=\"Chris Paul absent jusqu&rsquo;au match 5 de la s&eacute;rie face aux Nuggets - The Playoffs FR\" \/>\n<meta property=\"og:url\" content=\"https:\/\/theplayoffs.news\/fr\/actualite-nba\/chris-paul-absent-nuggets\/\" \/>\n<meta property=\"og:site_name\" content=\"The Playoffs FR\" \/>\n<meta property=\"article:publisher\" content=\"https:\/\/www.facebook.com\/TheFreeAgentFR\/\" \/>\n<meta property=\"article:modified_time\" content=\"2023-05-03T10:35:00+02:00\" \/>\n<meta property=\"og:image\" content=\"https:\/\/theplayoffs.news\/fr\/wp-content\/uploads\/2021\/06\/Suns-Chris-Paul-in-health-protocols-listed-out-for-Game.jpg\" \/>\n\t<meta property=\"og:image:width\" content=\"1122\" \/>\n\t<meta property=\"og:image:height\" content=\"631\" \/>\n\t<meta property=\"og:image:type\" content=\"image\/jpeg\" \/>\n<meta name=\"author\" content=\"Evan Glomot\" \/>\n<meta name=\"twitter:card\" content=\"summary_large_image\" \/>\n<meta name=\"twitter:creator\" content=\"@TheFreeAgentFR\" \/>\n<meta name=\"twitter:site\" content=\"@TheFreeAgentFR\" \/>\n<meta name=\"twitter:label1\" content=\"\u00c9crit par\" \/>\n\t<meta name=\"twitter:data1\" content=\"Evan Glomot\" \/>\n\t<meta name=\"twitter:label2\" content=\"Dur\u00e9e de lecture estim\u00e9e\" \/>\n\t<meta name=\"twitter:data2\" content=\"1 minute\" \/>\n<script type=\"application\/ld+json\" class=\"yoast-schema-graph\">{\"@context\":\"https:\/\/schema.org\",\"@graph\":[{\"@type\":\"WebPage\",\"@id\":\"https:\/\/theplayoffs.news\/fr\/actualite-nba\/chris-paul-absent-nuggets\/\",\"url\":\"https:\/\/theplayoffs.news\/fr\/actualite-nba\/chris-paul-absent-nuggets\/\",\"name\":\"Chris Paul absent jusqu\u2019au match 5 de la s\u00e9rie face aux Nuggets - The Playoffs FR\",\"isPartOf\":{\"@id\":\"https:\/\/theplayoffs.news\/fr\/#website\"},\"primaryImageOfPage\":{\"@id\":\"https:\/\/theplayoffs.news\/fr\/actualite-nba\/chris-paul-absent-nuggets\/#primaryimage\"},\"image\":{\"@id\":\"https:\/\/theplayoffs.news\/fr\/actualite-nba\/chris-paul-absent-nuggets\/#primaryimage\"},\"thumbnailUrl\":\"https:\/\/theplayoffs.news\/fr\/wp-content\/uploads\/2021\/06\/Suns-Chris-Paul-in-health-protocols-listed-out-for-Game.jpg\",\"datePublished\":\"2023-05-03T08:34:59+00:00\",\"dateModified\":\"2023-05-03T08:35:00+00:00\",\"author\":{\"@id\":\"https:\/\/theplayoffs.news\/fr\/#\/schema\/person\/efcb1404f7c790a161fdc0aa29e81646\"},\"breadcrumb\":{\"@id\":\"https:\/\/theplayoffs.news\/fr\/actualite-nba\/chris-paul-absent-nuggets\/#breadcrumb\"},\"inLanguage\":\"fr-FR\",\"potentialAction\":[{\"@type\":\"ReadAction\",\"target\":[\"https:\/\/theplayoffs.news\/fr\/actualite-nba\/chris-paul-absent-nuggets\/\"]}]},{\"@type\":\"ImageObject\",\"inLanguage\":\"fr-FR\",\"@id\":\"https:\/\/theplayoffs.news\/fr\/actualite-nba\/chris-paul-absent-nuggets\/#primaryimage\",\"url\":\"https:\/\/theplayoffs.news\/fr\/wp-content\/uploads\/2021\/06\/Suns-Chris-Paul-in-health-protocols-listed-out-for-Game.jpg\",\"contentUrl\":\"https:\/\/theplayoffs.news\/fr\/wp-content\/uploads\/2021\/06\/Suns-Chris-Paul-in-health-protocols-listed-out-for-Game.jpg\",\"width\":1122,\"height\":631,\"caption\":\"paul\"},{\"@type\":\"BreadcrumbList\",\"@id\":\"https:\/\/theplayoffs.news\/fr\/actualite-nba\/chris-paul-absent-nuggets\/#breadcrumb\",\"itemListElement\":[{\"@type\":\"ListItem\",\"position\":1,\"name\":\"Accueil\",\"item\":\"https:\/\/theplayoffs.news\/fr\/\"},{\"@type\":\"ListItem\",\"position\":2,\"name\":\"Chris Paul absent jusqu\u2019au match 5 de la s\u00e9rie face aux Nuggets\"}]},{\"@type\":\"WebSite\",\"@id\":\"https:\/\/theplayoffs.news\/fr\/#website\",\"url\":\"https:\/\/theplayoffs.news\/fr\/\",\"name\":\"The Playoffs FR\",\"description\":\"NBA-NFL-NHL-MLB\",\"potentialAction\":[{\"@type\":\"SearchAction\",\"target\":{\"@type\":\"EntryPoint\",\"urlTemplate\":\"https:\/\/theplayoffs.news\/fr\/?s={search_term_string}\"},\"query-input\":{\"@type\":\"PropertyValueSpecification\",\"valueRequired\":true,\"valueName\":\"search_term_string\"}}],\"inLanguage\":\"fr-FR\"},{\"@type\":\"Person\",\"@id\":\"https:\/\/theplayoffs.news\/fr\/#\/schema\/person\/efcb1404f7c790a161fdc0aa29e81646\",\"name\":\"Evan Glomot\",\"image\":{\"@type\":\"ImageObject\",\"inLanguage\":\"fr-FR\",\"@id\":\"https:\/\/theplayoffs.news\/fr\/#\/schema\/person\/image\/\",\"url\":\"https:\/\/secure.gravatar.com\/avatar\/93e18dce985a4dfed140ef5ef5ecc82be40a165cbb4838e421f46abb52b7c315?s=96&d=mm&r=g\",\"contentUrl\":\"https:\/\/secure.gravatar.com\/avatar\/93e18dce985a4dfed140ef5ef5ecc82be40a165cbb4838e421f46abb52b7c315?s=96&d=mm&r=g\",\"caption\":\"Evan Glomot\"},\"url\":\"https:\/\/theplayoffs.news\/fr\/author\/evanglomotgmail-com\/\"}]}<\/script>\n<!-- \/ Yoast SEO plugin. -->","yoast_head_json":{"title":"Chris Paul absent jusqu&rsquo;au match 5 de la s&eacute;rie face aux Nuggets - The Playoffs FR","robots":{"index":"index","follow":"follow","max-snippet":"max-snippet:-1","max-image-preview":"max-image-preview:large","max-video-preview":"max-video-preview:-1"},"canonical":"https:\/\/theplayoffs.news\/fr\/actualite-nba\/chris-paul-absent-nuggets\/","og_locale":"fr_FR","og_type":"article","og_title":"Chris Paul absent jusqu&rsquo;au match 5 de la s&eacute;rie face aux Nuggets - The Playoffs FR","og_url":"https:\/\/theplayoffs.news\/fr\/actualite-nba\/chris-paul-absent-nuggets\/","og_site_name":"The Playoffs FR","article_publisher":"https:\/\/www.facebook.com\/TheFreeAgentFR\/","article_modified_time":"2023-05-03T08:35:00+00:00","og_image":[{"width":1122,"height":631,"url":"https:\/\/theplayoffs.news\/fr\/wp-content\/uploads\/2021\/06\/Suns-Chris-Paul-in-health-protocols-listed-out-for-Game.jpg","type":"image\/jpeg"}],"author":"Evan Glomot","twitter_card":"summary_large_image","twitter_creator":"@TheFreeAgentFR","twitter_site":"@TheFreeAgentFR","twitter_misc":{"\u00c9crit par":"Evan Glomot","Dur\u00e9e de lecture estim\u00e9e":"1 minute"},"schema":{"@context":"https:\/\/schema.org","@graph":[{"@type":"WebPage","@id":"https:\/\/theplayoffs.news\/fr\/actualite-nba\/chris-paul-absent-nuggets\/","url":"https:\/\/theplayoffs.news\/fr\/actualite-nba\/chris-paul-absent-nuggets\/","name":"Chris Paul absent jusqu\u2019au match 5 de la s\u00e9rie face aux Nuggets - The Playoffs FR","isPartOf":{"@id":"https:\/\/theplayoffs.news\/fr\/#website"},"primaryImageOfPage":{"@id":"https:\/\/theplayoffs.news\/fr\/actualite-nba\/chris-paul-absent-nuggets\/#primaryimage"},"image":{"@id":"https:\/\/theplayoffs.news\/fr\/actualite-nba\/chris-paul-absent-nuggets\/#primaryimage"},"thumbnailUrl":"https:\/\/theplayoffs.news\/fr\/wp-content\/uploads\/2021\/06\/Suns-Chris-Paul-in-health-protocols-listed-out-for-Game.jpg","datePublished":"2023-05-03T08:34:59+00:00","dateModified":"2023-05-03T08:35:00+00:00","author":{"@id":"https:\/\/theplayoffs.news\/fr\/#\/schema\/person\/efcb1404f7c790a161fdc0aa29e81646"},"breadcrumb":{"@id":"https:\/\/theplayoffs.news\/fr\/actualite-nba\/chris-paul-absent-nuggets\/#breadcrumb"},"inLanguage":"fr-FR","potentialAction":[{"@type":"ReadAction","target":["https:\/\/theplayoffs.news\/fr\/actualite-nba\/chris-paul-absent-nuggets\/"]}]},{"@type":"ImageObject","inLanguage":"fr-FR","@id":"https:\/\/theplayoffs.news\/fr\/actualite-nba\/chris-paul-absent-nuggets\/#primaryimage","url":"https:\/\/theplayoffs.news\/fr\/wp-content\/uploads\/2021\/06\/Suns-Chris-Paul-in-health-protocols-listed-out-for-Game.jpg","contentUrl":"https:\/\/theplayoffs.news\/fr\/wp-content\/uploads\/2021\/06\/Suns-Chris-Paul-in-health-protocols-listed-out-for-Game.jpg","width":1122,"height":631,"caption":"paul"},{"@type":"BreadcrumbList","@id":"https:\/\/theplayoffs.news\/fr\/actualite-nba\/chris-paul-absent-nuggets\/#breadcrumb","itemListElement":[{"@type":"ListItem","position":1,"name":"Accueil","item":"https:\/\/theplayoffs.news\/fr\/"},{"@type":"ListItem","position":2,"name":"Chris Paul absent jusqu\u2019au match 5 de la s\u00e9rie face aux Nuggets"}]},{"@type":"WebSite","@id":"https:\/\/theplayoffs.news\/fr\/#website","url":"https:\/\/theplayoffs.news\/fr\/","name":"The Playoffs FR","description":"NBA-NFL-NHL-MLB","potentialAction":[{"@type":"SearchAction","target":{"@type":"EntryPoint","urlTemplate":"https:\/\/theplayoffs.news\/fr\/?s={search_term_string}"},"query-input":{"@type":"PropertyValueSpecification","valueRequired":true,"valueName":"search_term_string"}}],"inLanguage":"fr-FR"},{"@type":"Person","@id":"https:\/\/theplayoffs.news\/fr\/#\/schema\/person\/efcb1404f7c790a161fdc0aa29e81646","name":"Evan Glomot","image":{"@type":"ImageObject","inLanguage":"fr-FR","@id":"https:\/\/theplayoffs.news\/fr\/#\/schema\/person\/image\/","url":"https:\/\/secure.gravatar.com\/avatar\/93e18dce985a4dfed140ef5ef5ecc82be40a165cbb4838e421f46abb52b7c315?s=96&d=mm&r=g","contentUrl":"https:\/\/secure.gravatar.com\/avatar\/93e18dce985a4dfed140ef5ef5ecc82be40a165cbb4838e421f46abb52b7c315?s=96&d=mm&r=g","caption":"Evan Glomot"},"url":"https:\/\/theplayoffs.news\/fr\/author\/evanglomotgmail-com\/"}]}},"_links":{"self":[{"href":"https:\/\/theplayoffs.news\/fr\/wp-json\/wp\/v2\/posts\/587144","targetHints":{"allow":["GET"]}}],"collection":[{"href":"https:\/\/theplayoffs.news\/fr\/wp-json\/wp\/v2\/posts"}],"about":[{"href":"https:\/\/theplayoffs.news\/fr\/wp-json\/wp\/v2\/types\/post"}],"author":[{"embeddable":true,"href":"https:\/\/theplayoffs.news\/fr\/wp-json\/wp\/v2\/users\/180310144"}],"replies":[{"embeddable":true,"href":"https:\/\/theplayoffs.news\/fr\/wp-json\/wp\/v2\/comments?post=587144"}],"version-history":[{"count":3,"href":"https:\/\/theplayoffs.news\/fr\/wp-json\/wp\/v2\/posts\/587144\/revisions"}],"predecessor-version":[{"id":587158,"href":"https:\/\/theplayoffs.news\/fr\/wp-json\/wp\/v2\/posts\/587144\/revisions\/587158"}],"wp:featuredmedia":[{"embeddable":true,"href":"https:\/\/theplayoffs.news\/fr\/wp-json\/wp\/v2\/media\/306245"}],"wp:attachment":[{"href":"https:\/\/theplayoffs.news\/fr\/wp-json\/wp\/v2\/media?parent=587144"}],"wp:term":[{"taxonomy":"category","embeddable":true,"href":"https:\/\/theplayoffs.news\/fr\/wp-json\/wp\/v2\/categories?post=587144"},{"taxonomy":"post_tag","embeddable":true,"href":"https:\/\/theplayoffs.news\/fr\/wp-json\/wp\/v2\/tags?post=587144"},{"taxonomy":"sport","embeddable":true,"href":"https:\/\/theplayoffs.news\/fr\/wp-json\/wp\/v2\/sport?post=587144"},{"taxonomy":"saison","embeddable":true,"href":"https:\/\/theplayoffs.news\/fr\/wp-json\/wp\/v2\/saison?post=587144"}],"curies":[{"name":"wp","href":"https:\/\/api.w.org\/{rel}","templated":true}]}}