{"id":587140,"date":"2023-05-03T09:56:14","date_gmt":"2023-05-03T07:56:14","guid":{"rendered":"https:\/\/theplayoffs.news\/fr\/?p=587140"},"modified":"2023-05-03T10:00:07","modified_gmt":"2023-05-03T08:00:07","slug":"juju-smith-schuster-choisit-patriots-pour-leadership-belichick","status":"publish","type":"post","link":"https:\/\/theplayoffs.news\/fr\/actualite-nfl\/juju-smith-schuster-choisit-patriots-pour-leadership-belichick\/","title":{"rendered":"JuJu Smith-Schuster choisit les Patriots pour le leadership de Belichick"},"content":{"rendered":"<h2>JuJu Smith-Schuster, le talentueux receveur, a pris la d&eacute;cision de rejoindre les Patriots de la Nouvelle-Angleterre, citant l&rsquo;entra&icirc;neur-chef Bill Belichick comme un facteur important dans son choix.<\/h2><p><a href=\"https:\/\/theplayoffs.news\/fr\/joueur\/juju-smith-schuster-nfl-6240696\/\" class=\"trk-cta-link\" data-cta-trk='{\"ctaType\":\"Link\",\"ctaSubType\":\"main\"}'><strong>JuJu Smith-Schuster<\/strong><\/a>, qui a d&eacute;j&agrave; pass&eacute; cinq saisons avec les Steelers de Pittsburgh et a remport&eacute; une bague du Super Bowl avec les Chiefs de Kansas City la saison derni&egrave;re, pense qu&rsquo;il trouvera le succ&egrave;s sous la direction de Belichick, l&rsquo;un des entra&icirc;neurs les plus titr&eacute;s de la NFL.<\/p><p>Pendant son temps avec les Steelers, JuJu Smith-Schuster a eu l&rsquo;occasion de jouer contre les Patriots &agrave; trois reprises. Au cours de ces rencontres, il a d&eacute;velopp&eacute; un profond respect pour le style d&rsquo;entra&icirc;nement de Belichick et son souci du d&eacute;tail. JuJu Smith-Schuster a not&eacute; que le fait d&rsquo;&ecirc;tre doubl&eacute; par la d&eacute;fense de Belichick &eacute;tait un signe de respect, car l&rsquo;entra&icirc;neur le reconnaissait comme un joueur cl&eacute; de l&rsquo;&eacute;quipe adverse.<\/p><p>Maintenant, dans sa septi&egrave;me saison dans la NFL, Smith-Schuster est ravi de faire partie de l&rsquo;&eacute;quipe de Belichick.<\/p><blockquote><p>&laquo;&nbsp;Lorsque j&rsquo;&eacute;tais &agrave; Pittsburgh pendant cinq ans, nous nous sommes crois&eacute;s plusieurs fois. Je respecte son jeu &raquo;, a <a href=\"https:\/\/www.masslive.com\/patriots\/2023\/05\/juju-smith-schuster-bill-belichick-is-why-i-signed-respect-has-deep-roots.html\" class=\"trk-cta-link\" data-cta-trk='{\"ctaType\":\"Link\",\"ctaSubType\":\"main\"}'>d&eacute;clar&eacute; Smith-Schuster<\/a>. &laquo;&nbsp;Une chose que j&rsquo;ai apprise en jouant contre Bill, c&rsquo;est que si jamais il vous double, vous &ecirc;tes &eacute;videmment un joueur cl&eacute; &agrave; ses yeux. Donc, je pense qu&rsquo;&agrave; l&rsquo;&eacute;poque, quand il faisait &ccedil;a, je l&rsquo;ai vu comme, &lsquo;OK, il respecte mon jeu. Il me respecte. Pouvoir revenir en arri&egrave;re en 7e ann&eacute;e, &ecirc;tre ici, montre en quelque sorte qu&rsquo;il a toujours &ccedil;a pour moi.<\/p><\/blockquote><p>En plus de son admiration pour Belichick, JuJu Smith-Schuster a &eacute;t&eacute; impressionn&eacute; par l&rsquo;organisation des Patriots dans son ensemble, y compris le jeune quart-arri&egrave;re de l&rsquo;&eacute;quipe, Mac Jones.<\/p><p>Le receveur voit un grand potentiel en Jones et estime que le QB &laquo;&nbsp;n&rsquo;a pas de limite&nbsp;&raquo;. L&rsquo;exp&eacute;rience positive de JuJu Smith-Schuster avec les Patriots jusqu&rsquo;&agrave; pr&eacute;sent l&rsquo;a laiss&eacute; optimiste quant &agrave; l&rsquo;avenir de l&rsquo;&eacute;quipe, exprimant sa confiance que leur potentiel sera pleinement mis en valeur cette saison &agrave; venir.<\/p><p>La d&eacute;cision de Smith-Schuster de rejoindre les Patriots met en &eacute;vidence l&rsquo;attrait durable du leadership de Belichick et la r&eacute;putation de l&rsquo;organisation de la Nouvelle-Angleterre.<\/p>\n","protected":false},"excerpt":{"rendered":"","protected":false},"author":13,"featured_media":587141,"comment_status":"open","ping_status":"closed","sticky":false,"template":"","format":"standard","meta":{"inline_featured_image":false,"kia_subtitle":"","_mux_skip_reasons":[],"proofreadBy":0,"footnotes":""},"categories":[118,40],"tags":[1636,86],"sport":[],"saison":[],"class_list":["post-587140","post","type-post","status-publish","format-standard","has-post-thumbnail","hentry","category-actualite-nfl","category-nfl","tag-juju-smith-schuster","tag-patriots"],"acf":[],"yoast_head":"<!-- This site is optimized with the Yoast SEO plugin v24.2 - https:\/\/yoast.com\/wordpress\/plugins\/seo\/ -->\n<title>JuJu Smith-Schuster choisit les Patriots pour le leadership de Belichick - The Playoffs FR<\/title>\n<meta name=\"robots\" content=\"index, follow, max-snippet:-1, max-image-preview:large, max-video-preview:-1\" \/>\n<link rel=\"canonical\" href=\"https:\/\/theplayoffs.news\/fr\/actualite-nfl\/juju-smith-schuster-choisit-patriots-pour-leadership-belichick\/\" \/>\n<meta property=\"og:locale\" content=\"fr_FR\" \/>\n<meta property=\"og:type\" content=\"article\" \/>\n<meta property=\"og:title\" content=\"JuJu Smith-Schuster choisit les Patriots pour le leadership de Belichick - The Playoffs FR\" \/>\n<meta property=\"og:url\" content=\"https:\/\/theplayoffs.news\/fr\/actualite-nfl\/juju-smith-schuster-choisit-patriots-pour-leadership-belichick\/\" \/>\n<meta property=\"og:site_name\" content=\"The Playoffs FR\" \/>\n<meta property=\"article:publisher\" content=\"https:\/\/www.facebook.com\/TheFreeAgentFR\/\" \/>\n<meta property=\"article:modified_time\" content=\"2023-05-03T10:00:07+02:00\" \/>\n<meta property=\"og:image\" content=\"https:\/\/theplayoffs.news\/fr\/wp-content\/uploads\/2023\/05\/Juju-smith-schuster.jpg\" \/>\n\t<meta property=\"og:image:width\" content=\"1200\" \/>\n\t<meta property=\"og:image:height\" content=\"800\" \/>\n\t<meta property=\"og:image:type\" content=\"image\/jpeg\" \/>\n<meta name=\"author\" content=\"Charles Taudin\" \/>\n<meta name=\"twitter:card\" content=\"summary_large_image\" \/>\n<meta name=\"twitter:creator\" content=\"@TheFreeAgentFR\" \/>\n<meta name=\"twitter:site\" content=\"@TheFreeAgentFR\" \/>\n<meta name=\"twitter:label1\" content=\"\u00c9crit par\" \/>\n\t<meta name=\"twitter:data1\" content=\"Charles Taudin\" \/>\n\t<meta name=\"twitter:label2\" content=\"Dur\u00e9e de lecture estim\u00e9e\" \/>\n\t<meta name=\"twitter:data2\" content=\"2 minutes\" \/>\n<script type=\"application\/ld+json\" class=\"yoast-schema-graph\">{\"@context\":\"https:\/\/schema.org\",\"@graph\":[{\"@type\":\"WebPage\",\"@id\":\"https:\/\/theplayoffs.news\/fr\/actualite-nfl\/juju-smith-schuster-choisit-patriots-pour-leadership-belichick\/\",\"url\":\"https:\/\/theplayoffs.news\/fr\/actualite-nfl\/juju-smith-schuster-choisit-patriots-pour-leadership-belichick\/\",\"name\":\"JuJu Smith-Schuster choisit les Patriots pour le leadership de Belichick - The Playoffs FR\",\"isPartOf\":{\"@id\":\"https:\/\/theplayoffs.news\/fr\/#website\"},\"primaryImageOfPage\":{\"@id\":\"https:\/\/theplayoffs.news\/fr\/actualite-nfl\/juju-smith-schuster-choisit-patriots-pour-leadership-belichick\/#primaryimage\"},\"image\":{\"@id\":\"https:\/\/theplayoffs.news\/fr\/actualite-nfl\/juju-smith-schuster-choisit-patriots-pour-leadership-belichick\/#primaryimage\"},\"thumbnailUrl\":\"https:\/\/theplayoffs.news\/fr\/wp-content\/uploads\/2023\/05\/Juju-smith-schuster.jpg\",\"datePublished\":\"2023-05-03T07:56:14+00:00\",\"dateModified\":\"2023-05-03T08:00:07+00:00\",\"author\":{\"@id\":\"https:\/\/theplayoffs.news\/fr\/#\/schema\/person\/eee5b69ad5d3c51cabe881c839dbe133\"},\"breadcrumb\":{\"@id\":\"https:\/\/theplayoffs.news\/fr\/actualite-nfl\/juju-smith-schuster-choisit-patriots-pour-leadership-belichick\/#breadcrumb\"},\"inLanguage\":\"fr-FR\",\"potentialAction\":[{\"@type\":\"ReadAction\",\"target\":[\"https:\/\/theplayoffs.news\/fr\/actualite-nfl\/juju-smith-schuster-choisit-patriots-pour-leadership-belichick\/\"]}]},{\"@type\":\"ImageObject\",\"inLanguage\":\"fr-FR\",\"@id\":\"https:\/\/theplayoffs.news\/fr\/actualite-nfl\/juju-smith-schuster-choisit-patriots-pour-leadership-belichick\/#primaryimage\",\"url\":\"https:\/\/theplayoffs.news\/fr\/wp-content\/uploads\/2023\/05\/Juju-smith-schuster.jpg\",\"contentUrl\":\"https:\/\/theplayoffs.news\/fr\/wp-content\/uploads\/2023\/05\/Juju-smith-schuster.jpg\",\"width\":1200,\"height\":800,\"caption\":\"JuJu Smith-schuster\"},{\"@type\":\"BreadcrumbList\",\"@id\":\"https:\/\/theplayoffs.news\/fr\/actualite-nfl\/juju-smith-schuster-choisit-patriots-pour-leadership-belichick\/#breadcrumb\",\"itemListElement\":[{\"@type\":\"ListItem\",\"position\":1,\"name\":\"Accueil\",\"item\":\"https:\/\/theplayoffs.news\/fr\/\"},{\"@type\":\"ListItem\",\"position\":2,\"name\":\"JuJu Smith-Schuster choisit les Patriots pour le leadership de Belichick\"}]},{\"@type\":\"WebSite\",\"@id\":\"https:\/\/theplayoffs.news\/fr\/#website\",\"url\":\"https:\/\/theplayoffs.news\/fr\/\",\"name\":\"The Playoffs FR\",\"description\":\"NBA-NFL-NHL-MLB\",\"potentialAction\":[{\"@type\":\"SearchAction\",\"target\":{\"@type\":\"EntryPoint\",\"urlTemplate\":\"https:\/\/theplayoffs.news\/fr\/?s={search_term_string}\"},\"query-input\":{\"@type\":\"PropertyValueSpecification\",\"valueRequired\":true,\"valueName\":\"search_term_string\"}}],\"inLanguage\":\"fr-FR\"},{\"@type\":\"Person\",\"@id\":\"https:\/\/theplayoffs.news\/fr\/#\/schema\/person\/eee5b69ad5d3c51cabe881c839dbe133\",\"name\":\"Charles Taudin\",\"image\":{\"@type\":\"ImageObject\",\"inLanguage\":\"fr-FR\",\"@id\":\"https:\/\/theplayoffs.news\/fr\/#\/schema\/person\/image\/\",\"url\":\"https:\/\/secure.gravatar.com\/avatar\/59a1e772205ce9fd255edfcafc93013736822e20261f294c5753b20c41ede9f2?s=96&d=mm&r=g\",\"contentUrl\":\"https:\/\/secure.gravatar.com\/avatar\/59a1e772205ce9fd255edfcafc93013736822e20261f294c5753b20c41ede9f2?s=96&d=mm&r=g\",\"caption\":\"Charles Taudin\"},\"description\":\"R\u00e9dacteur en chef global de The Playoffs, j\u2019ai cr\u00e9\u00e9 The Free Agent, devenu The Playoffs FR, en 2020 durant la pand\u00e9mie. Amoureux depuis des ann\u00e9es des 4 sports majeurs am\u00e9ricains, j\u2019organise maintenant la strat\u00e9gie \u00e9ditoriale et les r\u00e9seaux sociaux de l\u2019ensemble des versions de The Playoffs. Il m\u2019arrive encore d\u2019\u00e9crire sur certains sports que j\u2019affectionne particuli\u00e8rement comme la NFL ou la MLB. Si vous devez retenir qu\u2019une chose : Eli Manning est le vrai GOAT pour avoir battu deux fois Tom Brady.\",\"sameAs\":[\"https:\/\/www.instagram.com\/ctaudin_\/\"],\"url\":\"https:\/\/theplayoffs.news\/fr\/author\/charles-taudin\/\"}]}<\/script>\n<!-- \/ Yoast SEO plugin. -->","yoast_head_json":{"title":"JuJu Smith-Schuster choisit les Patriots pour le leadership de Belichick - The Playoffs FR","robots":{"index":"index","follow":"follow","max-snippet":"max-snippet:-1","max-image-preview":"max-image-preview:large","max-video-preview":"max-video-preview:-1"},"canonical":"https:\/\/theplayoffs.news\/fr\/actualite-nfl\/juju-smith-schuster-choisit-patriots-pour-leadership-belichick\/","og_locale":"fr_FR","og_type":"article","og_title":"JuJu Smith-Schuster choisit les Patriots pour le leadership de Belichick - The Playoffs FR","og_url":"https:\/\/theplayoffs.news\/fr\/actualite-nfl\/juju-smith-schuster-choisit-patriots-pour-leadership-belichick\/","og_site_name":"The Playoffs FR","article_publisher":"https:\/\/www.facebook.com\/TheFreeAgentFR\/","article_modified_time":"2023-05-03T08:00:07+00:00","og_image":[{"width":1200,"height":800,"url":"https:\/\/theplayoffs.news\/fr\/wp-content\/uploads\/2023\/05\/Juju-smith-schuster.jpg","type":"image\/jpeg"}],"author":"Charles Taudin","twitter_card":"summary_large_image","twitter_creator":"@TheFreeAgentFR","twitter_site":"@TheFreeAgentFR","twitter_misc":{"\u00c9crit par":"Charles Taudin","Dur\u00e9e de lecture estim\u00e9e":"2 minutes"},"schema":{"@context":"https:\/\/schema.org","@graph":[{"@type":"WebPage","@id":"https:\/\/theplayoffs.news\/fr\/actualite-nfl\/juju-smith-schuster-choisit-patriots-pour-leadership-belichick\/","url":"https:\/\/theplayoffs.news\/fr\/actualite-nfl\/juju-smith-schuster-choisit-patriots-pour-leadership-belichick\/","name":"JuJu Smith-Schuster choisit les Patriots pour le leadership de Belichick - The Playoffs FR","isPartOf":{"@id":"https:\/\/theplayoffs.news\/fr\/#website"},"primaryImageOfPage":{"@id":"https:\/\/theplayoffs.news\/fr\/actualite-nfl\/juju-smith-schuster-choisit-patriots-pour-leadership-belichick\/#primaryimage"},"image":{"@id":"https:\/\/theplayoffs.news\/fr\/actualite-nfl\/juju-smith-schuster-choisit-patriots-pour-leadership-belichick\/#primaryimage"},"thumbnailUrl":"https:\/\/theplayoffs.news\/fr\/wp-content\/uploads\/2023\/05\/Juju-smith-schuster.jpg","datePublished":"2023-05-03T07:56:14+00:00","dateModified":"2023-05-03T08:00:07+00:00","author":{"@id":"https:\/\/theplayoffs.news\/fr\/#\/schema\/person\/eee5b69ad5d3c51cabe881c839dbe133"},"breadcrumb":{"@id":"https:\/\/theplayoffs.news\/fr\/actualite-nfl\/juju-smith-schuster-choisit-patriots-pour-leadership-belichick\/#breadcrumb"},"inLanguage":"fr-FR","potentialAction":[{"@type":"ReadAction","target":["https:\/\/theplayoffs.news\/fr\/actualite-nfl\/juju-smith-schuster-choisit-patriots-pour-leadership-belichick\/"]}]},{"@type":"ImageObject","inLanguage":"fr-FR","@id":"https:\/\/theplayoffs.news\/fr\/actualite-nfl\/juju-smith-schuster-choisit-patriots-pour-leadership-belichick\/#primaryimage","url":"https:\/\/theplayoffs.news\/fr\/wp-content\/uploads\/2023\/05\/Juju-smith-schuster.jpg","contentUrl":"https:\/\/theplayoffs.news\/fr\/wp-content\/uploads\/2023\/05\/Juju-smith-schuster.jpg","width":1200,"height":800,"caption":"JuJu Smith-schuster"},{"@type":"BreadcrumbList","@id":"https:\/\/theplayoffs.news\/fr\/actualite-nfl\/juju-smith-schuster-choisit-patriots-pour-leadership-belichick\/#breadcrumb","itemListElement":[{"@type":"ListItem","position":1,"name":"Accueil","item":"https:\/\/theplayoffs.news\/fr\/"},{"@type":"ListItem","position":2,"name":"JuJu Smith-Schuster choisit les Patriots pour le leadership de Belichick"}]},{"@type":"WebSite","@id":"https:\/\/theplayoffs.news\/fr\/#website","url":"https:\/\/theplayoffs.news\/fr\/","name":"The Playoffs FR","description":"NBA-NFL-NHL-MLB","potentialAction":[{"@type":"SearchAction","target":{"@type":"EntryPoint","urlTemplate":"https:\/\/theplayoffs.news\/fr\/?s={search_term_string}"},"query-input":{"@type":"PropertyValueSpecification","valueRequired":true,"valueName":"search_term_string"}}],"inLanguage":"fr-FR"},{"@type":"Person","@id":"https:\/\/theplayoffs.news\/fr\/#\/schema\/person\/eee5b69ad5d3c51cabe881c839dbe133","name":"Charles Taudin","image":{"@type":"ImageObject","inLanguage":"fr-FR","@id":"https:\/\/theplayoffs.news\/fr\/#\/schema\/person\/image\/","url":"https:\/\/secure.gravatar.com\/avatar\/59a1e772205ce9fd255edfcafc93013736822e20261f294c5753b20c41ede9f2?s=96&d=mm&r=g","contentUrl":"https:\/\/secure.gravatar.com\/avatar\/59a1e772205ce9fd255edfcafc93013736822e20261f294c5753b20c41ede9f2?s=96&d=mm&r=g","caption":"Charles Taudin"},"description":"R\u00e9dacteur en chef global de The Playoffs, j\u2019ai cr\u00e9\u00e9 The Free Agent, devenu The Playoffs FR, en 2020 durant la pand\u00e9mie. Amoureux depuis des ann\u00e9es des 4 sports majeurs am\u00e9ricains, j\u2019organise maintenant la strat\u00e9gie \u00e9ditoriale et les r\u00e9seaux sociaux de l\u2019ensemble des versions de The Playoffs. Il m\u2019arrive encore d\u2019\u00e9crire sur certains sports que j\u2019affectionne particuli\u00e8rement comme la NFL ou la MLB. Si vous devez retenir qu\u2019une chose : Eli Manning est le vrai GOAT pour avoir battu deux fois Tom Brady.","sameAs":["https:\/\/www.instagram.com\/ctaudin_\/"],"url":"https:\/\/theplayoffs.news\/fr\/author\/charles-taudin\/"}]}},"_links":{"self":[{"href":"https:\/\/theplayoffs.news\/fr\/wp-json\/wp\/v2\/posts\/587140","targetHints":{"allow":["GET"]}}],"collection":[{"href":"https:\/\/theplayoffs.news\/fr\/wp-json\/wp\/v2\/posts"}],"about":[{"href":"https:\/\/theplayoffs.news\/fr\/wp-json\/wp\/v2\/types\/post"}],"author":[{"embeddable":true,"href":"https:\/\/theplayoffs.news\/fr\/wp-json\/wp\/v2\/users\/13"}],"replies":[{"embeddable":true,"href":"https:\/\/theplayoffs.news\/fr\/wp-json\/wp\/v2\/comments?post=587140"}],"version-history":[{"count":2,"href":"https:\/\/theplayoffs.news\/fr\/wp-json\/wp\/v2\/posts\/587140\/revisions"}],"predecessor-version":[{"id":587143,"href":"https:\/\/theplayoffs.news\/fr\/wp-json\/wp\/v2\/posts\/587140\/revisions\/587143"}],"wp:featuredmedia":[{"embeddable":true,"href":"https:\/\/theplayoffs.news\/fr\/wp-json\/wp\/v2\/media\/587141"}],"wp:attachment":[{"href":"https:\/\/theplayoffs.news\/fr\/wp-json\/wp\/v2\/media?parent=587140"}],"wp:term":[{"taxonomy":"category","embeddable":true,"href":"https:\/\/theplayoffs.news\/fr\/wp-json\/wp\/v2\/categories?post=587140"},{"taxonomy":"post_tag","embeddable":true,"href":"https:\/\/theplayoffs.news\/fr\/wp-json\/wp\/v2\/tags?post=587140"},{"taxonomy":"sport","embeddable":true,"href":"https:\/\/theplayoffs.news\/fr\/wp-json\/wp\/v2\/sport?post=587140"},{"taxonomy":"saison","embeddable":true,"href":"https:\/\/theplayoffs.news\/fr\/wp-json\/wp\/v2\/saison?post=587140"}],"curies":[{"name":"wp","href":"https:\/\/api.w.org\/{rel}","templated":true}]}}