{"id":586912,"date":"2023-05-03T02:20:26","date_gmt":"2023-05-03T00:20:26","guid":{"rendered":"https:\/\/theplayoffs.news\/fr\/?p=586912"},"modified":"2023-05-03T02:20:28","modified_gmt":"2023-05-03T00:20:28","slug":"joel-embiid-elu-mvp-2023","status":"publish","type":"post","link":"https:\/\/theplayoffs.news\/fr\/actualite-nba\/joel-embiid-elu-mvp-2023\/","title":{"rendered":"Joel Embiid \u00e9lu MVP de la saison 2023"},"content":{"rendered":"<h2>Apr&egrave;s deux saisons en tant que dauphin de Nikola Jokic, Joel Embiid a obtenu cette nuit son premier titre de MVP en carri&egrave;re. Le Camerounais s&rsquo;impose devant le Serbe avec 73 voies contre 15.<\/h2><p>&nbsp;<\/p><p>Le jour de gloire est arriv&eacute; pour le Process&nbsp;! Apr&egrave;s plusieurs ann&eacute;es &agrave; courir derri&egrave;re le troph&eacute;e, <a href=\"https:\/\/theplayoffs.news\/fr\/joueur\/joel-embiid-philadelphia-76ers-nba\/\" class=\"trk-cta-link\" data-cta-trk='{\"ctaType\":\"Link\",\"ctaSubType\":\"main\"}'>Joel Embiid<\/a> est &eacute;lu MVP de la saison 2023. Il devance comme attendu <a href=\"https:\/\/theplayoffs.news\/fr\/joueur\/nikola-jokic-nba-6224670\/\" class=\"trk-cta-link\" data-cta-trk='{\"ctaType\":\"Link\",\"ctaSubType\":\"main\"}'>Nikola Jokic<\/a> et <a href=\"https:\/\/theplayoffs.news\/fr\/joueur\/giannis-antetokounmpo-milwaukee-bucks-nba\/\" class=\"trk-cta-link\" data-cta-trk='{\"ctaType\":\"Link\",\"ctaSubType\":\"main\"}'>Giannis Antetokounmpo<\/a>. Le pivot a port&eacute; les Sixers au troisi&egrave;me bilan de la ligue et aligne des stats monstrueuses&nbsp;: 33 points, 10 rebonds, 4 passes d&eacute;cisives, 1 interception et 1,7 contre de moyenne. Il est le premier pivot a terminer meilleur scoreur de la ligue deux ann&eacute;es de suite depuis Bob McAdoo.<\/p><p>&nbsp;<\/p><blockquote class=\"twitter-tweet\" data-width=\"500\" data-dnt=\"true\">\n<p lang=\"et\" dir=\"ltr\">The 2022-23 Kia NBA Most Valuable Player is&hellip; Joel Embiid!<a href=\"https:\/\/twitter.com\/hashtag\/NBAAwards?src=hash&amp;ref_src=twsrc%5Etfw\" class=\"trk-cta-link\" data-cta-trk='{\"ctaType\":\"Link\",\"ctaSubType\":\"main\"}'>#NBAAwards<\/a> | <a href=\"https:\/\/twitter.com\/hashtag\/KiaMVP?src=hash&amp;ref_src=twsrc%5Etfw\" class=\"trk-cta-link\" data-cta-trk='{\"ctaType\":\"Link\",\"ctaSubType\":\"main\"}'>#KiaMVP<\/a> | <a href=\"https:\/\/twitter.com\/Kia?ref_src=twsrc%5Etfw\" class=\"trk-cta-link\" data-cta-trk='{\"ctaType\":\"Link\",\"ctaSubType\":\"main\"}'>@Kia<\/a> <a href=\"https:\/\/t.co\/Ztj5HCzfuL\" class=\"trk-cta-link\" data-cta-trk='{\"ctaType\":\"Link\",\"ctaSubType\":\"main\"}'>pic.twitter.com\/Ztj5HCzfuL<\/a><\/p>\n<p>&mdash; NBA (@NBA) <a href=\"https:\/\/twitter.com\/NBA\/status\/1653535960867414016?ref_src=twsrc%5Etfw\" class=\"trk-cta-link\" data-cta-trk='{\"ctaType\":\"Link\",\"ctaSubType\":\"main\"}'>May 2, 2023<\/a><\/p><\/blockquote><p><script async src=\"https:\/\/platform.twitter.com\/widgets.js\" charset=\"utf-8\"><\/script><\/p><p>&nbsp;<\/p><p>Le Process a su magnifier son jeu pour encore passer un palier cette saison. Son &eacute;norme gabarit coupl&eacute; &agrave; sa vitesse, sa technique et sa mobilit&eacute; le rendent tout simplement ind&eacute;fendable. Joel a profit&eacute; de l&rsquo;arriver de James Harden pour exploiter de nouveaux espaces. Leur association en pick and roll et pick and pop est l&eacute;thale, il s&rsquo;ag&icirc;t du premier duo de meilleur passeur et meilleur scoreur dans une m&ecirc;me &eacute;quipe depuis 1982. Cela a permis &agrave; Embiid de r&eacute;aliser sa meilleur saison au tir avec <a href=\"https:\/\/www.espn.com\/nba\/player\/stats\/_\/id\/3059318\/joel-embiid\" class=\"trk-cta-link\" data-cta-trk='{\"ctaType\":\"Link\",\"ctaSubType\":\"main\"}'>55% de r&eacute;ussite<\/a>.<\/p><p>&nbsp;<\/p><h3>Une carri&egrave;re dans le basket compromise<\/h3><p>&nbsp;<\/p><p>N&eacute; &agrave; Yaound&eacute; en 1994, Joel Embiid se destine d&rsquo;abord &agrave; une carri&egrave;re de footballeur ou volleyeur professionnel. Ce n&rsquo;est qu&rsquo;&agrave; 15 ans qu&rsquo;il touche son premier ballon de basket et tombe en amour avec ce sport gr&acirc;ce &agrave; des highlights de Hakeem Olajuwon. L&rsquo;influence du Dream se ressent dans le jeu de Joel&nbsp;: moves au poste, mobilit&eacute;, athl&eacute;tisme, footwork.<\/p><p>&nbsp;<\/p><blockquote class=\"twitter-tweet\" data-width=\"500\" data-dnt=\"true\">\n<p lang=\"en\" dir=\"ltr\">your 2022-23 <a href=\"https:\/\/twitter.com\/Kia?ref_src=twsrc%5Etfw\" class=\"trk-cta-link\" data-cta-trk='{\"ctaType\":\"Link\",\"ctaSubType\":\"main\"}'>@Kia<\/a> NBA MVP: <a href=\"https:\/\/twitter.com\/JoelEmbiid?ref_src=twsrc%5Etfw\" class=\"trk-cta-link\" data-cta-trk='{\"ctaType\":\"Link\",\"ctaSubType\":\"main\"}'>@JoelEmbiid<\/a> &#127942;<a href=\"https:\/\/twitter.com\/hashtag\/KiaMVP?src=hash&amp;ref_src=twsrc%5Etfw\" class=\"trk-cta-link\" data-cta-trk='{\"ctaType\":\"Link\",\"ctaSubType\":\"main\"}'>#KiaMVP<\/a> <a href=\"https:\/\/t.co\/DNqnd5g9EY\" class=\"trk-cta-link\" data-cta-trk='{\"ctaType\":\"Link\",\"ctaSubType\":\"main\"}'>pic.twitter.com\/DNqnd5g9EY<\/a><\/p>\n<p>&mdash; Philadelphia 76ers (@sixers) <a href=\"https:\/\/twitter.com\/sixers\/status\/1653538793180332033?ref_src=twsrc%5Etfw\" class=\"trk-cta-link\" data-cta-trk='{\"ctaType\":\"Link\",\"ctaSubType\":\"main\"}'>May 2, 2023<\/a><\/p><\/blockquote><p><script async src=\"https:\/\/platform.twitter.com\/widgets.js\" charset=\"utf-8\"><\/script><\/p><p>&nbsp;<\/p><p>Seulement un an plus tard, il est rep&eacute;r&eacute; dans un camp d&rsquo;entra&icirc;nement et d&eacute;m&eacute;nage faire ses &eacute;tudes aux Etats-Unis. Il pratique le basket &agrave; la Montverde Academy en Floride, puis chez les Jayhawks du Kansas &agrave; l&rsquo;universit&eacute;. Un tant pressenti &agrave; la premi&egrave;re place de la draft 2014, il descend en troisi&egrave;me position &agrave; cause de probl&egrave;mes de dos et est s&eacute;lectionn&eacute; par Philadelphie.<\/p><p>&nbsp;<\/p><p>Les blessures vont en effet fortement handicaper son d&eacute;but de carri&egrave;re. Il r&eacute;alise deux saisons blanches et ne joue que 31 matchs lors de sa premi&egrave;re saison en 2017. Ces absences vont cr&eacute;er une nouvelle aire chez les Sixers&nbsp;: &laquo;&nbsp;Trust the process&nbsp;&raquo;. Philadelphie va r&eacute;aliser parmi les pires saisons de l&rsquo;histoire pour essayer de l&rsquo;entourer avec de hauts picks de draft&nbsp;: Markelle Fultz, Ben Simmons. Un fois que ce &laquo;&nbsp;process&nbsp;&raquo; sera terminer, Embiid pourra porter les Sixers au titre.<\/p><p>&nbsp;<\/p><p>Ce projet est pour l&rsquo;instant un &eacute;chec. Joel Embiid n&rsquo;a jamais d&eacute;pass&eacute; les demi-finales de conf&eacute;rence, et les paris Ben Simmons et Markelle Fultz n&rsquo;ont rien donn&eacute;. Cette saison, Jojo semble mieux entour&eacute; que jamais. L&rsquo;arriv&eacute;e de James Harden et le d&eacute;veloppement de Tyrese Maxey et Tobias Harris ont l&rsquo;air de faire leur preuves en play-offs. Philadelphie m&egrave;ne actuellement 1-0 face &agrave; Boston apr&egrave;s avoir sweep&eacute; les Nets au premier tour.<\/p><p>&nbsp;<\/p><p>Embiid souffre pour l&rsquo;instant d&rsquo;une blessure au genou et devrait &ecirc;tre de retour pour le match 3 face aux Celtics. Avec ce nouveau titre de MVP, il a plus que jamais la pression et doit prouver qu&rsquo;il est capable de mener son &eacute;quipe loin en play-offs.<\/p>\n","protected":false},"excerpt":{"rendered":"","protected":false},"author":180310163,"featured_media":586983,"comment_status":"open","ping_status":"closed","sticky":false,"template":"","format":"standard","meta":{"inline_featured_image":false,"kia_subtitle":"","_mux_skip_reasons":[],"proofreadBy":0,"footnotes":""},"categories":[110,10],"tags":[742,407,5896],"sport":[2783],"saison":[3453],"class_list":["post-586912","post","type-post","status-publish","format-standard","has-post-thumbnail","hentry","category-actualite-nba","category-nba","tag-joel-embiid","tag-mvp","tag-philadekphia-sixers","sport-nba","saison-3453"],"acf":[],"yoast_head":"<!-- This site is optimized with the Yoast SEO plugin v24.2 - https:\/\/yoast.com\/wordpress\/plugins\/seo\/ -->\n<title>Joel Embiid &eacute;lu MVP de la saison 2023 - The Playoffs FR<\/title>\n<meta name=\"robots\" content=\"index, follow, max-snippet:-1, max-image-preview:large, max-video-preview:-1\" \/>\n<link rel=\"canonical\" href=\"https:\/\/theplayoffs.news\/fr\/actualite-nba\/joel-embiid-elu-mvp-2023\/\" \/>\n<meta property=\"og:locale\" content=\"fr_FR\" \/>\n<meta property=\"og:type\" content=\"article\" \/>\n<meta property=\"og:title\" content=\"Joel Embiid &eacute;lu MVP de la saison 2023 - The Playoffs FR\" \/>\n<meta property=\"og:url\" content=\"https:\/\/theplayoffs.news\/fr\/actualite-nba\/joel-embiid-elu-mvp-2023\/\" \/>\n<meta property=\"og:site_name\" content=\"The Playoffs FR\" \/>\n<meta property=\"article:publisher\" content=\"https:\/\/www.facebook.com\/TheFreeAgentFR\/\" \/>\n<meta property=\"article:modified_time\" content=\"2023-05-03T02:20:28+02:00\" \/>\n<meta property=\"og:image\" content=\"https:\/\/theplayoffs.news\/fr\/wp-content\/uploads\/2023\/05\/FvKJ6LZaUAEj4E1.jpg\" \/>\n\t<meta property=\"og:image:width\" content=\"680\" \/>\n\t<meta property=\"og:image:height\" content=\"454\" \/>\n\t<meta property=\"og:image:type\" content=\"image\/jpeg\" \/>\n<meta name=\"author\" content=\"Vincent Roume\" \/>\n<meta name=\"twitter:card\" content=\"summary_large_image\" \/>\n<meta name=\"twitter:creator\" content=\"@TheFreeAgentFR\" \/>\n<meta name=\"twitter:site\" content=\"@TheFreeAgentFR\" \/>\n<meta name=\"twitter:label1\" content=\"\u00c9crit par\" \/>\n\t<meta name=\"twitter:data1\" content=\"Vincent Roume\" \/>\n\t<meta name=\"twitter:label2\" content=\"Dur\u00e9e de lecture estim\u00e9e\" \/>\n\t<meta name=\"twitter:data2\" content=\"3 minutes\" \/>\n<script type=\"application\/ld+json\" class=\"yoast-schema-graph\">{\"@context\":\"https:\/\/schema.org\",\"@graph\":[{\"@type\":\"WebPage\",\"@id\":\"https:\/\/theplayoffs.news\/fr\/actualite-nba\/joel-embiid-elu-mvp-2023\/\",\"url\":\"https:\/\/theplayoffs.news\/fr\/actualite-nba\/joel-embiid-elu-mvp-2023\/\",\"name\":\"Joel Embiid \u00e9lu MVP de la saison 2023 - The Playoffs FR\",\"isPartOf\":{\"@id\":\"https:\/\/theplayoffs.news\/fr\/#website\"},\"primaryImageOfPage\":{\"@id\":\"https:\/\/theplayoffs.news\/fr\/actualite-nba\/joel-embiid-elu-mvp-2023\/#primaryimage\"},\"image\":{\"@id\":\"https:\/\/theplayoffs.news\/fr\/actualite-nba\/joel-embiid-elu-mvp-2023\/#primaryimage\"},\"thumbnailUrl\":\"https:\/\/theplayoffs.news\/fr\/wp-content\/uploads\/2023\/05\/FvKJ6LZaUAEj4E1.jpg\",\"datePublished\":\"2023-05-03T00:20:26+00:00\",\"dateModified\":\"2023-05-03T00:20:28+00:00\",\"author\":{\"@id\":\"https:\/\/theplayoffs.news\/fr\/#\/schema\/person\/e1eb37e783b47f37f6df5a709b09eae2\"},\"breadcrumb\":{\"@id\":\"https:\/\/theplayoffs.news\/fr\/actualite-nba\/joel-embiid-elu-mvp-2023\/#breadcrumb\"},\"inLanguage\":\"fr-FR\",\"potentialAction\":[{\"@type\":\"ReadAction\",\"target\":[\"https:\/\/theplayoffs.news\/fr\/actualite-nba\/joel-embiid-elu-mvp-2023\/\"]}]},{\"@type\":\"ImageObject\",\"inLanguage\":\"fr-FR\",\"@id\":\"https:\/\/theplayoffs.news\/fr\/actualite-nba\/joel-embiid-elu-mvp-2023\/#primaryimage\",\"url\":\"https:\/\/theplayoffs.news\/fr\/wp-content\/uploads\/2023\/05\/FvKJ6LZaUAEj4E1.jpg\",\"contentUrl\":\"https:\/\/theplayoffs.news\/fr\/wp-content\/uploads\/2023\/05\/FvKJ6LZaUAEj4E1.jpg\",\"width\":680,\"height\":454,\"caption\":\"Joel Embiid, MVP\"},{\"@type\":\"BreadcrumbList\",\"@id\":\"https:\/\/theplayoffs.news\/fr\/actualite-nba\/joel-embiid-elu-mvp-2023\/#breadcrumb\",\"itemListElement\":[{\"@type\":\"ListItem\",\"position\":1,\"name\":\"Accueil\",\"item\":\"https:\/\/theplayoffs.news\/fr\/\"},{\"@type\":\"ListItem\",\"position\":2,\"name\":\"Joel Embiid \u00e9lu MVP de la saison 2023\"}]},{\"@type\":\"WebSite\",\"@id\":\"https:\/\/theplayoffs.news\/fr\/#website\",\"url\":\"https:\/\/theplayoffs.news\/fr\/\",\"name\":\"The Playoffs FR\",\"description\":\"NBA-NFL-NHL-MLB\",\"potentialAction\":[{\"@type\":\"SearchAction\",\"target\":{\"@type\":\"EntryPoint\",\"urlTemplate\":\"https:\/\/theplayoffs.news\/fr\/?s={search_term_string}\"},\"query-input\":{\"@type\":\"PropertyValueSpecification\",\"valueRequired\":true,\"valueName\":\"search_term_string\"}}],\"inLanguage\":\"fr-FR\"},{\"@type\":\"Person\",\"@id\":\"https:\/\/theplayoffs.news\/fr\/#\/schema\/person\/e1eb37e783b47f37f6df5a709b09eae2\",\"name\":\"Vincent Roume\",\"image\":{\"@type\":\"ImageObject\",\"inLanguage\":\"fr-FR\",\"@id\":\"https:\/\/theplayoffs.news\/fr\/#\/schema\/person\/image\/\",\"url\":\"https:\/\/secure.gravatar.com\/avatar\/369ea9e86b8e0b97c7028ca828abb59d958ea6f5a23ce2eb8c04af3eb2dbd218?s=96&d=mm&r=g\",\"contentUrl\":\"https:\/\/secure.gravatar.com\/avatar\/369ea9e86b8e0b97c7028ca828abb59d958ea6f5a23ce2eb8c04af3eb2dbd218?s=96&d=mm&r=g\",\"caption\":\"Vincent Roume\"},\"url\":\"https:\/\/theplayoffs.news\/fr\/author\/vincent-roumegmail-com\/\"}]}<\/script>\n<!-- \/ Yoast SEO plugin. -->","yoast_head_json":{"title":"Joel Embiid &eacute;lu MVP de la saison 2023 - The Playoffs FR","robots":{"index":"index","follow":"follow","max-snippet":"max-snippet:-1","max-image-preview":"max-image-preview:large","max-video-preview":"max-video-preview:-1"},"canonical":"https:\/\/theplayoffs.news\/fr\/actualite-nba\/joel-embiid-elu-mvp-2023\/","og_locale":"fr_FR","og_type":"article","og_title":"Joel Embiid &eacute;lu MVP de la saison 2023 - The Playoffs FR","og_url":"https:\/\/theplayoffs.news\/fr\/actualite-nba\/joel-embiid-elu-mvp-2023\/","og_site_name":"The Playoffs FR","article_publisher":"https:\/\/www.facebook.com\/TheFreeAgentFR\/","article_modified_time":"2023-05-03T00:20:28+00:00","og_image":[{"width":680,"height":454,"url":"https:\/\/theplayoffs.news\/fr\/wp-content\/uploads\/2023\/05\/FvKJ6LZaUAEj4E1.jpg","type":"image\/jpeg"}],"author":"Vincent Roume","twitter_card":"summary_large_image","twitter_creator":"@TheFreeAgentFR","twitter_site":"@TheFreeAgentFR","twitter_misc":{"\u00c9crit par":"Vincent Roume","Dur\u00e9e de lecture estim\u00e9e":"3 minutes"},"schema":{"@context":"https:\/\/schema.org","@graph":[{"@type":"WebPage","@id":"https:\/\/theplayoffs.news\/fr\/actualite-nba\/joel-embiid-elu-mvp-2023\/","url":"https:\/\/theplayoffs.news\/fr\/actualite-nba\/joel-embiid-elu-mvp-2023\/","name":"Joel Embiid \u00e9lu MVP de la saison 2023 - The Playoffs FR","isPartOf":{"@id":"https:\/\/theplayoffs.news\/fr\/#website"},"primaryImageOfPage":{"@id":"https:\/\/theplayoffs.news\/fr\/actualite-nba\/joel-embiid-elu-mvp-2023\/#primaryimage"},"image":{"@id":"https:\/\/theplayoffs.news\/fr\/actualite-nba\/joel-embiid-elu-mvp-2023\/#primaryimage"},"thumbnailUrl":"https:\/\/theplayoffs.news\/fr\/wp-content\/uploads\/2023\/05\/FvKJ6LZaUAEj4E1.jpg","datePublished":"2023-05-03T00:20:26+00:00","dateModified":"2023-05-03T00:20:28+00:00","author":{"@id":"https:\/\/theplayoffs.news\/fr\/#\/schema\/person\/e1eb37e783b47f37f6df5a709b09eae2"},"breadcrumb":{"@id":"https:\/\/theplayoffs.news\/fr\/actualite-nba\/joel-embiid-elu-mvp-2023\/#breadcrumb"},"inLanguage":"fr-FR","potentialAction":[{"@type":"ReadAction","target":["https:\/\/theplayoffs.news\/fr\/actualite-nba\/joel-embiid-elu-mvp-2023\/"]}]},{"@type":"ImageObject","inLanguage":"fr-FR","@id":"https:\/\/theplayoffs.news\/fr\/actualite-nba\/joel-embiid-elu-mvp-2023\/#primaryimage","url":"https:\/\/theplayoffs.news\/fr\/wp-content\/uploads\/2023\/05\/FvKJ6LZaUAEj4E1.jpg","contentUrl":"https:\/\/theplayoffs.news\/fr\/wp-content\/uploads\/2023\/05\/FvKJ6LZaUAEj4E1.jpg","width":680,"height":454,"caption":"Joel Embiid, MVP"},{"@type":"BreadcrumbList","@id":"https:\/\/theplayoffs.news\/fr\/actualite-nba\/joel-embiid-elu-mvp-2023\/#breadcrumb","itemListElement":[{"@type":"ListItem","position":1,"name":"Accueil","item":"https:\/\/theplayoffs.news\/fr\/"},{"@type":"ListItem","position":2,"name":"Joel Embiid \u00e9lu MVP de la saison 2023"}]},{"@type":"WebSite","@id":"https:\/\/theplayoffs.news\/fr\/#website","url":"https:\/\/theplayoffs.news\/fr\/","name":"The Playoffs FR","description":"NBA-NFL-NHL-MLB","potentialAction":[{"@type":"SearchAction","target":{"@type":"EntryPoint","urlTemplate":"https:\/\/theplayoffs.news\/fr\/?s={search_term_string}"},"query-input":{"@type":"PropertyValueSpecification","valueRequired":true,"valueName":"search_term_string"}}],"inLanguage":"fr-FR"},{"@type":"Person","@id":"https:\/\/theplayoffs.news\/fr\/#\/schema\/person\/e1eb37e783b47f37f6df5a709b09eae2","name":"Vincent Roume","image":{"@type":"ImageObject","inLanguage":"fr-FR","@id":"https:\/\/theplayoffs.news\/fr\/#\/schema\/person\/image\/","url":"https:\/\/secure.gravatar.com\/avatar\/369ea9e86b8e0b97c7028ca828abb59d958ea6f5a23ce2eb8c04af3eb2dbd218?s=96&d=mm&r=g","contentUrl":"https:\/\/secure.gravatar.com\/avatar\/369ea9e86b8e0b97c7028ca828abb59d958ea6f5a23ce2eb8c04af3eb2dbd218?s=96&d=mm&r=g","caption":"Vincent Roume"},"url":"https:\/\/theplayoffs.news\/fr\/author\/vincent-roumegmail-com\/"}]}},"_links":{"self":[{"href":"https:\/\/theplayoffs.news\/fr\/wp-json\/wp\/v2\/posts\/586912","targetHints":{"allow":["GET"]}}],"collection":[{"href":"https:\/\/theplayoffs.news\/fr\/wp-json\/wp\/v2\/posts"}],"about":[{"href":"https:\/\/theplayoffs.news\/fr\/wp-json\/wp\/v2\/types\/post"}],"author":[{"embeddable":true,"href":"https:\/\/theplayoffs.news\/fr\/wp-json\/wp\/v2\/users\/180310163"}],"replies":[{"embeddable":true,"href":"https:\/\/theplayoffs.news\/fr\/wp-json\/wp\/v2\/comments?post=586912"}],"version-history":[{"count":5,"href":"https:\/\/theplayoffs.news\/fr\/wp-json\/wp\/v2\/posts\/586912\/revisions"}],"predecessor-version":[{"id":586989,"href":"https:\/\/theplayoffs.news\/fr\/wp-json\/wp\/v2\/posts\/586912\/revisions\/586989"}],"wp:featuredmedia":[{"embeddable":true,"href":"https:\/\/theplayoffs.news\/fr\/wp-json\/wp\/v2\/media\/586983"}],"wp:attachment":[{"href":"https:\/\/theplayoffs.news\/fr\/wp-json\/wp\/v2\/media?parent=586912"}],"wp:term":[{"taxonomy":"category","embeddable":true,"href":"https:\/\/theplayoffs.news\/fr\/wp-json\/wp\/v2\/categories?post=586912"},{"taxonomy":"post_tag","embeddable":true,"href":"https:\/\/theplayoffs.news\/fr\/wp-json\/wp\/v2\/tags?post=586912"},{"taxonomy":"sport","embeddable":true,"href":"https:\/\/theplayoffs.news\/fr\/wp-json\/wp\/v2\/sport?post=586912"},{"taxonomy":"saison","embeddable":true,"href":"https:\/\/theplayoffs.news\/fr\/wp-json\/wp\/v2\/saison?post=586912"}],"curies":[{"name":"wp","href":"https:\/\/api.w.org\/{rel}","templated":true}]}}