{"id":586895,"date":"2023-05-02T13:27:01","date_gmt":"2023-05-02T11:27:01","guid":{"rendered":"https:\/\/theplayoffs.news\/fr\/?p=586895"},"modified":"2023-05-02T13:27:02","modified_gmt":"2023-05-02T11:27:02","slug":"mavericks-wolves-abu-dhabi","status":"publish","type":"post","link":"https:\/\/theplayoffs.news\/fr\/actualite-nba\/mavericks-wolves-abu-dhabi\/","title":{"rendered":"Les Mavericks et les Wolves seront \u00e0 Abu Dhabi pour la pr\u00e9-saison"},"content":{"rendered":"<h2>Ce n&rsquo;est pas nouveau, la NBA s&rsquo;&eacute;tend de plus en plus &agrave; travers le monde en allant jouer des matchs un peu partout. L&rsquo;op&eacute;ration est renouvel&eacute;e pour la prochaine pr&eacute;-saison avec deux matchs de pr&eacute;vu &agrave; Abu Dhabi.<\/h2><p>La NBA souhaite toujours internationaliser le plus possible son produit. Pour ce faire, des matchs au Japon, en Chine, en Angleterre et en France ont d&eacute;j&agrave; eu lieu par le pass&eacute;. Depuis quelques ann&eacute;es, le Moyen-Orient prend de plus en plus d&rsquo;importance dans le paysage sportif. L&rsquo;ann&eacute;e derni&egrave;re, <a href=\"https:\/\/theplayoffs.news\/fr\/nba-basketball\/hawks-bucks-pour-les-nba-abu-dhabi-games-2022\/\" class=\"trk-cta-link\" data-cta-trk='{\"ctaType\":\"Link\",\"ctaSubType\":\"main\"}'>les Bucks et les Hawks<\/a> avaient jou&eacute;s des matchs de pr&eacute;-saison &agrave; Abu Dhabi. Cette saison, c&rsquo;est les Mavericks et les Wolves qui iront l&agrave;-bas pour des rencontres le 5 et 7 octobre, deux semaines avant le d&eacute;but de la reprise.<\/p><blockquote class=\"twitter-tweet\" data-width=\"500\" data-dnt=\"true\">\n<p lang=\"en\" dir=\"ltr\">The Dallas Mavericks and the Minnesota Timberwolves are coming to Abu Dhabi to play two NBA preseason games on October 5 &amp; 7, 2023<\/p>\n<p>&mdash; Reem Abulleil (@ReemAbulleil) <a href=\"https:\/\/twitter.com\/ReemAbulleil\/status\/1653338247940956160?ref_src=twsrc%5Etfw\" class=\"trk-cta-link\" data-cta-trk='{\"ctaType\":\"Link\",\"ctaSubType\":\"main\"}'>May 2, 2023<\/a><\/p><\/blockquote><p><script async src=\"https:\/\/platform.twitter.com\/widgets.js\" charset=\"utf-8\"><\/script><\/p><p style=\"text-align: justify;\">Ces affrontements pr&eacute;vus cinq mois &agrave; l&rsquo;avance ne disent pas encore si les &eacute;quipes seront au complet ou pas. Une prime a peut-&ecirc;tre &eacute;t&eacute; vers&eacute;e pour s&rsquo;assurer la pr&eacute;sence de joueurs tels que <a href=\"https:\/\/theathletic.com\/4474477\/2023\/05\/01\/kyrie-irving-dallas-mavericks-free-agency\/\" class=\"trk-cta-link\" data-cta-trk='{\"ctaType\":\"Link\",\"ctaSubType\":\"main\"}'>Luka Doncic, Kyrie Irving<\/a>, Anthony Edwards ou Karl Anthony-Towns, s&rsquo;ils sont encore dans leurs franchises respectives.<\/p><p style=\"text-align: justify;\">En tout cas, les confrontations devraient &ecirc;tre agr&eacute;ables &agrave; regarder avec deux &eacute;quipes de bons niveaux, m&ecirc;me si l&rsquo;&eacute;t&eacute; pourrait &ecirc;tre mouvement&eacute; dans le Texas ainsi que dans le Minnesota.<\/p>\n","protected":false},"excerpt":{"rendered":"","protected":false},"author":180310174,"featured_media":586901,"comment_status":"open","ping_status":"closed","sticky":false,"template":"","format":"standard","meta":{"inline_featured_image":false,"kia_subtitle":"","_mux_skip_reasons":[],"proofreadBy":0,"footnotes":""},"categories":[110,10],"tags":[595,1522],"sport":[],"saison":[],"class_list":["post-586895","post","type-post","status-publish","format-standard","has-post-thumbnail","hentry","category-actualite-nba","category-nba","tag-dallas-mavericks","tag-wolves"],"acf":[],"yoast_head":"<!-- This site is optimized with the Yoast SEO plugin v24.2 - https:\/\/yoast.com\/wordpress\/plugins\/seo\/ -->\n<title>Les Mavericks et les Wolves seront &agrave; Abu Dhabi pour la pr&eacute;-saison - The Playoffs FR<\/title>\n<meta name=\"robots\" content=\"index, follow, max-snippet:-1, max-image-preview:large, max-video-preview:-1\" \/>\n<link rel=\"canonical\" href=\"https:\/\/theplayoffs.news\/fr\/actualite-nba\/mavericks-wolves-abu-dhabi\/\" \/>\n<meta property=\"og:locale\" content=\"fr_FR\" \/>\n<meta property=\"og:type\" content=\"article\" \/>\n<meta property=\"og:title\" content=\"Les Mavericks et les Wolves seront &agrave; Abu Dhabi pour la pr&eacute;-saison - The Playoffs FR\" \/>\n<meta property=\"og:url\" content=\"https:\/\/theplayoffs.news\/fr\/actualite-nba\/mavericks-wolves-abu-dhabi\/\" \/>\n<meta property=\"og:site_name\" content=\"The Playoffs FR\" \/>\n<meta property=\"article:publisher\" content=\"https:\/\/www.facebook.com\/TheFreeAgentFR\/\" \/>\n<meta property=\"article:modified_time\" content=\"2023-05-02T13:27:02+02:00\" \/>\n<meta property=\"og:image\" content=\"https:\/\/theplayoffs.news\/fr\/wp-content\/uploads\/2023\/05\/CEST-PAS-LA-TAILLE-QUI-COMPTE-16.jpg\" \/>\n\t<meta property=\"og:image:width\" content=\"1920\" \/>\n\t<meta property=\"og:image:height\" content=\"1080\" \/>\n\t<meta property=\"og:image:type\" content=\"image\/jpeg\" \/>\n<meta name=\"author\" content=\"Auguste Amar\" \/>\n<meta name=\"twitter:card\" content=\"summary_large_image\" \/>\n<meta name=\"twitter:creator\" content=\"@TheFreeAgentFR\" \/>\n<meta name=\"twitter:site\" content=\"@TheFreeAgentFR\" \/>\n<meta name=\"twitter:label1\" content=\"\u00c9crit par\" \/>\n\t<meta name=\"twitter:data1\" content=\"Auguste Amar\" \/>\n\t<meta name=\"twitter:label2\" content=\"Dur\u00e9e de lecture estim\u00e9e\" \/>\n\t<meta name=\"twitter:data2\" content=\"1 minute\" \/>\n<script type=\"application\/ld+json\" class=\"yoast-schema-graph\">{\"@context\":\"https:\/\/schema.org\",\"@graph\":[{\"@type\":\"WebPage\",\"@id\":\"https:\/\/theplayoffs.news\/fr\/actualite-nba\/mavericks-wolves-abu-dhabi\/\",\"url\":\"https:\/\/theplayoffs.news\/fr\/actualite-nba\/mavericks-wolves-abu-dhabi\/\",\"name\":\"Les Mavericks et les Wolves seront \u00e0 Abu Dhabi pour la pr\u00e9-saison - The Playoffs FR\",\"isPartOf\":{\"@id\":\"https:\/\/theplayoffs.news\/fr\/#website\"},\"primaryImageOfPage\":{\"@id\":\"https:\/\/theplayoffs.news\/fr\/actualite-nba\/mavericks-wolves-abu-dhabi\/#primaryimage\"},\"image\":{\"@id\":\"https:\/\/theplayoffs.news\/fr\/actualite-nba\/mavericks-wolves-abu-dhabi\/#primaryimage\"},\"thumbnailUrl\":\"https:\/\/theplayoffs.news\/fr\/wp-content\/uploads\/2023\/05\/CEST-PAS-LA-TAILLE-QUI-COMPTE-16.jpg\",\"datePublished\":\"2023-05-02T11:27:01+00:00\",\"dateModified\":\"2023-05-02T11:27:02+00:00\",\"author\":{\"@id\":\"https:\/\/theplayoffs.news\/fr\/#\/schema\/person\/b4f20a52ec509d33cf6f20e650f1ef63\"},\"breadcrumb\":{\"@id\":\"https:\/\/theplayoffs.news\/fr\/actualite-nba\/mavericks-wolves-abu-dhabi\/#breadcrumb\"},\"inLanguage\":\"fr-FR\",\"potentialAction\":[{\"@type\":\"ReadAction\",\"target\":[\"https:\/\/theplayoffs.news\/fr\/actualite-nba\/mavericks-wolves-abu-dhabi\/\"]}]},{\"@type\":\"ImageObject\",\"inLanguage\":\"fr-FR\",\"@id\":\"https:\/\/theplayoffs.news\/fr\/actualite-nba\/mavericks-wolves-abu-dhabi\/#primaryimage\",\"url\":\"https:\/\/theplayoffs.news\/fr\/wp-content\/uploads\/2023\/05\/CEST-PAS-LA-TAILLE-QUI-COMPTE-16.jpg\",\"contentUrl\":\"https:\/\/theplayoffs.news\/fr\/wp-content\/uploads\/2023\/05\/CEST-PAS-LA-TAILLE-QUI-COMPTE-16.jpg\",\"width\":1920,\"height\":1080,\"caption\":\"Mavericks Wolves\"},{\"@type\":\"BreadcrumbList\",\"@id\":\"https:\/\/theplayoffs.news\/fr\/actualite-nba\/mavericks-wolves-abu-dhabi\/#breadcrumb\",\"itemListElement\":[{\"@type\":\"ListItem\",\"position\":1,\"name\":\"Accueil\",\"item\":\"https:\/\/theplayoffs.news\/fr\/\"},{\"@type\":\"ListItem\",\"position\":2,\"name\":\"Les Mavericks et les Wolves seront \u00e0 Abu Dhabi pour la pr\u00e9-saison\"}]},{\"@type\":\"WebSite\",\"@id\":\"https:\/\/theplayoffs.news\/fr\/#website\",\"url\":\"https:\/\/theplayoffs.news\/fr\/\",\"name\":\"The Playoffs FR\",\"description\":\"NBA-NFL-NHL-MLB\",\"potentialAction\":[{\"@type\":\"SearchAction\",\"target\":{\"@type\":\"EntryPoint\",\"urlTemplate\":\"https:\/\/theplayoffs.news\/fr\/?s={search_term_string}\"},\"query-input\":{\"@type\":\"PropertyValueSpecification\",\"valueRequired\":true,\"valueName\":\"search_term_string\"}}],\"inLanguage\":\"fr-FR\"},{\"@type\":\"Person\",\"@id\":\"https:\/\/theplayoffs.news\/fr\/#\/schema\/person\/b4f20a52ec509d33cf6f20e650f1ef63\",\"name\":\"Auguste Amar\",\"image\":{\"@type\":\"ImageObject\",\"inLanguage\":\"fr-FR\",\"@id\":\"https:\/\/theplayoffs.news\/fr\/#\/schema\/person\/image\/\",\"url\":\"https:\/\/secure.gravatar.com\/avatar\/bc7b1779444a931d1ed7a30fac148ddd8469bd16958d41411abea179dfd72bf0?s=96&d=mm&r=g\",\"contentUrl\":\"https:\/\/secure.gravatar.com\/avatar\/bc7b1779444a931d1ed7a30fac148ddd8469bd16958d41411abea179dfd72bf0?s=96&d=mm&r=g\",\"caption\":\"Auguste Amar\"},\"url\":\"https:\/\/theplayoffs.news\/fr\/author\/amar-augusteorange-fr\/\"}]}<\/script>\n<!-- \/ Yoast SEO plugin. -->","yoast_head_json":{"title":"Les Mavericks et les Wolves seront &agrave; Abu Dhabi pour la pr&eacute;-saison - The Playoffs FR","robots":{"index":"index","follow":"follow","max-snippet":"max-snippet:-1","max-image-preview":"max-image-preview:large","max-video-preview":"max-video-preview:-1"},"canonical":"https:\/\/theplayoffs.news\/fr\/actualite-nba\/mavericks-wolves-abu-dhabi\/","og_locale":"fr_FR","og_type":"article","og_title":"Les Mavericks et les Wolves seront &agrave; Abu Dhabi pour la pr&eacute;-saison - The Playoffs FR","og_url":"https:\/\/theplayoffs.news\/fr\/actualite-nba\/mavericks-wolves-abu-dhabi\/","og_site_name":"The Playoffs FR","article_publisher":"https:\/\/www.facebook.com\/TheFreeAgentFR\/","article_modified_time":"2023-05-02T11:27:02+00:00","og_image":[{"width":1920,"height":1080,"url":"https:\/\/theplayoffs.news\/fr\/wp-content\/uploads\/2023\/05\/CEST-PAS-LA-TAILLE-QUI-COMPTE-16.jpg","type":"image\/jpeg"}],"author":"Auguste Amar","twitter_card":"summary_large_image","twitter_creator":"@TheFreeAgentFR","twitter_site":"@TheFreeAgentFR","twitter_misc":{"\u00c9crit par":"Auguste Amar","Dur\u00e9e de lecture estim\u00e9e":"1 minute"},"schema":{"@context":"https:\/\/schema.org","@graph":[{"@type":"WebPage","@id":"https:\/\/theplayoffs.news\/fr\/actualite-nba\/mavericks-wolves-abu-dhabi\/","url":"https:\/\/theplayoffs.news\/fr\/actualite-nba\/mavericks-wolves-abu-dhabi\/","name":"Les Mavericks et les Wolves seront \u00e0 Abu Dhabi pour la pr\u00e9-saison - The Playoffs FR","isPartOf":{"@id":"https:\/\/theplayoffs.news\/fr\/#website"},"primaryImageOfPage":{"@id":"https:\/\/theplayoffs.news\/fr\/actualite-nba\/mavericks-wolves-abu-dhabi\/#primaryimage"},"image":{"@id":"https:\/\/theplayoffs.news\/fr\/actualite-nba\/mavericks-wolves-abu-dhabi\/#primaryimage"},"thumbnailUrl":"https:\/\/theplayoffs.news\/fr\/wp-content\/uploads\/2023\/05\/CEST-PAS-LA-TAILLE-QUI-COMPTE-16.jpg","datePublished":"2023-05-02T11:27:01+00:00","dateModified":"2023-05-02T11:27:02+00:00","author":{"@id":"https:\/\/theplayoffs.news\/fr\/#\/schema\/person\/b4f20a52ec509d33cf6f20e650f1ef63"},"breadcrumb":{"@id":"https:\/\/theplayoffs.news\/fr\/actualite-nba\/mavericks-wolves-abu-dhabi\/#breadcrumb"},"inLanguage":"fr-FR","potentialAction":[{"@type":"ReadAction","target":["https:\/\/theplayoffs.news\/fr\/actualite-nba\/mavericks-wolves-abu-dhabi\/"]}]},{"@type":"ImageObject","inLanguage":"fr-FR","@id":"https:\/\/theplayoffs.news\/fr\/actualite-nba\/mavericks-wolves-abu-dhabi\/#primaryimage","url":"https:\/\/theplayoffs.news\/fr\/wp-content\/uploads\/2023\/05\/CEST-PAS-LA-TAILLE-QUI-COMPTE-16.jpg","contentUrl":"https:\/\/theplayoffs.news\/fr\/wp-content\/uploads\/2023\/05\/CEST-PAS-LA-TAILLE-QUI-COMPTE-16.jpg","width":1920,"height":1080,"caption":"Mavericks Wolves"},{"@type":"BreadcrumbList","@id":"https:\/\/theplayoffs.news\/fr\/actualite-nba\/mavericks-wolves-abu-dhabi\/#breadcrumb","itemListElement":[{"@type":"ListItem","position":1,"name":"Accueil","item":"https:\/\/theplayoffs.news\/fr\/"},{"@type":"ListItem","position":2,"name":"Les Mavericks et les Wolves seront \u00e0 Abu Dhabi pour la pr\u00e9-saison"}]},{"@type":"WebSite","@id":"https:\/\/theplayoffs.news\/fr\/#website","url":"https:\/\/theplayoffs.news\/fr\/","name":"The Playoffs FR","description":"NBA-NFL-NHL-MLB","potentialAction":[{"@type":"SearchAction","target":{"@type":"EntryPoint","urlTemplate":"https:\/\/theplayoffs.news\/fr\/?s={search_term_string}"},"query-input":{"@type":"PropertyValueSpecification","valueRequired":true,"valueName":"search_term_string"}}],"inLanguage":"fr-FR"},{"@type":"Person","@id":"https:\/\/theplayoffs.news\/fr\/#\/schema\/person\/b4f20a52ec509d33cf6f20e650f1ef63","name":"Auguste Amar","image":{"@type":"ImageObject","inLanguage":"fr-FR","@id":"https:\/\/theplayoffs.news\/fr\/#\/schema\/person\/image\/","url":"https:\/\/secure.gravatar.com\/avatar\/bc7b1779444a931d1ed7a30fac148ddd8469bd16958d41411abea179dfd72bf0?s=96&d=mm&r=g","contentUrl":"https:\/\/secure.gravatar.com\/avatar\/bc7b1779444a931d1ed7a30fac148ddd8469bd16958d41411abea179dfd72bf0?s=96&d=mm&r=g","caption":"Auguste Amar"},"url":"https:\/\/theplayoffs.news\/fr\/author\/amar-augusteorange-fr\/"}]}},"_links":{"self":[{"href":"https:\/\/theplayoffs.news\/fr\/wp-json\/wp\/v2\/posts\/586895","targetHints":{"allow":["GET"]}}],"collection":[{"href":"https:\/\/theplayoffs.news\/fr\/wp-json\/wp\/v2\/posts"}],"about":[{"href":"https:\/\/theplayoffs.news\/fr\/wp-json\/wp\/v2\/types\/post"}],"author":[{"embeddable":true,"href":"https:\/\/theplayoffs.news\/fr\/wp-json\/wp\/v2\/users\/180310174"}],"replies":[{"embeddable":true,"href":"https:\/\/theplayoffs.news\/fr\/wp-json\/wp\/v2\/comments?post=586895"}],"version-history":[{"count":5,"href":"https:\/\/theplayoffs.news\/fr\/wp-json\/wp\/v2\/posts\/586895\/revisions"}],"predecessor-version":[{"id":586960,"href":"https:\/\/theplayoffs.news\/fr\/wp-json\/wp\/v2\/posts\/586895\/revisions\/586960"}],"wp:featuredmedia":[{"embeddable":true,"href":"https:\/\/theplayoffs.news\/fr\/wp-json\/wp\/v2\/media\/586901"}],"wp:attachment":[{"href":"https:\/\/theplayoffs.news\/fr\/wp-json\/wp\/v2\/media?parent=586895"}],"wp:term":[{"taxonomy":"category","embeddable":true,"href":"https:\/\/theplayoffs.news\/fr\/wp-json\/wp\/v2\/categories?post=586895"},{"taxonomy":"post_tag","embeddable":true,"href":"https:\/\/theplayoffs.news\/fr\/wp-json\/wp\/v2\/tags?post=586895"},{"taxonomy":"sport","embeddable":true,"href":"https:\/\/theplayoffs.news\/fr\/wp-json\/wp\/v2\/sport?post=586895"},{"taxonomy":"saison","embeddable":true,"href":"https:\/\/theplayoffs.news\/fr\/wp-json\/wp\/v2\/saison?post=586895"}],"curies":[{"name":"wp","href":"https:\/\/api.w.org\/{rel}","templated":true}]}}