{"id":586063,"date":"2023-04-28T16:24:56","date_gmt":"2023-04-28T14:24:56","guid":{"rendered":"https:\/\/theplayoffs.news\/fr\/?p=586063"},"modified":"2023-04-28T16:24:58","modified_gmt":"2023-04-28T14:24:58","slug":"coupe-du-monde-basket-2027-qatar","status":"publish","type":"post","link":"https:\/\/theplayoffs.news\/fr\/nba\/coupe-du-monde-basket-2027-qatar\/","title":{"rendered":"La Coupe du Monde de basket 2027 attribu\u00e9e au Qatar"},"content":{"rendered":"<h2>La FIBA a officialis&eacute; ce matin l&rsquo;attribution de la Coupe du Monde 2027 au Qatar. L&rsquo;&eacute;mirat succ&egrave;de aux Philippines, Japon et Indon&eacute;sie &ocirc;tes de la <a href=\"https:\/\/theplayoffs.news\/fr\/nba-basketball\/la-coupe-du-monde-de-la-fiba-2023\/\" class=\"trk-cta-link\" data-cta-trk='{\"ctaType\":\"Link\",\"ctaSubType\":\"main\"}'>prochaine &eacute;dition qui a lieu cette ann&eacute;e cette ann&eacute;e<\/a>.<\/h2><p>&nbsp;<\/p><p>Apr&egrave;s le football, le handball et la natation le Qatar va organiser la prochaine Coupe du Monde de basket. C&rsquo;est la <a href=\"https:\/\/twitter.com\/FIBA\" class=\"trk-cta-link\" data-cta-trk='{\"ctaType\":\"Link\",\"ctaSubType\":\"main\"}'>FIBA<\/a> qui a officialis&eacute; la nouvelle ce matin dans un communiqu&eacute; :<\/p><p>&nbsp;<\/p><blockquote><p>&laquo; Tous les matchs du tournoi se joueront &agrave; Doha. Les infrastructures n&eacute;cessaires sont d&eacute;j&agrave; toutes construites &raquo; a affirm&eacute; la FIBA<\/p><\/blockquote><p>&nbsp;<\/p><p>L&rsquo;avantage logistique d&rsquo;avoir une seule ville organisatrice a &eacute;t&eacute; mis en avant dans le dossier.<\/p><blockquote class=\"twitter-tweet\" data-width=\"500\" data-dnt=\"true\">\n<p lang=\"en\" dir=\"ltr\">Some big FIBA Basketball World Cup host news &#129321;<\/p>\n<p>&#128205; <a href=\"https:\/\/twitter.com\/FIBAWWC?ref_src=twsrc%5Etfw\" class=\"trk-cta-link\" data-cta-trk='{\"ctaType\":\"Link\",\"ctaSubType\":\"main\"}'>@FIBAWWC<\/a> 2026 &#10145;&#65039; Berlin, Germany &#127465;&#127466;<br>&#128205;<a href=\"https:\/\/twitter.com\/FIBAWC?ref_src=twsrc%5Etfw\" class=\"trk-cta-link\" data-cta-trk='{\"ctaType\":\"Link\",\"ctaSubType\":\"main\"}'>@FIBAWC<\/a> 2027 &#10145;&#65039; Doha, Qatar &#127478;&#127462; <a href=\"https:\/\/t.co\/M0z1hVsf61\" class=\"trk-cta-link\" data-cta-trk='{\"ctaType\":\"Link\",\"ctaSubType\":\"main\"}'>pic.twitter.com\/M0z1hVsf61<\/a><\/p>\n<p>&mdash; FIBA Basketball (@FIBA) <a href=\"https:\/\/twitter.com\/FIBA\/status\/1651807958756638720?ref_src=twsrc%5Etfw\" class=\"trk-cta-link\" data-cta-trk='{\"ctaType\":\"Link\",\"ctaSubType\":\"main\"}'>April 28, 2023<\/a><\/p><\/blockquote><p><script async src=\"https:\/\/platform.twitter.com\/widgets.js\" charset=\"utf-8\"><\/script><\/p><p>Cette Coupe du Monde va permettre de d&eacute;velopper le basketball au Moyen-Orient. Le Qatar n&rsquo;est en effet pas un pays habitu&eacute; &agrave; ce sport, l&rsquo;&eacute;quipe nationale ne s&rsquo;est qualifi&eacute;e que pour une seule phase finale dans son histoire. C&rsquo;&eacute;tait en 2006 et les qataris avaient termin&eacute; dernier du tournoi.<\/p><p>&nbsp;<\/p><p>La FIBA a par la m&ecirc;me occasion annonc&eacute; que la Coupe du Monde f&eacute;minine 2026 aurait lieu en Allemagne.<\/p>\n","protected":false},"excerpt":{"rendered":"","protected":false},"author":180310163,"featured_media":586068,"comment_status":"open","ping_status":"closed","sticky":false,"template":"","format":"standard","meta":{"inline_featured_image":false,"kia_subtitle":"","_mux_skip_reasons":[],"proofreadBy":0,"footnotes":""},"categories":[10],"tags":[5887,2913],"sport":[2783],"saison":[3453],"class_list":["post-586063","post","type-post","status-publish","format-standard","has-post-thumbnail","hentry","category-nba","tag-coupe-du-monde-2027","tag-fiba","sport-nba","saison-3453"],"acf":[],"yoast_head":"<!-- This site is optimized with the Yoast SEO plugin v24.2 - https:\/\/yoast.com\/wordpress\/plugins\/seo\/ -->\n<title>La Coupe du Monde de basket 2027 attribu&eacute;e au Qatar - The Playoffs FR<\/title>\n<meta name=\"robots\" content=\"index, follow, max-snippet:-1, max-image-preview:large, max-video-preview:-1\" \/>\n<link rel=\"canonical\" href=\"https:\/\/theplayoffs.news\/fr\/nba\/coupe-du-monde-basket-2027-qatar\/\" \/>\n<meta property=\"og:locale\" content=\"fr_FR\" \/>\n<meta property=\"og:type\" content=\"article\" \/>\n<meta property=\"og:title\" content=\"La Coupe du Monde de basket 2027 attribu&eacute;e au Qatar - The Playoffs FR\" \/>\n<meta property=\"og:url\" content=\"https:\/\/theplayoffs.news\/fr\/nba\/coupe-du-monde-basket-2027-qatar\/\" \/>\n<meta property=\"og:site_name\" content=\"The Playoffs FR\" \/>\n<meta property=\"article:publisher\" content=\"https:\/\/www.facebook.com\/TheFreeAgentFR\/\" \/>\n<meta property=\"article:modified_time\" content=\"2023-04-28T16:24:58+02:00\" \/>\n<meta property=\"og:image\" content=\"https:\/\/theplayoffs.news\/fr\/wp-content\/uploads\/2023\/04\/Capture-decran-2023-04-28-162404.jpg\" \/>\n\t<meta property=\"og:image:width\" content=\"602\" \/>\n\t<meta property=\"og:image:height\" content=\"398\" \/>\n\t<meta property=\"og:image:type\" content=\"image\/jpeg\" \/>\n<meta name=\"author\" content=\"Vincent Roume\" \/>\n<meta name=\"twitter:card\" content=\"summary_large_image\" \/>\n<meta name=\"twitter:creator\" content=\"@TheFreeAgentFR\" \/>\n<meta name=\"twitter:site\" content=\"@TheFreeAgentFR\" \/>\n<meta name=\"twitter:label1\" content=\"\u00c9crit par\" \/>\n\t<meta name=\"twitter:data1\" content=\"Vincent Roume\" \/>\n\t<meta name=\"twitter:label2\" content=\"Dur\u00e9e de lecture estim\u00e9e\" \/>\n\t<meta name=\"twitter:data2\" content=\"1 minute\" \/>\n<script type=\"application\/ld+json\" class=\"yoast-schema-graph\">{\"@context\":\"https:\/\/schema.org\",\"@graph\":[{\"@type\":\"WebPage\",\"@id\":\"https:\/\/theplayoffs.news\/fr\/nba\/coupe-du-monde-basket-2027-qatar\/\",\"url\":\"https:\/\/theplayoffs.news\/fr\/nba\/coupe-du-monde-basket-2027-qatar\/\",\"name\":\"La Coupe du Monde de basket 2027 attribu\u00e9e au Qatar - The Playoffs FR\",\"isPartOf\":{\"@id\":\"https:\/\/theplayoffs.news\/fr\/#website\"},\"primaryImageOfPage\":{\"@id\":\"https:\/\/theplayoffs.news\/fr\/nba\/coupe-du-monde-basket-2027-qatar\/#primaryimage\"},\"image\":{\"@id\":\"https:\/\/theplayoffs.news\/fr\/nba\/coupe-du-monde-basket-2027-qatar\/#primaryimage\"},\"thumbnailUrl\":\"https:\/\/theplayoffs.news\/fr\/wp-content\/uploads\/2023\/04\/Capture-decran-2023-04-28-162404.jpg\",\"datePublished\":\"2023-04-28T14:24:56+00:00\",\"dateModified\":\"2023-04-28T14:24:58+00:00\",\"author\":{\"@id\":\"https:\/\/theplayoffs.news\/fr\/#\/schema\/person\/e1eb37e783b47f37f6df5a709b09eae2\"},\"breadcrumb\":{\"@id\":\"https:\/\/theplayoffs.news\/fr\/nba\/coupe-du-monde-basket-2027-qatar\/#breadcrumb\"},\"inLanguage\":\"fr-FR\",\"potentialAction\":[{\"@type\":\"ReadAction\",\"target\":[\"https:\/\/theplayoffs.news\/fr\/nba\/coupe-du-monde-basket-2027-qatar\/\"]}]},{\"@type\":\"ImageObject\",\"inLanguage\":\"fr-FR\",\"@id\":\"https:\/\/theplayoffs.news\/fr\/nba\/coupe-du-monde-basket-2027-qatar\/#primaryimage\",\"url\":\"https:\/\/theplayoffs.news\/fr\/wp-content\/uploads\/2023\/04\/Capture-decran-2023-04-28-162404.jpg\",\"contentUrl\":\"https:\/\/theplayoffs.news\/fr\/wp-content\/uploads\/2023\/04\/Capture-decran-2023-04-28-162404.jpg\",\"width\":602,\"height\":398,\"caption\":\"Coupe du Monde de basket, Qatar\"},{\"@type\":\"BreadcrumbList\",\"@id\":\"https:\/\/theplayoffs.news\/fr\/nba\/coupe-du-monde-basket-2027-qatar\/#breadcrumb\",\"itemListElement\":[{\"@type\":\"ListItem\",\"position\":1,\"name\":\"Accueil\",\"item\":\"https:\/\/theplayoffs.news\/fr\/\"},{\"@type\":\"ListItem\",\"position\":2,\"name\":\"La Coupe du Monde de basket 2027 attribu\u00e9e au Qatar\"}]},{\"@type\":\"WebSite\",\"@id\":\"https:\/\/theplayoffs.news\/fr\/#website\",\"url\":\"https:\/\/theplayoffs.news\/fr\/\",\"name\":\"The Playoffs FR\",\"description\":\"NBA-NFL-NHL-MLB\",\"potentialAction\":[{\"@type\":\"SearchAction\",\"target\":{\"@type\":\"EntryPoint\",\"urlTemplate\":\"https:\/\/theplayoffs.news\/fr\/?s={search_term_string}\"},\"query-input\":{\"@type\":\"PropertyValueSpecification\",\"valueRequired\":true,\"valueName\":\"search_term_string\"}}],\"inLanguage\":\"fr-FR\"},{\"@type\":\"Person\",\"@id\":\"https:\/\/theplayoffs.news\/fr\/#\/schema\/person\/e1eb37e783b47f37f6df5a709b09eae2\",\"name\":\"Vincent Roume\",\"image\":{\"@type\":\"ImageObject\",\"inLanguage\":\"fr-FR\",\"@id\":\"https:\/\/theplayoffs.news\/fr\/#\/schema\/person\/image\/\",\"url\":\"https:\/\/secure.gravatar.com\/avatar\/369ea9e86b8e0b97c7028ca828abb59d958ea6f5a23ce2eb8c04af3eb2dbd218?s=96&d=mm&r=g\",\"contentUrl\":\"https:\/\/secure.gravatar.com\/avatar\/369ea9e86b8e0b97c7028ca828abb59d958ea6f5a23ce2eb8c04af3eb2dbd218?s=96&d=mm&r=g\",\"caption\":\"Vincent Roume\"},\"url\":\"https:\/\/theplayoffs.news\/fr\/author\/vincent-roumegmail-com\/\"}]}<\/script>\n<!-- \/ Yoast SEO plugin. -->","yoast_head_json":{"title":"La Coupe du Monde de basket 2027 attribu&eacute;e au Qatar - The Playoffs FR","robots":{"index":"index","follow":"follow","max-snippet":"max-snippet:-1","max-image-preview":"max-image-preview:large","max-video-preview":"max-video-preview:-1"},"canonical":"https:\/\/theplayoffs.news\/fr\/nba\/coupe-du-monde-basket-2027-qatar\/","og_locale":"fr_FR","og_type":"article","og_title":"La Coupe du Monde de basket 2027 attribu&eacute;e au Qatar - The Playoffs FR","og_url":"https:\/\/theplayoffs.news\/fr\/nba\/coupe-du-monde-basket-2027-qatar\/","og_site_name":"The Playoffs FR","article_publisher":"https:\/\/www.facebook.com\/TheFreeAgentFR\/","article_modified_time":"2023-04-28T14:24:58+00:00","og_image":[{"width":602,"height":398,"url":"https:\/\/theplayoffs.news\/fr\/wp-content\/uploads\/2023\/04\/Capture-decran-2023-04-28-162404.jpg","type":"image\/jpeg"}],"author":"Vincent Roume","twitter_card":"summary_large_image","twitter_creator":"@TheFreeAgentFR","twitter_site":"@TheFreeAgentFR","twitter_misc":{"\u00c9crit par":"Vincent Roume","Dur\u00e9e de lecture estim\u00e9e":"1 minute"},"schema":{"@context":"https:\/\/schema.org","@graph":[{"@type":"WebPage","@id":"https:\/\/theplayoffs.news\/fr\/nba\/coupe-du-monde-basket-2027-qatar\/","url":"https:\/\/theplayoffs.news\/fr\/nba\/coupe-du-monde-basket-2027-qatar\/","name":"La Coupe du Monde de basket 2027 attribu\u00e9e au Qatar - The Playoffs FR","isPartOf":{"@id":"https:\/\/theplayoffs.news\/fr\/#website"},"primaryImageOfPage":{"@id":"https:\/\/theplayoffs.news\/fr\/nba\/coupe-du-monde-basket-2027-qatar\/#primaryimage"},"image":{"@id":"https:\/\/theplayoffs.news\/fr\/nba\/coupe-du-monde-basket-2027-qatar\/#primaryimage"},"thumbnailUrl":"https:\/\/theplayoffs.news\/fr\/wp-content\/uploads\/2023\/04\/Capture-decran-2023-04-28-162404.jpg","datePublished":"2023-04-28T14:24:56+00:00","dateModified":"2023-04-28T14:24:58+00:00","author":{"@id":"https:\/\/theplayoffs.news\/fr\/#\/schema\/person\/e1eb37e783b47f37f6df5a709b09eae2"},"breadcrumb":{"@id":"https:\/\/theplayoffs.news\/fr\/nba\/coupe-du-monde-basket-2027-qatar\/#breadcrumb"},"inLanguage":"fr-FR","potentialAction":[{"@type":"ReadAction","target":["https:\/\/theplayoffs.news\/fr\/nba\/coupe-du-monde-basket-2027-qatar\/"]}]},{"@type":"ImageObject","inLanguage":"fr-FR","@id":"https:\/\/theplayoffs.news\/fr\/nba\/coupe-du-monde-basket-2027-qatar\/#primaryimage","url":"https:\/\/theplayoffs.news\/fr\/wp-content\/uploads\/2023\/04\/Capture-decran-2023-04-28-162404.jpg","contentUrl":"https:\/\/theplayoffs.news\/fr\/wp-content\/uploads\/2023\/04\/Capture-decran-2023-04-28-162404.jpg","width":602,"height":398,"caption":"Coupe du Monde de basket, Qatar"},{"@type":"BreadcrumbList","@id":"https:\/\/theplayoffs.news\/fr\/nba\/coupe-du-monde-basket-2027-qatar\/#breadcrumb","itemListElement":[{"@type":"ListItem","position":1,"name":"Accueil","item":"https:\/\/theplayoffs.news\/fr\/"},{"@type":"ListItem","position":2,"name":"La Coupe du Monde de basket 2027 attribu\u00e9e au Qatar"}]},{"@type":"WebSite","@id":"https:\/\/theplayoffs.news\/fr\/#website","url":"https:\/\/theplayoffs.news\/fr\/","name":"The Playoffs FR","description":"NBA-NFL-NHL-MLB","potentialAction":[{"@type":"SearchAction","target":{"@type":"EntryPoint","urlTemplate":"https:\/\/theplayoffs.news\/fr\/?s={search_term_string}"},"query-input":{"@type":"PropertyValueSpecification","valueRequired":true,"valueName":"search_term_string"}}],"inLanguage":"fr-FR"},{"@type":"Person","@id":"https:\/\/theplayoffs.news\/fr\/#\/schema\/person\/e1eb37e783b47f37f6df5a709b09eae2","name":"Vincent Roume","image":{"@type":"ImageObject","inLanguage":"fr-FR","@id":"https:\/\/theplayoffs.news\/fr\/#\/schema\/person\/image\/","url":"https:\/\/secure.gravatar.com\/avatar\/369ea9e86b8e0b97c7028ca828abb59d958ea6f5a23ce2eb8c04af3eb2dbd218?s=96&d=mm&r=g","contentUrl":"https:\/\/secure.gravatar.com\/avatar\/369ea9e86b8e0b97c7028ca828abb59d958ea6f5a23ce2eb8c04af3eb2dbd218?s=96&d=mm&r=g","caption":"Vincent Roume"},"url":"https:\/\/theplayoffs.news\/fr\/author\/vincent-roumegmail-com\/"}]}},"_links":{"self":[{"href":"https:\/\/theplayoffs.news\/fr\/wp-json\/wp\/v2\/posts\/586063","targetHints":{"allow":["GET"]}}],"collection":[{"href":"https:\/\/theplayoffs.news\/fr\/wp-json\/wp\/v2\/posts"}],"about":[{"href":"https:\/\/theplayoffs.news\/fr\/wp-json\/wp\/v2\/types\/post"}],"author":[{"embeddable":true,"href":"https:\/\/theplayoffs.news\/fr\/wp-json\/wp\/v2\/users\/180310163"}],"replies":[{"embeddable":true,"href":"https:\/\/theplayoffs.news\/fr\/wp-json\/wp\/v2\/comments?post=586063"}],"version-history":[{"count":3,"href":"https:\/\/theplayoffs.news\/fr\/wp-json\/wp\/v2\/posts\/586063\/revisions"}],"predecessor-version":[{"id":586071,"href":"https:\/\/theplayoffs.news\/fr\/wp-json\/wp\/v2\/posts\/586063\/revisions\/586071"}],"wp:featuredmedia":[{"embeddable":true,"href":"https:\/\/theplayoffs.news\/fr\/wp-json\/wp\/v2\/media\/586068"}],"wp:attachment":[{"href":"https:\/\/theplayoffs.news\/fr\/wp-json\/wp\/v2\/media?parent=586063"}],"wp:term":[{"taxonomy":"category","embeddable":true,"href":"https:\/\/theplayoffs.news\/fr\/wp-json\/wp\/v2\/categories?post=586063"},{"taxonomy":"post_tag","embeddable":true,"href":"https:\/\/theplayoffs.news\/fr\/wp-json\/wp\/v2\/tags?post=586063"},{"taxonomy":"sport","embeddable":true,"href":"https:\/\/theplayoffs.news\/fr\/wp-json\/wp\/v2\/sport?post=586063"},{"taxonomy":"saison","embeddable":true,"href":"https:\/\/theplayoffs.news\/fr\/wp-json\/wp\/v2\/saison?post=586063"}],"curies":[{"name":"wp","href":"https:\/\/api.w.org\/{rel}","templated":true}]}}