{"id":586009,"date":"2023-04-28T11:34:03","date_gmt":"2023-04-28T09:34:03","guid":{"rendered":"https:\/\/theplayoffs.news\/fr\/?p=586009"},"modified":"2023-04-28T11:34:04","modified_gmt":"2023-04-28T09:34:04","slug":"leonard-retour-saison-prochaine","status":"publish","type":"post","link":"https:\/\/theplayoffs.news\/fr\/actualite-nba\/leonard-retour-saison-prochaine\/","title":{"rendered":"Kawhi Leonard devrait \u00eatre r\u00e9tabli pour le d\u00e9but de la saison prochaine"},"content":{"rendered":"<h2>Les Clippers s&rsquo;attendent &agrave; ce que Kawhi Leonard soit pr&ecirc;t pour l&rsquo;ouverture de la saison 2023-2024 de la NBA.<\/h2><p>&nbsp;<\/p><p>Le pr&eacute;sident des op&eacute;rations basket des Clippers, Lawrence Frank, a d&eacute;clar&eacute; jeudi aux journalistes que le ligament crois&eacute; ant&eacute;rieur droit de <a href=\"https:\/\/theplayoffs.news\/fr\/joueur\/kawhi-leonard-nba-12900\/\" class=\"trk-cta-link\" data-cta-trk='{\"ctaType\":\"Link\",\"ctaSubType\":\"main\"}'>Kawhi Leonard<\/a> &eacute;tait &laquo;&nbsp;<em>compl&egrave;tement intact<\/em>&laquo;&nbsp;.<\/p><p>Lawrence Frank a &eacute;t&eacute; interrog&eacute; sur l&rsquo;inqui&eacute;tude que suscite la d&eacute;chirure du m&eacute;nisque de Kawhi Leonard au m&ecirc;me genou que la d&eacute;chirure du ligament crois&eacute; ant&eacute;rieur et &agrave; la m&ecirc;me jambe que sa pr&eacute;c&eacute;dente blessure au quadriceps. Frank a &eacute;galement d&eacute;clar&eacute; que le ligament crois&eacute; ant&eacute;rieur de Leonard &eacute;tait en bon &eacute;tat apr&egrave;s la blessure au m&eacute;nisque, et que Kawhi <a href=\"https:\/\/twitter.com\/LawMurrayTheNU\/status\/1651683436950872064?ref_src=twsrc%5Etfw%7Ctwcamp%5Etweetembed%7Ctwterm%5E1651683436950872064%7Ctwgr%5E324291750162a8d7a513c174dd5e7e3c04881595%7Ctwcon%5Es1_c10&amp;ref_url=https%3A%2F%2Fthefreeagent.fr%2Fwp-admin%2Fpost-new.php\" class=\"trk-cta-link\" data-cta-trk='{\"ctaType\":\"Link\",\"ctaSubType\":\"main\"}'>sera pr&ecirc;t pour la saison prochaine<\/a>.<\/p><blockquote class=\"twitter-tweet\" data-width=\"500\" data-dnt=\"true\">\n<p lang=\"en\" dir=\"ltr\">&#128240; <a href=\"https:\/\/twitter.com\/TheAthletic?ref_src=twsrc%5Etfw\" class=\"trk-cta-link\" data-cta-trk='{\"ctaType\":\"Link\",\"ctaSubType\":\"main\"}'>@TheAthletic<\/a> <\/p>\n<p>Lawrence Frank said a lot of things. (no, really. 42 minutes!)<\/p>\n<p>He confirmed Kawhi Leonard's injury and tentative timeline, scoffed at thought that Tyronn Lue wouldn't be back, and praised a roster that he's going to need to retool.<a href=\"https:\/\/t.co\/vjhEAWyz3o\" class=\"trk-cta-link\" data-cta-trk='{\"ctaType\":\"Link\",\"ctaSubType\":\"main\"}'>https:\/\/t.co\/vjhEAWyz3o<\/a><\/p>\n<p>&mdash; Law Murray &#128284; (@LawMurrayTheNU) <a href=\"https:\/\/twitter.com\/LawMurrayTheNU\/status\/1651683436950872064?ref_src=twsrc%5Etfw\" class=\"trk-cta-link\" data-cta-trk='{\"ctaType\":\"Link\",\"ctaSubType\":\"main\"}'>April 27, 2023<\/a><\/p><\/blockquote><p><script async src=\"https:\/\/platform.twitter.com\/widgets.js\" charset=\"utf-8\"><\/script><\/p><p>Leonard n&rsquo;a pas &eacute;t&eacute; &eacute;pargn&eacute; par les blessures ces derniers temps. Il avait subi une d&eacute;chirure du ligament crois&eacute; ant&eacute;rieur pendant les playoffs 2021 et a manqu&eacute; toute la campagne 2021-2022 pour se r&eacute;tablir. Il a particip&eacute; &agrave; 52 matchs lors de la saison r&eacute;guli&egrave;re 2022-2023, mais a de nouveau connu un revers lors des s&eacute;ries &eacute;liminatoires.<\/p><p>&nbsp;<\/p><p>Le joueur de 31 ans a jou&eacute; les deux premiers matchs de la s&eacute;rie du premier tour des Clippers contre les Phoenix Suns, mais a &eacute;t&eacute; &eacute;cart&eacute; pour les trois derniers matchs en raison de sa blessure. Une s&eacute;rie que sa franchise n&rsquo;a pas su remporter, mettant fin &agrave; la saison des Clipps en m&ecirc;me temps que celle de sa star.<\/p>\n","protected":false},"excerpt":{"rendered":"","protected":false},"author":180310144,"featured_media":295878,"comment_status":"open","ping_status":"closed","sticky":false,"template":"","format":"standard","meta":{"inline_featured_image":false,"kia_subtitle":"","_mux_skip_reasons":[],"proofreadBy":0,"footnotes":""},"categories":[110,10],"tags":[197,610,23],"sport":[],"saison":[],"class_list":["post-586009","post","type-post","status-publish","format-standard","has-post-thumbnail","hentry","category-actualite-nba","category-nba","tag-kawhi-leonard","tag-los-angeles-clippers","tag-nba-tag"],"acf":[],"yoast_head":"<!-- This site is optimized with the Yoast SEO plugin v24.2 - https:\/\/yoast.com\/wordpress\/plugins\/seo\/ -->\n<title>Kawhi Leonard devrait &ecirc;tre r&eacute;tabli pour le d&eacute;but de la saison prochaine - The Playoffs FR<\/title>\n<meta name=\"robots\" content=\"index, follow, max-snippet:-1, max-image-preview:large, max-video-preview:-1\" \/>\n<link rel=\"canonical\" href=\"https:\/\/theplayoffs.news\/fr\/actualite-nba\/leonard-retour-saison-prochaine\/\" \/>\n<meta property=\"og:locale\" content=\"fr_FR\" \/>\n<meta property=\"og:type\" content=\"article\" \/>\n<meta property=\"og:title\" content=\"Kawhi Leonard devrait &ecirc;tre r&eacute;tabli pour le d&eacute;but de la saison prochaine - The Playoffs FR\" \/>\n<meta property=\"og:url\" content=\"https:\/\/theplayoffs.news\/fr\/actualite-nba\/leonard-retour-saison-prochaine\/\" \/>\n<meta property=\"og:site_name\" content=\"The Playoffs FR\" \/>\n<meta property=\"article:publisher\" content=\"https:\/\/www.facebook.com\/TheFreeAgentFR\/\" \/>\n<meta property=\"article:modified_time\" content=\"2023-04-28T11:34:04+02:00\" \/>\n<meta property=\"og:image\" content=\"https:\/\/theplayoffs.news\/fr\/wp-content\/uploads\/2021\/03\/kawhi-leonard.jpg\" \/>\n\t<meta property=\"og:image:width\" content=\"959\" \/>\n\t<meta property=\"og:image:height\" content=\"685\" \/>\n\t<meta property=\"og:image:type\" content=\"image\/jpeg\" \/>\n<meta name=\"author\" content=\"Evan Glomot\" \/>\n<meta name=\"twitter:card\" content=\"summary_large_image\" \/>\n<meta name=\"twitter:creator\" content=\"@TheFreeAgentFR\" \/>\n<meta name=\"twitter:site\" content=\"@TheFreeAgentFR\" \/>\n<meta name=\"twitter:label1\" content=\"\u00c9crit par\" \/>\n\t<meta name=\"twitter:data1\" content=\"Evan Glomot\" \/>\n\t<meta name=\"twitter:label2\" content=\"Dur\u00e9e de lecture estim\u00e9e\" \/>\n\t<meta name=\"twitter:data2\" content=\"1 minute\" \/>\n<script type=\"application\/ld+json\" class=\"yoast-schema-graph\">{\"@context\":\"https:\/\/schema.org\",\"@graph\":[{\"@type\":\"WebPage\",\"@id\":\"https:\/\/theplayoffs.news\/fr\/actualite-nba\/leonard-retour-saison-prochaine\/\",\"url\":\"https:\/\/theplayoffs.news\/fr\/actualite-nba\/leonard-retour-saison-prochaine\/\",\"name\":\"Kawhi Leonard devrait \u00eatre r\u00e9tabli pour le d\u00e9but de la saison prochaine - The Playoffs FR\",\"isPartOf\":{\"@id\":\"https:\/\/theplayoffs.news\/fr\/#website\"},\"primaryImageOfPage\":{\"@id\":\"https:\/\/theplayoffs.news\/fr\/actualite-nba\/leonard-retour-saison-prochaine\/#primaryimage\"},\"image\":{\"@id\":\"https:\/\/theplayoffs.news\/fr\/actualite-nba\/leonard-retour-saison-prochaine\/#primaryimage\"},\"thumbnailUrl\":\"https:\/\/theplayoffs.news\/fr\/wp-content\/uploads\/2021\/03\/kawhi-leonard.jpg\",\"datePublished\":\"2023-04-28T09:34:03+00:00\",\"dateModified\":\"2023-04-28T09:34:04+00:00\",\"author\":{\"@id\":\"https:\/\/theplayoffs.news\/fr\/#\/schema\/person\/efcb1404f7c790a161fdc0aa29e81646\"},\"breadcrumb\":{\"@id\":\"https:\/\/theplayoffs.news\/fr\/actualite-nba\/leonard-retour-saison-prochaine\/#breadcrumb\"},\"inLanguage\":\"fr-FR\",\"potentialAction\":[{\"@type\":\"ReadAction\",\"target\":[\"https:\/\/theplayoffs.news\/fr\/actualite-nba\/leonard-retour-saison-prochaine\/\"]}]},{\"@type\":\"ImageObject\",\"inLanguage\":\"fr-FR\",\"@id\":\"https:\/\/theplayoffs.news\/fr\/actualite-nba\/leonard-retour-saison-prochaine\/#primaryimage\",\"url\":\"https:\/\/theplayoffs.news\/fr\/wp-content\/uploads\/2021\/03\/kawhi-leonard.jpg\",\"contentUrl\":\"https:\/\/theplayoffs.news\/fr\/wp-content\/uploads\/2021\/03\/kawhi-leonard.jpg\",\"width\":959,\"height\":685,\"caption\":\"leonard\"},{\"@type\":\"BreadcrumbList\",\"@id\":\"https:\/\/theplayoffs.news\/fr\/actualite-nba\/leonard-retour-saison-prochaine\/#breadcrumb\",\"itemListElement\":[{\"@type\":\"ListItem\",\"position\":1,\"name\":\"Accueil\",\"item\":\"https:\/\/theplayoffs.news\/fr\/\"},{\"@type\":\"ListItem\",\"position\":2,\"name\":\"Kawhi Leonard devrait \u00eatre r\u00e9tabli pour le d\u00e9but de la saison prochaine\"}]},{\"@type\":\"WebSite\",\"@id\":\"https:\/\/theplayoffs.news\/fr\/#website\",\"url\":\"https:\/\/theplayoffs.news\/fr\/\",\"name\":\"The Playoffs FR\",\"description\":\"NBA-NFL-NHL-MLB\",\"potentialAction\":[{\"@type\":\"SearchAction\",\"target\":{\"@type\":\"EntryPoint\",\"urlTemplate\":\"https:\/\/theplayoffs.news\/fr\/?s={search_term_string}\"},\"query-input\":{\"@type\":\"PropertyValueSpecification\",\"valueRequired\":true,\"valueName\":\"search_term_string\"}}],\"inLanguage\":\"fr-FR\"},{\"@type\":\"Person\",\"@id\":\"https:\/\/theplayoffs.news\/fr\/#\/schema\/person\/efcb1404f7c790a161fdc0aa29e81646\",\"name\":\"Evan Glomot\",\"image\":{\"@type\":\"ImageObject\",\"inLanguage\":\"fr-FR\",\"@id\":\"https:\/\/theplayoffs.news\/fr\/#\/schema\/person\/image\/\",\"url\":\"https:\/\/secure.gravatar.com\/avatar\/93e18dce985a4dfed140ef5ef5ecc82be40a165cbb4838e421f46abb52b7c315?s=96&d=mm&r=g\",\"contentUrl\":\"https:\/\/secure.gravatar.com\/avatar\/93e18dce985a4dfed140ef5ef5ecc82be40a165cbb4838e421f46abb52b7c315?s=96&d=mm&r=g\",\"caption\":\"Evan Glomot\"},\"url\":\"https:\/\/theplayoffs.news\/fr\/author\/evanglomotgmail-com\/\"}]}<\/script>\n<!-- \/ Yoast SEO plugin. -->","yoast_head_json":{"title":"Kawhi Leonard devrait &ecirc;tre r&eacute;tabli pour le d&eacute;but de la saison prochaine - The Playoffs FR","robots":{"index":"index","follow":"follow","max-snippet":"max-snippet:-1","max-image-preview":"max-image-preview:large","max-video-preview":"max-video-preview:-1"},"canonical":"https:\/\/theplayoffs.news\/fr\/actualite-nba\/leonard-retour-saison-prochaine\/","og_locale":"fr_FR","og_type":"article","og_title":"Kawhi Leonard devrait &ecirc;tre r&eacute;tabli pour le d&eacute;but de la saison prochaine - The Playoffs FR","og_url":"https:\/\/theplayoffs.news\/fr\/actualite-nba\/leonard-retour-saison-prochaine\/","og_site_name":"The Playoffs FR","article_publisher":"https:\/\/www.facebook.com\/TheFreeAgentFR\/","article_modified_time":"2023-04-28T09:34:04+00:00","og_image":[{"width":959,"height":685,"url":"https:\/\/theplayoffs.news\/fr\/wp-content\/uploads\/2021\/03\/kawhi-leonard.jpg","type":"image\/jpeg"}],"author":"Evan Glomot","twitter_card":"summary_large_image","twitter_creator":"@TheFreeAgentFR","twitter_site":"@TheFreeAgentFR","twitter_misc":{"\u00c9crit par":"Evan Glomot","Dur\u00e9e de lecture estim\u00e9e":"1 minute"},"schema":{"@context":"https:\/\/schema.org","@graph":[{"@type":"WebPage","@id":"https:\/\/theplayoffs.news\/fr\/actualite-nba\/leonard-retour-saison-prochaine\/","url":"https:\/\/theplayoffs.news\/fr\/actualite-nba\/leonard-retour-saison-prochaine\/","name":"Kawhi Leonard devrait \u00eatre r\u00e9tabli pour le d\u00e9but de la saison prochaine - The Playoffs FR","isPartOf":{"@id":"https:\/\/theplayoffs.news\/fr\/#website"},"primaryImageOfPage":{"@id":"https:\/\/theplayoffs.news\/fr\/actualite-nba\/leonard-retour-saison-prochaine\/#primaryimage"},"image":{"@id":"https:\/\/theplayoffs.news\/fr\/actualite-nba\/leonard-retour-saison-prochaine\/#primaryimage"},"thumbnailUrl":"https:\/\/theplayoffs.news\/fr\/wp-content\/uploads\/2021\/03\/kawhi-leonard.jpg","datePublished":"2023-04-28T09:34:03+00:00","dateModified":"2023-04-28T09:34:04+00:00","author":{"@id":"https:\/\/theplayoffs.news\/fr\/#\/schema\/person\/efcb1404f7c790a161fdc0aa29e81646"},"breadcrumb":{"@id":"https:\/\/theplayoffs.news\/fr\/actualite-nba\/leonard-retour-saison-prochaine\/#breadcrumb"},"inLanguage":"fr-FR","potentialAction":[{"@type":"ReadAction","target":["https:\/\/theplayoffs.news\/fr\/actualite-nba\/leonard-retour-saison-prochaine\/"]}]},{"@type":"ImageObject","inLanguage":"fr-FR","@id":"https:\/\/theplayoffs.news\/fr\/actualite-nba\/leonard-retour-saison-prochaine\/#primaryimage","url":"https:\/\/theplayoffs.news\/fr\/wp-content\/uploads\/2021\/03\/kawhi-leonard.jpg","contentUrl":"https:\/\/theplayoffs.news\/fr\/wp-content\/uploads\/2021\/03\/kawhi-leonard.jpg","width":959,"height":685,"caption":"leonard"},{"@type":"BreadcrumbList","@id":"https:\/\/theplayoffs.news\/fr\/actualite-nba\/leonard-retour-saison-prochaine\/#breadcrumb","itemListElement":[{"@type":"ListItem","position":1,"name":"Accueil","item":"https:\/\/theplayoffs.news\/fr\/"},{"@type":"ListItem","position":2,"name":"Kawhi Leonard devrait \u00eatre r\u00e9tabli pour le d\u00e9but de la saison prochaine"}]},{"@type":"WebSite","@id":"https:\/\/theplayoffs.news\/fr\/#website","url":"https:\/\/theplayoffs.news\/fr\/","name":"The Playoffs FR","description":"NBA-NFL-NHL-MLB","potentialAction":[{"@type":"SearchAction","target":{"@type":"EntryPoint","urlTemplate":"https:\/\/theplayoffs.news\/fr\/?s={search_term_string}"},"query-input":{"@type":"PropertyValueSpecification","valueRequired":true,"valueName":"search_term_string"}}],"inLanguage":"fr-FR"},{"@type":"Person","@id":"https:\/\/theplayoffs.news\/fr\/#\/schema\/person\/efcb1404f7c790a161fdc0aa29e81646","name":"Evan Glomot","image":{"@type":"ImageObject","inLanguage":"fr-FR","@id":"https:\/\/theplayoffs.news\/fr\/#\/schema\/person\/image\/","url":"https:\/\/secure.gravatar.com\/avatar\/93e18dce985a4dfed140ef5ef5ecc82be40a165cbb4838e421f46abb52b7c315?s=96&d=mm&r=g","contentUrl":"https:\/\/secure.gravatar.com\/avatar\/93e18dce985a4dfed140ef5ef5ecc82be40a165cbb4838e421f46abb52b7c315?s=96&d=mm&r=g","caption":"Evan Glomot"},"url":"https:\/\/theplayoffs.news\/fr\/author\/evanglomotgmail-com\/"}]}},"_links":{"self":[{"href":"https:\/\/theplayoffs.news\/fr\/wp-json\/wp\/v2\/posts\/586009","targetHints":{"allow":["GET"]}}],"collection":[{"href":"https:\/\/theplayoffs.news\/fr\/wp-json\/wp\/v2\/posts"}],"about":[{"href":"https:\/\/theplayoffs.news\/fr\/wp-json\/wp\/v2\/types\/post"}],"author":[{"embeddable":true,"href":"https:\/\/theplayoffs.news\/fr\/wp-json\/wp\/v2\/users\/180310144"}],"replies":[{"embeddable":true,"href":"https:\/\/theplayoffs.news\/fr\/wp-json\/wp\/v2\/comments?post=586009"}],"version-history":[{"count":2,"href":"https:\/\/theplayoffs.news\/fr\/wp-json\/wp\/v2\/posts\/586009\/revisions"}],"predecessor-version":[{"id":586020,"href":"https:\/\/theplayoffs.news\/fr\/wp-json\/wp\/v2\/posts\/586009\/revisions\/586020"}],"wp:featuredmedia":[{"embeddable":true,"href":"https:\/\/theplayoffs.news\/fr\/wp-json\/wp\/v2\/media\/295878"}],"wp:attachment":[{"href":"https:\/\/theplayoffs.news\/fr\/wp-json\/wp\/v2\/media?parent=586009"}],"wp:term":[{"taxonomy":"category","embeddable":true,"href":"https:\/\/theplayoffs.news\/fr\/wp-json\/wp\/v2\/categories?post=586009"},{"taxonomy":"post_tag","embeddable":true,"href":"https:\/\/theplayoffs.news\/fr\/wp-json\/wp\/v2\/tags?post=586009"},{"taxonomy":"sport","embeddable":true,"href":"https:\/\/theplayoffs.news\/fr\/wp-json\/wp\/v2\/sport?post=586009"},{"taxonomy":"saison","embeddable":true,"href":"https:\/\/theplayoffs.news\/fr\/wp-json\/wp\/v2\/saison?post=586009"}],"curies":[{"name":"wp","href":"https:\/\/api.w.org\/{rel}","templated":true}]}}