{"id":585726,"date":"2023-04-27T11:36:28","date_gmt":"2023-04-27T09:36:28","guid":{"rendered":"https:\/\/theplayoffs.news\/fr\/?p=585726"},"modified":"2023-04-27T11:36:28","modified_gmt":"2023-04-27T09:36:28","slug":"fin-de-saison-pour-robbie-ray","status":"publish","type":"post","link":"https:\/\/theplayoffs.news\/fr\/actualite-mlb\/fin-de-saison-pour-robbie-ray\/","title":{"rendered":"Fin de saison pour Robbie Ray !"},"content":{"rendered":"<p style=\"text-align: justify\">Le verdict est tomb&eacute; dans la soir&eacute;e, <a href=\"https:\/\/theplayoffs.news\/fr\/joueur\/robbie-ray-mlb-64350\/\" class=\"trk-cta-link\" data-cta-trk='{\"ctaType\":\"Link\",\"ctaSubType\":\"main\"}'>Robbie Ray<\/a> est contraint de mettre un terme &agrave; sa saison en raison d&rsquo;une blessure au coude. Le CY Young de 2021 va devoir subir une intervention chirurgicale.<\/p><blockquote class=\"twitter-tweet\" data-width=\"500\" data-dnt=\"true\">\n<p lang=\"en\" dir=\"ltr\">Mariners announce LHP Robbie Ray will undergo surgery to repair his flexor tendon and miss the remainder of the 2023 season. <a href=\"https:\/\/t.co\/oLUd5YF282\" class=\"trk-cta-link\" data-cta-trk='{\"ctaType\":\"Link\",\"ctaSubType\":\"main\"}'>pic.twitter.com\/oLUd5YF282<\/a><\/p>\n<p>&mdash; MLB (@MLB) <a href=\"https:\/\/twitter.com\/MLB\/status\/1651329889734217728?ref_src=twsrc%5Etfw\" class=\"trk-cta-link\" data-cta-trk='{\"ctaType\":\"Link\",\"ctaSubType\":\"main\"}'>April 26, 2023<\/a><\/p><\/blockquote><p><script async src=\"https:\/\/platform.twitter.com\/widgets.js\" charset=\"utf-8\"><\/script><\/p><h3 style=\"text-align: justify\">Robbie Ray&nbsp;: Une op&eacute;ration in&eacute;vitable<\/h3><p><img loading=\"lazy\" decoding=\"async\" class=\"alignnone wp-image-585727 size-full\" src=\"https:\/\/theplayoffs.news\/fr\/wp-content\/uploads\/2023\/04\/Robbie-Ray.jpg\" alt=\"Robbie Ray\" width=\"1920\" height=\"1280\" srcset=\"https:\/\/theplayoffs.news\/fr\/wp-content\/uploads\/2023\/04\/Robbie-Ray.jpg 1920w, https:\/\/theplayoffs.news\/fr\/wp-content\/uploads\/2023\/04\/Robbie-Ray-300x200.jpg 300w, https:\/\/theplayoffs.news\/fr\/wp-content\/uploads\/2023\/04\/Robbie-Ray-1030x687.jpg 1030w, https:\/\/theplayoffs.news\/fr\/wp-content\/uploads\/2023\/04\/Robbie-Ray-768x512.jpg 768w, https:\/\/theplayoffs.news\/fr\/wp-content\/uploads\/2023\/04\/Robbie-Ray-1536x1024.jpg 1536w, https:\/\/theplayoffs.news\/fr\/wp-content\/uploads\/2023\/04\/Robbie-Ray-1500x1000.jpg 1500w, https:\/\/theplayoffs.news\/fr\/wp-content\/uploads\/2023\/04\/Robbie-Ray-705x470.jpg 705w, https:\/\/theplayoffs.news\/fr\/wp-content\/uploads\/2023\/04\/Robbie-Ray-1320x880.jpg 1320w\" sizes=\"auto, (max-width: 1920px) 100vw, 1920px\" \/><\/p><p style=\"text-align: justify\">C&rsquo;est un <a href=\"https:\/\/www.mlb.com\/player\/scott-servais-122011\" class=\"trk-cta-link\" data-cta-trk='{\"ctaType\":\"Link\",\"ctaSubType\":\"main\"}'>Scott Servais<\/a> (manager des <a href=\"https:\/\/theplayoffs.news\/fr\/equipe\/seattle-mariners-mlb\/\" class=\"trk-cta-link\" data-cta-trk='{\"ctaType\":\"Link\",\"ctaSubType\":\"main\"}'>Seattle Mariners<\/a>) d&eacute;pit&eacute; qui s&rsquo;est pr&eacute;sent&eacute; devant la presse pour annoncer la fin de saison de Robbie Ray.<\/p><blockquote>\n<p style=\"text-align: justify\">&laquo;&nbsp;C&rsquo;est une nouvelle difficile. Evidemment c&rsquo;est tr&egrave;s difficile pour Robbie Ray. C&rsquo;est un grand comp&eacute;titeur. Et il ne va pas nous manquer seulement pour ce qu&rsquo;il fait &agrave; chaque d&eacute;part, mais aussi par le fait que c&rsquo;est un tr&egrave;s bon &eacute;quipier et que c&rsquo;est un gars sur qui nous pouvons nous appuyer.&nbsp;&raquo; Scott Servais<\/p>\n<\/blockquote><p style=\"text-align: justify\">Robbie Ray s&rsquo;est bless&eacute; au cours de l&rsquo;opening day face aux <a href=\"https:\/\/theplayoffs.news\/fr\/equipe\/cleveland-guardians-mlb\/\" class=\"trk-cta-link\" data-cta-trk='{\"ctaType\":\"Link\",\"ctaSubType\":\"main\"}'>Guardians de Cleveland<\/a>. Il avait alors effectu&eacute; 91 lancers en 3 manches. Il a alors &eacute;t&eacute; plac&eacute; sur la liste des bless&eacute; le lendemain et n&rsquo;est pas revenu.<\/p><blockquote>\n<p style=\"text-align: justify\">&laquo;&nbsp;Dans la deuxi&egrave;me manche j&rsquo;ai senti qu&rsquo;il se resserrait (son bras), mais cela m&rsquo;a paru ordinaire. C&rsquo;&eacute;tait une soir&eacute;e froide, j&rsquo;ai juste pensait qu&rsquo;il me fallait un peu de temps pour me lib&eacute;rer. Je n&rsquo;y ai pas beaucoup r&eacute;fl&eacute;chit, puis mon bras &agrave; commencer &agrave; se resserrer.&nbsp;&raquo; Robbie Ray.<\/p>\n<\/blockquote><p style=\"text-align: justify\">Le lanceur gaucher des Seattle Mariners souffre au niveau du tendon fl&eacute;chisseur de son coude. Il va alors &ecirc;tre pris en charge par le professeur Keith Meister &agrave; Alington au Texas.<\/p><blockquote>\n<p style=\"text-align: justify\">&laquo;&nbsp;Robbie &eacute;tait d&eacute;j&agrave; en relation avec lui (Dr Keith Meister) et le staff. Je n&rsquo;ai aucun d&eacute;tails concernant la date de l&rsquo;intervention.&nbsp;&raquo; Scott Servais<\/p>\n<\/blockquote><p style=\"text-align: justify\">La semaine derni&egrave;re, Robbie Ray avait annonc&eacute; vouloir prendre son temps pour revenir en pleine possession de ses moyens.<\/p><blockquote>\n<p style=\"text-align: justify\">&laquo;&nbsp;Je d&eacute;teste mettre une limite de temps sur ces choses, surtout aussi t&ocirc;t dans la saison. Je veux &ecirc;tre s&ucirc;r de pouvoir revenir &agrave; 100%.&nbsp;&raquo; Robbie Ray<\/p>\n<\/blockquote><p>Robbie Ray semblait en forme durant le Spring training, comme en atteste sa sortie face aux White Sox le 19 mars dernier avec ses 9 retraits au marbre.<\/p><p>&nbsp;<\/p><p>[cloudflare_stream_videoplayer idvid=&nbsp;&raquo;fba94da4bf9ae9dca0c3e3d1afc39879&Prime;]<\/p><p>&nbsp;<\/p><h3 style=\"text-align: justify\">Robbie Ray&nbsp;: Un vide laissait chez ses co&eacute;quipiers<\/h3><p style=\"text-align: justify\">On a bien sentit, lors de l&rsquo;annonce faite par Scott Servais, que l&rsquo;absence cette saison de Robbie Ray allait laisser un vide dans le groupe. <a href=\"https:\/\/theplayoffs.news\/fr\/joueur\/logan-gilbert-mlb-82442\/\" class=\"trk-cta-link\" data-cta-trk='{\"ctaType\":\"Link\",\"ctaSubType\":\"main\"}'>Logan Gilbert<\/a> s&rsquo;est montr&eacute; lui aussi tr&egrave;s triste d&rsquo;apprendre cette nouvelle.<\/p><blockquote>\n<p style=\"text-align: justify\">&laquo;&nbsp;C&rsquo;est difficile &agrave; entendre. Nous esp&eacute;rions tous le meilleur. Il est une grande partie de cette &eacute;quipe et un leader. Je sais qu&rsquo;il va encore avoir un effet important cette saison, en esp&eacute;rant pour lui le meilleur et un prompt r&eacute;tablissement.&nbsp;&raquo; Logan Gilbert<\/p>\n<\/blockquote><p style=\"text-align: justify\">Bien plus qu&rsquo;un leader dans le clubhouse, Robbie Ray &eacute;tait le num&eacute;ro 1 dans la rotation des Seattle Mariners. C&rsquo;est donc une perte consid&eacute;rable pour le reste de la saison. Il avait termin&eacute; l&rsquo;exercice 2022 avec un bilan &agrave; l&rsquo;&eacute;quilibre avec 12 victoires et autant de d&eacute;faites, une ERA de 3.7, 212 retraits au marbre en 189 manches et 1.190 de WHIP.<\/p><p style=\"text-align: justify\">Robbie avait sign&eacute; un contrat de 5 ans et 115 millions avant le d&eacute;but de la saison derni&egrave;re. Il faudra donc patienter jusqu&rsquo;&agrave; la saison 2024 pour revoir Robbie Ray sur le monticule. Les Mariners n&rsquo;avaient pas besoin de &ccedil;a, eux qui passent &agrave; c&ocirc;t&eacute; de leur d&eacute;but de saison pour le moment avec un bilan n&eacute;gatif de 11 victoires pour 13 d&eacute;faites.<\/p><p style=\"text-align: justify\">Cependant il ne fait aucun doute pour Scott Servais que Robbie Ray reviendra encore plus fort apr&egrave;s cette &eacute;preuve de la saison blanche qui l&rsquo;attend.<\/p><blockquote>\n<p style=\"text-align: justify\">&laquo;&nbsp;C&rsquo;est malheureux dans el jeu. Connaissant Robbie, il reviendra et il reviendra encore plus fort.&nbsp;&raquo; Scott Servais<\/p>\n<\/blockquote>\n","protected":false},"excerpt":{"rendered":"","protected":false},"author":180309823,"featured_media":585727,"comment_status":"open","ping_status":"closed","sticky":false,"template":"","format":"standard","meta":{"inline_featured_image":false,"kia_subtitle":"","_mux_skip_reasons":[],"proofreadBy":0,"footnotes":""},"categories":[188,9],"tags":[1301,5878,460],"sport":[2786],"saison":[3453],"class_list":["post-585726","post","type-post","status-publish","format-standard","has-post-thumbnail","hentry","category-actualite-mlb","category-mlb","tag-robbie-ray","tag-scott-servais","tag-seattle-mariners","sport-mlb","saison-3453"],"acf":[],"yoast_head":"<!-- This site is optimized with the Yoast SEO plugin v24.2 - https:\/\/yoast.com\/wordpress\/plugins\/seo\/ -->\n<title>Fin de saison pour Robbie Ray ! - The Playoffs FR<\/title>\n<meta name=\"robots\" content=\"index, follow, max-snippet:-1, max-image-preview:large, max-video-preview:-1\" \/>\n<link rel=\"canonical\" href=\"https:\/\/theplayoffs.news\/fr\/actualite-mlb\/fin-de-saison-pour-robbie-ray\/\" \/>\n<meta property=\"og:locale\" content=\"fr_FR\" \/>\n<meta property=\"og:type\" content=\"article\" \/>\n<meta property=\"og:title\" content=\"Fin de saison pour Robbie Ray ! - The Playoffs FR\" \/>\n<meta property=\"og:url\" content=\"https:\/\/theplayoffs.news\/fr\/actualite-mlb\/fin-de-saison-pour-robbie-ray\/\" \/>\n<meta property=\"og:site_name\" content=\"The Playoffs FR\" \/>\n<meta property=\"article:publisher\" content=\"https:\/\/www.facebook.com\/TheFreeAgentFR\/\" \/>\n<meta property=\"article:modified_time\" content=\"2023-04-27T11:36:28+02:00\" \/>\n<meta property=\"og:image\" content=\"https:\/\/theplayoffs.news\/fr\/wp-content\/uploads\/2023\/04\/Robbie-Ray.jpg\" \/>\n\t<meta property=\"og:image:width\" content=\"1920\" \/>\n\t<meta property=\"og:image:height\" content=\"1280\" \/>\n\t<meta property=\"og:image:type\" content=\"image\/jpeg\" \/>\n<meta name=\"author\" content=\"Nicolas Blanchard\" \/>\n<meta name=\"twitter:card\" content=\"summary_large_image\" \/>\n<meta name=\"twitter:creator\" content=\"@TheFreeAgentFR\" \/>\n<meta name=\"twitter:site\" content=\"@TheFreeAgentFR\" \/>\n<meta name=\"twitter:label1\" content=\"\u00c9crit par\" \/>\n\t<meta name=\"twitter:data1\" content=\"Nicolas Blanchard\" \/>\n\t<meta name=\"twitter:label2\" content=\"Dur\u00e9e de lecture estim\u00e9e\" \/>\n\t<meta name=\"twitter:data2\" content=\"3 minutes\" \/>\n<script type=\"application\/ld+json\" class=\"yoast-schema-graph\">{\"@context\":\"https:\/\/schema.org\",\"@graph\":[{\"@type\":\"WebPage\",\"@id\":\"https:\/\/theplayoffs.news\/fr\/actualite-mlb\/fin-de-saison-pour-robbie-ray\/\",\"url\":\"https:\/\/theplayoffs.news\/fr\/actualite-mlb\/fin-de-saison-pour-robbie-ray\/\",\"name\":\"Fin de saison pour Robbie Ray ! - The Playoffs FR\",\"isPartOf\":{\"@id\":\"https:\/\/theplayoffs.news\/fr\/#website\"},\"primaryImageOfPage\":{\"@id\":\"https:\/\/theplayoffs.news\/fr\/actualite-mlb\/fin-de-saison-pour-robbie-ray\/#primaryimage\"},\"image\":{\"@id\":\"https:\/\/theplayoffs.news\/fr\/actualite-mlb\/fin-de-saison-pour-robbie-ray\/#primaryimage\"},\"thumbnailUrl\":\"https:\/\/theplayoffs.news\/fr\/wp-content\/uploads\/2023\/04\/Robbie-Ray.jpg\",\"datePublished\":\"2023-04-27T09:36:28+00:00\",\"dateModified\":\"2023-04-27T09:36:28+00:00\",\"author\":{\"@id\":\"https:\/\/theplayoffs.news\/fr\/#\/schema\/person\/940879031feb6d5e27cf3c6b69917900\"},\"breadcrumb\":{\"@id\":\"https:\/\/theplayoffs.news\/fr\/actualite-mlb\/fin-de-saison-pour-robbie-ray\/#breadcrumb\"},\"inLanguage\":\"fr-FR\",\"potentialAction\":[{\"@type\":\"ReadAction\",\"target\":[\"https:\/\/theplayoffs.news\/fr\/actualite-mlb\/fin-de-saison-pour-robbie-ray\/\"]}]},{\"@type\":\"ImageObject\",\"inLanguage\":\"fr-FR\",\"@id\":\"https:\/\/theplayoffs.news\/fr\/actualite-mlb\/fin-de-saison-pour-robbie-ray\/#primaryimage\",\"url\":\"https:\/\/theplayoffs.news\/fr\/wp-content\/uploads\/2023\/04\/Robbie-Ray.jpg\",\"contentUrl\":\"https:\/\/theplayoffs.news\/fr\/wp-content\/uploads\/2023\/04\/Robbie-Ray.jpg\",\"width\":1920,\"height\":1280},{\"@type\":\"BreadcrumbList\",\"@id\":\"https:\/\/theplayoffs.news\/fr\/actualite-mlb\/fin-de-saison-pour-robbie-ray\/#breadcrumb\",\"itemListElement\":[{\"@type\":\"ListItem\",\"position\":1,\"name\":\"Accueil\",\"item\":\"https:\/\/theplayoffs.news\/fr\/\"},{\"@type\":\"ListItem\",\"position\":2,\"name\":\"Fin de saison pour Robbie Ray !\"}]},{\"@type\":\"WebSite\",\"@id\":\"https:\/\/theplayoffs.news\/fr\/#website\",\"url\":\"https:\/\/theplayoffs.news\/fr\/\",\"name\":\"The Playoffs FR\",\"description\":\"NBA-NFL-NHL-MLB\",\"potentialAction\":[{\"@type\":\"SearchAction\",\"target\":{\"@type\":\"EntryPoint\",\"urlTemplate\":\"https:\/\/theplayoffs.news\/fr\/?s={search_term_string}\"},\"query-input\":{\"@type\":\"PropertyValueSpecification\",\"valueRequired\":true,\"valueName\":\"search_term_string\"}}],\"inLanguage\":\"fr-FR\"},{\"@type\":\"Person\",\"@id\":\"https:\/\/theplayoffs.news\/fr\/#\/schema\/person\/940879031feb6d5e27cf3c6b69917900\",\"name\":\"Nicolas Blanchard\",\"image\":{\"@type\":\"ImageObject\",\"inLanguage\":\"fr-FR\",\"@id\":\"https:\/\/theplayoffs.news\/fr\/#\/schema\/person\/image\/\",\"url\":\"https:\/\/secure.gravatar.com\/avatar\/98953498460526f9290cb098aaa573c5e0a48837b1ca5807dd22cace83810899?s=96&d=mm&r=g\",\"contentUrl\":\"https:\/\/secure.gravatar.com\/avatar\/98953498460526f9290cb098aaa573c5e0a48837b1ca5807dd22cace83810899?s=96&d=mm&r=g\",\"caption\":\"Nicolas Blanchard\"},\"description\":\"Fan de MLB depuis une dizaine d\u2019ann\u00e9es, je suis tomb\u00e9 amoureux des Chicago Cubs lorsque j\u2019ai vu Bill Murray c\u00e9l\u00e9brer ce premier sacre depuis 108 ans. Mon premier contact avec le Sport US s\u2019est fait lorsque je suis tomb\u00e9 sur une VHS d\u2019Allen Iverson et se fut la r\u00e9v\u00e9lation. Je suis devenu r\u00e9dacteur depuis maintenant 4 ans et cela m\u2019apporte une nouvelle vision du Sport US \u00e0 la fois analytique et bien plus globale (et oui il faut couvrir toutes les \u00e9quipes m\u00eame les chaussettes rouges de Boston).\",\"url\":\"https:\/\/theplayoffs.news\/fr\/author\/nico4017\/\"}]}<\/script>\n<!-- \/ Yoast SEO plugin. -->","yoast_head_json":{"title":"Fin de saison pour Robbie Ray ! - The Playoffs FR","robots":{"index":"index","follow":"follow","max-snippet":"max-snippet:-1","max-image-preview":"max-image-preview:large","max-video-preview":"max-video-preview:-1"},"canonical":"https:\/\/theplayoffs.news\/fr\/actualite-mlb\/fin-de-saison-pour-robbie-ray\/","og_locale":"fr_FR","og_type":"article","og_title":"Fin de saison pour Robbie Ray ! - The Playoffs FR","og_url":"https:\/\/theplayoffs.news\/fr\/actualite-mlb\/fin-de-saison-pour-robbie-ray\/","og_site_name":"The Playoffs FR","article_publisher":"https:\/\/www.facebook.com\/TheFreeAgentFR\/","og_image":[{"width":1920,"height":1280,"url":"https:\/\/theplayoffs.news\/fr\/wp-content\/uploads\/2023\/04\/Robbie-Ray.jpg","type":"image\/jpeg"}],"author":"Nicolas Blanchard","twitter_card":"summary_large_image","twitter_creator":"@TheFreeAgentFR","twitter_site":"@TheFreeAgentFR","twitter_misc":{"\u00c9crit par":"Nicolas Blanchard","Dur\u00e9e de lecture estim\u00e9e":"3 minutes"},"schema":{"@context":"https:\/\/schema.org","@graph":[{"@type":"WebPage","@id":"https:\/\/theplayoffs.news\/fr\/actualite-mlb\/fin-de-saison-pour-robbie-ray\/","url":"https:\/\/theplayoffs.news\/fr\/actualite-mlb\/fin-de-saison-pour-robbie-ray\/","name":"Fin de saison pour Robbie Ray ! - The Playoffs FR","isPartOf":{"@id":"https:\/\/theplayoffs.news\/fr\/#website"},"primaryImageOfPage":{"@id":"https:\/\/theplayoffs.news\/fr\/actualite-mlb\/fin-de-saison-pour-robbie-ray\/#primaryimage"},"image":{"@id":"https:\/\/theplayoffs.news\/fr\/actualite-mlb\/fin-de-saison-pour-robbie-ray\/#primaryimage"},"thumbnailUrl":"https:\/\/theplayoffs.news\/fr\/wp-content\/uploads\/2023\/04\/Robbie-Ray.jpg","datePublished":"2023-04-27T09:36:28+00:00","dateModified":"2023-04-27T09:36:28+00:00","author":{"@id":"https:\/\/theplayoffs.news\/fr\/#\/schema\/person\/940879031feb6d5e27cf3c6b69917900"},"breadcrumb":{"@id":"https:\/\/theplayoffs.news\/fr\/actualite-mlb\/fin-de-saison-pour-robbie-ray\/#breadcrumb"},"inLanguage":"fr-FR","potentialAction":[{"@type":"ReadAction","target":["https:\/\/theplayoffs.news\/fr\/actualite-mlb\/fin-de-saison-pour-robbie-ray\/"]}]},{"@type":"ImageObject","inLanguage":"fr-FR","@id":"https:\/\/theplayoffs.news\/fr\/actualite-mlb\/fin-de-saison-pour-robbie-ray\/#primaryimage","url":"https:\/\/theplayoffs.news\/fr\/wp-content\/uploads\/2023\/04\/Robbie-Ray.jpg","contentUrl":"https:\/\/theplayoffs.news\/fr\/wp-content\/uploads\/2023\/04\/Robbie-Ray.jpg","width":1920,"height":1280},{"@type":"BreadcrumbList","@id":"https:\/\/theplayoffs.news\/fr\/actualite-mlb\/fin-de-saison-pour-robbie-ray\/#breadcrumb","itemListElement":[{"@type":"ListItem","position":1,"name":"Accueil","item":"https:\/\/theplayoffs.news\/fr\/"},{"@type":"ListItem","position":2,"name":"Fin de saison pour Robbie Ray !"}]},{"@type":"WebSite","@id":"https:\/\/theplayoffs.news\/fr\/#website","url":"https:\/\/theplayoffs.news\/fr\/","name":"The Playoffs FR","description":"NBA-NFL-NHL-MLB","potentialAction":[{"@type":"SearchAction","target":{"@type":"EntryPoint","urlTemplate":"https:\/\/theplayoffs.news\/fr\/?s={search_term_string}"},"query-input":{"@type":"PropertyValueSpecification","valueRequired":true,"valueName":"search_term_string"}}],"inLanguage":"fr-FR"},{"@type":"Person","@id":"https:\/\/theplayoffs.news\/fr\/#\/schema\/person\/940879031feb6d5e27cf3c6b69917900","name":"Nicolas Blanchard","image":{"@type":"ImageObject","inLanguage":"fr-FR","@id":"https:\/\/theplayoffs.news\/fr\/#\/schema\/person\/image\/","url":"https:\/\/secure.gravatar.com\/avatar\/98953498460526f9290cb098aaa573c5e0a48837b1ca5807dd22cace83810899?s=96&d=mm&r=g","contentUrl":"https:\/\/secure.gravatar.com\/avatar\/98953498460526f9290cb098aaa573c5e0a48837b1ca5807dd22cace83810899?s=96&d=mm&r=g","caption":"Nicolas Blanchard"},"description":"Fan de MLB depuis une dizaine d\u2019ann\u00e9es, je suis tomb\u00e9 amoureux des Chicago Cubs lorsque j\u2019ai vu Bill Murray c\u00e9l\u00e9brer ce premier sacre depuis 108 ans. Mon premier contact avec le Sport US s\u2019est fait lorsque je suis tomb\u00e9 sur une VHS d\u2019Allen Iverson et se fut la r\u00e9v\u00e9lation. Je suis devenu r\u00e9dacteur depuis maintenant 4 ans et cela m\u2019apporte une nouvelle vision du Sport US \u00e0 la fois analytique et bien plus globale (et oui il faut couvrir toutes les \u00e9quipes m\u00eame les chaussettes rouges de Boston).","url":"https:\/\/theplayoffs.news\/fr\/author\/nico4017\/"}]}},"_links":{"self":[{"href":"https:\/\/theplayoffs.news\/fr\/wp-json\/wp\/v2\/posts\/585726","targetHints":{"allow":["GET"]}}],"collection":[{"href":"https:\/\/theplayoffs.news\/fr\/wp-json\/wp\/v2\/posts"}],"about":[{"href":"https:\/\/theplayoffs.news\/fr\/wp-json\/wp\/v2\/types\/post"}],"author":[{"embeddable":true,"href":"https:\/\/theplayoffs.news\/fr\/wp-json\/wp\/v2\/users\/180309823"}],"replies":[{"embeddable":true,"href":"https:\/\/theplayoffs.news\/fr\/wp-json\/wp\/v2\/comments?post=585726"}],"version-history":[{"count":2,"href":"https:\/\/theplayoffs.news\/fr\/wp-json\/wp\/v2\/posts\/585726\/revisions"}],"predecessor-version":[{"id":585730,"href":"https:\/\/theplayoffs.news\/fr\/wp-json\/wp\/v2\/posts\/585726\/revisions\/585730"}],"wp:featuredmedia":[{"embeddable":true,"href":"https:\/\/theplayoffs.news\/fr\/wp-json\/wp\/v2\/media\/585727"}],"wp:attachment":[{"href":"https:\/\/theplayoffs.news\/fr\/wp-json\/wp\/v2\/media?parent=585726"}],"wp:term":[{"taxonomy":"category","embeddable":true,"href":"https:\/\/theplayoffs.news\/fr\/wp-json\/wp\/v2\/categories?post=585726"},{"taxonomy":"post_tag","embeddable":true,"href":"https:\/\/theplayoffs.news\/fr\/wp-json\/wp\/v2\/tags?post=585726"},{"taxonomy":"sport","embeddable":true,"href":"https:\/\/theplayoffs.news\/fr\/wp-json\/wp\/v2\/sport?post=585726"},{"taxonomy":"saison","embeddable":true,"href":"https:\/\/theplayoffs.news\/fr\/wp-json\/wp\/v2\/saison?post=585726"}],"curies":[{"name":"wp","href":"https:\/\/api.w.org\/{rel}","templated":true}]}}