{"id":585408,"date":"2023-04-26T09:19:01","date_gmt":"2023-04-26T07:19:01","guid":{"rendered":"https:\/\/theplayoffs.news\/fr\/?p=585408"},"modified":"2023-04-26T09:19:02","modified_gmt":"2023-04-26T07:19:02","slug":"avalanche-colorado-sadapter-sans-cale-makar","status":"publish","type":"post","link":"https:\/\/theplayoffs.news\/fr\/actualite-nhl\/avalanche-colorado-sadapter-sans-cale-makar\/","title":{"rendered":"L&rsquo;avalanche du Colorado : s&rsquo;adapter sans Cale Makar"},"content":{"rendered":"<h2>L&rsquo;Avalanche du Colorado se retrouve dans une position pr&eacute;caire alors qu&rsquo;il se dirige vers le cinqui&egrave;me match de sa s&eacute;rie &eacute;liminatoire contre le Seattle Kraken, la s&eacute;rie &eacute;tant &agrave; &eacute;galit&eacute; 2-2.<\/h2><p>Il manque des joueurs cl&eacute;s &agrave; l&rsquo;&eacute;quipe, dont le capitaine <a href=\"https:\/\/theplayoffs.news\/fr\/joueur\/gabriel-landeskog-colorado-avalanche-nhl\/\" class=\"trk-cta-link\" data-cta-trk='{\"ctaType\":\"Link\",\"ctaSubType\":\"main\"}'><strong>Gabriel Landeskog<\/strong><\/a>, l&rsquo;ailier <a href=\"https:\/\/theplayoffs.news\/fr\/joueur\/valeri-nichushkin-nhl-6084006\/\" class=\"trk-cta-link\" data-cta-trk='{\"ctaType\":\"Link\",\"ctaSubType\":\"main\"}'><strong>Valeri Nichushkin<\/strong><\/a>, l&rsquo;attaquant de profondeur Darren Helm et les d&eacute;fenseurs Jack Johnson et <a href=\"https:\/\/theplayoffs.news\/fr\/nhl\/cale-makar-suspendu-pour-le-match-5\/\" class=\"trk-cta-link\" data-cta-trk='{\"ctaType\":\"Link\",\"ctaSubType\":\"main\"}'>Cale Makar, qui a &eacute;t&eacute; suspendu pour un match<\/a>. Cela laisse l&rsquo;Avalanche ressembler &agrave; une coquille de l&rsquo;&eacute;quipe championne qu&rsquo;elle &eacute;tait l&rsquo;an dernier.<\/p><p>Sans la profondeur qu&rsquo;ils avaient la saison derni&egrave;re, l&rsquo;Avalanche devra compter sur ses stars plus que jamais, mais maintenant ils seront sans le vainqueur du troph&eacute;e Norris et du troph&eacute;e Conn Smythe, Cale Makar. L&rsquo;entra&icirc;neur Jared Bednar a raccourci le banc, ne comptant que sur neuf attaquants et quatre d&eacute;fenseurs dans le quatri&egrave;me match, ce qui exerce une pression immense sur les meilleurs joueurs comme Nathan MacKinnon, Mikko Rantanen et Devon Toews.<\/p><p>Le manque de profondeur de l&rsquo;&eacute;quipe pourrait s&rsquo;av&eacute;rer insoutenable contre une formation profonde de Seattle Kraken. Si Jack Johnson n&rsquo;est pas pr&ecirc;t &agrave; revenir pour le match 5, Brad Hunt, un d&eacute;fenseur aux capacit&eacute;s offensives, est le joueur le plus susceptible de s&rsquo;ins&eacute;rer dans l&rsquo;alignement. Hunt a des limites, en particulier du c&ocirc;t&eacute; d&eacute;fensif, mais il pourrait toujours &ecirc;tre une option m&ecirc;me si Johnson est pr&ecirc;t &agrave; jouer, car Bednar peut choisir de jouer sept d&eacute;fenseurs et 11 attaquants.<\/p><p>Avec Makar absent, les autres joueurs de la formation devront intensifier et assumer une responsabilit&eacute; accrue. Le jeune d&eacute;fenseur Bowen Byram est en mesure de faire exactement cela, ayant d&eacute;j&agrave; d&eacute;montr&eacute; sa capacit&eacute; &agrave; g&eacute;rer les grands moments lors de la Finale de la Coupe Stanley 2022. Byram ou Toews dirigeront probablement le jeu de puissance sup&eacute;rieur, les deux ayant potentiellement plus de temps de glace. Samuel Girard pourrait &eacute;galement se retrouver &agrave; jouer plus de minutes.<\/p><p>Les d&eacute;fenseurs v&eacute;t&eacute;rans Josh Manson et Erik Johnson devront &eacute;galement intensifier leur jeu. Manson, qui est revenu d&rsquo;une blessure pour les s&eacute;ries &eacute;liminatoires, a connu une s&eacute;rie difficile au premier tour et doit retrouver la forme qu&rsquo;il avait en s&eacute;ries &eacute;liminatoires. Erik Johnson, d&rsquo;autre part, a vu une diminution significative du temps de glace et devra prouver qu&rsquo;il peut g&eacute;rer une charge de travail accrue.<\/p><p>L&rsquo;Avalanche a montr&eacute; qu&rsquo;elle pouvait gagner sans Makar en saison r&eacute;guli&egrave;re, mais les s&eacute;ries &eacute;liminatoires sont une b&ecirc;te diff&eacute;rente. Le Kraken a &eacute;t&eacute; efficace pour obstruer les couloirs de tir et bloquer les tirs, et sans les comp&eacute;tences d&rsquo;&eacute;lite de Makar pour trouver des angles, l&rsquo;Avalanche le manquera &agrave; cet &eacute;gard.<\/p><p>Alors que le d&eacute;partement de la s&eacute;curit&eacute; des joueurs a suspendu Makar pour son coup violent sur Jared McCann, l&rsquo;Avalanche fait maintenant face &agrave; la t&acirc;che ardue d&rsquo;essayer de remplacer son d&eacute;fenseur vedette. S&rsquo;ils ont du mal &agrave; le faire, Seattle pourrait avoir l&rsquo;avantage dans le match 5. Une d&eacute;faite pour l&rsquo;Avalanche les mettrait dans une position difficile, jouant dans un environnement hostile au bord de l&rsquo;&eacute;limination &ndash; un sc&eacute;nario qu&rsquo;ils ont &eacute;vit&eacute; lors de leur titre en 2022 .<\/p>\n","protected":false},"excerpt":{"rendered":"","protected":false},"author":13,"featured_media":585409,"comment_status":"open","ping_status":"closed","sticky":false,"template":"","format":"standard","meta":{"inline_featured_image":false,"kia_subtitle":"","_mux_skip_reasons":[],"proofreadBy":0,"footnotes":""},"categories":[187,26],"tags":[3196,91],"sport":[],"saison":[],"class_list":["post-585408","post","type-post","status-publish","format-standard","has-post-thumbnail","hentry","category-actualite-nhl","category-nhl","tag-cale-makar","tag-colorado-avalanche"],"acf":[],"yoast_head":"<!-- This site is optimized with the Yoast SEO plugin v24.2 - https:\/\/yoast.com\/wordpress\/plugins\/seo\/ -->\n<title>L&#039;avalanche du Colorado : s&#039;adapter sans Cale Makar - The Playoffs FR<\/title>\n<meta name=\"robots\" content=\"index, follow, max-snippet:-1, max-image-preview:large, max-video-preview:-1\" \/>\n<link rel=\"canonical\" href=\"https:\/\/theplayoffs.news\/fr\/actualite-nhl\/avalanche-colorado-sadapter-sans-cale-makar\/\" \/>\n<meta property=\"og:locale\" content=\"fr_FR\" \/>\n<meta property=\"og:type\" content=\"article\" \/>\n<meta property=\"og:title\" content=\"L&#039;avalanche du Colorado : s&#039;adapter sans Cale Makar - The Playoffs FR\" \/>\n<meta property=\"og:url\" content=\"https:\/\/theplayoffs.news\/fr\/actualite-nhl\/avalanche-colorado-sadapter-sans-cale-makar\/\" \/>\n<meta property=\"og:site_name\" content=\"The Playoffs FR\" \/>\n<meta property=\"article:publisher\" content=\"https:\/\/www.facebook.com\/TheFreeAgentFR\/\" \/>\n<meta property=\"article:modified_time\" content=\"2023-04-26T09:19:02+02:00\" \/>\n<meta property=\"og:image\" content=\"https:\/\/theplayoffs.news\/fr\/wp-content\/uploads\/2023\/04\/tinywow_04252023_Makar_122633_21160610.jpg\" \/>\n\t<meta property=\"og:image:width\" content=\"780\" \/>\n\t<meta property=\"og:image:height\" content=\"520\" \/>\n\t<meta property=\"og:image:type\" content=\"image\/jpeg\" \/>\n<meta name=\"author\" content=\"Charles Taudin\" \/>\n<meta name=\"twitter:card\" content=\"summary_large_image\" \/>\n<meta name=\"twitter:creator\" content=\"@TheFreeAgentFR\" \/>\n<meta name=\"twitter:site\" content=\"@TheFreeAgentFR\" \/>\n<meta name=\"twitter:label1\" content=\"\u00c9crit par\" \/>\n\t<meta name=\"twitter:data1\" content=\"Charles Taudin\" \/>\n\t<meta name=\"twitter:label2\" content=\"Dur\u00e9e de lecture estim\u00e9e\" \/>\n\t<meta name=\"twitter:data2\" content=\"3 minutes\" \/>\n<script type=\"application\/ld+json\" class=\"yoast-schema-graph\">{\"@context\":\"https:\/\/schema.org\",\"@graph\":[{\"@type\":\"WebPage\",\"@id\":\"https:\/\/theplayoffs.news\/fr\/actualite-nhl\/avalanche-colorado-sadapter-sans-cale-makar\/\",\"url\":\"https:\/\/theplayoffs.news\/fr\/actualite-nhl\/avalanche-colorado-sadapter-sans-cale-makar\/\",\"name\":\"L\\\\'avalanche du Colorado : s\\\\'adapter sans Cale Makar - The Playoffs FR\",\"isPartOf\":{\"@id\":\"https:\/\/theplayoffs.news\/fr\/#website\"},\"primaryImageOfPage\":{\"@id\":\"https:\/\/theplayoffs.news\/fr\/actualite-nhl\/avalanche-colorado-sadapter-sans-cale-makar\/#primaryimage\"},\"image\":{\"@id\":\"https:\/\/theplayoffs.news\/fr\/actualite-nhl\/avalanche-colorado-sadapter-sans-cale-makar\/#primaryimage\"},\"thumbnailUrl\":\"https:\/\/theplayoffs.news\/fr\/wp-content\/uploads\/2023\/04\/tinywow_04252023_Makar_122633_21160610.jpg\",\"datePublished\":\"2023-04-26T07:19:01+00:00\",\"dateModified\":\"2023-04-26T07:19:02+00:00\",\"author\":{\"@id\":\"https:\/\/theplayoffs.news\/fr\/#\/schema\/person\/eee5b69ad5d3c51cabe881c839dbe133\"},\"breadcrumb\":{\"@id\":\"https:\/\/theplayoffs.news\/fr\/actualite-nhl\/avalanche-colorado-sadapter-sans-cale-makar\/#breadcrumb\"},\"inLanguage\":\"fr-FR\",\"potentialAction\":[{\"@type\":\"ReadAction\",\"target\":[\"https:\/\/theplayoffs.news\/fr\/actualite-nhl\/avalanche-colorado-sadapter-sans-cale-makar\/\"]}]},{\"@type\":\"ImageObject\",\"inLanguage\":\"fr-FR\",\"@id\":\"https:\/\/theplayoffs.news\/fr\/actualite-nhl\/avalanche-colorado-sadapter-sans-cale-makar\/#primaryimage\",\"url\":\"https:\/\/theplayoffs.news\/fr\/wp-content\/uploads\/2023\/04\/tinywow_04252023_Makar_122633_21160610.jpg\",\"contentUrl\":\"https:\/\/theplayoffs.news\/fr\/wp-content\/uploads\/2023\/04\/tinywow_04252023_Makar_122633_21160610.jpg\",\"width\":780,\"height\":520,\"caption\":\"Avalanche Cale Makar\"},{\"@type\":\"BreadcrumbList\",\"@id\":\"https:\/\/theplayoffs.news\/fr\/actualite-nhl\/avalanche-colorado-sadapter-sans-cale-makar\/#breadcrumb\",\"itemListElement\":[{\"@type\":\"ListItem\",\"position\":1,\"name\":\"Accueil\",\"item\":\"https:\/\/theplayoffs.news\/fr\/\"},{\"@type\":\"ListItem\",\"position\":2,\"name\":\"L&rsquo;avalanche du Colorado : s&rsquo;adapter sans Cale Makar\"}]},{\"@type\":\"WebSite\",\"@id\":\"https:\/\/theplayoffs.news\/fr\/#website\",\"url\":\"https:\/\/theplayoffs.news\/fr\/\",\"name\":\"The Playoffs FR\",\"description\":\"NBA-NFL-NHL-MLB\",\"potentialAction\":[{\"@type\":\"SearchAction\",\"target\":{\"@type\":\"EntryPoint\",\"urlTemplate\":\"https:\/\/theplayoffs.news\/fr\/?s={search_term_string}\"},\"query-input\":{\"@type\":\"PropertyValueSpecification\",\"valueRequired\":true,\"valueName\":\"search_term_string\"}}],\"inLanguage\":\"fr-FR\"},{\"@type\":\"Person\",\"@id\":\"https:\/\/theplayoffs.news\/fr\/#\/schema\/person\/eee5b69ad5d3c51cabe881c839dbe133\",\"name\":\"Charles Taudin\",\"image\":{\"@type\":\"ImageObject\",\"inLanguage\":\"fr-FR\",\"@id\":\"https:\/\/theplayoffs.news\/fr\/#\/schema\/person\/image\/\",\"url\":\"https:\/\/secure.gravatar.com\/avatar\/59a1e772205ce9fd255edfcafc93013736822e20261f294c5753b20c41ede9f2?s=96&d=mm&r=g\",\"contentUrl\":\"https:\/\/secure.gravatar.com\/avatar\/59a1e772205ce9fd255edfcafc93013736822e20261f294c5753b20c41ede9f2?s=96&d=mm&r=g\",\"caption\":\"Charles Taudin\"},\"description\":\"R\u00e9dacteur en chef global de The Playoffs, j\u2019ai cr\u00e9\u00e9 The Free Agent, devenu The Playoffs FR, en 2020 durant la pand\u00e9mie. Amoureux depuis des ann\u00e9es des 4 sports majeurs am\u00e9ricains, j\u2019organise maintenant la strat\u00e9gie \u00e9ditoriale et les r\u00e9seaux sociaux de l\u2019ensemble des versions de The Playoffs. Il m\u2019arrive encore d\u2019\u00e9crire sur certains sports que j\u2019affectionne particuli\u00e8rement comme la NFL ou la MLB. Si vous devez retenir qu\u2019une chose : Eli Manning est le vrai GOAT pour avoir battu deux fois Tom Brady.\",\"sameAs\":[\"https:\/\/www.instagram.com\/ctaudin_\/\"],\"url\":\"https:\/\/theplayoffs.news\/fr\/author\/charles-taudin\/\"}]}<\/script>\n<!-- \/ Yoast SEO plugin. -->","yoast_head_json":{"title":"L&#039;avalanche du Colorado : s&#039;adapter sans Cale Makar - The Playoffs FR","robots":{"index":"index","follow":"follow","max-snippet":"max-snippet:-1","max-image-preview":"max-image-preview:large","max-video-preview":"max-video-preview:-1"},"canonical":"https:\/\/theplayoffs.news\/fr\/actualite-nhl\/avalanche-colorado-sadapter-sans-cale-makar\/","og_locale":"fr_FR","og_type":"article","og_title":"L&#039;avalanche du Colorado : s&#039;adapter sans Cale Makar - The Playoffs FR","og_url":"https:\/\/theplayoffs.news\/fr\/actualite-nhl\/avalanche-colorado-sadapter-sans-cale-makar\/","og_site_name":"The Playoffs FR","article_publisher":"https:\/\/www.facebook.com\/TheFreeAgentFR\/","article_modified_time":"2023-04-26T07:19:02+00:00","og_image":[{"width":780,"height":520,"url":"https:\/\/theplayoffs.news\/fr\/wp-content\/uploads\/2023\/04\/tinywow_04252023_Makar_122633_21160610.jpg","type":"image\/jpeg"}],"author":"Charles Taudin","twitter_card":"summary_large_image","twitter_creator":"@TheFreeAgentFR","twitter_site":"@TheFreeAgentFR","twitter_misc":{"\u00c9crit par":"Charles Taudin","Dur\u00e9e de lecture estim\u00e9e":"3 minutes"},"schema":{"@context":"https:\/\/schema.org","@graph":[{"@type":"WebPage","@id":"https:\/\/theplayoffs.news\/fr\/actualite-nhl\/avalanche-colorado-sadapter-sans-cale-makar\/","url":"https:\/\/theplayoffs.news\/fr\/actualite-nhl\/avalanche-colorado-sadapter-sans-cale-makar\/","name":"L\\'avalanche du Colorado : s\\'adapter sans Cale Makar - The Playoffs FR","isPartOf":{"@id":"https:\/\/theplayoffs.news\/fr\/#website"},"primaryImageOfPage":{"@id":"https:\/\/theplayoffs.news\/fr\/actualite-nhl\/avalanche-colorado-sadapter-sans-cale-makar\/#primaryimage"},"image":{"@id":"https:\/\/theplayoffs.news\/fr\/actualite-nhl\/avalanche-colorado-sadapter-sans-cale-makar\/#primaryimage"},"thumbnailUrl":"https:\/\/theplayoffs.news\/fr\/wp-content\/uploads\/2023\/04\/tinywow_04252023_Makar_122633_21160610.jpg","datePublished":"2023-04-26T07:19:01+00:00","dateModified":"2023-04-26T07:19:02+00:00","author":{"@id":"https:\/\/theplayoffs.news\/fr\/#\/schema\/person\/eee5b69ad5d3c51cabe881c839dbe133"},"breadcrumb":{"@id":"https:\/\/theplayoffs.news\/fr\/actualite-nhl\/avalanche-colorado-sadapter-sans-cale-makar\/#breadcrumb"},"inLanguage":"fr-FR","potentialAction":[{"@type":"ReadAction","target":["https:\/\/theplayoffs.news\/fr\/actualite-nhl\/avalanche-colorado-sadapter-sans-cale-makar\/"]}]},{"@type":"ImageObject","inLanguage":"fr-FR","@id":"https:\/\/theplayoffs.news\/fr\/actualite-nhl\/avalanche-colorado-sadapter-sans-cale-makar\/#primaryimage","url":"https:\/\/theplayoffs.news\/fr\/wp-content\/uploads\/2023\/04\/tinywow_04252023_Makar_122633_21160610.jpg","contentUrl":"https:\/\/theplayoffs.news\/fr\/wp-content\/uploads\/2023\/04\/tinywow_04252023_Makar_122633_21160610.jpg","width":780,"height":520,"caption":"Avalanche Cale Makar"},{"@type":"BreadcrumbList","@id":"https:\/\/theplayoffs.news\/fr\/actualite-nhl\/avalanche-colorado-sadapter-sans-cale-makar\/#breadcrumb","itemListElement":[{"@type":"ListItem","position":1,"name":"Accueil","item":"https:\/\/theplayoffs.news\/fr\/"},{"@type":"ListItem","position":2,"name":"L&rsquo;avalanche du Colorado : s&rsquo;adapter sans Cale Makar"}]},{"@type":"WebSite","@id":"https:\/\/theplayoffs.news\/fr\/#website","url":"https:\/\/theplayoffs.news\/fr\/","name":"The Playoffs FR","description":"NBA-NFL-NHL-MLB","potentialAction":[{"@type":"SearchAction","target":{"@type":"EntryPoint","urlTemplate":"https:\/\/theplayoffs.news\/fr\/?s={search_term_string}"},"query-input":{"@type":"PropertyValueSpecification","valueRequired":true,"valueName":"search_term_string"}}],"inLanguage":"fr-FR"},{"@type":"Person","@id":"https:\/\/theplayoffs.news\/fr\/#\/schema\/person\/eee5b69ad5d3c51cabe881c839dbe133","name":"Charles Taudin","image":{"@type":"ImageObject","inLanguage":"fr-FR","@id":"https:\/\/theplayoffs.news\/fr\/#\/schema\/person\/image\/","url":"https:\/\/secure.gravatar.com\/avatar\/59a1e772205ce9fd255edfcafc93013736822e20261f294c5753b20c41ede9f2?s=96&d=mm&r=g","contentUrl":"https:\/\/secure.gravatar.com\/avatar\/59a1e772205ce9fd255edfcafc93013736822e20261f294c5753b20c41ede9f2?s=96&d=mm&r=g","caption":"Charles Taudin"},"description":"R\u00e9dacteur en chef global de The Playoffs, j\u2019ai cr\u00e9\u00e9 The Free Agent, devenu The Playoffs FR, en 2020 durant la pand\u00e9mie. Amoureux depuis des ann\u00e9es des 4 sports majeurs am\u00e9ricains, j\u2019organise maintenant la strat\u00e9gie \u00e9ditoriale et les r\u00e9seaux sociaux de l\u2019ensemble des versions de The Playoffs. Il m\u2019arrive encore d\u2019\u00e9crire sur certains sports que j\u2019affectionne particuli\u00e8rement comme la NFL ou la MLB. Si vous devez retenir qu\u2019une chose : Eli Manning est le vrai GOAT pour avoir battu deux fois Tom Brady.","sameAs":["https:\/\/www.instagram.com\/ctaudin_\/"],"url":"https:\/\/theplayoffs.news\/fr\/author\/charles-taudin\/"}]}},"_links":{"self":[{"href":"https:\/\/theplayoffs.news\/fr\/wp-json\/wp\/v2\/posts\/585408","targetHints":{"allow":["GET"]}}],"collection":[{"href":"https:\/\/theplayoffs.news\/fr\/wp-json\/wp\/v2\/posts"}],"about":[{"href":"https:\/\/theplayoffs.news\/fr\/wp-json\/wp\/v2\/types\/post"}],"author":[{"embeddable":true,"href":"https:\/\/theplayoffs.news\/fr\/wp-json\/wp\/v2\/users\/13"}],"replies":[{"embeddable":true,"href":"https:\/\/theplayoffs.news\/fr\/wp-json\/wp\/v2\/comments?post=585408"}],"version-history":[{"count":2,"href":"https:\/\/theplayoffs.news\/fr\/wp-json\/wp\/v2\/posts\/585408\/revisions"}],"predecessor-version":[{"id":585411,"href":"https:\/\/theplayoffs.news\/fr\/wp-json\/wp\/v2\/posts\/585408\/revisions\/585411"}],"wp:featuredmedia":[{"embeddable":true,"href":"https:\/\/theplayoffs.news\/fr\/wp-json\/wp\/v2\/media\/585409"}],"wp:attachment":[{"href":"https:\/\/theplayoffs.news\/fr\/wp-json\/wp\/v2\/media?parent=585408"}],"wp:term":[{"taxonomy":"category","embeddable":true,"href":"https:\/\/theplayoffs.news\/fr\/wp-json\/wp\/v2\/categories?post=585408"},{"taxonomy":"post_tag","embeddable":true,"href":"https:\/\/theplayoffs.news\/fr\/wp-json\/wp\/v2\/tags?post=585408"},{"taxonomy":"sport","embeddable":true,"href":"https:\/\/theplayoffs.news\/fr\/wp-json\/wp\/v2\/sport?post=585408"},{"taxonomy":"saison","embeddable":true,"href":"https:\/\/theplayoffs.news\/fr\/wp-json\/wp\/v2\/saison?post=585408"}],"curies":[{"name":"wp","href":"https:\/\/api.w.org\/{rel}","templated":true}]}}