{"id":585238,"date":"2023-04-26T07:05:47","date_gmt":"2023-04-26T05:05:47","guid":{"rendered":"https:\/\/theplayoffs.news\/fr\/?p=585238"},"modified":"2023-04-26T07:05:48","modified_gmt":"2023-04-26T05:05:48","slug":"cale-makar-suspendu-pour-le-match-5","status":"publish","type":"post","link":"https:\/\/theplayoffs.news\/fr\/actualite-nhl\/cale-makar-suspendu-pour-le-match-5\/","title":{"rendered":"Cale Makar suspendu pour le match 5"},"content":{"rendered":"<h2>Cale Makar suspendu pour le match 5<\/h2><p>Durant la <a href=\"https:\/\/www.youtube.com\/watch?v=IA4FyVMhIPs\" class=\"trk-cta-link\" data-cta-trk='{\"ctaType\":\"Link\",\"ctaSubType\":\"main\"}'>d&eacute;faite de l&rsquo;<strong>Avalanche du Colorado<\/strong> sur le score de 3 buts &agrave; 2 face au <strong>Kraken de Seattle<\/strong> en prolongation<\/a>, <a href=\"https:\/\/theplayoffs.news\/fr\/joueur\/cale-makar-nhl-8467126\/\" class=\"trk-cta-link\" data-cta-trk='{\"ctaType\":\"Link\",\"ctaSubType\":\"main\"}'><strong>Cale Makar<\/strong><\/a> s&rsquo;est illustr&eacute; de la mauvaise des mani&egrave;res en &eacute;copant d&rsquo;un match de suspension. Il sera donc indisponible pour le match 5 de cette s&eacute;rie qui aura lieu &agrave; <strong>Denver<\/strong>.<\/p><h3>Cale Makar indisponible pour le match 5<\/h3><p>&nbsp;<\/p><p>Alors que <strong>Colorado<\/strong> semble &ecirc;tre en difficult&eacute; face &agrave; <strong>Seattle<\/strong> dans ce premier tour des play-offs, <strong>Cale Makar<\/strong> a perdu les nerfs en finissant <a href=\"https:\/\/www.youtube.com\/watch?v=uP7X9Wt3SVA\" class=\"trk-cta-link\" data-cta-trk='{\"ctaType\":\"Link\",\"ctaSubType\":\"main\"}'>une mise en &eacute;chec tardive sur Jared McCann<\/a> apr&egrave;s que le palet ait quitt&eacute; l&rsquo;aire de jeu. Ce geste qui rel&egrave;ve de la frustration que peuvent ressentir les joueurs de <strong>Colorado<\/strong>&nbsp;a &eacute;t&eacute; p&eacute;nalis&eacute; d&rsquo;une p&eacute;nalit&eacute; majeure avant d&rsquo;&ecirc;tre revu par les officiels qui ont estim&eacute; que ce geste valait une p&eacute;nalit&eacute; mineure contre <strong>Cale Makar<\/strong> pour obstruction.<\/p><p><strong>Cale Makar<\/strong> a tout de m&ecirc;me tenu &agrave; clarifier la situation aupr&egrave;s des m&eacute;dias &agrave; propos de son geste sur <a href=\"https:\/\/theplayoffs.news\/fr\/joueur\/jared-mccann-nhl-6229554\/\" class=\"trk-cta-link\" data-cta-trk='{\"ctaType\":\"Link\",\"ctaSubType\":\"main\"}'><strong>Jared McCann<\/strong><\/a> qui n&rsquo;a donc pas termin&eacute; le match 4 apr&egrave;s avoir subi cette mise en &eacute;chec tardive :<\/p><blockquote><p>&laquo;&nbsp;C&rsquo;est regrettable. Je ne veux jamais blesser les gars. J&rsquo;esp&egrave;re qu&rsquo;il (<strong>Jared McCann<\/strong>) va bien&hellip; Je n&rsquo;ai pas eu l&rsquo;impression d&rsquo;avoir essay&eacute; de le finir si durement. J&rsquo;ai l&rsquo;impression que si j&rsquo;avais &eacute;t&eacute; dans ce sc&eacute;nario, ils auraient fait exactement la m&ecirc;me chose. Je n&rsquo;essaie pas de blesser qui que ce soit. C&rsquo;est juste malheureux. Un rebond violent. Ils ont pris la bonne d&eacute;cision et c&rsquo;est tout ce qu&rsquo;on peut demander.&nbsp;&raquo; <strong>Cale Makar<\/strong> &agrave; propos de son geste envers <strong>Jared McCann<\/strong> &agrave; <strong><em>Kyle Fredrickson<\/em><\/strong>(<strong><em>Denver Gazette<\/em><\/strong>)<\/p><\/blockquote><blockquote class=\"twitter-tweet\" data-width=\"500\" data-dnt=\"true\">\n<p lang=\"en\" dir=\"ltr\"><a href=\"https:\/\/twitter.com\/hashtag\/Avs?src=hash&amp;ref_src=twsrc%5Etfw\" class=\"trk-cta-link\" data-cta-trk='{\"ctaType\":\"Link\",\"ctaSubType\":\"main\"}'>#Avs<\/a> Cale Makar, from the postgame dressing room, on the hit that knocked Jared McCann out of Game 4 (and Game 5): <\/p>\n<p>&ldquo;It&rsquo;s unfortunate. I never want to injure guys.\" <a href=\"https:\/\/t.co\/rFK17Csbtu\" class=\"trk-cta-link\" data-cta-trk='{\"ctaType\":\"Link\",\"ctaSubType\":\"main\"}'>pic.twitter.com\/rFK17Csbtu<\/a><\/p>\n<p>&mdash; Kyle Fredrickson (@kylefredrickson) <a href=\"https:\/\/twitter.com\/kylefredrickson\/status\/1650745919216951297?ref_src=twsrc%5Etfw\" class=\"trk-cta-link\" data-cta-trk='{\"ctaType\":\"Link\",\"ctaSubType\":\"main\"}'>April 25, 2023<\/a><\/p><\/blockquote><p><script async src=\"https:\/\/platform.twitter.com\/widgets.js\" charset=\"utf-8\"><\/script><\/p><p>La suspension du d&eacute;fenseur &eacute;toile de l&rsquo;<strong>Avalanch<\/strong>e tombe au plus mauvais point puisque <strong>Colorado<\/strong> jouera &eacute;galement sans <a href=\"https:\/\/theplayoffs.news\/fr\/joueur\/valeri-nichushkin-nhl-6084006\/\" class=\"trk-cta-link\" data-cta-trk='{\"ctaType\":\"Link\",\"ctaSubType\":\"main\"}'><strong>Valeri Nichushkin<\/strong><\/a> qui s&rsquo;absentera pour des raisons qui seraient li&eacute;es &agrave; l&rsquo;abus d&rsquo;alcool. Deux terribles nouvelles pour <strong>Colorado<\/strong> qui s&rsquo;appr&ecirc;te donc &agrave; disputer un match 5 de leur s&eacute;rie face &agrave; <strong>Seattle<\/strong> qui s&rsquo;annonce palpitant entre le champion en titre et la fougue de <strong>Seattle<\/strong>. <strong>Colorado<\/strong> gardera-t-elle le cap en prenant l&rsquo;avance dans cette s&eacute;rie ? <strong>Seattle<\/strong> saura-t-elle tirer profit de cette situation et revenir &agrave; domicile avec la possibilt&eacute; de terminer la s&eacute;rie ?<\/p>\n","protected":false},"excerpt":{"rendered":"","protected":false},"author":180310148,"featured_media":585247,"comment_status":"open","ping_status":"closed","sticky":false,"template":"","format":"standard","meta":{"inline_featured_image":false,"kia_subtitle":"","_mux_skip_reasons":[],"proofreadBy":0,"footnotes":""},"categories":[187,26],"tags":[5369,3196,91,24],"sport":[],"saison":[],"class_list":["post-585238","post","type-post","status-publish","format-standard","has-post-thumbnail","hentry","category-actualite-nhl","category-nhl","tag-nhlfr","tag-cale-makar","tag-colorado-avalanche","tag-nhl"],"acf":[],"yoast_head":"<!-- This site is optimized with the Yoast SEO plugin v24.2 - https:\/\/yoast.com\/wordpress\/plugins\/seo\/ -->\n<title>Cale Makar suspendu pour le match 5 - The Playoffs FR<\/title>\n<meta name=\"robots\" content=\"index, follow, max-snippet:-1, max-image-preview:large, max-video-preview:-1\" \/>\n<link rel=\"canonical\" href=\"https:\/\/theplayoffs.news\/fr\/actualite-nhl\/cale-makar-suspendu-pour-le-match-5\/\" \/>\n<meta property=\"og:locale\" content=\"fr_FR\" \/>\n<meta property=\"og:type\" content=\"article\" \/>\n<meta property=\"og:title\" content=\"Cale Makar suspendu pour le match 5 - The Playoffs FR\" \/>\n<meta property=\"og:url\" content=\"https:\/\/theplayoffs.news\/fr\/actualite-nhl\/cale-makar-suspendu-pour-le-match-5\/\" \/>\n<meta property=\"og:site_name\" content=\"The Playoffs FR\" \/>\n<meta property=\"article:publisher\" content=\"https:\/\/www.facebook.com\/TheFreeAgentFR\/\" \/>\n<meta property=\"article:modified_time\" content=\"2023-04-26T07:05:48+02:00\" \/>\n<meta property=\"og:image\" content=\"https:\/\/theplayoffs.news\/fr\/wp-content\/uploads\/2023\/04\/cale-makar.jpg\" \/>\n\t<meta property=\"og:image:width\" content=\"474\" \/>\n\t<meta property=\"og:image:height\" content=\"315\" \/>\n\t<meta property=\"og:image:type\" content=\"image\/jpeg\" \/>\n<meta name=\"author\" content=\"Rapha\u00ebl Dangueuger\" \/>\n<meta name=\"twitter:card\" content=\"summary_large_image\" \/>\n<meta name=\"twitter:creator\" content=\"@TheFreeAgentFR\" \/>\n<meta name=\"twitter:site\" content=\"@TheFreeAgentFR\" \/>\n<meta name=\"twitter:label1\" content=\"\u00c9crit par\" \/>\n\t<meta name=\"twitter:data1\" content=\"Rapha\u00ebl Dangueuger\" \/>\n\t<meta name=\"twitter:label2\" content=\"Dur\u00e9e de lecture estim\u00e9e\" \/>\n\t<meta name=\"twitter:data2\" content=\"2 minutes\" \/>\n<script type=\"application\/ld+json\" class=\"yoast-schema-graph\">{\"@context\":\"https:\/\/schema.org\",\"@graph\":[{\"@type\":\"WebPage\",\"@id\":\"https:\/\/theplayoffs.news\/fr\/actualite-nhl\/cale-makar-suspendu-pour-le-match-5\/\",\"url\":\"https:\/\/theplayoffs.news\/fr\/actualite-nhl\/cale-makar-suspendu-pour-le-match-5\/\",\"name\":\"Cale Makar suspendu pour le match 5 - The Playoffs FR\",\"isPartOf\":{\"@id\":\"https:\/\/theplayoffs.news\/fr\/#website\"},\"primaryImageOfPage\":{\"@id\":\"https:\/\/theplayoffs.news\/fr\/actualite-nhl\/cale-makar-suspendu-pour-le-match-5\/#primaryimage\"},\"image\":{\"@id\":\"https:\/\/theplayoffs.news\/fr\/actualite-nhl\/cale-makar-suspendu-pour-le-match-5\/#primaryimage\"},\"thumbnailUrl\":\"https:\/\/theplayoffs.news\/fr\/wp-content\/uploads\/2023\/04\/cale-makar.jpg\",\"datePublished\":\"2023-04-26T05:05:47+00:00\",\"dateModified\":\"2023-04-26T05:05:48+00:00\",\"author\":{\"@id\":\"https:\/\/theplayoffs.news\/fr\/#\/schema\/person\/4b02b53432403b95b5e8ccbd4da65f97\"},\"breadcrumb\":{\"@id\":\"https:\/\/theplayoffs.news\/fr\/actualite-nhl\/cale-makar-suspendu-pour-le-match-5\/#breadcrumb\"},\"inLanguage\":\"fr-FR\",\"potentialAction\":[{\"@type\":\"ReadAction\",\"target\":[\"https:\/\/theplayoffs.news\/fr\/actualite-nhl\/cale-makar-suspendu-pour-le-match-5\/\"]}]},{\"@type\":\"ImageObject\",\"inLanguage\":\"fr-FR\",\"@id\":\"https:\/\/theplayoffs.news\/fr\/actualite-nhl\/cale-makar-suspendu-pour-le-match-5\/#primaryimage\",\"url\":\"https:\/\/theplayoffs.news\/fr\/wp-content\/uploads\/2023\/04\/cale-makar.jpg\",\"contentUrl\":\"https:\/\/theplayoffs.news\/fr\/wp-content\/uploads\/2023\/04\/cale-makar.jpg\",\"width\":474,\"height\":315,\"caption\":\"Cale Makar\"},{\"@type\":\"BreadcrumbList\",\"@id\":\"https:\/\/theplayoffs.news\/fr\/actualite-nhl\/cale-makar-suspendu-pour-le-match-5\/#breadcrumb\",\"itemListElement\":[{\"@type\":\"ListItem\",\"position\":1,\"name\":\"Accueil\",\"item\":\"https:\/\/theplayoffs.news\/fr\/\"},{\"@type\":\"ListItem\",\"position\":2,\"name\":\"Cale Makar suspendu pour le match 5\"}]},{\"@type\":\"WebSite\",\"@id\":\"https:\/\/theplayoffs.news\/fr\/#website\",\"url\":\"https:\/\/theplayoffs.news\/fr\/\",\"name\":\"The Playoffs FR\",\"description\":\"NBA-NFL-NHL-MLB\",\"potentialAction\":[{\"@type\":\"SearchAction\",\"target\":{\"@type\":\"EntryPoint\",\"urlTemplate\":\"https:\/\/theplayoffs.news\/fr\/?s={search_term_string}\"},\"query-input\":{\"@type\":\"PropertyValueSpecification\",\"valueRequired\":true,\"valueName\":\"search_term_string\"}}],\"inLanguage\":\"fr-FR\"},{\"@type\":\"Person\",\"@id\":\"https:\/\/theplayoffs.news\/fr\/#\/schema\/person\/4b02b53432403b95b5e8ccbd4da65f97\",\"name\":\"Rapha\u00ebl Dangueuger\",\"image\":{\"@type\":\"ImageObject\",\"inLanguage\":\"fr-FR\",\"@id\":\"https:\/\/theplayoffs.news\/fr\/#\/schema\/person\/image\/\",\"url\":\"https:\/\/secure.gravatar.com\/avatar\/18c9032760c2b9c175c3f0c3b7c2cb563384755cdbc1a585e4cc6d57b742cfed?s=96&d=mm&r=g\",\"contentUrl\":\"https:\/\/secure.gravatar.com\/avatar\/18c9032760c2b9c175c3f0c3b7c2cb563384755cdbc1a585e4cc6d57b742cfed?s=96&d=mm&r=g\",\"caption\":\"Rapha\u00ebl Dangueuger\"},\"url\":\"https:\/\/theplayoffs.news\/fr\/author\/rdangueugeroutlook-fr\/\"}]}<\/script>\n<!-- \/ Yoast SEO plugin. -->","yoast_head_json":{"title":"Cale Makar suspendu pour le match 5 - The Playoffs FR","robots":{"index":"index","follow":"follow","max-snippet":"max-snippet:-1","max-image-preview":"max-image-preview:large","max-video-preview":"max-video-preview:-1"},"canonical":"https:\/\/theplayoffs.news\/fr\/actualite-nhl\/cale-makar-suspendu-pour-le-match-5\/","og_locale":"fr_FR","og_type":"article","og_title":"Cale Makar suspendu pour le match 5 - The Playoffs FR","og_url":"https:\/\/theplayoffs.news\/fr\/actualite-nhl\/cale-makar-suspendu-pour-le-match-5\/","og_site_name":"The Playoffs FR","article_publisher":"https:\/\/www.facebook.com\/TheFreeAgentFR\/","article_modified_time":"2023-04-26T05:05:48+00:00","og_image":[{"width":474,"height":315,"url":"https:\/\/theplayoffs.news\/fr\/wp-content\/uploads\/2023\/04\/cale-makar.jpg","type":"image\/jpeg"}],"author":"Rapha\u00ebl Dangueuger","twitter_card":"summary_large_image","twitter_creator":"@TheFreeAgentFR","twitter_site":"@TheFreeAgentFR","twitter_misc":{"\u00c9crit par":"Rapha\u00ebl Dangueuger","Dur\u00e9e de lecture estim\u00e9e":"2 minutes"},"schema":{"@context":"https:\/\/schema.org","@graph":[{"@type":"WebPage","@id":"https:\/\/theplayoffs.news\/fr\/actualite-nhl\/cale-makar-suspendu-pour-le-match-5\/","url":"https:\/\/theplayoffs.news\/fr\/actualite-nhl\/cale-makar-suspendu-pour-le-match-5\/","name":"Cale Makar suspendu pour le match 5 - The Playoffs FR","isPartOf":{"@id":"https:\/\/theplayoffs.news\/fr\/#website"},"primaryImageOfPage":{"@id":"https:\/\/theplayoffs.news\/fr\/actualite-nhl\/cale-makar-suspendu-pour-le-match-5\/#primaryimage"},"image":{"@id":"https:\/\/theplayoffs.news\/fr\/actualite-nhl\/cale-makar-suspendu-pour-le-match-5\/#primaryimage"},"thumbnailUrl":"https:\/\/theplayoffs.news\/fr\/wp-content\/uploads\/2023\/04\/cale-makar.jpg","datePublished":"2023-04-26T05:05:47+00:00","dateModified":"2023-04-26T05:05:48+00:00","author":{"@id":"https:\/\/theplayoffs.news\/fr\/#\/schema\/person\/4b02b53432403b95b5e8ccbd4da65f97"},"breadcrumb":{"@id":"https:\/\/theplayoffs.news\/fr\/actualite-nhl\/cale-makar-suspendu-pour-le-match-5\/#breadcrumb"},"inLanguage":"fr-FR","potentialAction":[{"@type":"ReadAction","target":["https:\/\/theplayoffs.news\/fr\/actualite-nhl\/cale-makar-suspendu-pour-le-match-5\/"]}]},{"@type":"ImageObject","inLanguage":"fr-FR","@id":"https:\/\/theplayoffs.news\/fr\/actualite-nhl\/cale-makar-suspendu-pour-le-match-5\/#primaryimage","url":"https:\/\/theplayoffs.news\/fr\/wp-content\/uploads\/2023\/04\/cale-makar.jpg","contentUrl":"https:\/\/theplayoffs.news\/fr\/wp-content\/uploads\/2023\/04\/cale-makar.jpg","width":474,"height":315,"caption":"Cale Makar"},{"@type":"BreadcrumbList","@id":"https:\/\/theplayoffs.news\/fr\/actualite-nhl\/cale-makar-suspendu-pour-le-match-5\/#breadcrumb","itemListElement":[{"@type":"ListItem","position":1,"name":"Accueil","item":"https:\/\/theplayoffs.news\/fr\/"},{"@type":"ListItem","position":2,"name":"Cale Makar suspendu pour le match 5"}]},{"@type":"WebSite","@id":"https:\/\/theplayoffs.news\/fr\/#website","url":"https:\/\/theplayoffs.news\/fr\/","name":"The Playoffs FR","description":"NBA-NFL-NHL-MLB","potentialAction":[{"@type":"SearchAction","target":{"@type":"EntryPoint","urlTemplate":"https:\/\/theplayoffs.news\/fr\/?s={search_term_string}"},"query-input":{"@type":"PropertyValueSpecification","valueRequired":true,"valueName":"search_term_string"}}],"inLanguage":"fr-FR"},{"@type":"Person","@id":"https:\/\/theplayoffs.news\/fr\/#\/schema\/person\/4b02b53432403b95b5e8ccbd4da65f97","name":"Rapha\u00ebl Dangueuger","image":{"@type":"ImageObject","inLanguage":"fr-FR","@id":"https:\/\/theplayoffs.news\/fr\/#\/schema\/person\/image\/","url":"https:\/\/secure.gravatar.com\/avatar\/18c9032760c2b9c175c3f0c3b7c2cb563384755cdbc1a585e4cc6d57b742cfed?s=96&d=mm&r=g","contentUrl":"https:\/\/secure.gravatar.com\/avatar\/18c9032760c2b9c175c3f0c3b7c2cb563384755cdbc1a585e4cc6d57b742cfed?s=96&d=mm&r=g","caption":"Rapha\u00ebl Dangueuger"},"url":"https:\/\/theplayoffs.news\/fr\/author\/rdangueugeroutlook-fr\/"}]}},"_links":{"self":[{"href":"https:\/\/theplayoffs.news\/fr\/wp-json\/wp\/v2\/posts\/585238","targetHints":{"allow":["GET"]}}],"collection":[{"href":"https:\/\/theplayoffs.news\/fr\/wp-json\/wp\/v2\/posts"}],"about":[{"href":"https:\/\/theplayoffs.news\/fr\/wp-json\/wp\/v2\/types\/post"}],"author":[{"embeddable":true,"href":"https:\/\/theplayoffs.news\/fr\/wp-json\/wp\/v2\/users\/180310148"}],"replies":[{"embeddable":true,"href":"https:\/\/theplayoffs.news\/fr\/wp-json\/wp\/v2\/comments?post=585238"}],"version-history":[{"count":3,"href":"https:\/\/theplayoffs.news\/fr\/wp-json\/wp\/v2\/posts\/585238\/revisions"}],"predecessor-version":[{"id":826090,"href":"https:\/\/theplayoffs.news\/fr\/wp-json\/wp\/v2\/posts\/585238\/revisions\/826090"}],"wp:featuredmedia":[{"embeddable":true,"href":"https:\/\/theplayoffs.news\/fr\/wp-json\/wp\/v2\/media\/585247"}],"wp:attachment":[{"href":"https:\/\/theplayoffs.news\/fr\/wp-json\/wp\/v2\/media?parent=585238"}],"wp:term":[{"taxonomy":"category","embeddable":true,"href":"https:\/\/theplayoffs.news\/fr\/wp-json\/wp\/v2\/categories?post=585238"},{"taxonomy":"post_tag","embeddable":true,"href":"https:\/\/theplayoffs.news\/fr\/wp-json\/wp\/v2\/tags?post=585238"},{"taxonomy":"sport","embeddable":true,"href":"https:\/\/theplayoffs.news\/fr\/wp-json\/wp\/v2\/sport?post=585238"},{"taxonomy":"saison","embeddable":true,"href":"https:\/\/theplayoffs.news\/fr\/wp-json\/wp\/v2\/saison?post=585238"}],"curies":[{"name":"wp","href":"https:\/\/api.w.org\/{rel}","templated":true}]}}