{"id":584997,"date":"2023-04-24T22:35:42","date_gmt":"2023-04-24T20:35:42","guid":{"rendered":"https:\/\/theplayoffs.news\/fr\/?p=584997"},"modified":"2023-04-24T22:42:13","modified_gmt":"2023-04-24T20:42:13","slug":"aaron-rodgers-prend-la-direction-des-jets","status":"publish","type":"post","link":"https:\/\/theplayoffs.news\/fr\/actualite-nfl\/aaron-rodgers-prend-la-direction-des-jets\/","title":{"rendered":"Aaron Rodgers prend la direction des Jets"},"content":{"rendered":"<p><span data-contrast=\"auto\">Enfin ! Le feuilleton de cette Free Agency touche &agrave; sa fin et <a href=\"https:\/\/theplayoffs.news\/fr\/nfl\/week-end-draft-moment-crucial-aaron-rodgers\/\" class=\"trk-cta-link\" data-cta-trk='{\"ctaType\":\"Link\",\"ctaSubType\":\"main\"}'>comme pr&eacute;vu, avant la draft.<\/a> Les Packers et les Jets se sont entendus : Aaron Rodgers file donc en direction de New York contre des tours de drafts, d&rsquo;apr&egrave;s Adam Schefter, insider &agrave; ESPN.&nbsp;<\/span><\/p><blockquote class=\"twitter-tweet\" data-width=\"500\" data-dnt=\"true\">\n<p lang=\"en\" dir=\"ltr\">Aaron Rodgers is being traded to the New York Jets, sources tell ESPN. <a href=\"https:\/\/t.co\/eWbs1tDsu4\" class=\"trk-cta-link\" data-cta-trk='{\"ctaType\":\"Link\",\"ctaSubType\":\"main\"}'>pic.twitter.com\/eWbs1tDsu4<\/a><\/p>\n<p>&mdash; Adam Schefter (@AdamSchefter) <a href=\"https:\/\/twitter.com\/AdamSchefter\/status\/1650595584577773605?ref_src=twsrc%5Etfw\" class=\"trk-cta-link\" data-cta-trk='{\"ctaType\":\"Link\",\"ctaSubType\":\"main\"}'>April 24, 2023<\/a><\/p><\/blockquote><p><script async src=\"https:\/\/platform.twitter.com\/widgets.js\" charset=\"utf-8\"><\/script><\/p><p><span data-contrast=\"auto\">Les Packers &eacute;changent donc leur QB star, leur premier choix de premier tour (le n&deg;15) ainsi qu&rsquo;un choix de cinqui&egrave;me tour contre le choix de premier tour des Jets (le n&deg;13), un choix de deuxi&egrave;me et de six&egrave;me tour en 2023 mais aussi un choix conditionnel de deuxi&egrave;me tour en 2024 qui peut devenir un choix de premier tour si Rodgers joue 65% des jeux de son &eacute;quipe.<\/span><span data-ccp-props='{\"201341983\":0,\"335559739\":160,\"335559740\":259}'>&nbsp;<\/span><\/p><blockquote class=\"twitter-tweet\" data-width=\"500\" data-dnt=\"true\">\n<p lang=\"en\" dir=\"ltr\">Trade compensation, per sources:<\/p>\n<p>Jets get:<br>&#127944;Aaron Rodgers, pick No. 15, a 2023 5th-rd pick (No. 170).<\/p>\n<p>Packers get:<br>&#127944;Pick No. 13, a 2023 2nd-rd pick (No. 42), a 6th-rd pick (No. 207), a conditional 2024 2nd-rd pick that becomes a 1st if Rodgers plays 65 percent of the plays. <a href=\"https:\/\/t.co\/Q2vUMfyZGH\" class=\"trk-cta-link\" data-cta-trk='{\"ctaType\":\"Link\",\"ctaSubType\":\"main\"}'>pic.twitter.com\/Q2vUMfyZGH<\/a><\/p>\n<p>&mdash; Adam Schefter (@AdamSchefter) <a href=\"https:\/\/twitter.com\/AdamSchefter\/status\/1650594900012834834?ref_src=twsrc%5Etfw\" class=\"trk-cta-link\" data-cta-trk='{\"ctaType\":\"Link\",\"ctaSubType\":\"main\"}'>April 24, 2023<\/a><\/p><\/blockquote><p><script async src=\"https:\/\/platform.twitter.com\/widgets.js\" charset=\"utf-8\"><\/script><\/p><p><span data-contrast=\"auto\">14 ans apr&egrave;s Brett Favre, les Packers renvoient de nouveau leur QB star aux Jets, qui vont surement devenir la nouvelle &eacute;quipe en vogue de la NFL. Cette derni&egrave;re pourrait se retrouver en prime-time six fois cette saison, contre une seule l&rsquo;an dernier (le Thursday Night Football impos&eacute; &agrave; toutes les franchise).<\/span><\/p><p><span data-contrast=\"auto\">Concernant les Packers, l&rsquo;&eacute;change parait plut&ocirc;t en leur d&eacute;faveur, ils n&rsquo;avancent que de deux places lors de cette draft et ne sont m&ecirc;me pas certain de r&eacute;cup&eacute;rer un choix de premier tour l&rsquo;an prochain.<\/span><span data-ccp-props='{\"201341983\":0,\"335559739\":160,\"335559740\":259}'>&nbsp;<\/span><\/p>\n","protected":false},"excerpt":{"rendered":"","protected":false},"author":180309816,"featured_media":572158,"comment_status":"open","ping_status":"closed","sticky":false,"template":"","format":"standard","meta":{"inline_featured_image":false,"kia_subtitle":"","_mux_skip_reasons":[],"proofreadBy":0,"footnotes":""},"categories":[118,40],"tags":[268,359,271],"sport":[2785],"saison":[3453],"class_list":["post-584997","post","type-post","status-publish","format-standard","has-post-thumbnail","hentry","category-actualite-nfl","category-nfl","tag-aaron-rodgers","tag-jets","tag-packers","sport-nfl","saison-3453"],"acf":[],"yoast_head":"<!-- This site is optimized with the Yoast SEO plugin v24.2 - https:\/\/yoast.com\/wordpress\/plugins\/seo\/ -->\n<title>Aaron Rodgers prend la direction des Jets - The Playoffs FR<\/title>\n<meta name=\"robots\" content=\"index, follow, max-snippet:-1, max-image-preview:large, max-video-preview:-1\" \/>\n<link rel=\"canonical\" href=\"https:\/\/theplayoffs.news\/fr\/actualite-nfl\/aaron-rodgers-prend-la-direction-des-jets\/\" \/>\n<meta property=\"og:locale\" content=\"fr_FR\" \/>\n<meta property=\"og:type\" content=\"article\" \/>\n<meta property=\"og:title\" content=\"Aaron Rodgers prend la direction des Jets - The Playoffs FR\" \/>\n<meta property=\"og:url\" content=\"https:\/\/theplayoffs.news\/fr\/actualite-nfl\/aaron-rodgers-prend-la-direction-des-jets\/\" \/>\n<meta property=\"og:site_name\" content=\"The Playoffs FR\" \/>\n<meta property=\"article:publisher\" content=\"https:\/\/www.facebook.com\/TheFreeAgentFR\/\" \/>\n<meta property=\"article:modified_time\" content=\"2023-04-24T22:42:13+02:00\" \/>\n<meta property=\"og:image\" content=\"https:\/\/theplayoffs.news\/fr\/wp-content\/uploads\/2023\/03\/Aaron-Rodgers-2.jpg\" \/>\n\t<meta property=\"og:image:width\" content=\"1024\" \/>\n\t<meta property=\"og:image:height\" content=\"576\" \/>\n\t<meta property=\"og:image:type\" content=\"image\/jpeg\" \/>\n<meta name=\"author\" content=\"Jordan\" \/>\n<meta name=\"twitter:card\" content=\"summary_large_image\" \/>\n<meta name=\"twitter:creator\" content=\"@TheFreeAgentFR\" \/>\n<meta name=\"twitter:site\" content=\"@TheFreeAgentFR\" \/>\n<meta name=\"twitter:label1\" content=\"\u00c9crit par\" \/>\n\t<meta name=\"twitter:data1\" content=\"Jordan\" \/>\n\t<meta name=\"twitter:label2\" content=\"Dur\u00e9e de lecture estim\u00e9e\" \/>\n\t<meta name=\"twitter:data2\" content=\"1 minute\" \/>\n<script type=\"application\/ld+json\" class=\"yoast-schema-graph\">{\"@context\":\"https:\/\/schema.org\",\"@graph\":[{\"@type\":\"WebPage\",\"@id\":\"https:\/\/theplayoffs.news\/fr\/actualite-nfl\/aaron-rodgers-prend-la-direction-des-jets\/\",\"url\":\"https:\/\/theplayoffs.news\/fr\/actualite-nfl\/aaron-rodgers-prend-la-direction-des-jets\/\",\"name\":\"Aaron Rodgers prend la direction des Jets - The Playoffs FR\",\"isPartOf\":{\"@id\":\"https:\/\/theplayoffs.news\/fr\/#website\"},\"primaryImageOfPage\":{\"@id\":\"https:\/\/theplayoffs.news\/fr\/actualite-nfl\/aaron-rodgers-prend-la-direction-des-jets\/#primaryimage\"},\"image\":{\"@id\":\"https:\/\/theplayoffs.news\/fr\/actualite-nfl\/aaron-rodgers-prend-la-direction-des-jets\/#primaryimage\"},\"thumbnailUrl\":\"https:\/\/theplayoffs.news\/fr\/wp-content\/uploads\/2023\/03\/Aaron-Rodgers-2.jpg\",\"datePublished\":\"2023-04-24T20:35:42+00:00\",\"dateModified\":\"2023-04-24T20:42:13+00:00\",\"author\":{\"@id\":\"https:\/\/theplayoffs.news\/fr\/#\/schema\/person\/d6157b38cc07b295b3d3661f604f7134\"},\"breadcrumb\":{\"@id\":\"https:\/\/theplayoffs.news\/fr\/actualite-nfl\/aaron-rodgers-prend-la-direction-des-jets\/#breadcrumb\"},\"inLanguage\":\"fr-FR\",\"potentialAction\":[{\"@type\":\"ReadAction\",\"target\":[\"https:\/\/theplayoffs.news\/fr\/actualite-nfl\/aaron-rodgers-prend-la-direction-des-jets\/\"]}]},{\"@type\":\"ImageObject\",\"inLanguage\":\"fr-FR\",\"@id\":\"https:\/\/theplayoffs.news\/fr\/actualite-nfl\/aaron-rodgers-prend-la-direction-des-jets\/#primaryimage\",\"url\":\"https:\/\/theplayoffs.news\/fr\/wp-content\/uploads\/2023\/03\/Aaron-Rodgers-2.jpg\",\"contentUrl\":\"https:\/\/theplayoffs.news\/fr\/wp-content\/uploads\/2023\/03\/Aaron-Rodgers-2.jpg\",\"width\":1024,\"height\":576,\"caption\":\"Aaron Rodgers\"},{\"@type\":\"BreadcrumbList\",\"@id\":\"https:\/\/theplayoffs.news\/fr\/actualite-nfl\/aaron-rodgers-prend-la-direction-des-jets\/#breadcrumb\",\"itemListElement\":[{\"@type\":\"ListItem\",\"position\":1,\"name\":\"Accueil\",\"item\":\"https:\/\/theplayoffs.news\/fr\/\"},{\"@type\":\"ListItem\",\"position\":2,\"name\":\"Aaron Rodgers prend la direction des Jets\"}]},{\"@type\":\"WebSite\",\"@id\":\"https:\/\/theplayoffs.news\/fr\/#website\",\"url\":\"https:\/\/theplayoffs.news\/fr\/\",\"name\":\"The Playoffs FR\",\"description\":\"NBA-NFL-NHL-MLB\",\"potentialAction\":[{\"@type\":\"SearchAction\",\"target\":{\"@type\":\"EntryPoint\",\"urlTemplate\":\"https:\/\/theplayoffs.news\/fr\/?s={search_term_string}\"},\"query-input\":{\"@type\":\"PropertyValueSpecification\",\"valueRequired\":true,\"valueName\":\"search_term_string\"}}],\"inLanguage\":\"fr-FR\"},{\"@type\":\"Person\",\"@id\":\"https:\/\/theplayoffs.news\/fr\/#\/schema\/person\/d6157b38cc07b295b3d3661f604f7134\",\"name\":\"Jordan\",\"image\":{\"@type\":\"ImageObject\",\"inLanguage\":\"fr-FR\",\"@id\":\"https:\/\/theplayoffs.news\/fr\/#\/schema\/person\/image\/\",\"url\":\"https:\/\/secure.gravatar.com\/avatar\/9a2463e5d22f25bd334f67f63d7f14c9b6cb300ad6129ae77658cc3cf82747bb?s=96&d=mm&r=g\",\"contentUrl\":\"https:\/\/secure.gravatar.com\/avatar\/9a2463e5d22f25bd334f67f63d7f14c9b6cb300ad6129ae77658cc3cf82747bb?s=96&d=mm&r=g\",\"caption\":\"Jordan\"},\"description\":\"Passionn\u00e9 de NHL depuis 15 ans et r\u00e9dacteur NHL pour The Playoffs depuis 2020, j\\\\'ai toujours souhait\u00e9 pouvoir couvrir l\\\\'actualit\u00e9 NHL et offrir du contenu NHL aux fans francophones. Fan des Maple Leafs (un brin malgr\u00e9 moi), j\\\\'esp\u00e8re les voir soulever la Coupe de mon vivant, ce qui n\\\\'est pas gagn\u00e9. Passionn\u00e9 par l\\\\'\u00e9conomie et la finance, j\\\\'essaie d\\\\'apporter une vision business aux contenus produits afin d\\\\'offrir aux lecteurs des cl\u00e9s de lecture diff\u00e9rente de celles habituelles.\",\"sameAs\":[\"https:\/\/www.instagram.com\/joogzd\/\"],\"url\":\"https:\/\/theplayoffs.news\/fr\/author\/xtanza\/\"}]}<\/script>\n<!-- \/ Yoast SEO plugin. -->","yoast_head_json":{"title":"Aaron Rodgers prend la direction des Jets - The Playoffs FR","robots":{"index":"index","follow":"follow","max-snippet":"max-snippet:-1","max-image-preview":"max-image-preview:large","max-video-preview":"max-video-preview:-1"},"canonical":"https:\/\/theplayoffs.news\/fr\/actualite-nfl\/aaron-rodgers-prend-la-direction-des-jets\/","og_locale":"fr_FR","og_type":"article","og_title":"Aaron Rodgers prend la direction des Jets - The Playoffs FR","og_url":"https:\/\/theplayoffs.news\/fr\/actualite-nfl\/aaron-rodgers-prend-la-direction-des-jets\/","og_site_name":"The Playoffs FR","article_publisher":"https:\/\/www.facebook.com\/TheFreeAgentFR\/","article_modified_time":"2023-04-24T20:42:13+00:00","og_image":[{"width":1024,"height":576,"url":"https:\/\/theplayoffs.news\/fr\/wp-content\/uploads\/2023\/03\/Aaron-Rodgers-2.jpg","type":"image\/jpeg"}],"author":"Jordan","twitter_card":"summary_large_image","twitter_creator":"@TheFreeAgentFR","twitter_site":"@TheFreeAgentFR","twitter_misc":{"\u00c9crit par":"Jordan","Dur\u00e9e de lecture estim\u00e9e":"1 minute"},"schema":{"@context":"https:\/\/schema.org","@graph":[{"@type":"WebPage","@id":"https:\/\/theplayoffs.news\/fr\/actualite-nfl\/aaron-rodgers-prend-la-direction-des-jets\/","url":"https:\/\/theplayoffs.news\/fr\/actualite-nfl\/aaron-rodgers-prend-la-direction-des-jets\/","name":"Aaron Rodgers prend la direction des Jets - The Playoffs FR","isPartOf":{"@id":"https:\/\/theplayoffs.news\/fr\/#website"},"primaryImageOfPage":{"@id":"https:\/\/theplayoffs.news\/fr\/actualite-nfl\/aaron-rodgers-prend-la-direction-des-jets\/#primaryimage"},"image":{"@id":"https:\/\/theplayoffs.news\/fr\/actualite-nfl\/aaron-rodgers-prend-la-direction-des-jets\/#primaryimage"},"thumbnailUrl":"https:\/\/theplayoffs.news\/fr\/wp-content\/uploads\/2023\/03\/Aaron-Rodgers-2.jpg","datePublished":"2023-04-24T20:35:42+00:00","dateModified":"2023-04-24T20:42:13+00:00","author":{"@id":"https:\/\/theplayoffs.news\/fr\/#\/schema\/person\/d6157b38cc07b295b3d3661f604f7134"},"breadcrumb":{"@id":"https:\/\/theplayoffs.news\/fr\/actualite-nfl\/aaron-rodgers-prend-la-direction-des-jets\/#breadcrumb"},"inLanguage":"fr-FR","potentialAction":[{"@type":"ReadAction","target":["https:\/\/theplayoffs.news\/fr\/actualite-nfl\/aaron-rodgers-prend-la-direction-des-jets\/"]}]},{"@type":"ImageObject","inLanguage":"fr-FR","@id":"https:\/\/theplayoffs.news\/fr\/actualite-nfl\/aaron-rodgers-prend-la-direction-des-jets\/#primaryimage","url":"https:\/\/theplayoffs.news\/fr\/wp-content\/uploads\/2023\/03\/Aaron-Rodgers-2.jpg","contentUrl":"https:\/\/theplayoffs.news\/fr\/wp-content\/uploads\/2023\/03\/Aaron-Rodgers-2.jpg","width":1024,"height":576,"caption":"Aaron Rodgers"},{"@type":"BreadcrumbList","@id":"https:\/\/theplayoffs.news\/fr\/actualite-nfl\/aaron-rodgers-prend-la-direction-des-jets\/#breadcrumb","itemListElement":[{"@type":"ListItem","position":1,"name":"Accueil","item":"https:\/\/theplayoffs.news\/fr\/"},{"@type":"ListItem","position":2,"name":"Aaron Rodgers prend la direction des Jets"}]},{"@type":"WebSite","@id":"https:\/\/theplayoffs.news\/fr\/#website","url":"https:\/\/theplayoffs.news\/fr\/","name":"The Playoffs FR","description":"NBA-NFL-NHL-MLB","potentialAction":[{"@type":"SearchAction","target":{"@type":"EntryPoint","urlTemplate":"https:\/\/theplayoffs.news\/fr\/?s={search_term_string}"},"query-input":{"@type":"PropertyValueSpecification","valueRequired":true,"valueName":"search_term_string"}}],"inLanguage":"fr-FR"},{"@type":"Person","@id":"https:\/\/theplayoffs.news\/fr\/#\/schema\/person\/d6157b38cc07b295b3d3661f604f7134","name":"Jordan","image":{"@type":"ImageObject","inLanguage":"fr-FR","@id":"https:\/\/theplayoffs.news\/fr\/#\/schema\/person\/image\/","url":"https:\/\/secure.gravatar.com\/avatar\/9a2463e5d22f25bd334f67f63d7f14c9b6cb300ad6129ae77658cc3cf82747bb?s=96&d=mm&r=g","contentUrl":"https:\/\/secure.gravatar.com\/avatar\/9a2463e5d22f25bd334f67f63d7f14c9b6cb300ad6129ae77658cc3cf82747bb?s=96&d=mm&r=g","caption":"Jordan"},"description":"Passionn\u00e9 de NHL depuis 15 ans et r\u00e9dacteur NHL pour The Playoffs depuis 2020, j\\'ai toujours souhait\u00e9 pouvoir couvrir l\\'actualit\u00e9 NHL et offrir du contenu NHL aux fans francophones. Fan des Maple Leafs (un brin malgr\u00e9 moi), j\\'esp\u00e8re les voir soulever la Coupe de mon vivant, ce qui n\\'est pas gagn\u00e9. Passionn\u00e9 par l\\'\u00e9conomie et la finance, j\\'essaie d\\'apporter une vision business aux contenus produits afin d\\'offrir aux lecteurs des cl\u00e9s de lecture diff\u00e9rente de celles habituelles.","sameAs":["https:\/\/www.instagram.com\/joogzd\/"],"url":"https:\/\/theplayoffs.news\/fr\/author\/xtanza\/"}]}},"_links":{"self":[{"href":"https:\/\/theplayoffs.news\/fr\/wp-json\/wp\/v2\/posts\/584997","targetHints":{"allow":["GET"]}}],"collection":[{"href":"https:\/\/theplayoffs.news\/fr\/wp-json\/wp\/v2\/posts"}],"about":[{"href":"https:\/\/theplayoffs.news\/fr\/wp-json\/wp\/v2\/types\/post"}],"author":[{"embeddable":true,"href":"https:\/\/theplayoffs.news\/fr\/wp-json\/wp\/v2\/users\/180309816"}],"replies":[{"embeddable":true,"href":"https:\/\/theplayoffs.news\/fr\/wp-json\/wp\/v2\/comments?post=584997"}],"version-history":[{"count":3,"href":"https:\/\/theplayoffs.news\/fr\/wp-json\/wp\/v2\/posts\/584997\/revisions"}],"predecessor-version":[{"id":585003,"href":"https:\/\/theplayoffs.news\/fr\/wp-json\/wp\/v2\/posts\/584997\/revisions\/585003"}],"wp:featuredmedia":[{"embeddable":true,"href":"https:\/\/theplayoffs.news\/fr\/wp-json\/wp\/v2\/media\/572158"}],"wp:attachment":[{"href":"https:\/\/theplayoffs.news\/fr\/wp-json\/wp\/v2\/media?parent=584997"}],"wp:term":[{"taxonomy":"category","embeddable":true,"href":"https:\/\/theplayoffs.news\/fr\/wp-json\/wp\/v2\/categories?post=584997"},{"taxonomy":"post_tag","embeddable":true,"href":"https:\/\/theplayoffs.news\/fr\/wp-json\/wp\/v2\/tags?post=584997"},{"taxonomy":"sport","embeddable":true,"href":"https:\/\/theplayoffs.news\/fr\/wp-json\/wp\/v2\/sport?post=584997"},{"taxonomy":"saison","embeddable":true,"href":"https:\/\/theplayoffs.news\/fr\/wp-json\/wp\/v2\/saison?post=584997"}],"curies":[{"name":"wp","href":"https:\/\/api.w.org\/{rel}","templated":true}]}}