{"id":584437,"date":"2023-04-22T13:51:18","date_gmt":"2023-04-22T11:51:18","guid":{"rendered":"https:\/\/theplayoffs.news\/fr\/?p=584437"},"modified":"2023-04-22T13:51:19","modified_gmt":"2023-04-22T11:51:19","slug":"vladimir-guerrero-jr-reste-ferme-je-ne-jouerai-jamais-pour-les-yankees","status":"publish","type":"post","link":"https:\/\/theplayoffs.news\/fr\/actualite-mlb\/vladimir-guerrero-jr-reste-ferme-je-ne-jouerai-jamais-pour-les-yankees\/","title":{"rendered":"Vladimir Guerrero Jr. reste ferme : \u00ab\u00a0Je ne jouerai jamais pour les Yankees\u00a0\u00bb"},"content":{"rendered":"<h2>Le joueur de premier but des Blue Jays de Toronto, Vladimir Guerrero Jr., a de nouveau clairement indiqu&eacute; vendredi qu&rsquo;il ne jouerait &laquo;&nbsp;jamais&nbsp;&raquo; pour les Yankees de New York.<\/h2><p>Cette d&eacute;claration est une r&eacute;it&eacute;ration de ses commentaires hors saison &agrave; l&rsquo;animateur de radio El Dotol Nastra, o&ugrave; il a d&eacute;clar&eacute; <a href=\"https:\/\/theathletic.com\/4438207\/2023\/04\/21\/vladimir-guerrero-jr-yankees\/\" class=\"trk-cta-link\" data-cta-trk='{\"ctaType\":\"Link\",\"ctaSubType\":\"main\"}'>via The Athletic<\/a>:<\/p><blockquote><p>&laquo; J&rsquo;aime jouer &agrave; New York, j&rsquo;aime tuer les Yankees. Je ne signerais jamais avec les Yankees, m&ecirc;me pas mort. &laquo;&nbsp;<\/p><\/blockquote><p>Selon Vladimir Guerrero Jr, cette d&eacute;cision d&eacute;coule de raisons personnelles ancr&eacute;es dans l&rsquo;histoire de sa famille. Bien qu&rsquo;il ait un lien profond avec New York et qu&rsquo;il aime jouer l&agrave;-bas, le fils du Hall of Famer Vladimir Guerrero Sr. n&rsquo;a pas l&rsquo;intention de jamais enfiler un uniforme des Yankees.<\/p><h3>L&rsquo;avenir &agrave; long terme de Guerrero avec les Blue Jays<\/h3><p>Heureusement pour les fans des Blue Jays, <a href=\"https:\/\/theplayoffs.news\/fr\/mlb\/vladimir-guerrero-jr-desir-rester-toronto-carriere\/\" class=\"trk-cta-link\" data-cta-trk='{\"ctaType\":\"Link\",\"ctaSubType\":\"main\"}'>Guerrero a exprim&eacute; un fort d&eacute;sir<\/a> de rester avec l&rsquo;organisation de Toronto pour l&rsquo;int&eacute;gralit&eacute; de sa carri&egrave;re. Ce sentiment correspond au front office de l&rsquo;&eacute;quipe, qui s&rsquo;est montr&eacute; int&eacute;ress&eacute; &agrave; conclure des accords &agrave; long terme avec ses jeunes joueurs talentueux. En tant que talent de calibre MVP et pierre angulaire de la franchise, conserver Vladimir Guerrero Jr serait d&eacute;terminant pour atteindre l&rsquo;objectif des Blue Jays de devenir des pr&eacute;tendants p&eacute;rennes.<\/p><p>Tim Britton de The Athletic sugg&egrave;re qu&rsquo;une prolongation appropri&eacute;e pour Guerrero pourrait &ecirc;tre de l&rsquo;ordre de neuf ans et 250 millions de dollars. Sans prolongation, Guerrero devrait devenir agent libre apr&egrave;s la saison 2025.<\/p><h3>L&rsquo;int&eacute;r&ecirc;t potentiel des Yankees pour Guerrero<\/h3><p>Bien que Guerrero ait clairement exprim&eacute; sa position sur le fait de jouer pour les Yankees, il convient de se demander si les Yankees tenteraient de le signer &agrave; l&rsquo;avenir. Si Guerrero et les Blue Jays ne parviennent pas &agrave; s&rsquo;entendre sur un accord &agrave; long terme, il deviendra agent libre en 2026. Le contrat d&rsquo;<a href=\"https:\/\/theplayoffs.news\/fr\/joueur\/anthony-rizzo-mlb-61564\/\" class=\"trk-cta-link\" data-cta-trk='{\"ctaType\":\"Link\",\"ctaSubType\":\"main\"}'><strong>Anthony Rizzo<\/strong><\/a> expirant cette ann&eacute;e-l&agrave;, les Yankees pourraient avoir besoin d&rsquo;un joueur de premier but.<\/p><p>&Agrave; 27 ans en 2026, Guerrero serait probablement au sommet de sa carri&egrave;re et une cible attrayante pour les Yankees, qui sont toujours &agrave; la recherche des meilleurs talents. Cependant, il est difficile de pr&eacute;dire l&rsquo;&eacute;tat de l&rsquo;&eacute;quipe si longtemps &agrave; l&rsquo;avance. Bien que les Yankees manquent actuellement d&rsquo;espoirs &agrave; ce poste, ils pourraient poursuivre la superstar japonaise Munetaka Murakami en 2025, qui est capable de jouer &agrave; la fois au premier et au troisi&egrave;me but.<\/p>\n","protected":false},"excerpt":{"rendered":"","protected":false},"author":13,"featured_media":584438,"comment_status":"open","ping_status":"closed","sticky":false,"template":"","format":"standard","meta":{"inline_featured_image":false,"kia_subtitle":"","_mux_skip_reasons":[],"proofreadBy":0,"footnotes":""},"categories":[188,9],"tags":[883,2556],"sport":[],"saison":[],"class_list":["post-584437","post","type-post","status-publish","format-standard","has-post-thumbnail","hentry","category-actualite-mlb","category-mlb","tag-toronto-blue-jays","tag-vladimir-guerrero-jr"],"acf":[],"yoast_head":"<!-- This site is optimized with the Yoast SEO plugin v24.2 - https:\/\/yoast.com\/wordpress\/plugins\/seo\/ -->\n<title>Vladimir Guerrero Jr. reste ferme : &quot;Je ne jouerai jamais pour les Yankees&quot; - The Playoffs FR<\/title>\n<meta name=\"robots\" content=\"index, follow, max-snippet:-1, max-image-preview:large, max-video-preview:-1\" \/>\n<link rel=\"canonical\" href=\"https:\/\/theplayoffs.news\/fr\/actualite-mlb\/vladimir-guerrero-jr-reste-ferme-je-ne-jouerai-jamais-pour-les-yankees\/\" \/>\n<meta property=\"og:locale\" content=\"fr_FR\" \/>\n<meta property=\"og:type\" content=\"article\" \/>\n<meta property=\"og:title\" content=\"Vladimir Guerrero Jr. reste ferme : &quot;Je ne jouerai jamais pour les Yankees&quot; - The Playoffs FR\" \/>\n<meta property=\"og:url\" content=\"https:\/\/theplayoffs.news\/fr\/actualite-mlb\/vladimir-guerrero-jr-reste-ferme-je-ne-jouerai-jamais-pour-les-yankees\/\" \/>\n<meta property=\"og:site_name\" content=\"The Playoffs FR\" \/>\n<meta property=\"article:publisher\" content=\"https:\/\/www.facebook.com\/TheFreeAgentFR\/\" \/>\n<meta property=\"article:modified_time\" content=\"2023-04-22T13:51:19+02:00\" \/>\n<meta property=\"og:image\" content=\"https:\/\/theplayoffs.news\/fr\/wp-content\/uploads\/2023\/04\/wxjh51x6yt9osuqh7r27.jpg\" \/>\n\t<meta property=\"og:image:width\" content=\"1920\" \/>\n\t<meta property=\"og:image:height\" content=\"1280\" \/>\n\t<meta property=\"og:image:type\" content=\"image\/jpeg\" \/>\n<meta name=\"author\" content=\"Charles Taudin\" \/>\n<meta name=\"twitter:card\" content=\"summary_large_image\" \/>\n<meta name=\"twitter:creator\" content=\"@TheFreeAgentFR\" \/>\n<meta name=\"twitter:site\" content=\"@TheFreeAgentFR\" \/>\n<meta name=\"twitter:label1\" content=\"\u00c9crit par\" \/>\n\t<meta name=\"twitter:data1\" content=\"Charles Taudin\" \/>\n\t<meta name=\"twitter:label2\" content=\"Dur\u00e9e de lecture estim\u00e9e\" \/>\n\t<meta name=\"twitter:data2\" content=\"2 minutes\" \/>\n<script type=\"application\/ld+json\" class=\"yoast-schema-graph\">{\"@context\":\"https:\/\/schema.org\",\"@graph\":[{\"@type\":\"WebPage\",\"@id\":\"https:\/\/theplayoffs.news\/fr\/actualite-mlb\/vladimir-guerrero-jr-reste-ferme-je-ne-jouerai-jamais-pour-les-yankees\/\",\"url\":\"https:\/\/theplayoffs.news\/fr\/actualite-mlb\/vladimir-guerrero-jr-reste-ferme-je-ne-jouerai-jamais-pour-les-yankees\/\",\"name\":\"Vladimir Guerrero Jr. reste ferme : \\\\\\\"Je ne jouerai jamais pour les Yankees\\\\\\\" - The Playoffs FR\",\"isPartOf\":{\"@id\":\"https:\/\/theplayoffs.news\/fr\/#website\"},\"primaryImageOfPage\":{\"@id\":\"https:\/\/theplayoffs.news\/fr\/actualite-mlb\/vladimir-guerrero-jr-reste-ferme-je-ne-jouerai-jamais-pour-les-yankees\/#primaryimage\"},\"image\":{\"@id\":\"https:\/\/theplayoffs.news\/fr\/actualite-mlb\/vladimir-guerrero-jr-reste-ferme-je-ne-jouerai-jamais-pour-les-yankees\/#primaryimage\"},\"thumbnailUrl\":\"https:\/\/theplayoffs.news\/fr\/wp-content\/uploads\/2023\/04\/wxjh51x6yt9osuqh7r27.jpg\",\"datePublished\":\"2023-04-22T11:51:18+00:00\",\"dateModified\":\"2023-04-22T11:51:19+00:00\",\"author\":{\"@id\":\"https:\/\/theplayoffs.news\/fr\/#\/schema\/person\/eee5b69ad5d3c51cabe881c839dbe133\"},\"breadcrumb\":{\"@id\":\"https:\/\/theplayoffs.news\/fr\/actualite-mlb\/vladimir-guerrero-jr-reste-ferme-je-ne-jouerai-jamais-pour-les-yankees\/#breadcrumb\"},\"inLanguage\":\"fr-FR\",\"potentialAction\":[{\"@type\":\"ReadAction\",\"target\":[\"https:\/\/theplayoffs.news\/fr\/actualite-mlb\/vladimir-guerrero-jr-reste-ferme-je-ne-jouerai-jamais-pour-les-yankees\/\"]}]},{\"@type\":\"ImageObject\",\"inLanguage\":\"fr-FR\",\"@id\":\"https:\/\/theplayoffs.news\/fr\/actualite-mlb\/vladimir-guerrero-jr-reste-ferme-je-ne-jouerai-jamais-pour-les-yankees\/#primaryimage\",\"url\":\"https:\/\/theplayoffs.news\/fr\/wp-content\/uploads\/2023\/04\/wxjh51x6yt9osuqh7r27.jpg\",\"contentUrl\":\"https:\/\/theplayoffs.news\/fr\/wp-content\/uploads\/2023\/04\/wxjh51x6yt9osuqh7r27.jpg\",\"width\":1920,\"height\":1280,\"caption\":\"TORONTO, ON - OCTOBER 03: Toronto Blue Jays First base Vladimir Guerrero Jr. (27) celebrates his homerun during the MLB baseball regular season game between the Baltimore Orioles and the Toronto Blue Jays on October 3, 2021, at Rogers Centre in Toronto, ON, Canada. (Photo by Julian Avram\/Icon Sportswire via Getty Images)\"},{\"@type\":\"BreadcrumbList\",\"@id\":\"https:\/\/theplayoffs.news\/fr\/actualite-mlb\/vladimir-guerrero-jr-reste-ferme-je-ne-jouerai-jamais-pour-les-yankees\/#breadcrumb\",\"itemListElement\":[{\"@type\":\"ListItem\",\"position\":1,\"name\":\"Accueil\",\"item\":\"https:\/\/theplayoffs.news\/fr\/\"},{\"@type\":\"ListItem\",\"position\":2,\"name\":\"Vladimir Guerrero Jr. reste ferme : \u00ab\u00a0Je ne jouerai jamais pour les Yankees\u00a0\u00bb\"}]},{\"@type\":\"WebSite\",\"@id\":\"https:\/\/theplayoffs.news\/fr\/#website\",\"url\":\"https:\/\/theplayoffs.news\/fr\/\",\"name\":\"The Playoffs FR\",\"description\":\"NBA-NFL-NHL-MLB\",\"potentialAction\":[{\"@type\":\"SearchAction\",\"target\":{\"@type\":\"EntryPoint\",\"urlTemplate\":\"https:\/\/theplayoffs.news\/fr\/?s={search_term_string}\"},\"query-input\":{\"@type\":\"PropertyValueSpecification\",\"valueRequired\":true,\"valueName\":\"search_term_string\"}}],\"inLanguage\":\"fr-FR\"},{\"@type\":\"Person\",\"@id\":\"https:\/\/theplayoffs.news\/fr\/#\/schema\/person\/eee5b69ad5d3c51cabe881c839dbe133\",\"name\":\"Charles Taudin\",\"image\":{\"@type\":\"ImageObject\",\"inLanguage\":\"fr-FR\",\"@id\":\"https:\/\/theplayoffs.news\/fr\/#\/schema\/person\/image\/\",\"url\":\"https:\/\/secure.gravatar.com\/avatar\/59a1e772205ce9fd255edfcafc93013736822e20261f294c5753b20c41ede9f2?s=96&d=mm&r=g\",\"contentUrl\":\"https:\/\/secure.gravatar.com\/avatar\/59a1e772205ce9fd255edfcafc93013736822e20261f294c5753b20c41ede9f2?s=96&d=mm&r=g\",\"caption\":\"Charles Taudin\"},\"description\":\"R\u00e9dacteur en chef global de The Playoffs, j\u2019ai cr\u00e9\u00e9 The Free Agent, devenu The Playoffs FR, en 2020 durant la pand\u00e9mie. Amoureux depuis des ann\u00e9es des 4 sports majeurs am\u00e9ricains, j\u2019organise maintenant la strat\u00e9gie \u00e9ditoriale et les r\u00e9seaux sociaux de l\u2019ensemble des versions de The Playoffs. Il m\u2019arrive encore d\u2019\u00e9crire sur certains sports que j\u2019affectionne particuli\u00e8rement comme la NFL ou la MLB. Si vous devez retenir qu\u2019une chose : Eli Manning est le vrai GOAT pour avoir battu deux fois Tom Brady.\",\"sameAs\":[\"https:\/\/www.instagram.com\/ctaudin_\/\"],\"url\":\"https:\/\/theplayoffs.news\/fr\/author\/charles-taudin\/\"}]}<\/script>\n<!-- \/ Yoast SEO plugin. -->","yoast_head_json":{"title":"Vladimir Guerrero Jr. reste ferme : &quot;Je ne jouerai jamais pour les Yankees&quot; - The Playoffs FR","robots":{"index":"index","follow":"follow","max-snippet":"max-snippet:-1","max-image-preview":"max-image-preview:large","max-video-preview":"max-video-preview:-1"},"canonical":"https:\/\/theplayoffs.news\/fr\/actualite-mlb\/vladimir-guerrero-jr-reste-ferme-je-ne-jouerai-jamais-pour-les-yankees\/","og_locale":"fr_FR","og_type":"article","og_title":"Vladimir Guerrero Jr. reste ferme : &quot;Je ne jouerai jamais pour les Yankees&quot; - The Playoffs FR","og_url":"https:\/\/theplayoffs.news\/fr\/actualite-mlb\/vladimir-guerrero-jr-reste-ferme-je-ne-jouerai-jamais-pour-les-yankees\/","og_site_name":"The Playoffs FR","article_publisher":"https:\/\/www.facebook.com\/TheFreeAgentFR\/","article_modified_time":"2023-04-22T11:51:19+00:00","og_image":[{"width":1920,"height":1280,"url":"https:\/\/theplayoffs.news\/fr\/wp-content\/uploads\/2023\/04\/wxjh51x6yt9osuqh7r27.jpg","type":"image\/jpeg"}],"author":"Charles Taudin","twitter_card":"summary_large_image","twitter_creator":"@TheFreeAgentFR","twitter_site":"@TheFreeAgentFR","twitter_misc":{"\u00c9crit par":"Charles Taudin","Dur\u00e9e de lecture estim\u00e9e":"2 minutes"},"schema":{"@context":"https:\/\/schema.org","@graph":[{"@type":"WebPage","@id":"https:\/\/theplayoffs.news\/fr\/actualite-mlb\/vladimir-guerrero-jr-reste-ferme-je-ne-jouerai-jamais-pour-les-yankees\/","url":"https:\/\/theplayoffs.news\/fr\/actualite-mlb\/vladimir-guerrero-jr-reste-ferme-je-ne-jouerai-jamais-pour-les-yankees\/","name":"Vladimir Guerrero Jr. reste ferme : \\\"Je ne jouerai jamais pour les Yankees\\\" - The Playoffs FR","isPartOf":{"@id":"https:\/\/theplayoffs.news\/fr\/#website"},"primaryImageOfPage":{"@id":"https:\/\/theplayoffs.news\/fr\/actualite-mlb\/vladimir-guerrero-jr-reste-ferme-je-ne-jouerai-jamais-pour-les-yankees\/#primaryimage"},"image":{"@id":"https:\/\/theplayoffs.news\/fr\/actualite-mlb\/vladimir-guerrero-jr-reste-ferme-je-ne-jouerai-jamais-pour-les-yankees\/#primaryimage"},"thumbnailUrl":"https:\/\/theplayoffs.news\/fr\/wp-content\/uploads\/2023\/04\/wxjh51x6yt9osuqh7r27.jpg","datePublished":"2023-04-22T11:51:18+00:00","dateModified":"2023-04-22T11:51:19+00:00","author":{"@id":"https:\/\/theplayoffs.news\/fr\/#\/schema\/person\/eee5b69ad5d3c51cabe881c839dbe133"},"breadcrumb":{"@id":"https:\/\/theplayoffs.news\/fr\/actualite-mlb\/vladimir-guerrero-jr-reste-ferme-je-ne-jouerai-jamais-pour-les-yankees\/#breadcrumb"},"inLanguage":"fr-FR","potentialAction":[{"@type":"ReadAction","target":["https:\/\/theplayoffs.news\/fr\/actualite-mlb\/vladimir-guerrero-jr-reste-ferme-je-ne-jouerai-jamais-pour-les-yankees\/"]}]},{"@type":"ImageObject","inLanguage":"fr-FR","@id":"https:\/\/theplayoffs.news\/fr\/actualite-mlb\/vladimir-guerrero-jr-reste-ferme-je-ne-jouerai-jamais-pour-les-yankees\/#primaryimage","url":"https:\/\/theplayoffs.news\/fr\/wp-content\/uploads\/2023\/04\/wxjh51x6yt9osuqh7r27.jpg","contentUrl":"https:\/\/theplayoffs.news\/fr\/wp-content\/uploads\/2023\/04\/wxjh51x6yt9osuqh7r27.jpg","width":1920,"height":1280,"caption":"TORONTO, ON - OCTOBER 03: Toronto Blue Jays First base Vladimir Guerrero Jr. (27) celebrates his homerun during the MLB baseball regular season game between the Baltimore Orioles and the Toronto Blue Jays on October 3, 2021, at Rogers Centre in Toronto, ON, Canada. (Photo by Julian Avram\/Icon Sportswire via Getty Images)"},{"@type":"BreadcrumbList","@id":"https:\/\/theplayoffs.news\/fr\/actualite-mlb\/vladimir-guerrero-jr-reste-ferme-je-ne-jouerai-jamais-pour-les-yankees\/#breadcrumb","itemListElement":[{"@type":"ListItem","position":1,"name":"Accueil","item":"https:\/\/theplayoffs.news\/fr\/"},{"@type":"ListItem","position":2,"name":"Vladimir Guerrero Jr. reste ferme : \u00ab\u00a0Je ne jouerai jamais pour les Yankees\u00a0\u00bb"}]},{"@type":"WebSite","@id":"https:\/\/theplayoffs.news\/fr\/#website","url":"https:\/\/theplayoffs.news\/fr\/","name":"The Playoffs FR","description":"NBA-NFL-NHL-MLB","potentialAction":[{"@type":"SearchAction","target":{"@type":"EntryPoint","urlTemplate":"https:\/\/theplayoffs.news\/fr\/?s={search_term_string}"},"query-input":{"@type":"PropertyValueSpecification","valueRequired":true,"valueName":"search_term_string"}}],"inLanguage":"fr-FR"},{"@type":"Person","@id":"https:\/\/theplayoffs.news\/fr\/#\/schema\/person\/eee5b69ad5d3c51cabe881c839dbe133","name":"Charles Taudin","image":{"@type":"ImageObject","inLanguage":"fr-FR","@id":"https:\/\/theplayoffs.news\/fr\/#\/schema\/person\/image\/","url":"https:\/\/secure.gravatar.com\/avatar\/59a1e772205ce9fd255edfcafc93013736822e20261f294c5753b20c41ede9f2?s=96&d=mm&r=g","contentUrl":"https:\/\/secure.gravatar.com\/avatar\/59a1e772205ce9fd255edfcafc93013736822e20261f294c5753b20c41ede9f2?s=96&d=mm&r=g","caption":"Charles Taudin"},"description":"R\u00e9dacteur en chef global de The Playoffs, j\u2019ai cr\u00e9\u00e9 The Free Agent, devenu The Playoffs FR, en 2020 durant la pand\u00e9mie. Amoureux depuis des ann\u00e9es des 4 sports majeurs am\u00e9ricains, j\u2019organise maintenant la strat\u00e9gie \u00e9ditoriale et les r\u00e9seaux sociaux de l\u2019ensemble des versions de The Playoffs. Il m\u2019arrive encore d\u2019\u00e9crire sur certains sports que j\u2019affectionne particuli\u00e8rement comme la NFL ou la MLB. Si vous devez retenir qu\u2019une chose : Eli Manning est le vrai GOAT pour avoir battu deux fois Tom Brady.","sameAs":["https:\/\/www.instagram.com\/ctaudin_\/"],"url":"https:\/\/theplayoffs.news\/fr\/author\/charles-taudin\/"}]}},"_links":{"self":[{"href":"https:\/\/theplayoffs.news\/fr\/wp-json\/wp\/v2\/posts\/584437","targetHints":{"allow":["GET"]}}],"collection":[{"href":"https:\/\/theplayoffs.news\/fr\/wp-json\/wp\/v2\/posts"}],"about":[{"href":"https:\/\/theplayoffs.news\/fr\/wp-json\/wp\/v2\/types\/post"}],"author":[{"embeddable":true,"href":"https:\/\/theplayoffs.news\/fr\/wp-json\/wp\/v2\/users\/13"}],"replies":[{"embeddable":true,"href":"https:\/\/theplayoffs.news\/fr\/wp-json\/wp\/v2\/comments?post=584437"}],"version-history":[{"count":2,"href":"https:\/\/theplayoffs.news\/fr\/wp-json\/wp\/v2\/posts\/584437\/revisions"}],"predecessor-version":[{"id":584440,"href":"https:\/\/theplayoffs.news\/fr\/wp-json\/wp\/v2\/posts\/584437\/revisions\/584440"}],"wp:featuredmedia":[{"embeddable":true,"href":"https:\/\/theplayoffs.news\/fr\/wp-json\/wp\/v2\/media\/584438"}],"wp:attachment":[{"href":"https:\/\/theplayoffs.news\/fr\/wp-json\/wp\/v2\/media?parent=584437"}],"wp:term":[{"taxonomy":"category","embeddable":true,"href":"https:\/\/theplayoffs.news\/fr\/wp-json\/wp\/v2\/categories?post=584437"},{"taxonomy":"post_tag","embeddable":true,"href":"https:\/\/theplayoffs.news\/fr\/wp-json\/wp\/v2\/tags?post=584437"},{"taxonomy":"sport","embeddable":true,"href":"https:\/\/theplayoffs.news\/fr\/wp-json\/wp\/v2\/sport?post=584437"},{"taxonomy":"saison","embeddable":true,"href":"https:\/\/theplayoffs.news\/fr\/wp-json\/wp\/v2\/saison?post=584437"}],"curies":[{"name":"wp","href":"https:\/\/api.w.org\/{rel}","templated":true}]}}