{"id":584258,"date":"2023-04-22T07:20:39","date_gmt":"2023-04-22T05:20:39","guid":{"rendered":"https:\/\/theplayoffs.news\/fr\/?p=584258"},"modified":"2023-04-22T07:24:05","modified_gmt":"2023-04-22T05:24:05","slug":"joel-embiid-ne-joue-pas-le-match-4","status":"publish","type":"post","link":"https:\/\/theplayoffs.news\/fr\/actualite-nba\/joel-embiid-ne-joue-pas-le-match-4\/","title":{"rendered":"Joel Embiid ne joue pas le match 4"},"content":{"rendered":"<h2><span id=\"p644\">Pour le match 4, potentiellement celui de la qualification, Joel Embiid&nbsp;est absent contre les Brooklyn Nets.<\/span><span id=\"p645\"><\/span><\/h2><p>&nbsp;<\/p><p><span id=\"p647\"><a href=\"https:\/\/theplayoffs.news\/fr\/joueur\/joel-embiid-philadelphia-76ers-nba\/\" class=\"trk-cta-link\" data-cta-trk='{\"ctaType\":\"Link\",\"ctaSubType\":\"main\"}'><span id=\"650\">Joel<\/span>&nbsp;<span id=\"651\">Embiid<\/span>&nbsp;<\/a>souffre d&rsquo;une entorse du genou gauche comme&nbsp;<span id=\"652\">Kawhi<\/span>&nbsp;Leonard.<\/span><\/p><p>&nbsp;<\/p><blockquote class=\"twitter-tweet\" data-width=\"500\" data-dnt=\"true\">\n<p lang=\"en\" dir=\"ltr\">ESPN story with &#8294;<a href=\"https:\/\/twitter.com\/ramonashelburne?ref_src=twsrc%5Etfw\" class=\"trk-cta-link\" data-cta-trk='{\"ctaType\":\"Link\",\"ctaSubType\":\"main\"}'>@ramonashelburne<\/a>&#8297; on Joel Embiid&rsquo;s sprained right knee <a href=\"https:\/\/t.co\/gbsZNdUud8\" class=\"trk-cta-link\" data-cta-trk='{\"ctaType\":\"Link\",\"ctaSubType\":\"main\"}'>https:\/\/t.co\/gbsZNdUud8<\/a><\/p>\n<p>&mdash; Adrian Wojnarowski (@wojespn) <a href=\"https:\/\/twitter.com\/wojespn\/status\/1649585444705779717?ref_src=twsrc%5Etfw\" class=\"trk-cta-link\" data-cta-trk='{\"ctaType\":\"Link\",\"ctaSubType\":\"main\"}'>April 22, 2023<\/a><\/p><\/blockquote><p><script async src=\"https:\/\/platform.twitter.com\/widgets.js\" charset=\"utf-8\"><\/script><\/p><p><span id=\"p617\">Les cons&eacute;quences sont bien diff&eacute;rentes, pour&nbsp;<a href=\"https:\/\/www.statmuse.com\/nba\/player\/kawhi-leonard-2177\" class=\"trk-cta-link\" data-cta-trk='{\"ctaType\":\"Link\",\"ctaSubType\":\"main\"}'><span id=\"624\">Kawhi<\/span>&nbsp;Leonard<\/a>, c&rsquo;est une catastrophe pour les Clippers.<\/span><span id=\"p637\">&nbsp;Dans le cas d&rsquo;<span id=\"638\" class=\"s-rg-t\">Embiid<\/span>, il s&rsquo;agit surtout de m&eacute;nager la star en vue du probable prochain tour.<\/span><span id=\"p619\">&nbsp;M&ecirc;me une d&eacute;faite des Philadelphia&nbsp;<span id=\"627\" class=\"s-rg-t\">76ers<\/span>&nbsp;dans ce match 4, ne remet pas en cause la probable qualification.<\/span><\/p><p><span id=\"p620\">L&rsquo;absence du candidat au titre de&nbsp;<span id=\"628\" class=\"s-rg-t\">MVP<\/span>&nbsp;de la saison, meilleur joueur de la saison, permet au reste de l&rsquo;&eacute;quipe de s&rsquo;ajuster.<\/span><span id=\"p621\">&nbsp;En effet, sur les trois premier&nbsp;<span id=\"629\">matchs, Embiid<\/span>&nbsp;est syst&eacute;matiquement pris &agrave; deux par la d&eacute;fense des Brooklyn Nets.<\/span><span id=\"p622\">&nbsp;Son rendement est&nbsp;diminu&eacute;, mais&nbsp;la qualit&eacute; de l&rsquo;effectif des&nbsp;<span id=\"631\" class=\"s-rg-t\">76ers<\/span>&nbsp;est telle que James&nbsp;<span id=\"632\" class=\"s-rg-t\">Harden<\/span>&nbsp;et&nbsp;<span id=\"633\" class=\"s-rg-t\">Tyrese<\/span>&nbsp;<span id=\"634\" class=\"s-rg-t\">Maxey<\/span>&nbsp;peuvent prendre le relais sur le terrain en attaque comme en d&eacute;fense.<\/span><\/p><p><span id=\"p639\">Le match 4 est &agrave; 19 h, heure fran&ccedil;aise ce samedi.<\/span><span id=\"p640\">&nbsp;<\/span><\/p><p>&nbsp;<\/p><blockquote class=\"twitter-tweet\" data-width=\"500\" data-dnt=\"true\">\n<p lang=\"en\" dir=\"ltr\">ESPN Sources with <a href=\"https:\/\/twitter.com\/ramonashelburne?ref_src=twsrc%5Etfw\" class=\"trk-cta-link\" data-cta-trk='{\"ctaType\":\"Link\",\"ctaSubType\":\"main\"}'>@Ramonashelburne<\/a>: An MRI revealed Sixers star Joel Embiid suffered a sprained right knee and will miss Game 4 vs. Brooklyn on Saturday. There&rsquo;s optimism he could be ready to return as soon as early next week. <a href=\"https:\/\/t.co\/Btwm3ls8Vh\" class=\"trk-cta-link\" data-cta-trk='{\"ctaType\":\"Link\",\"ctaSubType\":\"main\"}'>pic.twitter.com\/Btwm3ls8Vh<\/a><\/p>\n<p>&mdash; Adrian Wojnarowski (@wojespn) <a href=\"https:\/\/twitter.com\/wojespn\/status\/1649567980898975745?ref_src=twsrc%5Etfw\" class=\"trk-cta-link\" data-cta-trk='{\"ctaType\":\"Link\",\"ctaSubType\":\"main\"}'>April 22, 2023<\/a><\/p><\/blockquote><p><script async src=\"https:\/\/platform.twitter.com\/widgets.js\" charset=\"utf-8\"><\/script><\/p><p>&nbsp;<\/p>\n","protected":false},"excerpt":{"rendered":"","protected":false},"author":180309821,"featured_media":581983,"comment_status":"open","ping_status":"closed","sticky":false,"template":"","format":"standard","meta":{"inline_featured_image":false,"kia_subtitle":"","_mux_skip_reasons":[],"proofreadBy":0,"footnotes":""},"categories":[110,10],"tags":[499,742,632],"sport":[2783],"saison":[3453],"class_list":["post-584258","post","type-post","status-publish","format-standard","has-post-thumbnail","hentry","category-actualite-nba","category-nba","tag-brooklyn-nets","tag-joel-embiid","tag-philadelphia-76ers","sport-nba","saison-3453"],"acf":[],"yoast_head":"<!-- This site is optimized with the Yoast SEO plugin v24.2 - https:\/\/yoast.com\/wordpress\/plugins\/seo\/ -->\n<title>Joel Embiid ne joue pas le match 4 - The Playoffs FR<\/title>\n<meta name=\"robots\" content=\"index, follow, max-snippet:-1, max-image-preview:large, max-video-preview:-1\" \/>\n<link rel=\"canonical\" href=\"https:\/\/theplayoffs.news\/fr\/actualite-nba\/joel-embiid-ne-joue-pas-le-match-4\/\" \/>\n<meta property=\"og:locale\" content=\"fr_FR\" \/>\n<meta property=\"og:type\" content=\"article\" \/>\n<meta property=\"og:title\" content=\"Joel Embiid ne joue pas le match 4 - The Playoffs FR\" \/>\n<meta property=\"og:url\" content=\"https:\/\/theplayoffs.news\/fr\/actualite-nba\/joel-embiid-ne-joue-pas-le-match-4\/\" \/>\n<meta property=\"og:site_name\" content=\"The Playoffs FR\" \/>\n<meta property=\"article:publisher\" content=\"https:\/\/www.facebook.com\/TheFreeAgentFR\/\" \/>\n<meta property=\"article:modified_time\" content=\"2023-04-22T07:24:05+02:00\" \/>\n<meta property=\"og:image\" content=\"https:\/\/theplayoffs.news\/fr\/wp-content\/uploads\/2023\/04\/FtKiT6XWIAIpzPa.jpg\" \/>\n\t<meta property=\"og:image:width\" content=\"680\" \/>\n\t<meta property=\"og:image:height\" content=\"383\" \/>\n\t<meta property=\"og:image:type\" content=\"image\/jpeg\" \/>\n<meta name=\"author\" content=\"Maxime Le Gorjus\" \/>\n<meta name=\"twitter:card\" content=\"summary_large_image\" \/>\n<meta name=\"twitter:creator\" content=\"@TheFreeAgentFR\" \/>\n<meta name=\"twitter:site\" content=\"@TheFreeAgentFR\" \/>\n<meta name=\"twitter:label1\" content=\"\u00c9crit par\" \/>\n\t<meta name=\"twitter:data1\" content=\"Maxime Le Gorjus\" \/>\n\t<meta name=\"twitter:label2\" content=\"Dur\u00e9e de lecture estim\u00e9e\" \/>\n\t<meta name=\"twitter:data2\" content=\"1 minute\" \/>\n<script type=\"application\/ld+json\" class=\"yoast-schema-graph\">{\"@context\":\"https:\/\/schema.org\",\"@graph\":[{\"@type\":\"WebPage\",\"@id\":\"https:\/\/theplayoffs.news\/fr\/actualite-nba\/joel-embiid-ne-joue-pas-le-match-4\/\",\"url\":\"https:\/\/theplayoffs.news\/fr\/actualite-nba\/joel-embiid-ne-joue-pas-le-match-4\/\",\"name\":\"Joel Embiid ne joue pas le match 4 - The Playoffs FR\",\"isPartOf\":{\"@id\":\"https:\/\/theplayoffs.news\/fr\/#website\"},\"primaryImageOfPage\":{\"@id\":\"https:\/\/theplayoffs.news\/fr\/actualite-nba\/joel-embiid-ne-joue-pas-le-match-4\/#primaryimage\"},\"image\":{\"@id\":\"https:\/\/theplayoffs.news\/fr\/actualite-nba\/joel-embiid-ne-joue-pas-le-match-4\/#primaryimage\"},\"thumbnailUrl\":\"https:\/\/theplayoffs.news\/fr\/wp-content\/uploads\/2023\/04\/FtKiT6XWIAIpzPa.jpg\",\"datePublished\":\"2023-04-22T05:20:39+00:00\",\"dateModified\":\"2023-04-22T05:24:05+00:00\",\"author\":{\"@id\":\"https:\/\/theplayoffs.news\/fr\/#\/schema\/person\/e71dc12410195fc77183dda929d3a10c\"},\"breadcrumb\":{\"@id\":\"https:\/\/theplayoffs.news\/fr\/actualite-nba\/joel-embiid-ne-joue-pas-le-match-4\/#breadcrumb\"},\"inLanguage\":\"fr-FR\",\"potentialAction\":[{\"@type\":\"ReadAction\",\"target\":[\"https:\/\/theplayoffs.news\/fr\/actualite-nba\/joel-embiid-ne-joue-pas-le-match-4\/\"]}]},{\"@type\":\"ImageObject\",\"inLanguage\":\"fr-FR\",\"@id\":\"https:\/\/theplayoffs.news\/fr\/actualite-nba\/joel-embiid-ne-joue-pas-le-match-4\/#primaryimage\",\"url\":\"https:\/\/theplayoffs.news\/fr\/wp-content\/uploads\/2023\/04\/FtKiT6XWIAIpzPa.jpg\",\"contentUrl\":\"https:\/\/theplayoffs.news\/fr\/wp-content\/uploads\/2023\/04\/FtKiT6XWIAIpzPa.jpg\",\"width\":680,\"height\":383,\"caption\":\"Joel Embiid,\"},{\"@type\":\"BreadcrumbList\",\"@id\":\"https:\/\/theplayoffs.news\/fr\/actualite-nba\/joel-embiid-ne-joue-pas-le-match-4\/#breadcrumb\",\"itemListElement\":[{\"@type\":\"ListItem\",\"position\":1,\"name\":\"Accueil\",\"item\":\"https:\/\/theplayoffs.news\/fr\/\"},{\"@type\":\"ListItem\",\"position\":2,\"name\":\"Joel Embiid ne joue pas le match 4\"}]},{\"@type\":\"WebSite\",\"@id\":\"https:\/\/theplayoffs.news\/fr\/#website\",\"url\":\"https:\/\/theplayoffs.news\/fr\/\",\"name\":\"The Playoffs FR\",\"description\":\"NBA-NFL-NHL-MLB\",\"potentialAction\":[{\"@type\":\"SearchAction\",\"target\":{\"@type\":\"EntryPoint\",\"urlTemplate\":\"https:\/\/theplayoffs.news\/fr\/?s={search_term_string}\"},\"query-input\":{\"@type\":\"PropertyValueSpecification\",\"valueRequired\":true,\"valueName\":\"search_term_string\"}}],\"inLanguage\":\"fr-FR\"},{\"@type\":\"Person\",\"@id\":\"https:\/\/theplayoffs.news\/fr\/#\/schema\/person\/e71dc12410195fc77183dda929d3a10c\",\"name\":\"Maxime Le Gorjus\",\"image\":{\"@type\":\"ImageObject\",\"inLanguage\":\"fr-FR\",\"@id\":\"https:\/\/theplayoffs.news\/fr\/#\/schema\/person\/image\/\",\"url\":\"https:\/\/secure.gravatar.com\/avatar\/e9d907366de9735d771ce06fa32e62740f99d507b84a46e08ed7e5e05c120b42?s=96&d=mm&r=g\",\"contentUrl\":\"https:\/\/secure.gravatar.com\/avatar\/e9d907366de9735d771ce06fa32e62740f99d507b84a46e08ed7e5e05c120b42?s=96&d=mm&r=g\",\"caption\":\"Maxime Le Gorjus\"},\"url\":\"https:\/\/theplayoffs.news\/fr\/author\/maximelegorjus\/\"}]}<\/script>\n<!-- \/ Yoast SEO plugin. -->","yoast_head_json":{"title":"Joel Embiid ne joue pas le match 4 - The Playoffs FR","robots":{"index":"index","follow":"follow","max-snippet":"max-snippet:-1","max-image-preview":"max-image-preview:large","max-video-preview":"max-video-preview:-1"},"canonical":"https:\/\/theplayoffs.news\/fr\/actualite-nba\/joel-embiid-ne-joue-pas-le-match-4\/","og_locale":"fr_FR","og_type":"article","og_title":"Joel Embiid ne joue pas le match 4 - The Playoffs FR","og_url":"https:\/\/theplayoffs.news\/fr\/actualite-nba\/joel-embiid-ne-joue-pas-le-match-4\/","og_site_name":"The Playoffs FR","article_publisher":"https:\/\/www.facebook.com\/TheFreeAgentFR\/","article_modified_time":"2023-04-22T05:24:05+00:00","og_image":[{"width":680,"height":383,"url":"https:\/\/theplayoffs.news\/fr\/wp-content\/uploads\/2023\/04\/FtKiT6XWIAIpzPa.jpg","type":"image\/jpeg"}],"author":"Maxime Le Gorjus","twitter_card":"summary_large_image","twitter_creator":"@TheFreeAgentFR","twitter_site":"@TheFreeAgentFR","twitter_misc":{"\u00c9crit par":"Maxime Le Gorjus","Dur\u00e9e de lecture estim\u00e9e":"1 minute"},"schema":{"@context":"https:\/\/schema.org","@graph":[{"@type":"WebPage","@id":"https:\/\/theplayoffs.news\/fr\/actualite-nba\/joel-embiid-ne-joue-pas-le-match-4\/","url":"https:\/\/theplayoffs.news\/fr\/actualite-nba\/joel-embiid-ne-joue-pas-le-match-4\/","name":"Joel Embiid ne joue pas le match 4 - The Playoffs FR","isPartOf":{"@id":"https:\/\/theplayoffs.news\/fr\/#website"},"primaryImageOfPage":{"@id":"https:\/\/theplayoffs.news\/fr\/actualite-nba\/joel-embiid-ne-joue-pas-le-match-4\/#primaryimage"},"image":{"@id":"https:\/\/theplayoffs.news\/fr\/actualite-nba\/joel-embiid-ne-joue-pas-le-match-4\/#primaryimage"},"thumbnailUrl":"https:\/\/theplayoffs.news\/fr\/wp-content\/uploads\/2023\/04\/FtKiT6XWIAIpzPa.jpg","datePublished":"2023-04-22T05:20:39+00:00","dateModified":"2023-04-22T05:24:05+00:00","author":{"@id":"https:\/\/theplayoffs.news\/fr\/#\/schema\/person\/e71dc12410195fc77183dda929d3a10c"},"breadcrumb":{"@id":"https:\/\/theplayoffs.news\/fr\/actualite-nba\/joel-embiid-ne-joue-pas-le-match-4\/#breadcrumb"},"inLanguage":"fr-FR","potentialAction":[{"@type":"ReadAction","target":["https:\/\/theplayoffs.news\/fr\/actualite-nba\/joel-embiid-ne-joue-pas-le-match-4\/"]}]},{"@type":"ImageObject","inLanguage":"fr-FR","@id":"https:\/\/theplayoffs.news\/fr\/actualite-nba\/joel-embiid-ne-joue-pas-le-match-4\/#primaryimage","url":"https:\/\/theplayoffs.news\/fr\/wp-content\/uploads\/2023\/04\/FtKiT6XWIAIpzPa.jpg","contentUrl":"https:\/\/theplayoffs.news\/fr\/wp-content\/uploads\/2023\/04\/FtKiT6XWIAIpzPa.jpg","width":680,"height":383,"caption":"Joel Embiid,"},{"@type":"BreadcrumbList","@id":"https:\/\/theplayoffs.news\/fr\/actualite-nba\/joel-embiid-ne-joue-pas-le-match-4\/#breadcrumb","itemListElement":[{"@type":"ListItem","position":1,"name":"Accueil","item":"https:\/\/theplayoffs.news\/fr\/"},{"@type":"ListItem","position":2,"name":"Joel Embiid ne joue pas le match 4"}]},{"@type":"WebSite","@id":"https:\/\/theplayoffs.news\/fr\/#website","url":"https:\/\/theplayoffs.news\/fr\/","name":"The Playoffs FR","description":"NBA-NFL-NHL-MLB","potentialAction":[{"@type":"SearchAction","target":{"@type":"EntryPoint","urlTemplate":"https:\/\/theplayoffs.news\/fr\/?s={search_term_string}"},"query-input":{"@type":"PropertyValueSpecification","valueRequired":true,"valueName":"search_term_string"}}],"inLanguage":"fr-FR"},{"@type":"Person","@id":"https:\/\/theplayoffs.news\/fr\/#\/schema\/person\/e71dc12410195fc77183dda929d3a10c","name":"Maxime Le Gorjus","image":{"@type":"ImageObject","inLanguage":"fr-FR","@id":"https:\/\/theplayoffs.news\/fr\/#\/schema\/person\/image\/","url":"https:\/\/secure.gravatar.com\/avatar\/e9d907366de9735d771ce06fa32e62740f99d507b84a46e08ed7e5e05c120b42?s=96&d=mm&r=g","contentUrl":"https:\/\/secure.gravatar.com\/avatar\/e9d907366de9735d771ce06fa32e62740f99d507b84a46e08ed7e5e05c120b42?s=96&d=mm&r=g","caption":"Maxime Le Gorjus"},"url":"https:\/\/theplayoffs.news\/fr\/author\/maximelegorjus\/"}]}},"_links":{"self":[{"href":"https:\/\/theplayoffs.news\/fr\/wp-json\/wp\/v2\/posts\/584258","targetHints":{"allow":["GET"]}}],"collection":[{"href":"https:\/\/theplayoffs.news\/fr\/wp-json\/wp\/v2\/posts"}],"about":[{"href":"https:\/\/theplayoffs.news\/fr\/wp-json\/wp\/v2\/types\/post"}],"author":[{"embeddable":true,"href":"https:\/\/theplayoffs.news\/fr\/wp-json\/wp\/v2\/users\/180309821"}],"replies":[{"embeddable":true,"href":"https:\/\/theplayoffs.news\/fr\/wp-json\/wp\/v2\/comments?post=584258"}],"version-history":[{"count":4,"href":"https:\/\/theplayoffs.news\/fr\/wp-json\/wp\/v2\/posts\/584258\/revisions"}],"predecessor-version":[{"id":584264,"href":"https:\/\/theplayoffs.news\/fr\/wp-json\/wp\/v2\/posts\/584258\/revisions\/584264"}],"wp:featuredmedia":[{"embeddable":true,"href":"https:\/\/theplayoffs.news\/fr\/wp-json\/wp\/v2\/media\/581983"}],"wp:attachment":[{"href":"https:\/\/theplayoffs.news\/fr\/wp-json\/wp\/v2\/media?parent=584258"}],"wp:term":[{"taxonomy":"category","embeddable":true,"href":"https:\/\/theplayoffs.news\/fr\/wp-json\/wp\/v2\/categories?post=584258"},{"taxonomy":"post_tag","embeddable":true,"href":"https:\/\/theplayoffs.news\/fr\/wp-json\/wp\/v2\/tags?post=584258"},{"taxonomy":"sport","embeddable":true,"href":"https:\/\/theplayoffs.news\/fr\/wp-json\/wp\/v2\/sport?post=584258"},{"taxonomy":"saison","embeddable":true,"href":"https:\/\/theplayoffs.news\/fr\/wp-json\/wp\/v2\/saison?post=584258"}],"curies":[{"name":"wp","href":"https:\/\/api.w.org\/{rel}","templated":true}]}}