{"id":584231,"date":"2023-04-21T21:36:15","date_gmt":"2023-04-21T19:36:15","guid":{"rendered":"https:\/\/theplayoffs.news\/fr\/?p=584231"},"modified":"2023-04-21T21:36:16","modified_gmt":"2023-04-21T19:36:16","slug":"victor-wembanyama-presente-draft-nba-2023","status":"publish","type":"post","link":"https:\/\/theplayoffs.news\/fr\/actualite-nba\/victor-wembanyama-presente-draft-nba-2023\/","title":{"rendered":"Victor Wembanyama se pr\u00e9sente officiellement \u00e0 la draft NBA 2023"},"content":{"rendered":"<h2>Le monde du basket-ball est en effervescence depuis que Victor Wembanyama, le prospect le plus attendue depuis LeBron James, s&rsquo;est officiellement d&eacute;clar&eacute; pour la draft NBA 2023.<\/h2><p>&Agrave; seulement 19 ans, Victor Wembanyama a d&eacute;j&agrave; captiv&eacute; l&rsquo;imagination des fans et des experts avec sa combinaison unique de taille, de comp&eacute;tence et d&rsquo;athl&eacute;tisme.<\/p><p>Avec ses mensurations plus qu&rsquo;imposantes, Victor Wembanyama est en passe de devenir le joueur le plus grand et le plus long de la NBA. Cependant, contrairement aux grands hommes traditionnels, il poss&egrave;de les comp&eacute;tences d&rsquo;un meneur, r&eacute;guli&egrave;rement charg&eacute; de faire monter le ballon sur le terrain, d&rsquo;initier l&rsquo;attaque et de tirer &agrave; 3 points de partout sur le terrain. Ses capacit&eacute;s d&eacute;fensives, y compris le timing, l&rsquo;instinct et la couverture fluide du sol, ont le potentiel de changer la g&eacute;om&eacute;trie du jeu et de faire de lui un changeur de jeu aux deux extr&eacute;mit&eacute;s du sol.<\/p><blockquote><p>&laquo;&nbsp;Se pr&eacute;senter &agrave; la draft &hellip; c&rsquo;est quelque chose de fou que je ne r&eacute;alise pas encore &laquo;&nbsp;, <a href=\"https:\/\/www.espn.com\/nba\/story\/_\/id\/36255353\/projected-top-pick-victor-wembanyama-submits-paperwork-nba-draft\" class=\"trk-cta-link\" data-cta-trk='{\"ctaType\":\"Link\",\"ctaSubType\":\"main\"}'>a d&eacute;clar&eacute; Victor Wembanyama &agrave; ESPN<\/a>.&nbsp;&raquo; J&rsquo;ai r&eacute;alis&eacute; assez jeune que je voulais jouer en NBA mais cela devient une r&eacute;alit&eacute; de plus en plus chaque jour. J&rsquo;ai tellement de chance d&rsquo;avoir ce r&ecirc;ve &agrave; port&eacute;e de main.&nbsp;&raquo;<\/p><\/blockquote><p>La saison historique de Wembanyama en France l&rsquo;a vu en moyenne 21,5 points, 9,9 rebonds, 3,1 blocks et 2,3 passes d&eacute;cisives par match, menant la ligue fran&ccedil;aise dans presque toutes les cat&eacute;gories statistiques. Bien qu&rsquo;il soit l&rsquo;une des plus jeunes &eacute;quipes de la ligue, Victor Wembanyama a guid&eacute; son &eacute;quipe vers un bilan de 19-10, les pla&ccedil;ant &agrave; la deuxi&egrave;me place et mettant potentiellement en place une s&eacute;rie de s&eacute;ries &eacute;liminatoires qui pourraient s&rsquo;&eacute;tendre au-del&agrave; de la date de la draft NBA 2023 le 22 juin.<\/p><p>Bien que sa capacit&eacute; &agrave; rester en bonne sant&eacute; suscite des inqui&eacute;tudes en raison de son physique gargantuesque, Victor Wembanyama n&rsquo;a pas encore rat&eacute; un match cette saison, gr&acirc;ce &agrave; son d&eacute;vouement au repos, &agrave; la r&eacute;cup&eacute;ration, &agrave; l&rsquo;activation et &agrave; la pr&eacute;vention des blessures.<\/p><p>L&rsquo;entr&eacute;e officielle de Wembanyama dans la draft NBA 2023 ne surprend personne, mais cela marque une autre &eacute;tape vers la r&eacute;alisation de son r&ecirc;ve de toujours de jouer dans la NBA. Avec <a href=\"https:\/\/theplayoffs.news\/fr\/nba-basketball\/draft-nba-2023-le-point-sur-la-loterie\/\" class=\"trk-cta-link\" data-cta-trk='{\"ctaType\":\"Link\",\"ctaSubType\":\"main\"}'>le tirage au sort de la loterie<\/a> pr&eacute;vu pour le 15 mai, les &eacute;quipes et les fans attendent avec impatience de voir quelle franchise aura la chance d&rsquo;obtenir le choix n &deg; 1 et de changer leur futur en s&eacute;lectionnant ce talent unique en son genre.<\/p><p>De plus, Victor Wembanyama n&rsquo;a aucune inqui&eacute;tude quant &agrave; la franchise qui le s&eacute;lectionnera :<\/p><blockquote><p>&laquo;&nbsp;Je ne suis pas inquiet, il n&rsquo;y a pas de mauvaise organisation. Je ne me dis jamais que je n&rsquo;aime pas y aller. Chaque organisation fait tellement attention &agrave; ses joueurs qu&rsquo;il n&rsquo;y a pas de mauvaise destination.&nbsp;&raquo;<\/p><\/blockquote>\n","protected":false},"excerpt":{"rendered":"","protected":false},"author":13,"featured_media":584232,"comment_status":"open","ping_status":"closed","sticky":false,"template":"","format":"standard","meta":{"inline_featured_image":false,"kia_subtitle":"","_mux_skip_reasons":[],"proofreadBy":0,"footnotes":""},"categories":[110,10],"tags":[4155,1194],"sport":[],"saison":[],"class_list":["post-584231","post","type-post","status-publish","format-standard","has-post-thumbnail","hentry","category-actualite-nba","category-nba","tag-draft-nba-2023","tag-victor-wembanyama"],"acf":[],"yoast_head":"<!-- This site is optimized with the Yoast SEO plugin v24.2 - https:\/\/yoast.com\/wordpress\/plugins\/seo\/ -->\n<title>Victor Wembanyama se pr&eacute;sente officiellement &agrave; la draft NBA 2023 - The Playoffs FR<\/title>\n<meta name=\"robots\" content=\"index, follow, max-snippet:-1, max-image-preview:large, max-video-preview:-1\" \/>\n<link rel=\"canonical\" href=\"https:\/\/theplayoffs.news\/fr\/actualite-nba\/victor-wembanyama-presente-draft-nba-2023\/\" \/>\n<meta property=\"og:locale\" content=\"fr_FR\" \/>\n<meta property=\"og:type\" content=\"article\" \/>\n<meta property=\"og:title\" content=\"Victor Wembanyama se pr&eacute;sente officiellement &agrave; la draft NBA 2023 - The Playoffs FR\" \/>\n<meta property=\"og:url\" content=\"https:\/\/theplayoffs.news\/fr\/actualite-nba\/victor-wembanyama-presente-draft-nba-2023\/\" \/>\n<meta property=\"og:site_name\" content=\"The Playoffs FR\" \/>\n<meta property=\"article:publisher\" content=\"https:\/\/www.facebook.com\/TheFreeAgentFR\/\" \/>\n<meta property=\"article:modified_time\" content=\"2023-04-21T21:36:16+02:00\" \/>\n<meta property=\"og:image\" content=\"https:\/\/theplayoffs.news\/fr\/wp-content\/uploads\/2023\/04\/W08mt4d2cA-t6vKz.jpg\" \/>\n\t<meta property=\"og:image:width\" content=\"1280\" \/>\n\t<meta property=\"og:image:height\" content=\"720\" \/>\n\t<meta property=\"og:image:type\" content=\"image\/jpeg\" \/>\n<meta name=\"author\" content=\"Charles Taudin\" \/>\n<meta name=\"twitter:card\" content=\"summary_large_image\" \/>\n<meta name=\"twitter:creator\" content=\"@TheFreeAgentFR\" \/>\n<meta name=\"twitter:site\" content=\"@TheFreeAgentFR\" \/>\n<meta name=\"twitter:label1\" content=\"\u00c9crit par\" \/>\n\t<meta name=\"twitter:data1\" content=\"Charles Taudin\" \/>\n\t<meta name=\"twitter:label2\" content=\"Dur\u00e9e de lecture estim\u00e9e\" \/>\n\t<meta name=\"twitter:data2\" content=\"2 minutes\" \/>\n<script type=\"application\/ld+json\" class=\"yoast-schema-graph\">{\"@context\":\"https:\/\/schema.org\",\"@graph\":[{\"@type\":\"WebPage\",\"@id\":\"https:\/\/theplayoffs.news\/fr\/actualite-nba\/victor-wembanyama-presente-draft-nba-2023\/\",\"url\":\"https:\/\/theplayoffs.news\/fr\/actualite-nba\/victor-wembanyama-presente-draft-nba-2023\/\",\"name\":\"Victor Wembanyama se pr\u00e9sente officiellement \u00e0 la draft NBA 2023 - The Playoffs FR\",\"isPartOf\":{\"@id\":\"https:\/\/theplayoffs.news\/fr\/#website\"},\"primaryImageOfPage\":{\"@id\":\"https:\/\/theplayoffs.news\/fr\/actualite-nba\/victor-wembanyama-presente-draft-nba-2023\/#primaryimage\"},\"image\":{\"@id\":\"https:\/\/theplayoffs.news\/fr\/actualite-nba\/victor-wembanyama-presente-draft-nba-2023\/#primaryimage\"},\"thumbnailUrl\":\"https:\/\/theplayoffs.news\/fr\/wp-content\/uploads\/2023\/04\/W08mt4d2cA-t6vKz.jpg\",\"datePublished\":\"2023-04-21T19:36:15+00:00\",\"dateModified\":\"2023-04-21T19:36:16+00:00\",\"author\":{\"@id\":\"https:\/\/theplayoffs.news\/fr\/#\/schema\/person\/eee5b69ad5d3c51cabe881c839dbe133\"},\"breadcrumb\":{\"@id\":\"https:\/\/theplayoffs.news\/fr\/actualite-nba\/victor-wembanyama-presente-draft-nba-2023\/#breadcrumb\"},\"inLanguage\":\"fr-FR\",\"potentialAction\":[{\"@type\":\"ReadAction\",\"target\":[\"https:\/\/theplayoffs.news\/fr\/actualite-nba\/victor-wembanyama-presente-draft-nba-2023\/\"]}]},{\"@type\":\"ImageObject\",\"inLanguage\":\"fr-FR\",\"@id\":\"https:\/\/theplayoffs.news\/fr\/actualite-nba\/victor-wembanyama-presente-draft-nba-2023\/#primaryimage\",\"url\":\"https:\/\/theplayoffs.news\/fr\/wp-content\/uploads\/2023\/04\/W08mt4d2cA-t6vKz.jpg\",\"contentUrl\":\"https:\/\/theplayoffs.news\/fr\/wp-content\/uploads\/2023\/04\/W08mt4d2cA-t6vKz.jpg\",\"width\":1280,\"height\":720,\"caption\":\"victor Wembanyama\"},{\"@type\":\"BreadcrumbList\",\"@id\":\"https:\/\/theplayoffs.news\/fr\/actualite-nba\/victor-wembanyama-presente-draft-nba-2023\/#breadcrumb\",\"itemListElement\":[{\"@type\":\"ListItem\",\"position\":1,\"name\":\"Accueil\",\"item\":\"https:\/\/theplayoffs.news\/fr\/\"},{\"@type\":\"ListItem\",\"position\":2,\"name\":\"Victor Wembanyama se pr\u00e9sente officiellement \u00e0 la draft NBA 2023\"}]},{\"@type\":\"WebSite\",\"@id\":\"https:\/\/theplayoffs.news\/fr\/#website\",\"url\":\"https:\/\/theplayoffs.news\/fr\/\",\"name\":\"The Playoffs FR\",\"description\":\"NBA-NFL-NHL-MLB\",\"potentialAction\":[{\"@type\":\"SearchAction\",\"target\":{\"@type\":\"EntryPoint\",\"urlTemplate\":\"https:\/\/theplayoffs.news\/fr\/?s={search_term_string}\"},\"query-input\":{\"@type\":\"PropertyValueSpecification\",\"valueRequired\":true,\"valueName\":\"search_term_string\"}}],\"inLanguage\":\"fr-FR\"},{\"@type\":\"Person\",\"@id\":\"https:\/\/theplayoffs.news\/fr\/#\/schema\/person\/eee5b69ad5d3c51cabe881c839dbe133\",\"name\":\"Charles Taudin\",\"image\":{\"@type\":\"ImageObject\",\"inLanguage\":\"fr-FR\",\"@id\":\"https:\/\/theplayoffs.news\/fr\/#\/schema\/person\/image\/\",\"url\":\"https:\/\/secure.gravatar.com\/avatar\/59a1e772205ce9fd255edfcafc93013736822e20261f294c5753b20c41ede9f2?s=96&d=mm&r=g\",\"contentUrl\":\"https:\/\/secure.gravatar.com\/avatar\/59a1e772205ce9fd255edfcafc93013736822e20261f294c5753b20c41ede9f2?s=96&d=mm&r=g\",\"caption\":\"Charles Taudin\"},\"description\":\"R\u00e9dacteur en chef global de The Playoffs, j\u2019ai cr\u00e9\u00e9 The Free Agent, devenu The Playoffs FR, en 2020 durant la pand\u00e9mie. Amoureux depuis des ann\u00e9es des 4 sports majeurs am\u00e9ricains, j\u2019organise maintenant la strat\u00e9gie \u00e9ditoriale et les r\u00e9seaux sociaux de l\u2019ensemble des versions de The Playoffs. Il m\u2019arrive encore d\u2019\u00e9crire sur certains sports que j\u2019affectionne particuli\u00e8rement comme la NFL ou la MLB. Si vous devez retenir qu\u2019une chose : Eli Manning est le vrai GOAT pour avoir battu deux fois Tom Brady.\",\"sameAs\":[\"https:\/\/www.instagram.com\/ctaudin_\/\"],\"url\":\"https:\/\/theplayoffs.news\/fr\/author\/charles-taudin\/\"}]}<\/script>\n<!-- \/ Yoast SEO plugin. -->","yoast_head_json":{"title":"Victor Wembanyama se pr&eacute;sente officiellement &agrave; la draft NBA 2023 - The Playoffs FR","robots":{"index":"index","follow":"follow","max-snippet":"max-snippet:-1","max-image-preview":"max-image-preview:large","max-video-preview":"max-video-preview:-1"},"canonical":"https:\/\/theplayoffs.news\/fr\/actualite-nba\/victor-wembanyama-presente-draft-nba-2023\/","og_locale":"fr_FR","og_type":"article","og_title":"Victor Wembanyama se pr&eacute;sente officiellement &agrave; la draft NBA 2023 - The Playoffs FR","og_url":"https:\/\/theplayoffs.news\/fr\/actualite-nba\/victor-wembanyama-presente-draft-nba-2023\/","og_site_name":"The Playoffs FR","article_publisher":"https:\/\/www.facebook.com\/TheFreeAgentFR\/","article_modified_time":"2023-04-21T19:36:16+00:00","og_image":[{"width":1280,"height":720,"url":"https:\/\/theplayoffs.news\/fr\/wp-content\/uploads\/2023\/04\/W08mt4d2cA-t6vKz.jpg","type":"image\/jpeg"}],"author":"Charles Taudin","twitter_card":"summary_large_image","twitter_creator":"@TheFreeAgentFR","twitter_site":"@TheFreeAgentFR","twitter_misc":{"\u00c9crit par":"Charles Taudin","Dur\u00e9e de lecture estim\u00e9e":"2 minutes"},"schema":{"@context":"https:\/\/schema.org","@graph":[{"@type":"WebPage","@id":"https:\/\/theplayoffs.news\/fr\/actualite-nba\/victor-wembanyama-presente-draft-nba-2023\/","url":"https:\/\/theplayoffs.news\/fr\/actualite-nba\/victor-wembanyama-presente-draft-nba-2023\/","name":"Victor Wembanyama se pr\u00e9sente officiellement \u00e0 la draft NBA 2023 - The Playoffs FR","isPartOf":{"@id":"https:\/\/theplayoffs.news\/fr\/#website"},"primaryImageOfPage":{"@id":"https:\/\/theplayoffs.news\/fr\/actualite-nba\/victor-wembanyama-presente-draft-nba-2023\/#primaryimage"},"image":{"@id":"https:\/\/theplayoffs.news\/fr\/actualite-nba\/victor-wembanyama-presente-draft-nba-2023\/#primaryimage"},"thumbnailUrl":"https:\/\/theplayoffs.news\/fr\/wp-content\/uploads\/2023\/04\/W08mt4d2cA-t6vKz.jpg","datePublished":"2023-04-21T19:36:15+00:00","dateModified":"2023-04-21T19:36:16+00:00","author":{"@id":"https:\/\/theplayoffs.news\/fr\/#\/schema\/person\/eee5b69ad5d3c51cabe881c839dbe133"},"breadcrumb":{"@id":"https:\/\/theplayoffs.news\/fr\/actualite-nba\/victor-wembanyama-presente-draft-nba-2023\/#breadcrumb"},"inLanguage":"fr-FR","potentialAction":[{"@type":"ReadAction","target":["https:\/\/theplayoffs.news\/fr\/actualite-nba\/victor-wembanyama-presente-draft-nba-2023\/"]}]},{"@type":"ImageObject","inLanguage":"fr-FR","@id":"https:\/\/theplayoffs.news\/fr\/actualite-nba\/victor-wembanyama-presente-draft-nba-2023\/#primaryimage","url":"https:\/\/theplayoffs.news\/fr\/wp-content\/uploads\/2023\/04\/W08mt4d2cA-t6vKz.jpg","contentUrl":"https:\/\/theplayoffs.news\/fr\/wp-content\/uploads\/2023\/04\/W08mt4d2cA-t6vKz.jpg","width":1280,"height":720,"caption":"victor Wembanyama"},{"@type":"BreadcrumbList","@id":"https:\/\/theplayoffs.news\/fr\/actualite-nba\/victor-wembanyama-presente-draft-nba-2023\/#breadcrumb","itemListElement":[{"@type":"ListItem","position":1,"name":"Accueil","item":"https:\/\/theplayoffs.news\/fr\/"},{"@type":"ListItem","position":2,"name":"Victor Wembanyama se pr\u00e9sente officiellement \u00e0 la draft NBA 2023"}]},{"@type":"WebSite","@id":"https:\/\/theplayoffs.news\/fr\/#website","url":"https:\/\/theplayoffs.news\/fr\/","name":"The Playoffs FR","description":"NBA-NFL-NHL-MLB","potentialAction":[{"@type":"SearchAction","target":{"@type":"EntryPoint","urlTemplate":"https:\/\/theplayoffs.news\/fr\/?s={search_term_string}"},"query-input":{"@type":"PropertyValueSpecification","valueRequired":true,"valueName":"search_term_string"}}],"inLanguage":"fr-FR"},{"@type":"Person","@id":"https:\/\/theplayoffs.news\/fr\/#\/schema\/person\/eee5b69ad5d3c51cabe881c839dbe133","name":"Charles Taudin","image":{"@type":"ImageObject","inLanguage":"fr-FR","@id":"https:\/\/theplayoffs.news\/fr\/#\/schema\/person\/image\/","url":"https:\/\/secure.gravatar.com\/avatar\/59a1e772205ce9fd255edfcafc93013736822e20261f294c5753b20c41ede9f2?s=96&d=mm&r=g","contentUrl":"https:\/\/secure.gravatar.com\/avatar\/59a1e772205ce9fd255edfcafc93013736822e20261f294c5753b20c41ede9f2?s=96&d=mm&r=g","caption":"Charles Taudin"},"description":"R\u00e9dacteur en chef global de The Playoffs, j\u2019ai cr\u00e9\u00e9 The Free Agent, devenu The Playoffs FR, en 2020 durant la pand\u00e9mie. Amoureux depuis des ann\u00e9es des 4 sports majeurs am\u00e9ricains, j\u2019organise maintenant la strat\u00e9gie \u00e9ditoriale et les r\u00e9seaux sociaux de l\u2019ensemble des versions de The Playoffs. Il m\u2019arrive encore d\u2019\u00e9crire sur certains sports que j\u2019affectionne particuli\u00e8rement comme la NFL ou la MLB. Si vous devez retenir qu\u2019une chose : Eli Manning est le vrai GOAT pour avoir battu deux fois Tom Brady.","sameAs":["https:\/\/www.instagram.com\/ctaudin_\/"],"url":"https:\/\/theplayoffs.news\/fr\/author\/charles-taudin\/"}]}},"_links":{"self":[{"href":"https:\/\/theplayoffs.news\/fr\/wp-json\/wp\/v2\/posts\/584231","targetHints":{"allow":["GET"]}}],"collection":[{"href":"https:\/\/theplayoffs.news\/fr\/wp-json\/wp\/v2\/posts"}],"about":[{"href":"https:\/\/theplayoffs.news\/fr\/wp-json\/wp\/v2\/types\/post"}],"author":[{"embeddable":true,"href":"https:\/\/theplayoffs.news\/fr\/wp-json\/wp\/v2\/users\/13"}],"replies":[{"embeddable":true,"href":"https:\/\/theplayoffs.news\/fr\/wp-json\/wp\/v2\/comments?post=584231"}],"version-history":[{"count":2,"href":"https:\/\/theplayoffs.news\/fr\/wp-json\/wp\/v2\/posts\/584231\/revisions"}],"predecessor-version":[{"id":584234,"href":"https:\/\/theplayoffs.news\/fr\/wp-json\/wp\/v2\/posts\/584231\/revisions\/584234"}],"wp:featuredmedia":[{"embeddable":true,"href":"https:\/\/theplayoffs.news\/fr\/wp-json\/wp\/v2\/media\/584232"}],"wp:attachment":[{"href":"https:\/\/theplayoffs.news\/fr\/wp-json\/wp\/v2\/media?parent=584231"}],"wp:term":[{"taxonomy":"category","embeddable":true,"href":"https:\/\/theplayoffs.news\/fr\/wp-json\/wp\/v2\/categories?post=584231"},{"taxonomy":"post_tag","embeddable":true,"href":"https:\/\/theplayoffs.news\/fr\/wp-json\/wp\/v2\/tags?post=584231"},{"taxonomy":"sport","embeddable":true,"href":"https:\/\/theplayoffs.news\/fr\/wp-json\/wp\/v2\/sport?post=584231"},{"taxonomy":"saison","embeddable":true,"href":"https:\/\/theplayoffs.news\/fr\/wp-json\/wp\/v2\/saison?post=584231"}],"curies":[{"name":"wp","href":"https:\/\/api.w.org\/{rel}","templated":true}]}}