{"id":584171,"date":"2023-04-21T15:38:33","date_gmt":"2023-04-21T13:38:33","guid":{"rendered":"https:\/\/theplayoffs.news\/fr\/?p=584171"},"modified":"2023-04-21T15:38:34","modified_gmt":"2023-04-21T13:38:34","slug":"progression-exponentielle-mobley","status":"publish","type":"post","link":"https:\/\/theplayoffs.news\/fr\/actualite-nba\/progression-exponentielle-mobley\/","title":{"rendered":"La \u201cprogression exponentielle\u201d d\u2019Evan Mobley vant\u00e9 par son coach"},"content":{"rendered":"<h2>Evan Mobley est un pion essentiel du jeu des Cavaliers cette ann&eacute;e et des bons r&eacute;sultats de son &eacute;quipe. Sa progression est reconnue par son entra&icirc;neur mais aussi ses co&eacute;quipiers.<\/h2><p>&nbsp;<\/p><p>La deuxi&egrave;me saison NBA d&rsquo;<a href=\"https:\/\/theplayoffs.news\/fr\/joueur\/evan-mobley-nba-8864316\/\" class=\"trk-cta-link\" data-cta-trk='{\"ctaType\":\"Link\",\"ctaSubType\":\"main\"}'>Evan Mobley<\/a> devait &ecirc;tre celle de la progression et de la confirmation, apr&egrave;s son ann&eacute;e de d&eacute;couverte de la ligue nord-am&eacute;ricaine. Son entra&icirc;neur J.B. Bickerstaff a d&rsquo;ailleurs d&eacute;clar&eacute; que son joueur s&rsquo;&eacute;tait appuy&eacute; sur son talent et sa vivacit&eacute; d&rsquo;esprit lors de sa premi&egrave;re saison pour apprendre les principes de la ligue.<\/p><p>La progression du joueur de 21 ans s&rsquo;est notamment manifest&eacute;e lors des playoffs. Mobley a connu des difficult&eacute;s lors de son premier match samedi, surtout sur le plan offensif. Il n&rsquo;a marqu&eacute; que 8 points, avec un 4\/13 au tir, pris 11 rebonds et effectu&eacute; 2 passes d&eacute;cisives.<\/p><p>Apr&egrave;s s&rsquo;&ecirc;tre familiaris&eacute; avec le d&eacute;roulement d&rsquo;un match de s&eacute;ries &eacute;liminatoires, Mobley a abord&eacute; le deuxi&egrave;me match avec une meilleure compr&eacute;hension de ce qu&rsquo;il fallait faire. Avant cette deuxi&egrave;me manche remport&eacute;e par les Cavs, Bickerstaff lui avait demand&eacute; d&rsquo;&ecirc;tre plus actif et plus physique en d&eacute;fense, ce que le jeune joueur a bien su r&eacute;aliser.<\/p><p>Offensivement, m&ecirc;me apr&egrave;s avoir manqu&eacute; ses premi&egrave;res tentatives de tirs dans le premier quart-temps, Mobley a continu&eacute; de provoquer et fini la rencontre avec <a href=\"https:\/\/twitter.com\/NBA\/status\/1648501837434339328?ref_src=twsrc%5Etfw%7Ctwcamp%5Etweetembed%7Ctwterm%5E1648501837434339328%7Ctwgr%5E86f9804bb04ef8805ba4822716065343dd66c0af%7Ctwcon%5Es1_c10&amp;ref_url=https%3A%2F%2Fthefreeagent.fr%2Fwp-admin%2Fpost-new.php\" class=\"trk-cta-link\" data-cta-trk='{\"ctaType\":\"Link\",\"ctaSubType\":\"main\"}'>13 points<\/a> et un correct 6\/11 au tir.<\/p><blockquote class=\"twitter-tweet\" data-width=\"500\" data-dnt=\"true\">\n<p lang=\"en\" dir=\"ltr\">Spida finds Mobley who slams it home &#128296;<\/p>\n<p>Cavs lead in the 4Q on TNT.<a href=\"https:\/\/twitter.com\/hashtag\/NBAPlayoffs?src=hash&amp;ref_src=twsrc%5Etfw\" class=\"trk-cta-link\" data-cta-trk='{\"ctaType\":\"Link\",\"ctaSubType\":\"main\"}'>#NBAPlayoffs<\/a> presented by Google Pixel <a href=\"https:\/\/t.co\/7zj8tnImTG\" class=\"trk-cta-link\" data-cta-trk='{\"ctaType\":\"Link\",\"ctaSubType\":\"main\"}'>pic.twitter.com\/7zj8tnImTG<\/a><\/p>\n<p>&mdash; NBA (@NBA) <a href=\"https:\/\/twitter.com\/NBA\/status\/1648501837434339328?ref_src=twsrc%5Etfw\" class=\"trk-cta-link\" data-cta-trk='{\"ctaType\":\"Link\",\"ctaSubType\":\"main\"}'>April 19, 2023<\/a><\/p><\/blockquote><p><script async src=\"https:\/\/platform.twitter.com\/widgets.js\" charset=\"utf-8\"><\/script><\/p><p>&nbsp;<\/p><p>Pour Bickerstaff, ce deuxi&egrave;me match est un &laquo;&nbsp;<em>parfait exemple<\/em>&nbsp;&raquo; de sa progression :<\/p><p>&nbsp;<\/p><blockquote><p>&laquo;&nbsp;Sa croissance a &eacute;t&eacute; exponentielle, vous voyez ce que je veux dire ? Quel que soit le moment o&ugrave; il a une le&ccedil;on &agrave; apprendre, il n&rsquo;est pas un de ces gars qui met du temps &agrave; les comprendre. Il a la capacit&eacute; d&rsquo;apprendre et de grandir rapidement, et je pense que c&rsquo;est ce qui le rend si unique.<\/p><\/blockquote><p>&nbsp;<\/p><p>Il a termin&eacute; le match avec un double-double de 13 points et 13 rebonds. Il a &eacute;galement r&eacute;alis&eacute; 2 interceptions et 2 contres.<\/p><p>L&rsquo;entra&icirc;neur de Cleveland n&rsquo;est pas le seul &agrave; louer les progr&egrave;s de Mobley. Son co&eacute;quipier <a href=\"https:\/\/theplayoffs.news\/fr\/joueur\/darius-garland-nba-8793814\/\" class=\"trk-cta-link\" data-cta-trk='{\"ctaType\":\"Link\",\"ctaSubType\":\"main\"}'>Darius Garland<\/a> s&rsquo;est &eacute;galement montr&eacute; &eacute;logieux la semaine derni&egrave;re sur les performances de l&rsquo;int&eacute;rieur des Cavaliers :<\/p><blockquote><p>&laquo;&nbsp;Evan est une licorne d&rsquo;un m&egrave;tre quatre-vingt-dix. Il est agressif, il parle beaucoup plus cette ann&eacute;e. Lui, avec Jarrett Allen, est notre leader sur le plan d&eacute;fensif. Je pense que c&rsquo;est une &eacute;norme diff&eacute;rence de l&rsquo;avoir avec nous&nbsp;&raquo;.<\/p><\/blockquote><p>&nbsp;<\/p><p>Source des interviews : The Athletic<\/p>\n","protected":false},"excerpt":{"rendered":"","protected":false},"author":180310144,"featured_media":584172,"comment_status":"open","ping_status":"closed","sticky":false,"template":"","format":"standard","meta":{"inline_featured_image":false,"kia_subtitle":"","_mux_skip_reasons":[],"proofreadBy":0,"footnotes":""},"categories":[110,10],"tags":[1362,2500,23],"sport":[],"saison":[],"class_list":["post-584171","post","type-post","status-publish","format-standard","has-post-thumbnail","hentry","category-actualite-nba","category-nba","tag-cleveland-cavaliers","tag-evan-mobley","tag-nba-tag"],"acf":[],"yoast_head":"<!-- This site is optimized with the Yoast SEO plugin v24.2 - https:\/\/yoast.com\/wordpress\/plugins\/seo\/ -->\n<title>La &ldquo;progression exponentielle&rdquo; d&rsquo;Evan Mobley vant&eacute; par son coach - The Playoffs FR<\/title>\n<meta name=\"robots\" content=\"index, follow, max-snippet:-1, max-image-preview:large, max-video-preview:-1\" \/>\n<link rel=\"canonical\" href=\"https:\/\/theplayoffs.news\/fr\/actualite-nba\/progression-exponentielle-mobley\/\" \/>\n<meta property=\"og:locale\" content=\"fr_FR\" \/>\n<meta property=\"og:type\" content=\"article\" \/>\n<meta property=\"og:title\" content=\"La &ldquo;progression exponentielle&rdquo; d&rsquo;Evan Mobley vant&eacute; par son coach - The Playoffs FR\" \/>\n<meta property=\"og:url\" content=\"https:\/\/theplayoffs.news\/fr\/actualite-nba\/progression-exponentielle-mobley\/\" \/>\n<meta property=\"og:site_name\" content=\"The Playoffs FR\" \/>\n<meta property=\"article:publisher\" content=\"https:\/\/www.facebook.com\/TheFreeAgentFR\/\" \/>\n<meta property=\"article:modified_time\" content=\"2023-04-21T15:38:34+02:00\" \/>\n<meta property=\"og:image\" content=\"https:\/\/theplayoffs.news\/fr\/wp-content\/uploads\/2023\/04\/mobley.jpg\" \/>\n\t<meta property=\"og:image:width\" content=\"680\" \/>\n\t<meta property=\"og:image:height\" content=\"453\" \/>\n\t<meta property=\"og:image:type\" content=\"image\/jpeg\" \/>\n<meta name=\"author\" content=\"Evan Glomot\" \/>\n<meta name=\"twitter:card\" content=\"summary_large_image\" \/>\n<meta name=\"twitter:creator\" content=\"@TheFreeAgentFR\" \/>\n<meta name=\"twitter:site\" content=\"@TheFreeAgentFR\" \/>\n<meta name=\"twitter:label1\" content=\"\u00c9crit par\" \/>\n\t<meta name=\"twitter:data1\" content=\"Evan Glomot\" \/>\n\t<meta name=\"twitter:label2\" content=\"Dur\u00e9e de lecture estim\u00e9e\" \/>\n\t<meta name=\"twitter:data2\" content=\"2 minutes\" \/>\n<script type=\"application\/ld+json\" class=\"yoast-schema-graph\">{\"@context\":\"https:\/\/schema.org\",\"@graph\":[{\"@type\":\"WebPage\",\"@id\":\"https:\/\/theplayoffs.news\/fr\/actualite-nba\/progression-exponentielle-mobley\/\",\"url\":\"https:\/\/theplayoffs.news\/fr\/actualite-nba\/progression-exponentielle-mobley\/\",\"name\":\"La \u201cprogression exponentielle\u201d d\u2019Evan Mobley vant\u00e9 par son coach - The Playoffs FR\",\"isPartOf\":{\"@id\":\"https:\/\/theplayoffs.news\/fr\/#website\"},\"primaryImageOfPage\":{\"@id\":\"https:\/\/theplayoffs.news\/fr\/actualite-nba\/progression-exponentielle-mobley\/#primaryimage\"},\"image\":{\"@id\":\"https:\/\/theplayoffs.news\/fr\/actualite-nba\/progression-exponentielle-mobley\/#primaryimage\"},\"thumbnailUrl\":\"https:\/\/theplayoffs.news\/fr\/wp-content\/uploads\/2023\/04\/mobley.jpg\",\"datePublished\":\"2023-04-21T13:38:33+00:00\",\"dateModified\":\"2023-04-21T13:38:34+00:00\",\"author\":{\"@id\":\"https:\/\/theplayoffs.news\/fr\/#\/schema\/person\/efcb1404f7c790a161fdc0aa29e81646\"},\"breadcrumb\":{\"@id\":\"https:\/\/theplayoffs.news\/fr\/actualite-nba\/progression-exponentielle-mobley\/#breadcrumb\"},\"inLanguage\":\"fr-FR\",\"potentialAction\":[{\"@type\":\"ReadAction\",\"target\":[\"https:\/\/theplayoffs.news\/fr\/actualite-nba\/progression-exponentielle-mobley\/\"]}]},{\"@type\":\"ImageObject\",\"inLanguage\":\"fr-FR\",\"@id\":\"https:\/\/theplayoffs.news\/fr\/actualite-nba\/progression-exponentielle-mobley\/#primaryimage\",\"url\":\"https:\/\/theplayoffs.news\/fr\/wp-content\/uploads\/2023\/04\/mobley.jpg\",\"contentUrl\":\"https:\/\/theplayoffs.news\/fr\/wp-content\/uploads\/2023\/04\/mobley.jpg\",\"width\":680,\"height\":453,\"caption\":\"mobley\"},{\"@type\":\"BreadcrumbList\",\"@id\":\"https:\/\/theplayoffs.news\/fr\/actualite-nba\/progression-exponentielle-mobley\/#breadcrumb\",\"itemListElement\":[{\"@type\":\"ListItem\",\"position\":1,\"name\":\"Accueil\",\"item\":\"https:\/\/theplayoffs.news\/fr\/\"},{\"@type\":\"ListItem\",\"position\":2,\"name\":\"La \u201cprogression exponentielle\u201d d\u2019Evan Mobley vant\u00e9 par son coach\"}]},{\"@type\":\"WebSite\",\"@id\":\"https:\/\/theplayoffs.news\/fr\/#website\",\"url\":\"https:\/\/theplayoffs.news\/fr\/\",\"name\":\"The Playoffs FR\",\"description\":\"NBA-NFL-NHL-MLB\",\"potentialAction\":[{\"@type\":\"SearchAction\",\"target\":{\"@type\":\"EntryPoint\",\"urlTemplate\":\"https:\/\/theplayoffs.news\/fr\/?s={search_term_string}\"},\"query-input\":{\"@type\":\"PropertyValueSpecification\",\"valueRequired\":true,\"valueName\":\"search_term_string\"}}],\"inLanguage\":\"fr-FR\"},{\"@type\":\"Person\",\"@id\":\"https:\/\/theplayoffs.news\/fr\/#\/schema\/person\/efcb1404f7c790a161fdc0aa29e81646\",\"name\":\"Evan Glomot\",\"image\":{\"@type\":\"ImageObject\",\"inLanguage\":\"fr-FR\",\"@id\":\"https:\/\/theplayoffs.news\/fr\/#\/schema\/person\/image\/\",\"url\":\"https:\/\/secure.gravatar.com\/avatar\/93e18dce985a4dfed140ef5ef5ecc82be40a165cbb4838e421f46abb52b7c315?s=96&d=mm&r=g\",\"contentUrl\":\"https:\/\/secure.gravatar.com\/avatar\/93e18dce985a4dfed140ef5ef5ecc82be40a165cbb4838e421f46abb52b7c315?s=96&d=mm&r=g\",\"caption\":\"Evan Glomot\"},\"url\":\"https:\/\/theplayoffs.news\/fr\/author\/evanglomotgmail-com\/\"}]}<\/script>\n<!-- \/ Yoast SEO plugin. -->","yoast_head_json":{"title":"La &ldquo;progression exponentielle&rdquo; d&rsquo;Evan Mobley vant&eacute; par son coach - The Playoffs FR","robots":{"index":"index","follow":"follow","max-snippet":"max-snippet:-1","max-image-preview":"max-image-preview:large","max-video-preview":"max-video-preview:-1"},"canonical":"https:\/\/theplayoffs.news\/fr\/actualite-nba\/progression-exponentielle-mobley\/","og_locale":"fr_FR","og_type":"article","og_title":"La &ldquo;progression exponentielle&rdquo; d&rsquo;Evan Mobley vant&eacute; par son coach - The Playoffs FR","og_url":"https:\/\/theplayoffs.news\/fr\/actualite-nba\/progression-exponentielle-mobley\/","og_site_name":"The Playoffs FR","article_publisher":"https:\/\/www.facebook.com\/TheFreeAgentFR\/","article_modified_time":"2023-04-21T13:38:34+00:00","og_image":[{"width":680,"height":453,"url":"https:\/\/theplayoffs.news\/fr\/wp-content\/uploads\/2023\/04\/mobley.jpg","type":"image\/jpeg"}],"author":"Evan Glomot","twitter_card":"summary_large_image","twitter_creator":"@TheFreeAgentFR","twitter_site":"@TheFreeAgentFR","twitter_misc":{"\u00c9crit par":"Evan Glomot","Dur\u00e9e de lecture estim\u00e9e":"2 minutes"},"schema":{"@context":"https:\/\/schema.org","@graph":[{"@type":"WebPage","@id":"https:\/\/theplayoffs.news\/fr\/actualite-nba\/progression-exponentielle-mobley\/","url":"https:\/\/theplayoffs.news\/fr\/actualite-nba\/progression-exponentielle-mobley\/","name":"La \u201cprogression exponentielle\u201d d\u2019Evan Mobley vant\u00e9 par son coach - The Playoffs FR","isPartOf":{"@id":"https:\/\/theplayoffs.news\/fr\/#website"},"primaryImageOfPage":{"@id":"https:\/\/theplayoffs.news\/fr\/actualite-nba\/progression-exponentielle-mobley\/#primaryimage"},"image":{"@id":"https:\/\/theplayoffs.news\/fr\/actualite-nba\/progression-exponentielle-mobley\/#primaryimage"},"thumbnailUrl":"https:\/\/theplayoffs.news\/fr\/wp-content\/uploads\/2023\/04\/mobley.jpg","datePublished":"2023-04-21T13:38:33+00:00","dateModified":"2023-04-21T13:38:34+00:00","author":{"@id":"https:\/\/theplayoffs.news\/fr\/#\/schema\/person\/efcb1404f7c790a161fdc0aa29e81646"},"breadcrumb":{"@id":"https:\/\/theplayoffs.news\/fr\/actualite-nba\/progression-exponentielle-mobley\/#breadcrumb"},"inLanguage":"fr-FR","potentialAction":[{"@type":"ReadAction","target":["https:\/\/theplayoffs.news\/fr\/actualite-nba\/progression-exponentielle-mobley\/"]}]},{"@type":"ImageObject","inLanguage":"fr-FR","@id":"https:\/\/theplayoffs.news\/fr\/actualite-nba\/progression-exponentielle-mobley\/#primaryimage","url":"https:\/\/theplayoffs.news\/fr\/wp-content\/uploads\/2023\/04\/mobley.jpg","contentUrl":"https:\/\/theplayoffs.news\/fr\/wp-content\/uploads\/2023\/04\/mobley.jpg","width":680,"height":453,"caption":"mobley"},{"@type":"BreadcrumbList","@id":"https:\/\/theplayoffs.news\/fr\/actualite-nba\/progression-exponentielle-mobley\/#breadcrumb","itemListElement":[{"@type":"ListItem","position":1,"name":"Accueil","item":"https:\/\/theplayoffs.news\/fr\/"},{"@type":"ListItem","position":2,"name":"La \u201cprogression exponentielle\u201d d\u2019Evan Mobley vant\u00e9 par son coach"}]},{"@type":"WebSite","@id":"https:\/\/theplayoffs.news\/fr\/#website","url":"https:\/\/theplayoffs.news\/fr\/","name":"The Playoffs FR","description":"NBA-NFL-NHL-MLB","potentialAction":[{"@type":"SearchAction","target":{"@type":"EntryPoint","urlTemplate":"https:\/\/theplayoffs.news\/fr\/?s={search_term_string}"},"query-input":{"@type":"PropertyValueSpecification","valueRequired":true,"valueName":"search_term_string"}}],"inLanguage":"fr-FR"},{"@type":"Person","@id":"https:\/\/theplayoffs.news\/fr\/#\/schema\/person\/efcb1404f7c790a161fdc0aa29e81646","name":"Evan Glomot","image":{"@type":"ImageObject","inLanguage":"fr-FR","@id":"https:\/\/theplayoffs.news\/fr\/#\/schema\/person\/image\/","url":"https:\/\/secure.gravatar.com\/avatar\/93e18dce985a4dfed140ef5ef5ecc82be40a165cbb4838e421f46abb52b7c315?s=96&d=mm&r=g","contentUrl":"https:\/\/secure.gravatar.com\/avatar\/93e18dce985a4dfed140ef5ef5ecc82be40a165cbb4838e421f46abb52b7c315?s=96&d=mm&r=g","caption":"Evan Glomot"},"url":"https:\/\/theplayoffs.news\/fr\/author\/evanglomotgmail-com\/"}]}},"_links":{"self":[{"href":"https:\/\/theplayoffs.news\/fr\/wp-json\/wp\/v2\/posts\/584171","targetHints":{"allow":["GET"]}}],"collection":[{"href":"https:\/\/theplayoffs.news\/fr\/wp-json\/wp\/v2\/posts"}],"about":[{"href":"https:\/\/theplayoffs.news\/fr\/wp-json\/wp\/v2\/types\/post"}],"author":[{"embeddable":true,"href":"https:\/\/theplayoffs.news\/fr\/wp-json\/wp\/v2\/users\/180310144"}],"replies":[{"embeddable":true,"href":"https:\/\/theplayoffs.news\/fr\/wp-json\/wp\/v2\/comments?post=584171"}],"version-history":[{"count":2,"href":"https:\/\/theplayoffs.news\/fr\/wp-json\/wp\/v2\/posts\/584171\/revisions"}],"predecessor-version":[{"id":584180,"href":"https:\/\/theplayoffs.news\/fr\/wp-json\/wp\/v2\/posts\/584171\/revisions\/584180"}],"wp:featuredmedia":[{"embeddable":true,"href":"https:\/\/theplayoffs.news\/fr\/wp-json\/wp\/v2\/media\/584172"}],"wp:attachment":[{"href":"https:\/\/theplayoffs.news\/fr\/wp-json\/wp\/v2\/media?parent=584171"}],"wp:term":[{"taxonomy":"category","embeddable":true,"href":"https:\/\/theplayoffs.news\/fr\/wp-json\/wp\/v2\/categories?post=584171"},{"taxonomy":"post_tag","embeddable":true,"href":"https:\/\/theplayoffs.news\/fr\/wp-json\/wp\/v2\/tags?post=584171"},{"taxonomy":"sport","embeddable":true,"href":"https:\/\/theplayoffs.news\/fr\/wp-json\/wp\/v2\/sport?post=584171"},{"taxonomy":"saison","embeddable":true,"href":"https:\/\/theplayoffs.news\/fr\/wp-json\/wp\/v2\/saison?post=584171"}],"curies":[{"name":"wp","href":"https:\/\/api.w.org\/{rel}","templated":true}]}}