{"id":584165,"date":"2023-04-21T14:20:44","date_gmt":"2023-04-21T12:20:44","guid":{"rendered":"https:\/\/theplayoffs.news\/fr\/?p=584165"},"modified":"2023-04-21T15:56:58","modified_gmt":"2023-04-21T13:56:58","slug":"matt-patricia-revient-philadelphie","status":"publish","type":"post","link":"https:\/\/theplayoffs.news\/fr\/actualite-nfl\/matt-patricia-revient-philadelphie\/","title":{"rendered":"Matt Patricia arrive \u00e0 Philadelphie en tant qu&rsquo;assistant d\u00e9fensif senior pour les Eagles"},"content":{"rendered":"<h2>Les Eagles de Philadelphie ont officiellement accueilli Matt Patricia dans leurs rangs, embauchant l&rsquo;ancien entra&icirc;neur en chef des Lions de Detroit et assistant des Patriots de la Nouvelle-Angleterre en tant qu&rsquo;assistant d&eacute;fensif principal.<\/h2><p>La nouvelle a &eacute;t&eacute; confirm&eacute;e par <a href=\"https:\/\/twitter.com\/AdamSchefter\/status\/1649126618462289950?s=20\" class=\"trk-cta-link\" data-cta-trk='{\"ctaType\":\"Link\",\"ctaSubType\":\"main\"}'>Adam Schefter d&rsquo;ESPN<\/a> apr&egrave;s que l&rsquo;entra&icirc;neur Nick Sirianni ait fait allusion &agrave; cette possibilit&eacute; lors d&rsquo;une conf&eacute;rence de presse jeudi.<\/p><p>Sirianni a fait l&rsquo;&eacute;loge du curriculum vitae impressionnant de Patricia et a soulign&eacute; les avantages de l&rsquo;avoir dans l&rsquo;&eacute;quipe.<\/p><blockquote><p>&laquo;&nbsp;Cela vous donne un grand esprit d&eacute;fensif qui l&rsquo;a fait au plus haut niveau&nbsp;&raquo;, a d&eacute;clar&eacute; Sirianni. &laquo;&nbsp;Cela vous donne une grande capacit&eacute; &agrave; faire rebondir des id&eacute;es avec le personnel d&eacute;fensif, et me donne &eacute;galement un autre ancien entra&icirc;neur en chef sur lequel je peux &eacute;galement faire rebondir des id&eacute;es avec des choses qui, je pense, seraient tr&egrave;s utiles.&nbsp;&raquo;<\/p><\/blockquote><p>Le mandat de Matt Patricia avec les Patriots, o&ugrave; il a &eacute;t&eacute; le coordonnateur d&eacute;fensif de l&rsquo;&eacute;quipe de 2012 &agrave; 2017, a &eacute;t&eacute; marqu&eacute; par un succ&egrave;s consid&eacute;rable. Cependant, son retour en Nouvelle-Angleterre en tant que joueur offensif en 2022 apr&egrave;s le d&eacute;part de Josh McDaniels n&rsquo;a pas donn&eacute; les r&eacute;sultats escompt&eacute;s, les Patriots terminant la saison avec un bilan de 8-9.<\/p><p>En cons&eacute;quence, Bill Belichick a ramen&eacute; Bill O&rsquo;Brien comme coordinateur offensif en janvier, ouvrant la voie au d&eacute;part de Matt Patricia &agrave; Philadelphie.<\/p><p>Pendant son mandat d&rsquo;entra&icirc;neur en chef des Lions de 2018 &agrave; 2020, Matt Patricia a amass&eacute; un bilan de 13-29-1, connaissant une relation tumultueuse avec l&rsquo;ancien cornerback des Lions et actuel des Eagles, <a href=\"https:\/\/theplayoffs.news\/fr\/joueur\/darius-slay-philadelphia-eagles-nfl\/\" class=\"trk-cta-link\" data-cta-trk='{\"ctaType\":\"Link\",\"ctaSubType\":\"main\"}'><strong>Darius Slay<\/strong><\/a>. Malgr&eacute; leur pass&eacute;, Sirianni a confirm&eacute; qu&rsquo;il avait discut&eacute; de l&rsquo;embauche de Matt Patricia avec Slay, et il pense que les deux auront une relation de travail productive.<\/p><blockquote><p>&laquo;&nbsp;J&rsquo;ai eu des conversations avec Slay, j&rsquo;ai &eacute;videmment eu des conversations avec l&rsquo;entra&icirc;neur Patricia, et je sais que ce sera une bonne relation de travail pour nous quand cela se produira&nbsp;&raquo;, a d&eacute;clar&eacute; Sirianni.<\/p><\/blockquote><p>Les fans et les joueurs des Eagles seront impatients de voir si le retour de Patricia du c&ocirc;t&eacute; d&eacute;fensif du jeu peut aider &agrave; renforcer les performances de l&rsquo;&eacute;quipe au cours de la saison &agrave; venir. Avec sa richesse d&rsquo;exp&eacute;rience et sa solide exp&eacute;rience d&eacute;fensive, Patricia pourrait s&rsquo;av&eacute;rer &ecirc;tre un atout pr&eacute;cieux pour les Eagles &agrave; l&rsquo;avenir pour tenter de revenir au Super Bowl.<\/p>\n","protected":false},"excerpt":{"rendered":"","protected":false},"author":13,"featured_media":584166,"comment_status":"open","ping_status":"closed","sticky":false,"template":"","format":"standard","meta":{"inline_featured_image":false,"kia_subtitle":"","_mux_skip_reasons":[],"proofreadBy":0,"footnotes":""},"categories":[118,40],"tags":[1087,773],"sport":[],"saison":[],"class_list":["post-584165","post","type-post","status-publish","format-standard","has-post-thumbnail","hentry","category-actualite-nfl","category-nfl","tag-matt-patricia","tag-philadelphia-eagles"],"acf":[],"yoast_head":"<!-- This site is optimized with the Yoast SEO plugin v24.2 - https:\/\/yoast.com\/wordpress\/plugins\/seo\/ -->\n<title>Matt Patricia arrive &agrave; Philadelphie en tant qu&#039;assistant d&eacute;fensif senior pour les Eagles - The Playoffs FR<\/title>\n<meta name=\"robots\" content=\"index, follow, max-snippet:-1, max-image-preview:large, max-video-preview:-1\" \/>\n<link rel=\"canonical\" href=\"https:\/\/theplayoffs.news\/fr\/actualite-nfl\/matt-patricia-revient-philadelphie\/\" \/>\n<meta property=\"og:locale\" content=\"fr_FR\" \/>\n<meta property=\"og:type\" content=\"article\" \/>\n<meta property=\"og:title\" content=\"Matt Patricia arrive &agrave; Philadelphie en tant qu&#039;assistant d&eacute;fensif senior pour les Eagles - The Playoffs FR\" \/>\n<meta property=\"og:url\" content=\"https:\/\/theplayoffs.news\/fr\/actualite-nfl\/matt-patricia-revient-philadelphie\/\" \/>\n<meta property=\"og:site_name\" content=\"The Playoffs FR\" \/>\n<meta property=\"article:publisher\" content=\"https:\/\/www.facebook.com\/TheFreeAgentFR\/\" \/>\n<meta property=\"article:modified_time\" content=\"2023-04-21T15:56:58+02:00\" \/>\n<meta property=\"og:image\" content=\"https:\/\/theplayoffs.news\/fr\/wp-content\/uploads\/2023\/04\/tinywow_IOCGMRWCNK67DBSSZDDMKLKF4I-633ece035c56b-scaled_20673736.jpg\" \/>\n\t<meta property=\"og:image:width\" content=\"1920\" \/>\n\t<meta property=\"og:image:height\" content=\"1280\" \/>\n\t<meta property=\"og:image:type\" content=\"image\/jpeg\" \/>\n<meta name=\"author\" content=\"Charles Taudin\" \/>\n<meta name=\"twitter:card\" content=\"summary_large_image\" \/>\n<meta name=\"twitter:creator\" content=\"@TheFreeAgentFR\" \/>\n<meta name=\"twitter:site\" content=\"@TheFreeAgentFR\" \/>\n<meta name=\"twitter:label1\" content=\"\u00c9crit par\" \/>\n\t<meta name=\"twitter:data1\" content=\"Charles Taudin\" \/>\n\t<meta name=\"twitter:label2\" content=\"Dur\u00e9e de lecture estim\u00e9e\" \/>\n\t<meta name=\"twitter:data2\" content=\"2 minutes\" \/>\n<script type=\"application\/ld+json\" class=\"yoast-schema-graph\">{\"@context\":\"https:\/\/schema.org\",\"@graph\":[{\"@type\":\"WebPage\",\"@id\":\"https:\/\/theplayoffs.news\/fr\/actualite-nfl\/matt-patricia-revient-philadelphie\/\",\"url\":\"https:\/\/theplayoffs.news\/fr\/actualite-nfl\/matt-patricia-revient-philadelphie\/\",\"name\":\"Matt Patricia arrive \u00e0 Philadelphie en tant qu\\\\'assistant d\u00e9fensif senior pour les Eagles - The Playoffs FR\",\"isPartOf\":{\"@id\":\"https:\/\/theplayoffs.news\/fr\/#website\"},\"primaryImageOfPage\":{\"@id\":\"https:\/\/theplayoffs.news\/fr\/actualite-nfl\/matt-patricia-revient-philadelphie\/#primaryimage\"},\"image\":{\"@id\":\"https:\/\/theplayoffs.news\/fr\/actualite-nfl\/matt-patricia-revient-philadelphie\/#primaryimage\"},\"thumbnailUrl\":\"https:\/\/theplayoffs.news\/fr\/wp-content\/uploads\/2023\/04\/tinywow_IOCGMRWCNK67DBSSZDDMKLKF4I-633ece035c56b-scaled_20673736.jpg\",\"datePublished\":\"2023-04-21T12:20:44+00:00\",\"dateModified\":\"2023-04-21T13:56:58+00:00\",\"author\":{\"@id\":\"https:\/\/theplayoffs.news\/fr\/#\/schema\/person\/eee5b69ad5d3c51cabe881c839dbe133\"},\"breadcrumb\":{\"@id\":\"https:\/\/theplayoffs.news\/fr\/actualite-nfl\/matt-patricia-revient-philadelphie\/#breadcrumb\"},\"inLanguage\":\"fr-FR\",\"potentialAction\":[{\"@type\":\"ReadAction\",\"target\":[\"https:\/\/theplayoffs.news\/fr\/actualite-nfl\/matt-patricia-revient-philadelphie\/\"]}]},{\"@type\":\"ImageObject\",\"inLanguage\":\"fr-FR\",\"@id\":\"https:\/\/theplayoffs.news\/fr\/actualite-nfl\/matt-patricia-revient-philadelphie\/#primaryimage\",\"url\":\"https:\/\/theplayoffs.news\/fr\/wp-content\/uploads\/2023\/04\/tinywow_IOCGMRWCNK67DBSSZDDMKLKF4I-633ece035c56b-scaled_20673736.jpg\",\"contentUrl\":\"https:\/\/theplayoffs.news\/fr\/wp-content\/uploads\/2023\/04\/tinywow_IOCGMRWCNK67DBSSZDDMKLKF4I-633ece035c56b-scaled_20673736.jpg\",\"width\":1920,\"height\":1280,\"caption\":\"matt patricia\"},{\"@type\":\"BreadcrumbList\",\"@id\":\"https:\/\/theplayoffs.news\/fr\/actualite-nfl\/matt-patricia-revient-philadelphie\/#breadcrumb\",\"itemListElement\":[{\"@type\":\"ListItem\",\"position\":1,\"name\":\"Accueil\",\"item\":\"https:\/\/theplayoffs.news\/fr\/\"},{\"@type\":\"ListItem\",\"position\":2,\"name\":\"Matt Patricia arrive \u00e0 Philadelphie en tant qu&rsquo;assistant d\u00e9fensif senior pour les Eagles\"}]},{\"@type\":\"WebSite\",\"@id\":\"https:\/\/theplayoffs.news\/fr\/#website\",\"url\":\"https:\/\/theplayoffs.news\/fr\/\",\"name\":\"The Playoffs FR\",\"description\":\"NBA-NFL-NHL-MLB\",\"potentialAction\":[{\"@type\":\"SearchAction\",\"target\":{\"@type\":\"EntryPoint\",\"urlTemplate\":\"https:\/\/theplayoffs.news\/fr\/?s={search_term_string}\"},\"query-input\":{\"@type\":\"PropertyValueSpecification\",\"valueRequired\":true,\"valueName\":\"search_term_string\"}}],\"inLanguage\":\"fr-FR\"},{\"@type\":\"Person\",\"@id\":\"https:\/\/theplayoffs.news\/fr\/#\/schema\/person\/eee5b69ad5d3c51cabe881c839dbe133\",\"name\":\"Charles Taudin\",\"image\":{\"@type\":\"ImageObject\",\"inLanguage\":\"fr-FR\",\"@id\":\"https:\/\/theplayoffs.news\/fr\/#\/schema\/person\/image\/\",\"url\":\"https:\/\/secure.gravatar.com\/avatar\/59a1e772205ce9fd255edfcafc93013736822e20261f294c5753b20c41ede9f2?s=96&d=mm&r=g\",\"contentUrl\":\"https:\/\/secure.gravatar.com\/avatar\/59a1e772205ce9fd255edfcafc93013736822e20261f294c5753b20c41ede9f2?s=96&d=mm&r=g\",\"caption\":\"Charles Taudin\"},\"description\":\"R\u00e9dacteur en chef global de The Playoffs, j\u2019ai cr\u00e9\u00e9 The Free Agent, devenu The Playoffs FR, en 2020 durant la pand\u00e9mie. Amoureux depuis des ann\u00e9es des 4 sports majeurs am\u00e9ricains, j\u2019organise maintenant la strat\u00e9gie \u00e9ditoriale et les r\u00e9seaux sociaux de l\u2019ensemble des versions de The Playoffs. Il m\u2019arrive encore d\u2019\u00e9crire sur certains sports que j\u2019affectionne particuli\u00e8rement comme la NFL ou la MLB. Si vous devez retenir qu\u2019une chose : Eli Manning est le vrai GOAT pour avoir battu deux fois Tom Brady.\",\"sameAs\":[\"https:\/\/www.instagram.com\/ctaudin_\/\"],\"url\":\"https:\/\/theplayoffs.news\/fr\/author\/charles-taudin\/\"}]}<\/script>\n<!-- \/ Yoast SEO plugin. -->","yoast_head_json":{"title":"Matt Patricia arrive &agrave; Philadelphie en tant qu&#039;assistant d&eacute;fensif senior pour les Eagles - The Playoffs FR","robots":{"index":"index","follow":"follow","max-snippet":"max-snippet:-1","max-image-preview":"max-image-preview:large","max-video-preview":"max-video-preview:-1"},"canonical":"https:\/\/theplayoffs.news\/fr\/actualite-nfl\/matt-patricia-revient-philadelphie\/","og_locale":"fr_FR","og_type":"article","og_title":"Matt Patricia arrive &agrave; Philadelphie en tant qu&#039;assistant d&eacute;fensif senior pour les Eagles - The Playoffs FR","og_url":"https:\/\/theplayoffs.news\/fr\/actualite-nfl\/matt-patricia-revient-philadelphie\/","og_site_name":"The Playoffs FR","article_publisher":"https:\/\/www.facebook.com\/TheFreeAgentFR\/","article_modified_time":"2023-04-21T13:56:58+00:00","og_image":[{"width":1920,"height":1280,"url":"https:\/\/theplayoffs.news\/fr\/wp-content\/uploads\/2023\/04\/tinywow_IOCGMRWCNK67DBSSZDDMKLKF4I-633ece035c56b-scaled_20673736.jpg","type":"image\/jpeg"}],"author":"Charles Taudin","twitter_card":"summary_large_image","twitter_creator":"@TheFreeAgentFR","twitter_site":"@TheFreeAgentFR","twitter_misc":{"\u00c9crit par":"Charles Taudin","Dur\u00e9e de lecture estim\u00e9e":"2 minutes"},"schema":{"@context":"https:\/\/schema.org","@graph":[{"@type":"WebPage","@id":"https:\/\/theplayoffs.news\/fr\/actualite-nfl\/matt-patricia-revient-philadelphie\/","url":"https:\/\/theplayoffs.news\/fr\/actualite-nfl\/matt-patricia-revient-philadelphie\/","name":"Matt Patricia arrive \u00e0 Philadelphie en tant qu\\'assistant d\u00e9fensif senior pour les Eagles - The Playoffs FR","isPartOf":{"@id":"https:\/\/theplayoffs.news\/fr\/#website"},"primaryImageOfPage":{"@id":"https:\/\/theplayoffs.news\/fr\/actualite-nfl\/matt-patricia-revient-philadelphie\/#primaryimage"},"image":{"@id":"https:\/\/theplayoffs.news\/fr\/actualite-nfl\/matt-patricia-revient-philadelphie\/#primaryimage"},"thumbnailUrl":"https:\/\/theplayoffs.news\/fr\/wp-content\/uploads\/2023\/04\/tinywow_IOCGMRWCNK67DBSSZDDMKLKF4I-633ece035c56b-scaled_20673736.jpg","datePublished":"2023-04-21T12:20:44+00:00","dateModified":"2023-04-21T13:56:58+00:00","author":{"@id":"https:\/\/theplayoffs.news\/fr\/#\/schema\/person\/eee5b69ad5d3c51cabe881c839dbe133"},"breadcrumb":{"@id":"https:\/\/theplayoffs.news\/fr\/actualite-nfl\/matt-patricia-revient-philadelphie\/#breadcrumb"},"inLanguage":"fr-FR","potentialAction":[{"@type":"ReadAction","target":["https:\/\/theplayoffs.news\/fr\/actualite-nfl\/matt-patricia-revient-philadelphie\/"]}]},{"@type":"ImageObject","inLanguage":"fr-FR","@id":"https:\/\/theplayoffs.news\/fr\/actualite-nfl\/matt-patricia-revient-philadelphie\/#primaryimage","url":"https:\/\/theplayoffs.news\/fr\/wp-content\/uploads\/2023\/04\/tinywow_IOCGMRWCNK67DBSSZDDMKLKF4I-633ece035c56b-scaled_20673736.jpg","contentUrl":"https:\/\/theplayoffs.news\/fr\/wp-content\/uploads\/2023\/04\/tinywow_IOCGMRWCNK67DBSSZDDMKLKF4I-633ece035c56b-scaled_20673736.jpg","width":1920,"height":1280,"caption":"matt patricia"},{"@type":"BreadcrumbList","@id":"https:\/\/theplayoffs.news\/fr\/actualite-nfl\/matt-patricia-revient-philadelphie\/#breadcrumb","itemListElement":[{"@type":"ListItem","position":1,"name":"Accueil","item":"https:\/\/theplayoffs.news\/fr\/"},{"@type":"ListItem","position":2,"name":"Matt Patricia arrive \u00e0 Philadelphie en tant qu&rsquo;assistant d\u00e9fensif senior pour les Eagles"}]},{"@type":"WebSite","@id":"https:\/\/theplayoffs.news\/fr\/#website","url":"https:\/\/theplayoffs.news\/fr\/","name":"The Playoffs FR","description":"NBA-NFL-NHL-MLB","potentialAction":[{"@type":"SearchAction","target":{"@type":"EntryPoint","urlTemplate":"https:\/\/theplayoffs.news\/fr\/?s={search_term_string}"},"query-input":{"@type":"PropertyValueSpecification","valueRequired":true,"valueName":"search_term_string"}}],"inLanguage":"fr-FR"},{"@type":"Person","@id":"https:\/\/theplayoffs.news\/fr\/#\/schema\/person\/eee5b69ad5d3c51cabe881c839dbe133","name":"Charles Taudin","image":{"@type":"ImageObject","inLanguage":"fr-FR","@id":"https:\/\/theplayoffs.news\/fr\/#\/schema\/person\/image\/","url":"https:\/\/secure.gravatar.com\/avatar\/59a1e772205ce9fd255edfcafc93013736822e20261f294c5753b20c41ede9f2?s=96&d=mm&r=g","contentUrl":"https:\/\/secure.gravatar.com\/avatar\/59a1e772205ce9fd255edfcafc93013736822e20261f294c5753b20c41ede9f2?s=96&d=mm&r=g","caption":"Charles Taudin"},"description":"R\u00e9dacteur en chef global de The Playoffs, j\u2019ai cr\u00e9\u00e9 The Free Agent, devenu The Playoffs FR, en 2020 durant la pand\u00e9mie. Amoureux depuis des ann\u00e9es des 4 sports majeurs am\u00e9ricains, j\u2019organise maintenant la strat\u00e9gie \u00e9ditoriale et les r\u00e9seaux sociaux de l\u2019ensemble des versions de The Playoffs. Il m\u2019arrive encore d\u2019\u00e9crire sur certains sports que j\u2019affectionne particuli\u00e8rement comme la NFL ou la MLB. Si vous devez retenir qu\u2019une chose : Eli Manning est le vrai GOAT pour avoir battu deux fois Tom Brady.","sameAs":["https:\/\/www.instagram.com\/ctaudin_\/"],"url":"https:\/\/theplayoffs.news\/fr\/author\/charles-taudin\/"}]}},"_links":{"self":[{"href":"https:\/\/theplayoffs.news\/fr\/wp-json\/wp\/v2\/posts\/584165","targetHints":{"allow":["GET"]}}],"collection":[{"href":"https:\/\/theplayoffs.news\/fr\/wp-json\/wp\/v2\/posts"}],"about":[{"href":"https:\/\/theplayoffs.news\/fr\/wp-json\/wp\/v2\/types\/post"}],"author":[{"embeddable":true,"href":"https:\/\/theplayoffs.news\/fr\/wp-json\/wp\/v2\/users\/13"}],"replies":[{"embeddable":true,"href":"https:\/\/theplayoffs.news\/fr\/wp-json\/wp\/v2\/comments?post=584165"}],"version-history":[{"count":4,"href":"https:\/\/theplayoffs.news\/fr\/wp-json\/wp\/v2\/posts\/584165\/revisions"}],"predecessor-version":[{"id":584169,"href":"https:\/\/theplayoffs.news\/fr\/wp-json\/wp\/v2\/posts\/584165\/revisions\/584169"}],"wp:featuredmedia":[{"embeddable":true,"href":"https:\/\/theplayoffs.news\/fr\/wp-json\/wp\/v2\/media\/584166"}],"wp:attachment":[{"href":"https:\/\/theplayoffs.news\/fr\/wp-json\/wp\/v2\/media?parent=584165"}],"wp:term":[{"taxonomy":"category","embeddable":true,"href":"https:\/\/theplayoffs.news\/fr\/wp-json\/wp\/v2\/categories?post=584165"},{"taxonomy":"post_tag","embeddable":true,"href":"https:\/\/theplayoffs.news\/fr\/wp-json\/wp\/v2\/tags?post=584165"},{"taxonomy":"sport","embeddable":true,"href":"https:\/\/theplayoffs.news\/fr\/wp-json\/wp\/v2\/sport?post=584165"},{"taxonomy":"saison","embeddable":true,"href":"https:\/\/theplayoffs.news\/fr\/wp-json\/wp\/v2\/saison?post=584165"}],"curies":[{"name":"wp","href":"https:\/\/api.w.org\/{rel}","templated":true}]}}