{"id":583715,"date":"2023-04-19T20:22:40","date_gmt":"2023-04-19T18:22:40","guid":{"rendered":"https:\/\/theplayoffs.news\/fr\/?p=583715"},"modified":"2023-04-19T20:22:43","modified_gmt":"2023-04-19T18:22:43","slug":"tua-tagovailoa-a-envisage-prendre-retraite","status":"publish","type":"post","link":"https:\/\/theplayoffs.news\/fr\/actualite-nfl\/tua-tagovailoa-a-envisage-prendre-retraite\/","title":{"rendered":"Tua Tagovailoa a envisag\u00e9 de prendre sa retraite au milieu des inqui\u00e9tudes concernant les blessures \u00e0 la t\u00eate"},"content":{"rendered":"<h2>Tua Tagovailoa a reconnu publiquement qu&rsquo;il avait envisag&eacute; de prendre sa retraite en raison de multiples commotions c&eacute;r&eacute;brales subies l&rsquo;ann&eacute;e derni&egrave;re.<\/h2><p>Le jeune quarterback talentueux a partag&eacute; ses r&eacute;flexions lors d&rsquo;une r&eacute;cente conf&eacute;rence de presse, r&eacute;v&eacute;lant les conversations personnelles qu&rsquo;il a eues avec sa famille et les mesures qu&rsquo;il prend pour assurer sa s&eacute;curit&eacute; sur le terrain.<\/p><blockquote><p>&laquo;&nbsp;Oui, je pense que j&rsquo;y ai pens&eacute;, vous savez, pendant un certain temps, m&rsquo;&ecirc;tre assis avec ma famille, m&rsquo;&ecirc;tre assis avec ma femme et avoir ce genre de conversations&nbsp;&raquo;, <a href=\"https:\/\/profootballtalk.nbcsports.com\/2023\/04\/19\/tua-tagovailoa-admits-he-considered-retirement\/\" class=\"trk-cta-link\" data-cta-trk='{\"ctaType\":\"Link\",\"ctaSubType\":\"main\"}'>a d&eacute;clar&eacute; Tua Tagovailoa<\/a>. &laquo;&nbsp;Vraiment, ce serait difficile pour moi de m&rsquo;&eacute;loigner de ce sport&nbsp; avec mon &acirc;ge, avec mon fils. J&rsquo;ai toujours r&ecirc;v&eacute; de grandir &ndash; de jouer aussi longtemps que possible pour que mon fils sache exactement ce qu&rsquo;il regardait faire par son p&egrave;re. Ouais, je veux dire, c&rsquo;est ma sant&eacute;, c&rsquo;est mon corps. J&rsquo;ai l&rsquo;impression que c&rsquo;est ce qu&rsquo;il y a de mieux pour moi et ma famille. J&rsquo;aime le football. Si je ne l&rsquo;aimait pas, je l&rsquo;aurait d&eacute;j&agrave; fait [il y a longtemps]&nbsp;&raquo;<\/p><\/blockquote><p><a href=\"https:\/\/theplayoffs.news\/fr\/joueur\/tua-tagovailoa-nfl-8482958\/\" class=\"trk-cta-link\" data-cta-trk='{\"ctaType\":\"Link\",\"ctaSubType\":\"main\"}'><strong>Tua Tagovailoa<\/strong><\/a> a subi deux commotions c&eacute;r&eacute;brales au cours de la saison 2022, une troisi&egrave;me se produisant probablement le jour de No&euml;l, mettant finalement fin &agrave; sa saison.<\/p><p>Pour r&eacute;pondre aux pr&eacute;occupations concernant l&rsquo;enc&eacute;phalopathie traumatique chronique (CTE), Tagovailoa a cit&eacute; des avis m&eacute;dicaux qui sugg&egrave;rent que la CTE n&rsquo;est pas une menace importante pour lui en raison des impacts relativement peu fr&eacute;quents sur la t&ecirc;te par rapport aux joueurs occupant d&rsquo;autres postes, tels que les linebackers et les joueurs de ligne. Cependant, l&rsquo;objectif pour la prochaine saison 2023 sera de minimiser le risque de blessures &agrave; la t&ecirc;te.<\/p><p>Dans un effort pour se prot&eacute;ger, Tua Tagovailoa a int&eacute;gr&eacute; l&rsquo;entra&icirc;nement au jiu-jitsu dans ses pr&eacute;parations. Il a parl&eacute; d&rsquo;apprendre &agrave; tomber, de techniques de grappin et d&rsquo;autres m&eacute;thodes non divulgu&eacute;es qui pourraient l&rsquo;aider &agrave; &eacute;viter les blessures. En s&rsquo;entra&icirc;nant avec des crash pads et en apprenant &agrave; rentrer son menton en cas de chute, Tua Tagovailoa esp&egrave;re disperser l&rsquo;&eacute;nergie et att&eacute;nuer l&rsquo;impact sur sa t&ecirc;te.<\/p><p>Le d&eacute;fi, cependant, r&eacute;side dans le fait que les quarterbacks font face &agrave; un contact minimal pendant les entra&icirc;nements. En cons&eacute;quence, Tua Tagovailoa n&rsquo;aura qu&rsquo;une chance de mettre en &oelig;uvre ses nouvelles techniques dans des jeux r&eacute;els. La question demeure : peut-il &eacute;viter de prendre des coups et, lorsqu&rsquo;il le fait, peut-il tomber d&rsquo;une mani&egrave;re qui prot&egrave;ge sa t&ecirc;te contre d&rsquo;autres blessures ?<\/p>\n","protected":false},"excerpt":{"rendered":"","protected":false},"author":13,"featured_media":583718,"comment_status":"open","ping_status":"closed","sticky":false,"template":"","format":"standard","meta":{"inline_featured_image":false,"kia_subtitle":"","_mux_skip_reasons":[],"proofreadBy":0,"footnotes":""},"categories":[118,40],"tags":[1045],"sport":[],"saison":[],"class_list":["post-583715","post","type-post","status-publish","format-standard","has-post-thumbnail","hentry","category-actualite-nfl","category-nfl","tag-tua-tagovailoa"],"acf":[],"yoast_head":"<!-- This site is optimized with the Yoast SEO plugin v24.2 - https:\/\/yoast.com\/wordpress\/plugins\/seo\/ -->\n<title>Tua Tagovailoa a envisag&eacute; de prendre sa retraite au milieu des inqui&eacute;tudes concernant les blessures &agrave; la t&ecirc;te - The Playoffs FR<\/title>\n<meta name=\"robots\" content=\"index, follow, max-snippet:-1, max-image-preview:large, max-video-preview:-1\" \/>\n<link rel=\"canonical\" href=\"https:\/\/theplayoffs.news\/fr\/actualite-nfl\/tua-tagovailoa-a-envisage-prendre-retraite\/\" \/>\n<meta property=\"og:locale\" content=\"fr_FR\" \/>\n<meta property=\"og:type\" content=\"article\" \/>\n<meta property=\"og:title\" content=\"Tua Tagovailoa a envisag&eacute; de prendre sa retraite au milieu des inqui&eacute;tudes concernant les blessures &agrave; la t&ecirc;te - The Playoffs FR\" \/>\n<meta property=\"og:url\" content=\"https:\/\/theplayoffs.news\/fr\/actualite-nfl\/tua-tagovailoa-a-envisage-prendre-retraite\/\" \/>\n<meta property=\"og:site_name\" content=\"The Playoffs FR\" \/>\n<meta property=\"article:publisher\" content=\"https:\/\/www.facebook.com\/TheFreeAgentFR\/\" \/>\n<meta property=\"article:modified_time\" content=\"2023-04-19T20:22:43+02:00\" \/>\n<meta property=\"og:image\" content=\"https:\/\/theplayoffs.news\/fr\/wp-content\/uploads\/2023\/04\/QDDSSDNXVVGUBI6DQYDMCZJHTE.jpeg\" \/>\n\t<meta property=\"og:image:width\" content=\"2048\" \/>\n\t<meta property=\"og:image:height\" content=\"1152\" \/>\n\t<meta property=\"og:image:type\" content=\"image\/jpeg\" \/>\n<meta name=\"author\" content=\"Charles Taudin\" \/>\n<meta name=\"twitter:card\" content=\"summary_large_image\" \/>\n<meta name=\"twitter:creator\" content=\"@TheFreeAgentFR\" \/>\n<meta name=\"twitter:site\" content=\"@TheFreeAgentFR\" \/>\n<meta name=\"twitter:label1\" content=\"\u00c9crit par\" \/>\n\t<meta name=\"twitter:data1\" content=\"Charles Taudin\" \/>\n\t<meta name=\"twitter:label2\" content=\"Dur\u00e9e de lecture estim\u00e9e\" \/>\n\t<meta name=\"twitter:data2\" content=\"2 minutes\" \/>\n<script type=\"application\/ld+json\" class=\"yoast-schema-graph\">{\"@context\":\"https:\/\/schema.org\",\"@graph\":[{\"@type\":\"WebPage\",\"@id\":\"https:\/\/theplayoffs.news\/fr\/actualite-nfl\/tua-tagovailoa-a-envisage-prendre-retraite\/\",\"url\":\"https:\/\/theplayoffs.news\/fr\/actualite-nfl\/tua-tagovailoa-a-envisage-prendre-retraite\/\",\"name\":\"Tua Tagovailoa a envisag\u00e9 de prendre sa retraite au milieu des inqui\u00e9tudes concernant les blessures \u00e0 la t\u00eate - The Playoffs FR\",\"isPartOf\":{\"@id\":\"https:\/\/theplayoffs.news\/fr\/#website\"},\"primaryImageOfPage\":{\"@id\":\"https:\/\/theplayoffs.news\/fr\/actualite-nfl\/tua-tagovailoa-a-envisage-prendre-retraite\/#primaryimage\"},\"image\":{\"@id\":\"https:\/\/theplayoffs.news\/fr\/actualite-nfl\/tua-tagovailoa-a-envisage-prendre-retraite\/#primaryimage\"},\"thumbnailUrl\":\"https:\/\/theplayoffs.news\/fr\/wp-content\/uploads\/2023\/04\/QDDSSDNXVVGUBI6DQYDMCZJHTE.jpeg\",\"datePublished\":\"2023-04-19T18:22:40+00:00\",\"dateModified\":\"2023-04-19T18:22:43+00:00\",\"author\":{\"@id\":\"https:\/\/theplayoffs.news\/fr\/#\/schema\/person\/eee5b69ad5d3c51cabe881c839dbe133\"},\"breadcrumb\":{\"@id\":\"https:\/\/theplayoffs.news\/fr\/actualite-nfl\/tua-tagovailoa-a-envisage-prendre-retraite\/#breadcrumb\"},\"inLanguage\":\"fr-FR\",\"potentialAction\":[{\"@type\":\"ReadAction\",\"target\":[\"https:\/\/theplayoffs.news\/fr\/actualite-nfl\/tua-tagovailoa-a-envisage-prendre-retraite\/\"]}]},{\"@type\":\"ImageObject\",\"inLanguage\":\"fr-FR\",\"@id\":\"https:\/\/theplayoffs.news\/fr\/actualite-nfl\/tua-tagovailoa-a-envisage-prendre-retraite\/#primaryimage\",\"url\":\"https:\/\/theplayoffs.news\/fr\/wp-content\/uploads\/2023\/04\/QDDSSDNXVVGUBI6DQYDMCZJHTE.jpeg\",\"contentUrl\":\"https:\/\/theplayoffs.news\/fr\/wp-content\/uploads\/2023\/04\/QDDSSDNXVVGUBI6DQYDMCZJHTE.jpeg\",\"width\":2048,\"height\":1152,\"caption\":\"Tua Tagovailoa\"},{\"@type\":\"BreadcrumbList\",\"@id\":\"https:\/\/theplayoffs.news\/fr\/actualite-nfl\/tua-tagovailoa-a-envisage-prendre-retraite\/#breadcrumb\",\"itemListElement\":[{\"@type\":\"ListItem\",\"position\":1,\"name\":\"Accueil\",\"item\":\"https:\/\/theplayoffs.news\/fr\/\"},{\"@type\":\"ListItem\",\"position\":2,\"name\":\"Tua Tagovailoa a envisag\u00e9 de prendre sa retraite au milieu des inqui\u00e9tudes concernant les blessures \u00e0 la t\u00eate\"}]},{\"@type\":\"WebSite\",\"@id\":\"https:\/\/theplayoffs.news\/fr\/#website\",\"url\":\"https:\/\/theplayoffs.news\/fr\/\",\"name\":\"The Playoffs FR\",\"description\":\"NBA-NFL-NHL-MLB\",\"potentialAction\":[{\"@type\":\"SearchAction\",\"target\":{\"@type\":\"EntryPoint\",\"urlTemplate\":\"https:\/\/theplayoffs.news\/fr\/?s={search_term_string}\"},\"query-input\":{\"@type\":\"PropertyValueSpecification\",\"valueRequired\":true,\"valueName\":\"search_term_string\"}}],\"inLanguage\":\"fr-FR\"},{\"@type\":\"Person\",\"@id\":\"https:\/\/theplayoffs.news\/fr\/#\/schema\/person\/eee5b69ad5d3c51cabe881c839dbe133\",\"name\":\"Charles Taudin\",\"image\":{\"@type\":\"ImageObject\",\"inLanguage\":\"fr-FR\",\"@id\":\"https:\/\/theplayoffs.news\/fr\/#\/schema\/person\/image\/\",\"url\":\"https:\/\/secure.gravatar.com\/avatar\/59a1e772205ce9fd255edfcafc93013736822e20261f294c5753b20c41ede9f2?s=96&d=mm&r=g\",\"contentUrl\":\"https:\/\/secure.gravatar.com\/avatar\/59a1e772205ce9fd255edfcafc93013736822e20261f294c5753b20c41ede9f2?s=96&d=mm&r=g\",\"caption\":\"Charles Taudin\"},\"description\":\"R\u00e9dacteur en chef global de The Playoffs, j\u2019ai cr\u00e9\u00e9 The Free Agent, devenu The Playoffs FR, en 2020 durant la pand\u00e9mie. Amoureux depuis des ann\u00e9es des 4 sports majeurs am\u00e9ricains, j\u2019organise maintenant la strat\u00e9gie \u00e9ditoriale et les r\u00e9seaux sociaux de l\u2019ensemble des versions de The Playoffs. Il m\u2019arrive encore d\u2019\u00e9crire sur certains sports que j\u2019affectionne particuli\u00e8rement comme la NFL ou la MLB. Si vous devez retenir qu\u2019une chose : Eli Manning est le vrai GOAT pour avoir battu deux fois Tom Brady.\",\"sameAs\":[\"https:\/\/www.instagram.com\/ctaudin_\/\"],\"url\":\"https:\/\/theplayoffs.news\/fr\/author\/charles-taudin\/\"}]}<\/script>\n<!-- \/ Yoast SEO plugin. -->","yoast_head_json":{"title":"Tua Tagovailoa a envisag&eacute; de prendre sa retraite au milieu des inqui&eacute;tudes concernant les blessures &agrave; la t&ecirc;te - The Playoffs FR","robots":{"index":"index","follow":"follow","max-snippet":"max-snippet:-1","max-image-preview":"max-image-preview:large","max-video-preview":"max-video-preview:-1"},"canonical":"https:\/\/theplayoffs.news\/fr\/actualite-nfl\/tua-tagovailoa-a-envisage-prendre-retraite\/","og_locale":"fr_FR","og_type":"article","og_title":"Tua Tagovailoa a envisag&eacute; de prendre sa retraite au milieu des inqui&eacute;tudes concernant les blessures &agrave; la t&ecirc;te - The Playoffs FR","og_url":"https:\/\/theplayoffs.news\/fr\/actualite-nfl\/tua-tagovailoa-a-envisage-prendre-retraite\/","og_site_name":"The Playoffs FR","article_publisher":"https:\/\/www.facebook.com\/TheFreeAgentFR\/","article_modified_time":"2023-04-19T18:22:43+00:00","og_image":[{"width":2048,"height":1152,"url":"https:\/\/theplayoffs.news\/fr\/wp-content\/uploads\/2023\/04\/QDDSSDNXVVGUBI6DQYDMCZJHTE.jpeg","type":"image\/jpeg"}],"author":"Charles Taudin","twitter_card":"summary_large_image","twitter_creator":"@TheFreeAgentFR","twitter_site":"@TheFreeAgentFR","twitter_misc":{"\u00c9crit par":"Charles Taudin","Dur\u00e9e de lecture estim\u00e9e":"2 minutes"},"schema":{"@context":"https:\/\/schema.org","@graph":[{"@type":"WebPage","@id":"https:\/\/theplayoffs.news\/fr\/actualite-nfl\/tua-tagovailoa-a-envisage-prendre-retraite\/","url":"https:\/\/theplayoffs.news\/fr\/actualite-nfl\/tua-tagovailoa-a-envisage-prendre-retraite\/","name":"Tua Tagovailoa a envisag\u00e9 de prendre sa retraite au milieu des inqui\u00e9tudes concernant les blessures \u00e0 la t\u00eate - The Playoffs FR","isPartOf":{"@id":"https:\/\/theplayoffs.news\/fr\/#website"},"primaryImageOfPage":{"@id":"https:\/\/theplayoffs.news\/fr\/actualite-nfl\/tua-tagovailoa-a-envisage-prendre-retraite\/#primaryimage"},"image":{"@id":"https:\/\/theplayoffs.news\/fr\/actualite-nfl\/tua-tagovailoa-a-envisage-prendre-retraite\/#primaryimage"},"thumbnailUrl":"https:\/\/theplayoffs.news\/fr\/wp-content\/uploads\/2023\/04\/QDDSSDNXVVGUBI6DQYDMCZJHTE.jpeg","datePublished":"2023-04-19T18:22:40+00:00","dateModified":"2023-04-19T18:22:43+00:00","author":{"@id":"https:\/\/theplayoffs.news\/fr\/#\/schema\/person\/eee5b69ad5d3c51cabe881c839dbe133"},"breadcrumb":{"@id":"https:\/\/theplayoffs.news\/fr\/actualite-nfl\/tua-tagovailoa-a-envisage-prendre-retraite\/#breadcrumb"},"inLanguage":"fr-FR","potentialAction":[{"@type":"ReadAction","target":["https:\/\/theplayoffs.news\/fr\/actualite-nfl\/tua-tagovailoa-a-envisage-prendre-retraite\/"]}]},{"@type":"ImageObject","inLanguage":"fr-FR","@id":"https:\/\/theplayoffs.news\/fr\/actualite-nfl\/tua-tagovailoa-a-envisage-prendre-retraite\/#primaryimage","url":"https:\/\/theplayoffs.news\/fr\/wp-content\/uploads\/2023\/04\/QDDSSDNXVVGUBI6DQYDMCZJHTE.jpeg","contentUrl":"https:\/\/theplayoffs.news\/fr\/wp-content\/uploads\/2023\/04\/QDDSSDNXVVGUBI6DQYDMCZJHTE.jpeg","width":2048,"height":1152,"caption":"Tua Tagovailoa"},{"@type":"BreadcrumbList","@id":"https:\/\/theplayoffs.news\/fr\/actualite-nfl\/tua-tagovailoa-a-envisage-prendre-retraite\/#breadcrumb","itemListElement":[{"@type":"ListItem","position":1,"name":"Accueil","item":"https:\/\/theplayoffs.news\/fr\/"},{"@type":"ListItem","position":2,"name":"Tua Tagovailoa a envisag\u00e9 de prendre sa retraite au milieu des inqui\u00e9tudes concernant les blessures \u00e0 la t\u00eate"}]},{"@type":"WebSite","@id":"https:\/\/theplayoffs.news\/fr\/#website","url":"https:\/\/theplayoffs.news\/fr\/","name":"The Playoffs FR","description":"NBA-NFL-NHL-MLB","potentialAction":[{"@type":"SearchAction","target":{"@type":"EntryPoint","urlTemplate":"https:\/\/theplayoffs.news\/fr\/?s={search_term_string}"},"query-input":{"@type":"PropertyValueSpecification","valueRequired":true,"valueName":"search_term_string"}}],"inLanguage":"fr-FR"},{"@type":"Person","@id":"https:\/\/theplayoffs.news\/fr\/#\/schema\/person\/eee5b69ad5d3c51cabe881c839dbe133","name":"Charles Taudin","image":{"@type":"ImageObject","inLanguage":"fr-FR","@id":"https:\/\/theplayoffs.news\/fr\/#\/schema\/person\/image\/","url":"https:\/\/secure.gravatar.com\/avatar\/59a1e772205ce9fd255edfcafc93013736822e20261f294c5753b20c41ede9f2?s=96&d=mm&r=g","contentUrl":"https:\/\/secure.gravatar.com\/avatar\/59a1e772205ce9fd255edfcafc93013736822e20261f294c5753b20c41ede9f2?s=96&d=mm&r=g","caption":"Charles Taudin"},"description":"R\u00e9dacteur en chef global de The Playoffs, j\u2019ai cr\u00e9\u00e9 The Free Agent, devenu The Playoffs FR, en 2020 durant la pand\u00e9mie. Amoureux depuis des ann\u00e9es des 4 sports majeurs am\u00e9ricains, j\u2019organise maintenant la strat\u00e9gie \u00e9ditoriale et les r\u00e9seaux sociaux de l\u2019ensemble des versions de The Playoffs. Il m\u2019arrive encore d\u2019\u00e9crire sur certains sports que j\u2019affectionne particuli\u00e8rement comme la NFL ou la MLB. Si vous devez retenir qu\u2019une chose : Eli Manning est le vrai GOAT pour avoir battu deux fois Tom Brady.","sameAs":["https:\/\/www.instagram.com\/ctaudin_\/"],"url":"https:\/\/theplayoffs.news\/fr\/author\/charles-taudin\/"}]}},"_links":{"self":[{"href":"https:\/\/theplayoffs.news\/fr\/wp-json\/wp\/v2\/posts\/583715","targetHints":{"allow":["GET"]}}],"collection":[{"href":"https:\/\/theplayoffs.news\/fr\/wp-json\/wp\/v2\/posts"}],"about":[{"href":"https:\/\/theplayoffs.news\/fr\/wp-json\/wp\/v2\/types\/post"}],"author":[{"embeddable":true,"href":"https:\/\/theplayoffs.news\/fr\/wp-json\/wp\/v2\/users\/13"}],"replies":[{"embeddable":true,"href":"https:\/\/theplayoffs.news\/fr\/wp-json\/wp\/v2\/comments?post=583715"}],"version-history":[{"count":2,"href":"https:\/\/theplayoffs.news\/fr\/wp-json\/wp\/v2\/posts\/583715\/revisions"}],"predecessor-version":[{"id":583720,"href":"https:\/\/theplayoffs.news\/fr\/wp-json\/wp\/v2\/posts\/583715\/revisions\/583720"}],"wp:featuredmedia":[{"embeddable":true,"href":"https:\/\/theplayoffs.news\/fr\/wp-json\/wp\/v2\/media\/583718"}],"wp:attachment":[{"href":"https:\/\/theplayoffs.news\/fr\/wp-json\/wp\/v2\/media?parent=583715"}],"wp:term":[{"taxonomy":"category","embeddable":true,"href":"https:\/\/theplayoffs.news\/fr\/wp-json\/wp\/v2\/categories?post=583715"},{"taxonomy":"post_tag","embeddable":true,"href":"https:\/\/theplayoffs.news\/fr\/wp-json\/wp\/v2\/tags?post=583715"},{"taxonomy":"sport","embeddable":true,"href":"https:\/\/theplayoffs.news\/fr\/wp-json\/wp\/v2\/sport?post=583715"},{"taxonomy":"saison","embeddable":true,"href":"https:\/\/theplayoffs.news\/fr\/wp-json\/wp\/v2\/saison?post=583715"}],"curies":[{"name":"wp","href":"https:\/\/api.w.org\/{rel}","templated":true}]}}