{"id":583688,"date":"2023-04-19T16:21:29","date_gmt":"2023-04-19T14:21:29","guid":{"rendered":"https:\/\/theplayoffs.news\/fr\/?p=583688"},"modified":"2023-04-19T16:24:05","modified_gmt":"2023-04-19T14:24:05","slug":"josh-allen-reconnait-necessite-proteger-terrain","status":"publish","type":"post","link":"https:\/\/theplayoffs.news\/fr\/actualite-nfl\/josh-allen-reconnait-necessite-proteger-terrain\/","title":{"rendered":"Josh Allen reconna\u00eet la n\u00e9cessit\u00e9 de s&rsquo;adapter et de se prot\u00e9ger sur le terrain"},"content":{"rendered":"<h2>Le quarterback des Buffalo Bills Josh Allen, qui aura 27 ans le mois prochain, a accept&eacute; le fait qu&rsquo;il doit trouver un meilleur &eacute;quilibre entre l&rsquo;utilisation de sa mobilit&eacute; et sa protection.<\/h2><p>Au cours de ses cinq saisons dans la NFL jusqu&rsquo;&agrave; pr&eacute;sent, <a href=\"https:\/\/theplayoffs.news\/fr\/joueur\/josh-allen-nfl-7836596\/\" class=\"trk-cta-link\" data-cta-trk='{\"ctaType\":\"Link\",\"ctaSubType\":\"main\"}'><strong>Josh Allen<\/strong><\/a> a eu la chance de ne manquer aucun match au cours des quatre derni&egrave;res saisons. Cependant, il est bien conscient que sa chance ne durera peut-&ecirc;tre pas &eacute;ternellement.<\/p><blockquote><p>&laquo;&nbsp;J&rsquo;ai toujours eu l&rsquo;&eacute;tat d&rsquo;esprit, j&rsquo;ai d&rsquo;abord &eacute;t&eacute; un joueur de football et un quarterback&nbsp;&raquo;, <a href=\"https:\/\/www.usatoday.com\/story\/sports\/nfl\/bills\/2023\/04\/18\/bills-qb-josh-allen-acknowledges-need-change-his-style-play\/11688288002\/\" class=\"trk-cta-link\" data-cta-trk='{\"ctaType\":\"Link\",\"ctaSubType\":\"main\"}'>a d&eacute;clar&eacute; Allen mardi, via Lorenzo Reyes de USA Today<\/a>. &laquo;&nbsp;&Agrave; un moment donn&eacute;, cela va devoir changer. Quand ce point c&rsquo;est, je ne sais pas. Je suppose que je vais laisser mon corps me le dire.&nbsp;&raquo;<\/p><\/blockquote><p>Au cours de chacune des quatre derni&egrave;res ann&eacute;es, Josh Allen n&rsquo;a pas couru moins de 102 fois en une saison et a enregistr&eacute; un sommet en carri&egrave;re de 124 courses la saison derni&egrave;re. L&rsquo;entra&icirc;neur des Bills, Sean McDermott, s&rsquo;est dit pr&eacute;occup&eacute; par le fait qu&rsquo;Allen se fasse tacler sur 66% de ses courses sur le terrain, selon les donn&eacute;es du Comit&eacute; de Comp&eacute;tition.<\/p><blockquote><p>&laquo;&nbsp;Cela semble fou, mais je vieillis. Je sais que je ne peux pas continuer &agrave; faire &ccedil;a. Je sais que lorsque j&rsquo;utilise ma jeunesse, j&rsquo;ai l&rsquo;impression que je peux, mais au cours de ma carri&egrave;re, je vais devoir apprendre &agrave; m&rsquo;adapter et &agrave; changer &raquo;, a ajout&eacute; Allen.<\/p><\/blockquote><p>Josh Allen est conscient qu&rsquo;il doit faire des ajustements &agrave; son style de jeu pour se prot&eacute;ger et prolonger sa carri&egrave;re.<\/p><blockquote><p>&laquo;&nbsp;Il y a eu des moments l&rsquo;ann&eacute;e derni&egrave;re o&ugrave; je suis en terrain d&eacute;couvert, je n&rsquo;ai pas besoin de 2 m&egrave;tres suppl&eacute;mentaires&nbsp;&raquo;, a d&eacute;clar&eacute; Allen. Mais je comprends qu&rsquo;il y aura un moment o&ugrave; &ccedil;a ne marchera pas aussi bien.<\/p><\/blockquote><p>La volont&eacute; de Josh Allen de changer et de grandir en tant que joueur est un signe prometteur pour son avenir dans la NFL, car la ligue a vu de nombreux quarts talentueux voir leur carri&egrave;re &eacute;court&eacute;e en raison de blessures caus&eacute;es par des courses et des coups excessifs. En reconnaissant la n&eacute;cessit&eacute; de se prot&eacute;ger, Josh Allen franchit une &eacute;tape importante pour assurer une longue et fructueuse carri&egrave;re.<\/p>\n","protected":false},"excerpt":{"rendered":"","protected":false},"author":13,"featured_media":583694,"comment_status":"open","ping_status":"closed","sticky":false,"template":"","format":"standard","meta":{"inline_featured_image":false,"kia_subtitle":"","_mux_skip_reasons":[],"proofreadBy":0,"footnotes":""},"categories":[118,40],"tags":[133,870],"sport":[],"saison":[],"class_list":["post-583688","post","type-post","status-publish","format-standard","has-post-thumbnail","hentry","category-actualite-nfl","category-nfl","tag-buffalo-bills","tag-josh-allen"],"acf":[],"yoast_head":"<!-- This site is optimized with the Yoast SEO plugin v24.2 - https:\/\/yoast.com\/wordpress\/plugins\/seo\/ -->\n<title>Josh Allen reconna&icirc;t la n&eacute;cessit&eacute; de s&#039;adapter et de se prot&eacute;ger sur le terrain - The Playoffs FR<\/title>\n<meta name=\"robots\" content=\"index, follow, max-snippet:-1, max-image-preview:large, max-video-preview:-1\" \/>\n<link rel=\"canonical\" href=\"https:\/\/theplayoffs.news\/fr\/actualite-nfl\/josh-allen-reconnait-necessite-proteger-terrain\/\" \/>\n<meta property=\"og:locale\" content=\"fr_FR\" \/>\n<meta property=\"og:type\" content=\"article\" \/>\n<meta property=\"og:title\" content=\"Josh Allen reconna&icirc;t la n&eacute;cessit&eacute; de s&#039;adapter et de se prot&eacute;ger sur le terrain - The Playoffs FR\" \/>\n<meta property=\"og:url\" content=\"https:\/\/theplayoffs.news\/fr\/actualite-nfl\/josh-allen-reconnait-necessite-proteger-terrain\/\" \/>\n<meta property=\"og:site_name\" content=\"The Playoffs FR\" \/>\n<meta property=\"article:publisher\" content=\"https:\/\/www.facebook.com\/TheFreeAgentFR\/\" \/>\n<meta property=\"article:modified_time\" content=\"2023-04-19T16:24:05+02:00\" \/>\n<meta property=\"og:image\" content=\"https:\/\/theplayoffs.news\/fr\/wp-content\/uploads\/2023\/04\/josh-allen-01212022-getty-ftr_6hrauamxk2za1u2rucqxi7ltz.jpg\" \/>\n\t<meta property=\"og:image:width\" content=\"1920\" \/>\n\t<meta property=\"og:image:height\" content=\"1080\" \/>\n\t<meta property=\"og:image:type\" content=\"image\/jpeg\" \/>\n<meta name=\"author\" content=\"Charles Taudin\" \/>\n<meta name=\"twitter:card\" content=\"summary_large_image\" \/>\n<meta name=\"twitter:creator\" content=\"@TheFreeAgentFR\" \/>\n<meta name=\"twitter:site\" content=\"@TheFreeAgentFR\" \/>\n<meta name=\"twitter:label1\" content=\"\u00c9crit par\" \/>\n\t<meta name=\"twitter:data1\" content=\"Charles Taudin\" \/>\n\t<meta name=\"twitter:label2\" content=\"Dur\u00e9e de lecture estim\u00e9e\" \/>\n\t<meta name=\"twitter:data2\" content=\"2 minutes\" \/>\n<script type=\"application\/ld+json\" class=\"yoast-schema-graph\">{\"@context\":\"https:\/\/schema.org\",\"@graph\":[{\"@type\":\"WebPage\",\"@id\":\"https:\/\/theplayoffs.news\/fr\/actualite-nfl\/josh-allen-reconnait-necessite-proteger-terrain\/\",\"url\":\"https:\/\/theplayoffs.news\/fr\/actualite-nfl\/josh-allen-reconnait-necessite-proteger-terrain\/\",\"name\":\"Josh Allen reconna\u00eet la n\u00e9cessit\u00e9 de s\\\\'adapter et de se prot\u00e9ger sur le terrain - The Playoffs FR\",\"isPartOf\":{\"@id\":\"https:\/\/theplayoffs.news\/fr\/#website\"},\"primaryImageOfPage\":{\"@id\":\"https:\/\/theplayoffs.news\/fr\/actualite-nfl\/josh-allen-reconnait-necessite-proteger-terrain\/#primaryimage\"},\"image\":{\"@id\":\"https:\/\/theplayoffs.news\/fr\/actualite-nfl\/josh-allen-reconnait-necessite-proteger-terrain\/#primaryimage\"},\"thumbnailUrl\":\"https:\/\/theplayoffs.news\/fr\/wp-content\/uploads\/2023\/04\/josh-allen-01212022-getty-ftr_6hrauamxk2za1u2rucqxi7ltz.jpg\",\"datePublished\":\"2023-04-19T14:21:29+00:00\",\"dateModified\":\"2023-04-19T14:24:05+00:00\",\"author\":{\"@id\":\"https:\/\/theplayoffs.news\/fr\/#\/schema\/person\/eee5b69ad5d3c51cabe881c839dbe133\"},\"breadcrumb\":{\"@id\":\"https:\/\/theplayoffs.news\/fr\/actualite-nfl\/josh-allen-reconnait-necessite-proteger-terrain\/#breadcrumb\"},\"inLanguage\":\"fr-FR\",\"potentialAction\":[{\"@type\":\"ReadAction\",\"target\":[\"https:\/\/theplayoffs.news\/fr\/actualite-nfl\/josh-allen-reconnait-necessite-proteger-terrain\/\"]}]},{\"@type\":\"ImageObject\",\"inLanguage\":\"fr-FR\",\"@id\":\"https:\/\/theplayoffs.news\/fr\/actualite-nfl\/josh-allen-reconnait-necessite-proteger-terrain\/#primaryimage\",\"url\":\"https:\/\/theplayoffs.news\/fr\/wp-content\/uploads\/2023\/04\/josh-allen-01212022-getty-ftr_6hrauamxk2za1u2rucqxi7ltz.jpg\",\"contentUrl\":\"https:\/\/theplayoffs.news\/fr\/wp-content\/uploads\/2023\/04\/josh-allen-01212022-getty-ftr_6hrauamxk2za1u2rucqxi7ltz.jpg\",\"width\":1920,\"height\":1080,\"caption\":\"Josh Allen\"},{\"@type\":\"BreadcrumbList\",\"@id\":\"https:\/\/theplayoffs.news\/fr\/actualite-nfl\/josh-allen-reconnait-necessite-proteger-terrain\/#breadcrumb\",\"itemListElement\":[{\"@type\":\"ListItem\",\"position\":1,\"name\":\"Accueil\",\"item\":\"https:\/\/theplayoffs.news\/fr\/\"},{\"@type\":\"ListItem\",\"position\":2,\"name\":\"Josh Allen reconna\u00eet la n\u00e9cessit\u00e9 de s&rsquo;adapter et de se prot\u00e9ger sur le terrain\"}]},{\"@type\":\"WebSite\",\"@id\":\"https:\/\/theplayoffs.news\/fr\/#website\",\"url\":\"https:\/\/theplayoffs.news\/fr\/\",\"name\":\"The Playoffs FR\",\"description\":\"NBA-NFL-NHL-MLB\",\"potentialAction\":[{\"@type\":\"SearchAction\",\"target\":{\"@type\":\"EntryPoint\",\"urlTemplate\":\"https:\/\/theplayoffs.news\/fr\/?s={search_term_string}\"},\"query-input\":{\"@type\":\"PropertyValueSpecification\",\"valueRequired\":true,\"valueName\":\"search_term_string\"}}],\"inLanguage\":\"fr-FR\"},{\"@type\":\"Person\",\"@id\":\"https:\/\/theplayoffs.news\/fr\/#\/schema\/person\/eee5b69ad5d3c51cabe881c839dbe133\",\"name\":\"Charles Taudin\",\"image\":{\"@type\":\"ImageObject\",\"inLanguage\":\"fr-FR\",\"@id\":\"https:\/\/theplayoffs.news\/fr\/#\/schema\/person\/image\/\",\"url\":\"https:\/\/secure.gravatar.com\/avatar\/59a1e772205ce9fd255edfcafc93013736822e20261f294c5753b20c41ede9f2?s=96&d=mm&r=g\",\"contentUrl\":\"https:\/\/secure.gravatar.com\/avatar\/59a1e772205ce9fd255edfcafc93013736822e20261f294c5753b20c41ede9f2?s=96&d=mm&r=g\",\"caption\":\"Charles Taudin\"},\"description\":\"R\u00e9dacteur en chef global de The Playoffs, j\u2019ai cr\u00e9\u00e9 The Free Agent, devenu The Playoffs FR, en 2020 durant la pand\u00e9mie. Amoureux depuis des ann\u00e9es des 4 sports majeurs am\u00e9ricains, j\u2019organise maintenant la strat\u00e9gie \u00e9ditoriale et les r\u00e9seaux sociaux de l\u2019ensemble des versions de The Playoffs. Il m\u2019arrive encore d\u2019\u00e9crire sur certains sports que j\u2019affectionne particuli\u00e8rement comme la NFL ou la MLB. Si vous devez retenir qu\u2019une chose : Eli Manning est le vrai GOAT pour avoir battu deux fois Tom Brady.\",\"sameAs\":[\"https:\/\/www.instagram.com\/ctaudin_\/\"],\"url\":\"https:\/\/theplayoffs.news\/fr\/author\/charles-taudin\/\"}]}<\/script>\n<!-- \/ Yoast SEO plugin. -->","yoast_head_json":{"title":"Josh Allen reconna&icirc;t la n&eacute;cessit&eacute; de s&#039;adapter et de se prot&eacute;ger sur le terrain - The Playoffs FR","robots":{"index":"index","follow":"follow","max-snippet":"max-snippet:-1","max-image-preview":"max-image-preview:large","max-video-preview":"max-video-preview:-1"},"canonical":"https:\/\/theplayoffs.news\/fr\/actualite-nfl\/josh-allen-reconnait-necessite-proteger-terrain\/","og_locale":"fr_FR","og_type":"article","og_title":"Josh Allen reconna&icirc;t la n&eacute;cessit&eacute; de s&#039;adapter et de se prot&eacute;ger sur le terrain - The Playoffs FR","og_url":"https:\/\/theplayoffs.news\/fr\/actualite-nfl\/josh-allen-reconnait-necessite-proteger-terrain\/","og_site_name":"The Playoffs FR","article_publisher":"https:\/\/www.facebook.com\/TheFreeAgentFR\/","article_modified_time":"2023-04-19T14:24:05+00:00","og_image":[{"width":1920,"height":1080,"url":"https:\/\/theplayoffs.news\/fr\/wp-content\/uploads\/2023\/04\/josh-allen-01212022-getty-ftr_6hrauamxk2za1u2rucqxi7ltz.jpg","type":"image\/jpeg"}],"author":"Charles Taudin","twitter_card":"summary_large_image","twitter_creator":"@TheFreeAgentFR","twitter_site":"@TheFreeAgentFR","twitter_misc":{"\u00c9crit par":"Charles Taudin","Dur\u00e9e de lecture estim\u00e9e":"2 minutes"},"schema":{"@context":"https:\/\/schema.org","@graph":[{"@type":"WebPage","@id":"https:\/\/theplayoffs.news\/fr\/actualite-nfl\/josh-allen-reconnait-necessite-proteger-terrain\/","url":"https:\/\/theplayoffs.news\/fr\/actualite-nfl\/josh-allen-reconnait-necessite-proteger-terrain\/","name":"Josh Allen reconna\u00eet la n\u00e9cessit\u00e9 de s\\'adapter et de se prot\u00e9ger sur le terrain - The Playoffs FR","isPartOf":{"@id":"https:\/\/theplayoffs.news\/fr\/#website"},"primaryImageOfPage":{"@id":"https:\/\/theplayoffs.news\/fr\/actualite-nfl\/josh-allen-reconnait-necessite-proteger-terrain\/#primaryimage"},"image":{"@id":"https:\/\/theplayoffs.news\/fr\/actualite-nfl\/josh-allen-reconnait-necessite-proteger-terrain\/#primaryimage"},"thumbnailUrl":"https:\/\/theplayoffs.news\/fr\/wp-content\/uploads\/2023\/04\/josh-allen-01212022-getty-ftr_6hrauamxk2za1u2rucqxi7ltz.jpg","datePublished":"2023-04-19T14:21:29+00:00","dateModified":"2023-04-19T14:24:05+00:00","author":{"@id":"https:\/\/theplayoffs.news\/fr\/#\/schema\/person\/eee5b69ad5d3c51cabe881c839dbe133"},"breadcrumb":{"@id":"https:\/\/theplayoffs.news\/fr\/actualite-nfl\/josh-allen-reconnait-necessite-proteger-terrain\/#breadcrumb"},"inLanguage":"fr-FR","potentialAction":[{"@type":"ReadAction","target":["https:\/\/theplayoffs.news\/fr\/actualite-nfl\/josh-allen-reconnait-necessite-proteger-terrain\/"]}]},{"@type":"ImageObject","inLanguage":"fr-FR","@id":"https:\/\/theplayoffs.news\/fr\/actualite-nfl\/josh-allen-reconnait-necessite-proteger-terrain\/#primaryimage","url":"https:\/\/theplayoffs.news\/fr\/wp-content\/uploads\/2023\/04\/josh-allen-01212022-getty-ftr_6hrauamxk2za1u2rucqxi7ltz.jpg","contentUrl":"https:\/\/theplayoffs.news\/fr\/wp-content\/uploads\/2023\/04\/josh-allen-01212022-getty-ftr_6hrauamxk2za1u2rucqxi7ltz.jpg","width":1920,"height":1080,"caption":"Josh Allen"},{"@type":"BreadcrumbList","@id":"https:\/\/theplayoffs.news\/fr\/actualite-nfl\/josh-allen-reconnait-necessite-proteger-terrain\/#breadcrumb","itemListElement":[{"@type":"ListItem","position":1,"name":"Accueil","item":"https:\/\/theplayoffs.news\/fr\/"},{"@type":"ListItem","position":2,"name":"Josh Allen reconna\u00eet la n\u00e9cessit\u00e9 de s&rsquo;adapter et de se prot\u00e9ger sur le terrain"}]},{"@type":"WebSite","@id":"https:\/\/theplayoffs.news\/fr\/#website","url":"https:\/\/theplayoffs.news\/fr\/","name":"The Playoffs FR","description":"NBA-NFL-NHL-MLB","potentialAction":[{"@type":"SearchAction","target":{"@type":"EntryPoint","urlTemplate":"https:\/\/theplayoffs.news\/fr\/?s={search_term_string}"},"query-input":{"@type":"PropertyValueSpecification","valueRequired":true,"valueName":"search_term_string"}}],"inLanguage":"fr-FR"},{"@type":"Person","@id":"https:\/\/theplayoffs.news\/fr\/#\/schema\/person\/eee5b69ad5d3c51cabe881c839dbe133","name":"Charles Taudin","image":{"@type":"ImageObject","inLanguage":"fr-FR","@id":"https:\/\/theplayoffs.news\/fr\/#\/schema\/person\/image\/","url":"https:\/\/secure.gravatar.com\/avatar\/59a1e772205ce9fd255edfcafc93013736822e20261f294c5753b20c41ede9f2?s=96&d=mm&r=g","contentUrl":"https:\/\/secure.gravatar.com\/avatar\/59a1e772205ce9fd255edfcafc93013736822e20261f294c5753b20c41ede9f2?s=96&d=mm&r=g","caption":"Charles Taudin"},"description":"R\u00e9dacteur en chef global de The Playoffs, j\u2019ai cr\u00e9\u00e9 The Free Agent, devenu The Playoffs FR, en 2020 durant la pand\u00e9mie. Amoureux depuis des ann\u00e9es des 4 sports majeurs am\u00e9ricains, j\u2019organise maintenant la strat\u00e9gie \u00e9ditoriale et les r\u00e9seaux sociaux de l\u2019ensemble des versions de The Playoffs. Il m\u2019arrive encore d\u2019\u00e9crire sur certains sports que j\u2019affectionne particuli\u00e8rement comme la NFL ou la MLB. Si vous devez retenir qu\u2019une chose : Eli Manning est le vrai GOAT pour avoir battu deux fois Tom Brady.","sameAs":["https:\/\/www.instagram.com\/ctaudin_\/"],"url":"https:\/\/theplayoffs.news\/fr\/author\/charles-taudin\/"}]}},"_links":{"self":[{"href":"https:\/\/theplayoffs.news\/fr\/wp-json\/wp\/v2\/posts\/583688","targetHints":{"allow":["GET"]}}],"collection":[{"href":"https:\/\/theplayoffs.news\/fr\/wp-json\/wp\/v2\/posts"}],"about":[{"href":"https:\/\/theplayoffs.news\/fr\/wp-json\/wp\/v2\/types\/post"}],"author":[{"embeddable":true,"href":"https:\/\/theplayoffs.news\/fr\/wp-json\/wp\/v2\/users\/13"}],"replies":[{"embeddable":true,"href":"https:\/\/theplayoffs.news\/fr\/wp-json\/wp\/v2\/comments?post=583688"}],"version-history":[{"count":2,"href":"https:\/\/theplayoffs.news\/fr\/wp-json\/wp\/v2\/posts\/583688\/revisions"}],"predecessor-version":[{"id":583696,"href":"https:\/\/theplayoffs.news\/fr\/wp-json\/wp\/v2\/posts\/583688\/revisions\/583696"}],"wp:featuredmedia":[{"embeddable":true,"href":"https:\/\/theplayoffs.news\/fr\/wp-json\/wp\/v2\/media\/583694"}],"wp:attachment":[{"href":"https:\/\/theplayoffs.news\/fr\/wp-json\/wp\/v2\/media?parent=583688"}],"wp:term":[{"taxonomy":"category","embeddable":true,"href":"https:\/\/theplayoffs.news\/fr\/wp-json\/wp\/v2\/categories?post=583688"},{"taxonomy":"post_tag","embeddable":true,"href":"https:\/\/theplayoffs.news\/fr\/wp-json\/wp\/v2\/tags?post=583688"},{"taxonomy":"sport","embeddable":true,"href":"https:\/\/theplayoffs.news\/fr\/wp-json\/wp\/v2\/sport?post=583688"},{"taxonomy":"saison","embeddable":true,"href":"https:\/\/theplayoffs.news\/fr\/wp-json\/wp\/v2\/saison?post=583688"}],"curies":[{"name":"wp","href":"https:\/\/api.w.org\/{rel}","templated":true}]}}